{"id":2465,"date":"2026-01-11T11:01:03","date_gmt":"2026-01-11T14:01:03","guid":{"rendered":"https:\/\/gazetapernambucana.com\/?p=2465"},"modified":"2026-01-11T11:01:03","modified_gmt":"2026-01-11T14:01:03","slug":"a-cronica-domingueira-por-magno-martins-24","status":"publish","type":"post","link":"https:\/\/gazetapernambucana.com\/?p=2465","title":{"rendered":"A cr\u00f4nica domingueira. Por Magno Martins"},"content":{"rendered":"<div class=\"elementor-element elementor-element-7f30e03 elementor-widget elementor-widget-image\" data-id=\"7f30e03\" data-element_type=\"widget\" data-widget_type=\"image.default\">\n<div class=\"elementor-widget-container\"><strong>Por Magno Martins \u2013 Jornalista, poeta e escritor\u00a0 \u2013\u00a0 <\/strong>Quem nunca se debru\u00e7ou numa janela e instantaneamente teve leves pensamentos, uma reflex\u00e3o mete\u00f3rica sobre a vida, que atire a primeira pedra! A janela \u00e9 um filtro para a alma, como definiu M\u00e1rio Quintana, na sua genialidade prosaica.<\/div>\n<\/div>\n<div class=\"elementor-element elementor-element-746f5ae4 elementor-widget elementor-widget-theme-post-content\" data-id=\"746f5ae4\" data-element_type=\"widget\" data-widget_type=\"theme-post-content.default\">\n<div class=\"elementor-widget-container\">\n<div id=\"ub-expand-a8571e11-3974-4695-af27-f836b88bf3bf\" class=\"wp-block-ub-expand ub-expand\" data-scroll-type=\"false\" data-scroll-amount=\"\" data-scroll-target=\"\">\n<div id=\"ub-expand-partial-0c9f14d1-ebc1-4af6-938b-888445824daf\" class=\"ub-expand-portion ub-expand-partial wp-block-ub-expand-portion\" aria-hidden=\"false\">\n<p>Cronista refinado das montanhas mineiras, Paulo Mendes Campos ganhou o cora\u00e7\u00e3o dos cariocas, no Rio das suas paix\u00f5es, quando fez uma declara\u00e7\u00e3o de amor do alto de uma janela. \u201cA janela \u00e9 ponto de partida de amores imposs\u00edveis\u201d, atestou, contemplando o Largo da Carioca da sua insepar\u00e1vel janela.<\/p>\n<p><img loading=\"lazy\" decoding=\"async\" class=\"size-medium wp-image-2466 aligncenter\" src=\"http:\/\/gazetapernambucana.com\/wp-content\/uploads\/2026\/01\/WhatsApp-Image-2026-01-10-at-08.05.23-300x225.jpeg\" alt=\"\" width=\"300\" height=\"225\" srcset=\"https:\/\/gazetapernambucana.com\/wp-content\/uploads\/2026\/01\/WhatsApp-Image-2026-01-10-at-08.05.23-300x225.jpeg 300w, https:\/\/gazetapernambucana.com\/wp-content\/uploads\/2026\/01\/WhatsApp-Image-2026-01-10-at-08.05.23.jpeg 516w\" sizes=\"auto, (max-width: 300px) 100vw, 300px\" \/><\/p>\n<\/div>\n<div id=\"ub-expand-full-0c9f14d1-ebc1-4af6-938b-888445824daf\" class=\"ub-expand-portion ub-expand-full wp-block-ub-expand-portion\" aria-hidden=\"false\">\n<p>\u201cQuando eu era menino, nunca olhei pela janela, mas fazia parte da paisagem dum quintal, doce e \u00e1spero a um s\u00f3 tempo, com seus mamoeiros bicados pelos passarinhos, as galinhas neur\u00f3ticas em assembleia permanente, o canto intermitente do tanque e o azul sem morte\u201d, diz um trecho da sua cr\u00f4nica \u201cJanelas\u201d, uma das mais conhecidas. Paulo Mendes Campos nasceu em Belo Horizonte, filho do m\u00e9dico e escritor M\u00e1rio Mendes Campos.<\/p>\n<p>Criado com nove irm\u00e3os em ambiente familiar de poliglotas e angl\u00f3fonos, foi a m\u00e3e Maria Jos\u00e9 Lima Campos quem despertou nele o gosto pela poesia. Em geral, as pessoas possuidoras de muitos autom\u00f3veis se recordam de todos eles, do rom\u00e2ntico fusquinha ao mais sofisticado BMW. Paulo Mendes Campos foi uma linha fora da curva. Sua paix\u00e3o era a janela.<\/p>\n<p>\u201cEu possu\u00ed janelas e ajuntei para as lembran\u00e7as um sortido patrim\u00f4nio de paisagens\u201d, confessou. Quando se mudava de uma casa para outra no Rio, Paulo Mendes observava logo se havia janelas nos quartos. \u201cMinha primeira provid\u00eancia em casa nova \u00e9 instalar meus instrumentos de trabalho ao lado duma janela\u201d, escreveu. \u201cA janela tamb\u00e9m faz parte do equipamento profissional do escritor\u201d, declarou numa entrevista.<\/p>\n<p>Sem janelas, segundo ele, a literatura seria \u201cirremediavelmente herm\u00e9tica, feita de incompress\u00edveis peda\u00e7os de vida, l\u00e1grimas e risos loucos, f\u00farias e penas\u201d. Que lindo! J\u00e1 tive minhas janelas tamb\u00e9m, mas sem essa paix\u00e3o alucinada de Paulo Mendes. Fiquei encantado por janelas ouvindo uma can\u00e7\u00e3o de Roberto Carlos. \u201cDa janela o horizonte\/ A liberdade de uma estrada eu posso ver\/ O meu pensamento voa livre em sonhos\/ Pra longe de onde estou\u201d.<\/p>\n<p>De uma janela, j\u00e1 presenciei o conviver nem sempre harm\u00f4nico de fam\u00edlias, um pouco de brigas, trai\u00e7\u00f5es, separa\u00e7\u00f5es, sexo, choros e v\u00e1rias e diferentes formas humanas de se amar e de odiar. A privacidade de uma janela \u00e9 o esconderijo onde os seres humanos disp\u00f5em suas m\u00e1scaras e revelam suas verdadeiras faces.<\/p>\n<p>\u00c9 tamb\u00e9m um lugar de poesia e melancolia, capturando a beleza fugaz do mundo. A janela pode ser o ponto de partida para um amor imposs\u00edvel ou a met\u00e1fora de um relacionamento que se vive \u00e0 dist\u00e2ncia. Observar o mundo pela janela quebra a monotonia, oferecendo pequenas \u201cfugas\u201d di\u00e1rias e a percep\u00e7\u00e3o de uma vida plena fora das obriga\u00e7\u00f5es.<\/p>\n<p>A janela \u00e9 tamb\u00e9m um palco onde se assiste \u00e0 vida dos outros (vizinhos, rua) sem participar, gerando reflex\u00f5es sobre intimidade, solid\u00e3o e a natureza humana. Numa cr\u00f4nica, Rubem Braga disse que a janela aberta ou fechada simboliza a receptividade, a consci\u00eancia, a mem\u00f3ria e os sentimentos, sendo um convite \u00e0 contempla\u00e7\u00e3o e aos devaneios.<\/p>\n<p>Cr\u00f4nicas sobre janelas exploram o olhar para o mundo, a reflex\u00e3o, a intimidade, a passagem do tempo e a vida cotidiana. Da janela, nasce a moldura para a exist\u00eancia observando a rua, a natureza, a si mesmo ou o vizinho.<\/p>\n<p>O ordin\u00e1rio se transforma em poesia, met\u00e1foras de abertura, saudade ou desejo. Escrever de uma janela \u00e9 um convite \u00e0 desacelera\u00e7\u00e3o e \u00e0 experi\u00eancia consciente da vida. A janela \u00e9 o limite entre o interior e o exterior, o conhecido e o desconhecido, a rotina e o sonho.<\/p>\n<\/div>\n<\/div>\n<\/div>\n<\/div>\n","protected":false},"excerpt":{"rendered":"<p>Por Magno Martins \u2013 Jornalista, poeta e escritor\u00a0 \u2013\u00a0 Quem nunca se debru\u00e7ou numa janela e instantaneamente teve leves pensamentos, uma reflex\u00e3o mete\u00f3rica sobre a vida, que atire a primeira pedra! A janela \u00e9 um filtro para a alma, como definiu M\u00e1rio Quintana, na sua genialidade prosaica. Cronista refinado das montanhas mineiras, Paulo Mendes Campos [&hellip;]<\/p>\n","protected":false},"author":1,"featured_media":2388,"comment_status":"open","ping_status":"open","sticky":false,"template":"","format":"standard","meta":{"footnotes":"","jetpack_publicize_message":"","jetpack_publicize_feature_enabled":true,"jetpack_social_post_already_shared":true,"jetpack_social_options":{"image_generator_settings":{"template":"highway","default_image_id":0,"font":"","enabled":false},"version":2}},"categories":[1,46],"tags":[],"class_list":["post-2465","post","type-post","status-publish","format-standard","has-post-thumbnail","hentry","category-https-gazetapernambucana-com-page_id225","category-literatura"],"yoast_head":"<!-- This site is optimized with the Yoast SEO plugin v24.5 - https:\/\/yoast.com\/wordpress\/plugins\/seo\/ -->\n<title>A cr\u00f4nica domingueira. Por Magno Martins -<\/title>\n<meta name=\"robots\" content=\"index, follow, max-snippet:-1, max-image-preview:large, max-video-preview:-1\" \/>\n<link rel=\"canonical\" href=\"https:\/\/gazetapernambucana.com\/?p=2465\" \/>\n<meta property=\"og:locale\" content=\"pt_BR\" \/>\n<meta property=\"og:type\" content=\"article\" \/>\n<meta property=\"og:title\" content=\"A cr\u00f4nica domingueira. Por Magno Martins -\" \/>\n<meta property=\"og:description\" content=\"Por Magno Martins \u2013 Jornalista, poeta e escritor\u00a0 \u2013\u00a0 Quem nunca se debru\u00e7ou numa janela e instantaneamente teve leves pensamentos, uma reflex\u00e3o mete\u00f3rica sobre a vida, que atire a primeira pedra! A janela \u00e9 um filtro para a alma, como definiu M\u00e1rio Quintana, na sua genialidade prosaica. Cronista refinado das montanhas mineiras, Paulo Mendes Campos [&hellip;]\" \/>\n<meta property=\"og:url\" content=\"https:\/\/gazetapernambucana.com\/?p=2465\" \/>\n<meta property=\"article:published_time\" content=\"2026-01-11T14:01:03+00:00\" \/>\n<meta property=\"og:image\" content=\"https:\/\/gazetapernambucana.com\/wp-content\/uploads\/2025\/12\/download-7-3.jpg\" \/>\n\t<meta property=\"og:image:width\" content=\"369\" \/>\n\t<meta property=\"og:image:height\" content=\"136\" \/>\n\t<meta property=\"og:image:type\" content=\"image\/jpeg\" \/>\n<meta name=\"author\" content=\"GP\" \/>\n<meta name=\"twitter:card\" content=\"summary_large_image\" \/>\n<meta name=\"twitter:label1\" content=\"Escrito por\" \/>\n\t<meta name=\"twitter:data1\" content=\"GP\" \/>\n\t<meta name=\"twitter:label2\" content=\"Est. tempo de leitura\" \/>\n\t<meta name=\"twitter:data2\" content=\"4 minutos\" \/>\n<script type=\"application\/ld+json\" class=\"yoast-schema-graph\">{\"@context\":\"https:\/\/schema.org\",\"@graph\":[{\"@type\":\"WebPage\",\"@id\":\"https:\/\/gazetapernambucana.com\/?p=2465\",\"url\":\"https:\/\/gazetapernambucana.com\/?p=2465\",\"name\":\"A cr\u00f4nica domingueira. Por Magno Martins -\",\"isPartOf\":{\"@id\":\"https:\/\/gazetapernambucana.com\/#website\"},\"primaryImageOfPage\":{\"@id\":\"https:\/\/gazetapernambucana.com\/?p=2465#primaryimage\"},\"image\":{\"@id\":\"https:\/\/gazetapernambucana.com\/?p=2465#primaryimage\"},\"thumbnailUrl\":\"https:\/\/gazetapernambucana.com\/wp-content\/uploads\/2025\/12\/download-7-3.jpg\",\"datePublished\":\"2026-01-11T14:01:03+00:00\",\"author\":{\"@id\":\"https:\/\/gazetapernambucana.com\/#\/schema\/person\/188dc283325181ac2de4db1e9e987427\"},\"breadcrumb\":{\"@id\":\"https:\/\/gazetapernambucana.com\/?p=2465#breadcrumb\"},\"inLanguage\":\"pt-BR\",\"potentialAction\":[{\"@type\":\"ReadAction\",\"target\":[\"https:\/\/gazetapernambucana.com\/?p=2465\"]}]},{\"@type\":\"ImageObject\",\"inLanguage\":\"pt-BR\",\"@id\":\"https:\/\/gazetapernambucana.com\/?p=2465#primaryimage\",\"url\":\"https:\/\/gazetapernambucana.com\/wp-content\/uploads\/2025\/12\/download-7-3.jpg\",\"contentUrl\":\"https:\/\/gazetapernambucana.com\/wp-content\/uploads\/2025\/12\/download-7-3.jpg\",\"width\":369,\"height\":136},{\"@type\":\"BreadcrumbList\",\"@id\":\"https:\/\/gazetapernambucana.com\/?p=2465#breadcrumb\",\"itemListElement\":[{\"@type\":\"ListItem\",\"position\":1,\"name\":\"In\u00edcio\",\"item\":\"https:\/\/gazetapernambucana.com\/\"},{\"@type\":\"ListItem\",\"position\":2,\"name\":\"A cr\u00f4nica domingueira. Por Magno Martins\"}]},{\"@type\":\"WebSite\",\"@id\":\"https:\/\/gazetapernambucana.com\/#website\",\"url\":\"https:\/\/gazetapernambucana.com\/\",\"name\":\"\",\"description\":\"\",\"potentialAction\":[{\"@type\":\"SearchAction\",\"target\":{\"@type\":\"EntryPoint\",\"urlTemplate\":\"https:\/\/gazetapernambucana.com\/?s={search_term_string}\"},\"query-input\":{\"@type\":\"PropertyValueSpecification\",\"valueRequired\":true,\"valueName\":\"search_term_string\"}}],\"inLanguage\":\"pt-BR\"},{\"@type\":\"Person\",\"@id\":\"https:\/\/gazetapernambucana.com\/#\/schema\/person\/188dc283325181ac2de4db1e9e987427\",\"name\":\"GP\",\"image\":{\"@type\":\"ImageObject\",\"inLanguage\":\"pt-BR\",\"@id\":\"https:\/\/gazetapernambucana.com\/#\/schema\/person\/image\/\",\"url\":\"https:\/\/secure.gravatar.com\/avatar\/9dad78ff9a2d8b5742d11779f8a3f53b052320c550b2e1907882353c067bb111?s=96&d=mm&r=g\",\"contentUrl\":\"https:\/\/secure.gravatar.com\/avatar\/9dad78ff9a2d8b5742d11779f8a3f53b052320c550b2e1907882353c067bb111?s=96&d=mm&r=g\",\"caption\":\"GP\"},\"sameAs\":[\"http:\/\/gazetapernambucana.com\"],\"url\":\"https:\/\/gazetapernambucana.com\/?author=1\"}]}<\/script>\n<!-- \/ Yoast SEO plugin. -->","yoast_head_json":{"title":"A cr\u00f4nica domingueira. Por Magno Martins -","robots":{"index":"index","follow":"follow","max-snippet":"max-snippet:-1","max-image-preview":"max-image-preview:large","max-video-preview":"max-video-preview:-1"},"canonical":"https:\/\/gazetapernambucana.com\/?p=2465","og_locale":"pt_BR","og_type":"article","og_title":"A cr\u00f4nica domingueira. Por Magno Martins -","og_description":"Por Magno Martins \u2013 Jornalista, poeta e escritor\u00a0 \u2013\u00a0 Quem nunca se debru\u00e7ou numa janela e instantaneamente teve leves pensamentos, uma reflex\u00e3o mete\u00f3rica sobre a vida, que atire a primeira pedra! A janela \u00e9 um filtro para a alma, como definiu M\u00e1rio Quintana, na sua genialidade prosaica. Cronista refinado das montanhas mineiras, Paulo Mendes Campos [&hellip;]","og_url":"https:\/\/gazetapernambucana.com\/?p=2465","article_published_time":"2026-01-11T14:01:03+00:00","og_image":[{"width":369,"height":136,"url":"https:\/\/gazetapernambucana.com\/wp-content\/uploads\/2025\/12\/download-7-3.jpg","type":"image\/jpeg"}],"author":"GP","twitter_card":"summary_large_image","twitter_misc":{"Escrito por":"GP","Est. tempo de leitura":"4 minutos"},"schema":{"@context":"https:\/\/schema.org","@graph":[{"@type":"WebPage","@id":"https:\/\/gazetapernambucana.com\/?p=2465","url":"https:\/\/gazetapernambucana.com\/?p=2465","name":"A cr\u00f4nica domingueira. Por Magno Martins -","isPartOf":{"@id":"https:\/\/gazetapernambucana.com\/#website"},"primaryImageOfPage":{"@id":"https:\/\/gazetapernambucana.com\/?p=2465#primaryimage"},"image":{"@id":"https:\/\/gazetapernambucana.com\/?p=2465#primaryimage"},"thumbnailUrl":"https:\/\/gazetapernambucana.com\/wp-content\/uploads\/2025\/12\/download-7-3.jpg","datePublished":"2026-01-11T14:01:03+00:00","author":{"@id":"https:\/\/gazetapernambucana.com\/#\/schema\/person\/188dc283325181ac2de4db1e9e987427"},"breadcrumb":{"@id":"https:\/\/gazetapernambucana.com\/?p=2465#breadcrumb"},"inLanguage":"pt-BR","potentialAction":[{"@type":"ReadAction","target":["https:\/\/gazetapernambucana.com\/?p=2465"]}]},{"@type":"ImageObject","inLanguage":"pt-BR","@id":"https:\/\/gazetapernambucana.com\/?p=2465#primaryimage","url":"https:\/\/gazetapernambucana.com\/wp-content\/uploads\/2025\/12\/download-7-3.jpg","contentUrl":"https:\/\/gazetapernambucana.com\/wp-content\/uploads\/2025\/12\/download-7-3.jpg","width":369,"height":136},{"@type":"BreadcrumbList","@id":"https:\/\/gazetapernambucana.com\/?p=2465#breadcrumb","itemListElement":[{"@type":"ListItem","position":1,"name":"In\u00edcio","item":"https:\/\/gazetapernambucana.com\/"},{"@type":"ListItem","position":2,"name":"A cr\u00f4nica domingueira. Por Magno Martins"}]},{"@type":"WebSite","@id":"https:\/\/gazetapernambucana.com\/#website","url":"https:\/\/gazetapernambucana.com\/","name":"","description":"","potentialAction":[{"@type":"SearchAction","target":{"@type":"EntryPoint","urlTemplate":"https:\/\/gazetapernambucana.com\/?s={search_term_string}"},"query-input":{"@type":"PropertyValueSpecification","valueRequired":true,"valueName":"search_term_string"}}],"inLanguage":"pt-BR"},{"@type":"Person","@id":"https:\/\/gazetapernambucana.com\/#\/schema\/person\/188dc283325181ac2de4db1e9e987427","name":"GP","image":{"@type":"ImageObject","inLanguage":"pt-BR","@id":"https:\/\/gazetapernambucana.com\/#\/schema\/person\/image\/","url":"https:\/\/secure.gravatar.com\/avatar\/9dad78ff9a2d8b5742d11779f8a3f53b052320c550b2e1907882353c067bb111?s=96&d=mm&r=g","contentUrl":"https:\/\/secure.gravatar.com\/avatar\/9dad78ff9a2d8b5742d11779f8a3f53b052320c550b2e1907882353c067bb111?s=96&d=mm&r=g","caption":"GP"},"sameAs":["http:\/\/gazetapernambucana.com"],"url":"https:\/\/gazetapernambucana.com\/?author=1"}]}},"jetpack_publicize_connections":[],"_links":{"self":[{"href":"https:\/\/gazetapernambucana.com\/index.php?rest_route=\/wp\/v2\/posts\/2465","targetHints":{"allow":["GET"]}}],"collection":[{"href":"https:\/\/gazetapernambucana.com\/index.php?rest_route=\/wp\/v2\/posts"}],"about":[{"href":"https:\/\/gazetapernambucana.com\/index.php?rest_route=\/wp\/v2\/types\/post"}],"author":[{"embeddable":true,"href":"https:\/\/gazetapernambucana.com\/index.php?rest_route=\/wp\/v2\/users\/1"}],"replies":[{"embeddable":true,"href":"https:\/\/gazetapernambucana.com\/index.php?rest_route=%2Fwp%2Fv2%2Fcomments&post=2465"}],"version-history":[{"count":1,"href":"https:\/\/gazetapernambucana.com\/index.php?rest_route=\/wp\/v2\/posts\/2465\/revisions"}],"predecessor-version":[{"id":2467,"href":"https:\/\/gazetapernambucana.com\/index.php?rest_route=\/wp\/v2\/posts\/2465\/revisions\/2467"}],"wp:featuredmedia":[{"embeddable":true,"href":"https:\/\/gazetapernambucana.com\/index.php?rest_route=\/wp\/v2\/media\/2388"}],"wp:attachment":[{"href":"https:\/\/gazetapernambucana.com\/index.php?rest_route=%2Fwp%2Fv2%2Fmedia&parent=2465"}],"wp:term":[{"taxonomy":"category","embeddable":true,"href":"https:\/\/gazetapernambucana.com\/index.php?rest_route=%2Fwp%2Fv2%2Fcategories&post=2465"},{"taxonomy":"post_tag","embeddable":true,"href":"https:\/\/gazetapernambucana.com\/index.php?rest_route=%2Fwp%2Fv2%2Ftags&post=2465"}],"curies":[{"name":"wp","href":"https:\/\/api.w.org\/{rel}","templated":true}]}}