{"id":2460,"date":"2026-01-08T23:27:28","date_gmt":"2026-01-09T02:27:28","guid":{"rendered":"https:\/\/gazetapernambucana.com\/?p=2460"},"modified":"2026-01-08T23:27:28","modified_gmt":"2026-01-09T02:27:28","slug":"quando-ama-o-coracao-espera-por-flavio-chaves","status":"publish","type":"post","link":"https:\/\/gazetapernambucana.com\/?p=2460","title":{"rendered":"Quando ama, o cora\u00e7\u00e3o espera. Por Fl\u00e1vio Chaves"},"content":{"rendered":"<p data-start=\"486\" data-end=\"851\"><strong>Jornal GAZETA PERNAMBUCANA<\/strong><\/p>\n<p data-start=\"486\" data-end=\"851\"><strong>Por Fl\u00e1vio Chaves \u2013 Jornalista, poeta, escritor e membro da Academia Pernambucana de Letras. Foi Delegado Federal\/Minc\u00a0 \u2013\u00a0\u00a0<\/strong>H\u00e1 uma hora em que o mundo se retira devagar, como um velho p\u00e1ssaro ferido que recolhe as asas para dormir. N\u00e3o h\u00e1 mais passos nas ruas, nem vozes nas janelas. S\u00f3 o sil\u00eancio. Um sil\u00eancio espesso, vivo, quase sagrado, que pousa sobre os m\u00f3veis da casa, como uma camada invis\u00edvel de poeira antiga. E \u00e9 nessa hora \u2014 quando o tempo se desfaz do pr\u00f3prio tempo \u2014 que come\u00e7a a espera.<\/p>\n<p data-start=\"481\" data-end=\"745\">A espera, sim, essa criatura estranha que mora no corpo como se fosse carne, que n\u00e3o tem nome certo, nem forma precisa, mas que se deita no peito e pulsa. Ela n\u00e3o pede licen\u00e7a. Vem e se instala. Como uma m\u00fasica que ningu\u00e9m cantou, mas que a alma inteira reconhece.<\/p>\n<p data-start=\"747\" data-end=\"1098\">No sil\u00eancio da noite, a espera ganha contornos de eternidade. Tudo que era urgente se dissolve, tudo que era claro escurece, e os olhos, mesmo fechados, vigiam. H\u00e1 uma vig\u00edlia que n\u00e3o \u00e9 dos olhos, mas da alma, uma vig\u00edlia que se move em c\u00edrculos lentos ao redor do nome amado, como se repetir um nome em sil\u00eancio fosse a forma mais delicada de ora\u00e7\u00e3o.<\/p>\n<p data-start=\"1100\" data-end=\"1406\">O cora\u00e7\u00e3o, ent\u00e3o, torna-se uma casa com janelas abertas para o escuro, e cada sombra que passa parece ser o passo de quem nunca chega. H\u00e1 uma ternura exausta em esperar. Uma beleza oculta na fidelidade de quem, mesmo cansado, continua acendendo pequenas luzes na escurid\u00e3o. N\u00e3o por esperan\u00e7a, mas por amor.<\/p>\n<p data-start=\"1408\" data-end=\"1789\">Porque esperar, quando se ama, \u00e9 um gesto \u00edntimo e solene, \u00e9 como segurar a m\u00e3o de algu\u00e9m que est\u00e1 ausente, \u00e9 cultivar um jardim que talvez ningu\u00e9m veja florescer, \u00e9 escrever cartas que talvez nunca sejam lidas. Mas ainda assim, se escreve. Ainda assim, se rega. Ainda assim, se espera. Porque h\u00e1 em certos sil\u00eancios uma linguagem secreta que s\u00f3 os que amam de verdade compreendem.<\/p>\n<p data-start=\"1791\" data-end=\"1998\">E nessa linguagem, tudo \u00e9 feito de suspiros que n\u00e3o escapam, de palavras que n\u00e3o precisam ser ditas, de gestos invis\u00edveis que tocam o infinito. A espera transforma o corpo num templo e o tempo numa oferenda.<\/p>\n<p data-start=\"2000\" data-end=\"2352\">Quem espera na noite n\u00e3o dorme, mas tamb\u00e9m n\u00e3o vive como os outros. Flutua entre o que foi e o que poderia ter sido, entre a aus\u00eancia que d\u00f3i e a presen\u00e7a imaginada que acalma. E nesse lugar suspenso, nesse intervalo entre duas batidas do cora\u00e7\u00e3o, h\u00e1 uma beleza feroz e melanc\u00f3lica, como a de um p\u00e1ssaro que canta para a escurid\u00e3o sem esperar resposta.<\/p>\n<p data-start=\"2354\" data-end=\"2613\">E talvez seja isso. Amar \u00e9 cantar mesmo quando n\u00e3o h\u00e1 ouvidos. Esperar \u00e9 permanecer, mesmo quando o tempo j\u00e1 se foi. Vigiar em sil\u00eancio \u00e9 ofertar ao outro a \u00fanica coisa que ainda nos pertence: a nossa fidelidade secreta, feita de sil\u00eancio, de sombra e de luz.<\/p>\n<p data-start=\"2615\" data-end=\"2721\" data-is-last-node=\"\" data-is-only-node=\"\">Assim a noite passa. E a espera permanece. Como uma ora\u00e7\u00e3o sussurrada ao vento que n\u00e3o responde, mas ouve.<\/p>\n","protected":false},"excerpt":{"rendered":"<p>Jornal GAZETA PERNAMBUCANA Por Fl\u00e1vio Chaves \u2013 Jornalista, poeta, escritor e membro da Academia Pernambucana de Letras. Foi Delegado Federal\/Minc\u00a0 \u2013\u00a0\u00a0H\u00e1 uma hora em que o mundo se retira devagar, como um velho p\u00e1ssaro ferido que recolhe as asas para dormir. N\u00e3o h\u00e1 mais passos nas ruas, nem vozes nas janelas. S\u00f3 o sil\u00eancio. Um [&hellip;]<\/p>\n","protected":false},"author":1,"featured_media":2461,"comment_status":"open","ping_status":"open","sticky":false,"template":"","format":"standard","meta":{"footnotes":"","jetpack_publicize_message":"","jetpack_publicize_feature_enabled":true,"jetpack_social_post_already_shared":true,"jetpack_social_options":{"image_generator_settings":{"template":"highway","default_image_id":0,"font":"","enabled":false},"version":2}},"categories":[1,35,46],"tags":[],"class_list":["post-2460","post","type-post","status-publish","format-standard","has-post-thumbnail","hentry","category-https-gazetapernambucana-com-page_id225","category-https-gazetapernambucana-com-page_id218","category-literatura"],"yoast_head":"<!-- This site is optimized with the Yoast SEO plugin v24.5 - https:\/\/yoast.com\/wordpress\/plugins\/seo\/ -->\n<title>Quando ama, o cora\u00e7\u00e3o espera. Por Fl\u00e1vio Chaves -<\/title>\n<meta name=\"robots\" content=\"index, follow, max-snippet:-1, max-image-preview:large, max-video-preview:-1\" \/>\n<link rel=\"canonical\" href=\"https:\/\/gazetapernambucana.com\/?p=2460\" \/>\n<meta property=\"og:locale\" content=\"pt_BR\" \/>\n<meta property=\"og:type\" content=\"article\" \/>\n<meta property=\"og:title\" content=\"Quando ama, o cora\u00e7\u00e3o espera. Por Fl\u00e1vio Chaves -\" \/>\n<meta property=\"og:description\" content=\"Jornal GAZETA PERNAMBUCANA Por Fl\u00e1vio Chaves \u2013 Jornalista, poeta, escritor e membro da Academia Pernambucana de Letras. Foi Delegado Federal\/Minc\u00a0 \u2013\u00a0\u00a0H\u00e1 uma hora em que o mundo se retira devagar, como um velho p\u00e1ssaro ferido que recolhe as asas para dormir. N\u00e3o h\u00e1 mais passos nas ruas, nem vozes nas janelas. S\u00f3 o sil\u00eancio. Um [&hellip;]\" \/>\n<meta property=\"og:url\" content=\"https:\/\/gazetapernambucana.com\/?p=2460\" \/>\n<meta property=\"article:published_time\" content=\"2026-01-09T02:27:28+00:00\" \/>\n<meta property=\"og:image\" content=\"https:\/\/gazetapernambucana.com\/wp-content\/uploads\/2026\/01\/chaves-e1750689346402.jpeg\" \/>\n\t<meta property=\"og:image:width\" content=\"881\" \/>\n\t<meta property=\"og:image:height\" content=\"1000\" \/>\n\t<meta property=\"og:image:type\" content=\"image\/jpeg\" \/>\n<meta name=\"author\" content=\"GP\" \/>\n<meta name=\"twitter:card\" content=\"summary_large_image\" \/>\n<meta name=\"twitter:label1\" content=\"Escrito por\" \/>\n\t<meta name=\"twitter:data1\" content=\"GP\" \/>\n\t<meta name=\"twitter:label2\" content=\"Est. tempo de leitura\" \/>\n\t<meta name=\"twitter:data2\" content=\"3 minutos\" \/>\n<script type=\"application\/ld+json\" class=\"yoast-schema-graph\">{\"@context\":\"https:\/\/schema.org\",\"@graph\":[{\"@type\":\"WebPage\",\"@id\":\"https:\/\/gazetapernambucana.com\/?p=2460\",\"url\":\"https:\/\/gazetapernambucana.com\/?p=2460\",\"name\":\"Quando ama, o cora\u00e7\u00e3o espera. Por Fl\u00e1vio Chaves -\",\"isPartOf\":{\"@id\":\"https:\/\/gazetapernambucana.com\/#website\"},\"primaryImageOfPage\":{\"@id\":\"https:\/\/gazetapernambucana.com\/?p=2460#primaryimage\"},\"image\":{\"@id\":\"https:\/\/gazetapernambucana.com\/?p=2460#primaryimage\"},\"thumbnailUrl\":\"https:\/\/gazetapernambucana.com\/wp-content\/uploads\/2026\/01\/chaves-e1750689346402.jpeg\",\"datePublished\":\"2026-01-09T02:27:28+00:00\",\"author\":{\"@id\":\"https:\/\/gazetapernambucana.com\/#\/schema\/person\/188dc283325181ac2de4db1e9e987427\"},\"breadcrumb\":{\"@id\":\"https:\/\/gazetapernambucana.com\/?p=2460#breadcrumb\"},\"inLanguage\":\"pt-BR\",\"potentialAction\":[{\"@type\":\"ReadAction\",\"target\":[\"https:\/\/gazetapernambucana.com\/?p=2460\"]}]},{\"@type\":\"ImageObject\",\"inLanguage\":\"pt-BR\",\"@id\":\"https:\/\/gazetapernambucana.com\/?p=2460#primaryimage\",\"url\":\"https:\/\/gazetapernambucana.com\/wp-content\/uploads\/2026\/01\/chaves-e1750689346402.jpeg\",\"contentUrl\":\"https:\/\/gazetapernambucana.com\/wp-content\/uploads\/2026\/01\/chaves-e1750689346402.jpeg\",\"width\":881,\"height\":1000},{\"@type\":\"BreadcrumbList\",\"@id\":\"https:\/\/gazetapernambucana.com\/?p=2460#breadcrumb\",\"itemListElement\":[{\"@type\":\"ListItem\",\"position\":1,\"name\":\"In\u00edcio\",\"item\":\"https:\/\/gazetapernambucana.com\/\"},{\"@type\":\"ListItem\",\"position\":2,\"name\":\"Quando ama, o cora\u00e7\u00e3o espera. Por Fl\u00e1vio Chaves\"}]},{\"@type\":\"WebSite\",\"@id\":\"https:\/\/gazetapernambucana.com\/#website\",\"url\":\"https:\/\/gazetapernambucana.com\/\",\"name\":\"\",\"description\":\"\",\"potentialAction\":[{\"@type\":\"SearchAction\",\"target\":{\"@type\":\"EntryPoint\",\"urlTemplate\":\"https:\/\/gazetapernambucana.com\/?s={search_term_string}\"},\"query-input\":{\"@type\":\"PropertyValueSpecification\",\"valueRequired\":true,\"valueName\":\"search_term_string\"}}],\"inLanguage\":\"pt-BR\"},{\"@type\":\"Person\",\"@id\":\"https:\/\/gazetapernambucana.com\/#\/schema\/person\/188dc283325181ac2de4db1e9e987427\",\"name\":\"GP\",\"image\":{\"@type\":\"ImageObject\",\"inLanguage\":\"pt-BR\",\"@id\":\"https:\/\/gazetapernambucana.com\/#\/schema\/person\/image\/\",\"url\":\"https:\/\/secure.gravatar.com\/avatar\/9dad78ff9a2d8b5742d11779f8a3f53b052320c550b2e1907882353c067bb111?s=96&d=mm&r=g\",\"contentUrl\":\"https:\/\/secure.gravatar.com\/avatar\/9dad78ff9a2d8b5742d11779f8a3f53b052320c550b2e1907882353c067bb111?s=96&d=mm&r=g\",\"caption\":\"GP\"},\"sameAs\":[\"http:\/\/gazetapernambucana.com\"],\"url\":\"https:\/\/gazetapernambucana.com\/?author=1\"}]}<\/script>\n<!-- \/ Yoast SEO plugin. -->","yoast_head_json":{"title":"Quando ama, o cora\u00e7\u00e3o espera. Por Fl\u00e1vio Chaves -","robots":{"index":"index","follow":"follow","max-snippet":"max-snippet:-1","max-image-preview":"max-image-preview:large","max-video-preview":"max-video-preview:-1"},"canonical":"https:\/\/gazetapernambucana.com\/?p=2460","og_locale":"pt_BR","og_type":"article","og_title":"Quando ama, o cora\u00e7\u00e3o espera. Por Fl\u00e1vio Chaves -","og_description":"Jornal GAZETA PERNAMBUCANA Por Fl\u00e1vio Chaves \u2013 Jornalista, poeta, escritor e membro da Academia Pernambucana de Letras. Foi Delegado Federal\/Minc\u00a0 \u2013\u00a0\u00a0H\u00e1 uma hora em que o mundo se retira devagar, como um velho p\u00e1ssaro ferido que recolhe as asas para dormir. N\u00e3o h\u00e1 mais passos nas ruas, nem vozes nas janelas. S\u00f3 o sil\u00eancio. Um [&hellip;]","og_url":"https:\/\/gazetapernambucana.com\/?p=2460","article_published_time":"2026-01-09T02:27:28+00:00","og_image":[{"width":881,"height":1000,"url":"https:\/\/gazetapernambucana.com\/wp-content\/uploads\/2026\/01\/chaves-e1750689346402.jpeg","type":"image\/jpeg"}],"author":"GP","twitter_card":"summary_large_image","twitter_misc":{"Escrito por":"GP","Est. tempo de leitura":"3 minutos"},"schema":{"@context":"https:\/\/schema.org","@graph":[{"@type":"WebPage","@id":"https:\/\/gazetapernambucana.com\/?p=2460","url":"https:\/\/gazetapernambucana.com\/?p=2460","name":"Quando ama, o cora\u00e7\u00e3o espera. Por Fl\u00e1vio Chaves -","isPartOf":{"@id":"https:\/\/gazetapernambucana.com\/#website"},"primaryImageOfPage":{"@id":"https:\/\/gazetapernambucana.com\/?p=2460#primaryimage"},"image":{"@id":"https:\/\/gazetapernambucana.com\/?p=2460#primaryimage"},"thumbnailUrl":"https:\/\/gazetapernambucana.com\/wp-content\/uploads\/2026\/01\/chaves-e1750689346402.jpeg","datePublished":"2026-01-09T02:27:28+00:00","author":{"@id":"https:\/\/gazetapernambucana.com\/#\/schema\/person\/188dc283325181ac2de4db1e9e987427"},"breadcrumb":{"@id":"https:\/\/gazetapernambucana.com\/?p=2460#breadcrumb"},"inLanguage":"pt-BR","potentialAction":[{"@type":"ReadAction","target":["https:\/\/gazetapernambucana.com\/?p=2460"]}]},{"@type":"ImageObject","inLanguage":"pt-BR","@id":"https:\/\/gazetapernambucana.com\/?p=2460#primaryimage","url":"https:\/\/gazetapernambucana.com\/wp-content\/uploads\/2026\/01\/chaves-e1750689346402.jpeg","contentUrl":"https:\/\/gazetapernambucana.com\/wp-content\/uploads\/2026\/01\/chaves-e1750689346402.jpeg","width":881,"height":1000},{"@type":"BreadcrumbList","@id":"https:\/\/gazetapernambucana.com\/?p=2460#breadcrumb","itemListElement":[{"@type":"ListItem","position":1,"name":"In\u00edcio","item":"https:\/\/gazetapernambucana.com\/"},{"@type":"ListItem","position":2,"name":"Quando ama, o cora\u00e7\u00e3o espera. Por Fl\u00e1vio Chaves"}]},{"@type":"WebSite","@id":"https:\/\/gazetapernambucana.com\/#website","url":"https:\/\/gazetapernambucana.com\/","name":"","description":"","potentialAction":[{"@type":"SearchAction","target":{"@type":"EntryPoint","urlTemplate":"https:\/\/gazetapernambucana.com\/?s={search_term_string}"},"query-input":{"@type":"PropertyValueSpecification","valueRequired":true,"valueName":"search_term_string"}}],"inLanguage":"pt-BR"},{"@type":"Person","@id":"https:\/\/gazetapernambucana.com\/#\/schema\/person\/188dc283325181ac2de4db1e9e987427","name":"GP","image":{"@type":"ImageObject","inLanguage":"pt-BR","@id":"https:\/\/gazetapernambucana.com\/#\/schema\/person\/image\/","url":"https:\/\/secure.gravatar.com\/avatar\/9dad78ff9a2d8b5742d11779f8a3f53b052320c550b2e1907882353c067bb111?s=96&d=mm&r=g","contentUrl":"https:\/\/secure.gravatar.com\/avatar\/9dad78ff9a2d8b5742d11779f8a3f53b052320c550b2e1907882353c067bb111?s=96&d=mm&r=g","caption":"GP"},"sameAs":["http:\/\/gazetapernambucana.com"],"url":"https:\/\/gazetapernambucana.com\/?author=1"}]}},"jetpack_publicize_connections":[],"_links":{"self":[{"href":"https:\/\/gazetapernambucana.com\/index.php?rest_route=\/wp\/v2\/posts\/2460","targetHints":{"allow":["GET"]}}],"collection":[{"href":"https:\/\/gazetapernambucana.com\/index.php?rest_route=\/wp\/v2\/posts"}],"about":[{"href":"https:\/\/gazetapernambucana.com\/index.php?rest_route=\/wp\/v2\/types\/post"}],"author":[{"embeddable":true,"href":"https:\/\/gazetapernambucana.com\/index.php?rest_route=\/wp\/v2\/users\/1"}],"replies":[{"embeddable":true,"href":"https:\/\/gazetapernambucana.com\/index.php?rest_route=%2Fwp%2Fv2%2Fcomments&post=2460"}],"version-history":[{"count":1,"href":"https:\/\/gazetapernambucana.com\/index.php?rest_route=\/wp\/v2\/posts\/2460\/revisions"}],"predecessor-version":[{"id":2462,"href":"https:\/\/gazetapernambucana.com\/index.php?rest_route=\/wp\/v2\/posts\/2460\/revisions\/2462"}],"wp:featuredmedia":[{"embeddable":true,"href":"https:\/\/gazetapernambucana.com\/index.php?rest_route=\/wp\/v2\/media\/2461"}],"wp:attachment":[{"href":"https:\/\/gazetapernambucana.com\/index.php?rest_route=%2Fwp%2Fv2%2Fmedia&parent=2460"}],"wp:term":[{"taxonomy":"category","embeddable":true,"href":"https:\/\/gazetapernambucana.com\/index.php?rest_route=%2Fwp%2Fv2%2Fcategories&post=2460"},{"taxonomy":"post_tag","embeddable":true,"href":"https:\/\/gazetapernambucana.com\/index.php?rest_route=%2Fwp%2Fv2%2Ftags&post=2460"}],"curies":[{"name":"wp","href":"https:\/\/api.w.org\/{rel}","templated":true}]}}