{"id":2456,"date":"2026-01-07T20:12:57","date_gmt":"2026-01-07T23:12:57","guid":{"rendered":"https:\/\/gazetapernambucana.com\/?p=2456"},"modified":"2026-01-07T20:15:03","modified_gmt":"2026-01-07T23:15:03","slug":"dia-do-leitor-uma-celebracao-da-alma-que-le-por-flavio-chaves","status":"publish","type":"post","link":"https:\/\/gazetapernambucana.com\/?p=2456","title":{"rendered":"Dia do Leitor: uma celebra\u00e7\u00e3o da alma que l\u00ea. Por Fl\u00e1vio Chaves"},"content":{"rendered":"<p data-start=\"486\" data-end=\"851\"><strong>Jornal GAZETA PERNAMBUCANA <\/strong><\/p>\n<p data-start=\"486\" data-end=\"851\"><strong>Por Fl\u00e1vio Chaves \u2013 Jornalista, poeta, escritor e membro da Academia Pernambucana de Letras. Foi Delegado Federal\/Minc\u00a0 \u2013<\/strong> Num tempo em que a pressa esvazia os gestos e a palavra parece perder sua morada, celebrar o Dia do Leitor \u00e9, mais do que um ato simb\u00f3lico, um gesto de resist\u00eancia espiritual. O leitor, esse ser silencioso que caminha por entre p\u00e1ginas como quem atravessa desertos e tempestades, mant\u00e9m acesa a chama da escuta interior, aquela que n\u00e3o se apressa e ainda se comove.<\/p>\n<p data-start=\"853\" data-end=\"1382\">Ler n\u00e3o \u00e9 apenas decifrar signos sobre o papel ou a tela. \u00c9 mergulhar numa vertigem que nos arranca do cotidiano e nos devolve \u00e0 ess\u00eancia. O leitor \u00e9, antes de tudo, um viajante da alma, um exilado volunt\u00e1rio que se deixa conduzir por estradas invis\u00edveis, onde a linguagem n\u00e3o \u00e9 apenas meio, mas subst\u00e2ncia. H\u00e1, no ato de ler, uma esp\u00e9cie de f\u00e9, um pacto silencioso entre o que foi dito e o que ser\u00e1 sentido, entre o que o autor revelou e o que o leitor reinventar\u00e1 com suas mem\u00f3rias, suas inquieta\u00e7\u00f5es e seus pr\u00f3prios fantasmas.<\/p>\n<p data-start=\"1384\" data-end=\"1757\">Por isso, mais do que homenagear a figura do leitor, \u00e9 justo reconhecer a coragem que existe nesse gesto. \u00c9 preciso coragem para abrir um livro como quem abre uma ferida e permitir que o texto nos atravesse, nos desloque, nos transforme. \u00c9 preciso coragem para encontrar no outro, autor desconhecido ou amigo \u00edntimo, os fragmentos daquilo que ainda n\u00e3o sab\u00edamos que \u00e9ramos.<\/p>\n<p data-start=\"1759\" data-end=\"2216\">O leitor \u00e9 tamb\u00e9m um construtor do tempo. Enquanto o mundo insiste em correr rumo ao abismo da distra\u00e7\u00e3o, ele permanece fiel \u00e0 lentid\u00e3o fecunda da leitura, ao sil\u00eancio gr\u00e1vido de sentidos, \u00e0 solid\u00e3o povoada que s\u00f3 os livros sabem oferecer. Em tempos de superficialidade, o leitor \u00e9 o guardi\u00e3o da profundidade. Ele sabe que a leitura n\u00e3o \u00e9 distra\u00e7\u00e3o, \u00e9 convoca\u00e7\u00e3o. Que cada p\u00e1gina lida abre uma porta para o outro, para o mist\u00e9rio, para a vastid\u00e3o do humano.<\/p>\n<p data-start=\"2218\" data-end=\"2820\">Neste 7 de janeiro, quando se celebra o Dia do Leitor, vale lembrar que a data foi institu\u00edda em 1928, em homenagem \u00e0 funda\u00e7\u00e3o do jornal cearense O Povo, na mesma data, pelo poeta e jornalista Dem\u00f3crito Rocha. <span class=\"\" data-state=\"closed\"><span class=\"ms-1 inline-flex max-w-full items-center relative top-[-0.094rem] animate-[show_150ms_ease-in]\" data-testid=\"webpage-citation-pill\"><a class=\"flex h-4.5 overflow-hidden rounded-xl px-2 text-[9px] font-medium transition-colors duration-150 ease-in-out text-token-text-secondary! bg-[#F4F4F4]! dark:bg-[#303030]!\" href=\"https:\/\/www12.senado.leg.br\/noticias\/audios\/2023\/01\/dedo-de-prosa-dia-do-leitor?utm_source=chatgpt.com\" target=\"_blank\" rel=\"noopener\"><span class=\"relative start-0 bottom-0 flex h-full w-full items-center\"><span class=\"flex h-4 w-full items-center justify-between\"><span class=\"max-w-[15ch] grow truncate overflow-hidden text-center\">Senado Federal<\/span><span class=\"-me-1 flex h-full items-center rounded-full px-1 text-[#8F8F8F]\">+1<\/span><\/span><\/span><\/a><\/span><\/span> E, para al\u00e9m da efem\u00e9ride, que possamos reconhecer: sem leitores, a literatura seria apenas eco perdido no vazio, letra sem destino, grito que n\u00e3o encontra ouvido. O autor sonha, sim, mas \u00e9 o leitor quem acorda o sonho. O autor acende a vela, mas \u00e9 o leitor quem a carrega noite adentro, em sil\u00eancio, protegendo sua chama contra os ventos da indiferen\u00e7a.<\/p>\n<p data-start=\"2822\" data-end=\"3126\">Ser leitor \u00e9 viver muitas vidas. \u00c9 morrer um pouco a cada cap\u00edtulo. \u00c9 amar com intensidade personagens que jamais existir\u00e3o fora das p\u00e1ginas. \u00c9 carregar consigo palavras como se fossem pedras ou rel\u00edquias. \u00c9 ter a alma habitada por vozes que falam por dentro, mesmo quando tudo, do lado de fora, emudece.<\/p>\n<p data-start=\"3128\" data-end=\"3352\">Por isso, neste dia, que a palavra nos una. Que os leitores sejam celebrados como devem ser, art\u00edfices da esperan\u00e7a, c\u00famplices da beleza, peregrinos de uma luz que s\u00f3 se acende quando olhos e palavras se encontram no escuro.<\/p>\n","protected":false},"excerpt":{"rendered":"<p>Jornal GAZETA PERNAMBUCANA Por Fl\u00e1vio Chaves \u2013 Jornalista, poeta, escritor e membro da Academia Pernambucana de Letras. Foi Delegado Federal\/Minc\u00a0 \u2013 Num tempo em que a pressa esvazia os gestos e a palavra parece perder sua morada, celebrar o Dia do Leitor \u00e9, mais do que um ato simb\u00f3lico, um gesto de resist\u00eancia espiritual. O [&hellip;]<\/p>\n","protected":false},"author":1,"featured_media":2457,"comment_status":"open","ping_status":"open","sticky":false,"template":"","format":"standard","meta":{"footnotes":"","jetpack_publicize_message":"","jetpack_publicize_feature_enabled":true,"jetpack_social_post_already_shared":true,"jetpack_social_options":{"image_generator_settings":{"template":"highway","default_image_id":0,"font":"","enabled":false},"version":2}},"categories":[1,35,46],"tags":[],"class_list":["post-2456","post","type-post","status-publish","format-standard","has-post-thumbnail","hentry","category-https-gazetapernambucana-com-page_id225","category-https-gazetapernambucana-com-page_id218","category-literatura"],"yoast_head":"<!-- This site is optimized with the Yoast SEO plugin v24.5 - https:\/\/yoast.com\/wordpress\/plugins\/seo\/ -->\n<title>Dia do Leitor: uma celebra\u00e7\u00e3o da alma que l\u00ea. Por Fl\u00e1vio Chaves -<\/title>\n<meta name=\"robots\" content=\"index, follow, max-snippet:-1, max-image-preview:large, max-video-preview:-1\" \/>\n<link rel=\"canonical\" href=\"https:\/\/gazetapernambucana.com\/?p=2456\" \/>\n<meta property=\"og:locale\" content=\"pt_BR\" \/>\n<meta property=\"og:type\" content=\"article\" \/>\n<meta property=\"og:title\" content=\"Dia do Leitor: uma celebra\u00e7\u00e3o da alma que l\u00ea. Por Fl\u00e1vio Chaves -\" \/>\n<meta property=\"og:description\" content=\"Jornal GAZETA PERNAMBUCANA Por Fl\u00e1vio Chaves \u2013 Jornalista, poeta, escritor e membro da Academia Pernambucana de Letras. Foi Delegado Federal\/Minc\u00a0 \u2013 Num tempo em que a pressa esvazia os gestos e a palavra parece perder sua morada, celebrar o Dia do Leitor \u00e9, mais do que um ato simb\u00f3lico, um gesto de resist\u00eancia espiritual. O [&hellip;]\" \/>\n<meta property=\"og:url\" content=\"https:\/\/gazetapernambucana.com\/?p=2456\" \/>\n<meta property=\"article:published_time\" content=\"2026-01-07T23:12:57+00:00\" \/>\n<meta property=\"article:modified_time\" content=\"2026-01-07T23:15:03+00:00\" \/>\n<meta property=\"og:image\" content=\"https:\/\/gazetapernambucana.com\/wp-content\/uploads\/2026\/01\/FLAVIO-CHAVES-1sdsds.jpg\" \/>\n\t<meta property=\"og:image:width\" content=\"827\" \/>\n\t<meta property=\"og:image:height\" content=\"1272\" \/>\n\t<meta property=\"og:image:type\" content=\"image\/jpeg\" \/>\n<meta name=\"author\" content=\"GP\" \/>\n<meta name=\"twitter:card\" content=\"summary_large_image\" \/>\n<meta name=\"twitter:label1\" content=\"Escrito por\" \/>\n\t<meta name=\"twitter:data1\" content=\"GP\" \/>\n\t<meta name=\"twitter:label2\" content=\"Est. tempo de leitura\" \/>\n\t<meta name=\"twitter:data2\" content=\"4 minutos\" \/>\n<script type=\"application\/ld+json\" class=\"yoast-schema-graph\">{\"@context\":\"https:\/\/schema.org\",\"@graph\":[{\"@type\":\"WebPage\",\"@id\":\"https:\/\/gazetapernambucana.com\/?p=2456\",\"url\":\"https:\/\/gazetapernambucana.com\/?p=2456\",\"name\":\"Dia do Leitor: uma celebra\u00e7\u00e3o da alma que l\u00ea. Por Fl\u00e1vio Chaves -\",\"isPartOf\":{\"@id\":\"https:\/\/gazetapernambucana.com\/#website\"},\"primaryImageOfPage\":{\"@id\":\"https:\/\/gazetapernambucana.com\/?p=2456#primaryimage\"},\"image\":{\"@id\":\"https:\/\/gazetapernambucana.com\/?p=2456#primaryimage\"},\"thumbnailUrl\":\"https:\/\/gazetapernambucana.com\/wp-content\/uploads\/2026\/01\/FLAVIO-CHAVES-1sdsds.jpg\",\"datePublished\":\"2026-01-07T23:12:57+00:00\",\"dateModified\":\"2026-01-07T23:15:03+00:00\",\"author\":{\"@id\":\"https:\/\/gazetapernambucana.com\/#\/schema\/person\/188dc283325181ac2de4db1e9e987427\"},\"breadcrumb\":{\"@id\":\"https:\/\/gazetapernambucana.com\/?p=2456#breadcrumb\"},\"inLanguage\":\"pt-BR\",\"potentialAction\":[{\"@type\":\"ReadAction\",\"target\":[\"https:\/\/gazetapernambucana.com\/?p=2456\"]}]},{\"@type\":\"ImageObject\",\"inLanguage\":\"pt-BR\",\"@id\":\"https:\/\/gazetapernambucana.com\/?p=2456#primaryimage\",\"url\":\"https:\/\/gazetapernambucana.com\/wp-content\/uploads\/2026\/01\/FLAVIO-CHAVES-1sdsds.jpg\",\"contentUrl\":\"https:\/\/gazetapernambucana.com\/wp-content\/uploads\/2026\/01\/FLAVIO-CHAVES-1sdsds.jpg\",\"width\":827,\"height\":1272},{\"@type\":\"BreadcrumbList\",\"@id\":\"https:\/\/gazetapernambucana.com\/?p=2456#breadcrumb\",\"itemListElement\":[{\"@type\":\"ListItem\",\"position\":1,\"name\":\"In\u00edcio\",\"item\":\"https:\/\/gazetapernambucana.com\/\"},{\"@type\":\"ListItem\",\"position\":2,\"name\":\"Dia do Leitor: uma celebra\u00e7\u00e3o da alma que l\u00ea. Por Fl\u00e1vio Chaves\"}]},{\"@type\":\"WebSite\",\"@id\":\"https:\/\/gazetapernambucana.com\/#website\",\"url\":\"https:\/\/gazetapernambucana.com\/\",\"name\":\"\",\"description\":\"\",\"potentialAction\":[{\"@type\":\"SearchAction\",\"target\":{\"@type\":\"EntryPoint\",\"urlTemplate\":\"https:\/\/gazetapernambucana.com\/?s={search_term_string}\"},\"query-input\":{\"@type\":\"PropertyValueSpecification\",\"valueRequired\":true,\"valueName\":\"search_term_string\"}}],\"inLanguage\":\"pt-BR\"},{\"@type\":\"Person\",\"@id\":\"https:\/\/gazetapernambucana.com\/#\/schema\/person\/188dc283325181ac2de4db1e9e987427\",\"name\":\"GP\",\"image\":{\"@type\":\"ImageObject\",\"inLanguage\":\"pt-BR\",\"@id\":\"https:\/\/gazetapernambucana.com\/#\/schema\/person\/image\/\",\"url\":\"https:\/\/secure.gravatar.com\/avatar\/9dad78ff9a2d8b5742d11779f8a3f53b052320c550b2e1907882353c067bb111?s=96&d=mm&r=g\",\"contentUrl\":\"https:\/\/secure.gravatar.com\/avatar\/9dad78ff9a2d8b5742d11779f8a3f53b052320c550b2e1907882353c067bb111?s=96&d=mm&r=g\",\"caption\":\"GP\"},\"sameAs\":[\"http:\/\/gazetapernambucana.com\"],\"url\":\"https:\/\/gazetapernambucana.com\/?author=1\"}]}<\/script>\n<!-- \/ Yoast SEO plugin. -->","yoast_head_json":{"title":"Dia do Leitor: uma celebra\u00e7\u00e3o da alma que l\u00ea. Por Fl\u00e1vio Chaves -","robots":{"index":"index","follow":"follow","max-snippet":"max-snippet:-1","max-image-preview":"max-image-preview:large","max-video-preview":"max-video-preview:-1"},"canonical":"https:\/\/gazetapernambucana.com\/?p=2456","og_locale":"pt_BR","og_type":"article","og_title":"Dia do Leitor: uma celebra\u00e7\u00e3o da alma que l\u00ea. Por Fl\u00e1vio Chaves -","og_description":"Jornal GAZETA PERNAMBUCANA Por Fl\u00e1vio Chaves \u2013 Jornalista, poeta, escritor e membro da Academia Pernambucana de Letras. Foi Delegado Federal\/Minc\u00a0 \u2013 Num tempo em que a pressa esvazia os gestos e a palavra parece perder sua morada, celebrar o Dia do Leitor \u00e9, mais do que um ato simb\u00f3lico, um gesto de resist\u00eancia espiritual. O [&hellip;]","og_url":"https:\/\/gazetapernambucana.com\/?p=2456","article_published_time":"2026-01-07T23:12:57+00:00","article_modified_time":"2026-01-07T23:15:03+00:00","og_image":[{"width":827,"height":1272,"url":"https:\/\/gazetapernambucana.com\/wp-content\/uploads\/2026\/01\/FLAVIO-CHAVES-1sdsds.jpg","type":"image\/jpeg"}],"author":"GP","twitter_card":"summary_large_image","twitter_misc":{"Escrito por":"GP","Est. tempo de leitura":"4 minutos"},"schema":{"@context":"https:\/\/schema.org","@graph":[{"@type":"WebPage","@id":"https:\/\/gazetapernambucana.com\/?p=2456","url":"https:\/\/gazetapernambucana.com\/?p=2456","name":"Dia do Leitor: uma celebra\u00e7\u00e3o da alma que l\u00ea. Por Fl\u00e1vio Chaves -","isPartOf":{"@id":"https:\/\/gazetapernambucana.com\/#website"},"primaryImageOfPage":{"@id":"https:\/\/gazetapernambucana.com\/?p=2456#primaryimage"},"image":{"@id":"https:\/\/gazetapernambucana.com\/?p=2456#primaryimage"},"thumbnailUrl":"https:\/\/gazetapernambucana.com\/wp-content\/uploads\/2026\/01\/FLAVIO-CHAVES-1sdsds.jpg","datePublished":"2026-01-07T23:12:57+00:00","dateModified":"2026-01-07T23:15:03+00:00","author":{"@id":"https:\/\/gazetapernambucana.com\/#\/schema\/person\/188dc283325181ac2de4db1e9e987427"},"breadcrumb":{"@id":"https:\/\/gazetapernambucana.com\/?p=2456#breadcrumb"},"inLanguage":"pt-BR","potentialAction":[{"@type":"ReadAction","target":["https:\/\/gazetapernambucana.com\/?p=2456"]}]},{"@type":"ImageObject","inLanguage":"pt-BR","@id":"https:\/\/gazetapernambucana.com\/?p=2456#primaryimage","url":"https:\/\/gazetapernambucana.com\/wp-content\/uploads\/2026\/01\/FLAVIO-CHAVES-1sdsds.jpg","contentUrl":"https:\/\/gazetapernambucana.com\/wp-content\/uploads\/2026\/01\/FLAVIO-CHAVES-1sdsds.jpg","width":827,"height":1272},{"@type":"BreadcrumbList","@id":"https:\/\/gazetapernambucana.com\/?p=2456#breadcrumb","itemListElement":[{"@type":"ListItem","position":1,"name":"In\u00edcio","item":"https:\/\/gazetapernambucana.com\/"},{"@type":"ListItem","position":2,"name":"Dia do Leitor: uma celebra\u00e7\u00e3o da alma que l\u00ea. Por Fl\u00e1vio Chaves"}]},{"@type":"WebSite","@id":"https:\/\/gazetapernambucana.com\/#website","url":"https:\/\/gazetapernambucana.com\/","name":"","description":"","potentialAction":[{"@type":"SearchAction","target":{"@type":"EntryPoint","urlTemplate":"https:\/\/gazetapernambucana.com\/?s={search_term_string}"},"query-input":{"@type":"PropertyValueSpecification","valueRequired":true,"valueName":"search_term_string"}}],"inLanguage":"pt-BR"},{"@type":"Person","@id":"https:\/\/gazetapernambucana.com\/#\/schema\/person\/188dc283325181ac2de4db1e9e987427","name":"GP","image":{"@type":"ImageObject","inLanguage":"pt-BR","@id":"https:\/\/gazetapernambucana.com\/#\/schema\/person\/image\/","url":"https:\/\/secure.gravatar.com\/avatar\/9dad78ff9a2d8b5742d11779f8a3f53b052320c550b2e1907882353c067bb111?s=96&d=mm&r=g","contentUrl":"https:\/\/secure.gravatar.com\/avatar\/9dad78ff9a2d8b5742d11779f8a3f53b052320c550b2e1907882353c067bb111?s=96&d=mm&r=g","caption":"GP"},"sameAs":["http:\/\/gazetapernambucana.com"],"url":"https:\/\/gazetapernambucana.com\/?author=1"}]}},"jetpack_publicize_connections":[],"_links":{"self":[{"href":"https:\/\/gazetapernambucana.com\/index.php?rest_route=\/wp\/v2\/posts\/2456","targetHints":{"allow":["GET"]}}],"collection":[{"href":"https:\/\/gazetapernambucana.com\/index.php?rest_route=\/wp\/v2\/posts"}],"about":[{"href":"https:\/\/gazetapernambucana.com\/index.php?rest_route=\/wp\/v2\/types\/post"}],"author":[{"embeddable":true,"href":"https:\/\/gazetapernambucana.com\/index.php?rest_route=\/wp\/v2\/users\/1"}],"replies":[{"embeddable":true,"href":"https:\/\/gazetapernambucana.com\/index.php?rest_route=%2Fwp%2Fv2%2Fcomments&post=2456"}],"version-history":[{"count":2,"href":"https:\/\/gazetapernambucana.com\/index.php?rest_route=\/wp\/v2\/posts\/2456\/revisions"}],"predecessor-version":[{"id":2459,"href":"https:\/\/gazetapernambucana.com\/index.php?rest_route=\/wp\/v2\/posts\/2456\/revisions\/2459"}],"wp:featuredmedia":[{"embeddable":true,"href":"https:\/\/gazetapernambucana.com\/index.php?rest_route=\/wp\/v2\/media\/2457"}],"wp:attachment":[{"href":"https:\/\/gazetapernambucana.com\/index.php?rest_route=%2Fwp%2Fv2%2Fmedia&parent=2456"}],"wp:term":[{"taxonomy":"category","embeddable":true,"href":"https:\/\/gazetapernambucana.com\/index.php?rest_route=%2Fwp%2Fv2%2Fcategories&post=2456"},{"taxonomy":"post_tag","embeddable":true,"href":"https:\/\/gazetapernambucana.com\/index.php?rest_route=%2Fwp%2Fv2%2Ftags&post=2456"}],"curies":[{"name":"wp","href":"https:\/\/api.w.org\/{rel}","templated":true}]}}