{"id":2451,"date":"2026-01-06T14:26:26","date_gmt":"2026-01-06T17:26:26","guid":{"rendered":"https:\/\/gazetapernambucana.com\/?p=2451"},"modified":"2026-01-06T14:27:50","modified_gmt":"2026-01-06T17:27:50","slug":"lula-se-manifesta-apos-ataque-dos-eua-a-venezuela-precedente-perigoso","status":"publish","type":"post","link":"https:\/\/gazetapernambucana.com\/?p=2451","title":{"rendered":"Lula se manifesta ap\u00f3s ataque dos EUA \u00e0 Venezuela: &#8220;Precedente perigoso&#8221;"},"content":{"rendered":"<div class=\"ebd-block \" data-type=\"image\">\n<div class=\"eb-image style-clear\">\n<div class=\"eb-image-caption\">Foto: Ricardo Stuckert \/ PR<\/div>\n<\/div>\n<\/div>\n<div class=\"ebd-block \" data-type=\"text\">\n<p>O presidente Luiz In\u00e1cio Lula da Silva (PT) se pronunciou neste s\u00e1bado (3) sobre os ataques dos Estados Unidos na Venezuela.<\/p>\n<p>&#8220;Os bombardeios em territ\u00f3rio venezuelano e a captura do seu presidente ultrapassam uma linha inaceit\u00e1vel. Esses atos representam uma afronta grav\u00edssima \u00e0 soberania da Venezuela e mais um precedente extremamente perigoso para toda a comunidade internacional&#8221;, afirmou Lula.<\/p>\n<p>Ele acrescentou ainda que, &#8220;atacar pa\u00edses, em flagrante viola\u00e7\u00e3o do direito internacional, \u00e9 o primeiro passo para um mundo de viol\u00eancia, caos e instabilidade, onde a lei do mais forte prevalece sobre o multilateralismo&#8221;<\/p>\n<p>&#8220;A condena\u00e7\u00e3o ao uso da for\u00e7a \u00e9 consistente com a posi\u00e7\u00e3o que o Brasil sempre tem adotado em situa\u00e7\u00f5es recentes em outros pa\u00edses e regi\u00f5es. A a\u00e7\u00e3o lembra os piores momentos da interfer\u00eancia na pol\u00edtica da Am\u00e9rica Latina e do Caribe e amea\u00e7a a preserva\u00e7\u00e3o da regi\u00e3o como zona de paz&#8221;, destacou Lula.<\/p>\n<p>Os bombardeios em territ\u00f3rio venezuelano e a captura do seu presidente ultrapassam uma linha inaceit\u00e1vel. Esses atos representam uma afronta grav\u00edssima \u00e0 soberania da Venezuela e mais um precedente extremamente perigoso para toda a comunidade internacional.<\/p>\n<\/div>\n","protected":false},"excerpt":{"rendered":"<p>Foto: Ricardo Stuckert \/ PR O presidente Luiz In\u00e1cio Lula da Silva (PT) se pronunciou neste s\u00e1bado (3) sobre os ataques dos Estados Unidos na Venezuela. &#8220;Os bombardeios em territ\u00f3rio venezuelano e a captura do seu presidente ultrapassam uma linha inaceit\u00e1vel. Esses atos representam uma afronta grav\u00edssima \u00e0 soberania da Venezuela e mais um precedente [&hellip;]<\/p>\n","protected":false},"author":1,"featured_media":2452,"comment_status":"open","ping_status":"open","sticky":false,"template":"","format":"standard","meta":{"footnotes":"","jetpack_publicize_message":"","jetpack_publicize_feature_enabled":true,"jetpack_social_post_already_shared":true,"jetpack_social_options":{"image_generator_settings":{"template":"highway","default_image_id":0,"font":"","enabled":false},"version":2}},"categories":[37,1,65],"tags":[],"class_list":["post-2451","post","type-post","status-publish","format-standard","has-post-thumbnail","hentry","category-https-gazetapernambucana-com-page_id212","category-https-gazetapernambucana-com-page_id225","category-politica"],"yoast_head":"<!-- This site is optimized with the Yoast SEO plugin v24.5 - https:\/\/yoast.com\/wordpress\/plugins\/seo\/ -->\n<title>Lula se manifesta ap\u00f3s ataque dos EUA \u00e0 Venezuela: &quot;Precedente perigoso&quot; -<\/title>\n<meta name=\"robots\" content=\"index, follow, max-snippet:-1, max-image-preview:large, max-video-preview:-1\" \/>\n<link rel=\"canonical\" href=\"https:\/\/gazetapernambucana.com\/?p=2451\" \/>\n<meta property=\"og:locale\" content=\"pt_BR\" \/>\n<meta property=\"og:type\" content=\"article\" \/>\n<meta property=\"og:title\" content=\"Lula se manifesta ap\u00f3s ataque dos EUA \u00e0 Venezuela: &quot;Precedente perigoso&quot; -\" \/>\n<meta property=\"og:description\" content=\"Foto: Ricardo Stuckert \/ PR O presidente Luiz In\u00e1cio Lula da Silva (PT) se pronunciou neste s\u00e1bado (3) sobre os ataques dos Estados Unidos na Venezuela. &#8220;Os bombardeios em territ\u00f3rio venezuelano e a captura do seu presidente ultrapassam uma linha inaceit\u00e1vel. Esses atos representam uma afronta grav\u00edssima \u00e0 soberania da Venezuela e mais um precedente [&hellip;]\" \/>\n<meta property=\"og:url\" content=\"https:\/\/gazetapernambucana.com\/?p=2451\" \/>\n<meta property=\"article:published_time\" content=\"2026-01-06T17:26:26+00:00\" \/>\n<meta property=\"article:modified_time\" content=\"2026-01-06T17:27:50+00:00\" \/>\n<meta property=\"og:image\" content=\"https:\/\/gazetapernambucana.com\/wp-content\/uploads\/2026\/01\/b2ap3_medium_175747lula-se-manifesta-apos-ataque-dos-eua-a-venezuela-precedente-perigoso-3.jpg\" \/>\n\t<meta property=\"og:image:width\" content=\"640\" \/>\n\t<meta property=\"og:image:height\" content=\"300\" \/>\n\t<meta property=\"og:image:type\" content=\"image\/jpeg\" \/>\n<meta name=\"author\" content=\"GP\" \/>\n<meta name=\"twitter:card\" content=\"summary_large_image\" \/>\n<meta name=\"twitter:label1\" content=\"Escrito por\" \/>\n\t<meta name=\"twitter:data1\" content=\"GP\" \/>\n\t<meta name=\"twitter:label2\" content=\"Est. tempo de leitura\" \/>\n\t<meta name=\"twitter:data2\" content=\"2 minutos\" \/>\n<script type=\"application\/ld+json\" class=\"yoast-schema-graph\">{\"@context\":\"https:\/\/schema.org\",\"@graph\":[{\"@type\":\"WebPage\",\"@id\":\"https:\/\/gazetapernambucana.com\/?p=2451\",\"url\":\"https:\/\/gazetapernambucana.com\/?p=2451\",\"name\":\"Lula se manifesta ap\u00f3s ataque dos EUA \u00e0 Venezuela: \\\"Precedente perigoso\\\" -\",\"isPartOf\":{\"@id\":\"https:\/\/gazetapernambucana.com\/#website\"},\"primaryImageOfPage\":{\"@id\":\"https:\/\/gazetapernambucana.com\/?p=2451#primaryimage\"},\"image\":{\"@id\":\"https:\/\/gazetapernambucana.com\/?p=2451#primaryimage\"},\"thumbnailUrl\":\"https:\/\/gazetapernambucana.com\/wp-content\/uploads\/2026\/01\/b2ap3_medium_175747lula-se-manifesta-apos-ataque-dos-eua-a-venezuela-precedente-perigoso-3.jpg\",\"datePublished\":\"2026-01-06T17:26:26+00:00\",\"dateModified\":\"2026-01-06T17:27:50+00:00\",\"author\":{\"@id\":\"https:\/\/gazetapernambucana.com\/#\/schema\/person\/188dc283325181ac2de4db1e9e987427\"},\"breadcrumb\":{\"@id\":\"https:\/\/gazetapernambucana.com\/?p=2451#breadcrumb\"},\"inLanguage\":\"pt-BR\",\"potentialAction\":[{\"@type\":\"ReadAction\",\"target\":[\"https:\/\/gazetapernambucana.com\/?p=2451\"]}]},{\"@type\":\"ImageObject\",\"inLanguage\":\"pt-BR\",\"@id\":\"https:\/\/gazetapernambucana.com\/?p=2451#primaryimage\",\"url\":\"https:\/\/gazetapernambucana.com\/wp-content\/uploads\/2026\/01\/b2ap3_medium_175747lula-se-manifesta-apos-ataque-dos-eua-a-venezuela-precedente-perigoso-3.jpg\",\"contentUrl\":\"https:\/\/gazetapernambucana.com\/wp-content\/uploads\/2026\/01\/b2ap3_medium_175747lula-se-manifesta-apos-ataque-dos-eua-a-venezuela-precedente-perigoso-3.jpg\",\"width\":640,\"height\":300},{\"@type\":\"BreadcrumbList\",\"@id\":\"https:\/\/gazetapernambucana.com\/?p=2451#breadcrumb\",\"itemListElement\":[{\"@type\":\"ListItem\",\"position\":1,\"name\":\"In\u00edcio\",\"item\":\"https:\/\/gazetapernambucana.com\/\"},{\"@type\":\"ListItem\",\"position\":2,\"name\":\"Lula se manifesta ap\u00f3s ataque dos EUA \u00e0 Venezuela: &#8220;Precedente perigoso&#8221;\"}]},{\"@type\":\"WebSite\",\"@id\":\"https:\/\/gazetapernambucana.com\/#website\",\"url\":\"https:\/\/gazetapernambucana.com\/\",\"name\":\"\",\"description\":\"\",\"potentialAction\":[{\"@type\":\"SearchAction\",\"target\":{\"@type\":\"EntryPoint\",\"urlTemplate\":\"https:\/\/gazetapernambucana.com\/?s={search_term_string}\"},\"query-input\":{\"@type\":\"PropertyValueSpecification\",\"valueRequired\":true,\"valueName\":\"search_term_string\"}}],\"inLanguage\":\"pt-BR\"},{\"@type\":\"Person\",\"@id\":\"https:\/\/gazetapernambucana.com\/#\/schema\/person\/188dc283325181ac2de4db1e9e987427\",\"name\":\"GP\",\"image\":{\"@type\":\"ImageObject\",\"inLanguage\":\"pt-BR\",\"@id\":\"https:\/\/gazetapernambucana.com\/#\/schema\/person\/image\/\",\"url\":\"https:\/\/secure.gravatar.com\/avatar\/9dad78ff9a2d8b5742d11779f8a3f53b052320c550b2e1907882353c067bb111?s=96&d=mm&r=g\",\"contentUrl\":\"https:\/\/secure.gravatar.com\/avatar\/9dad78ff9a2d8b5742d11779f8a3f53b052320c550b2e1907882353c067bb111?s=96&d=mm&r=g\",\"caption\":\"GP\"},\"sameAs\":[\"http:\/\/gazetapernambucana.com\"],\"url\":\"https:\/\/gazetapernambucana.com\/?author=1\"}]}<\/script>\n<!-- \/ Yoast SEO plugin. -->","yoast_head_json":{"title":"Lula se manifesta ap\u00f3s ataque dos EUA \u00e0 Venezuela: \"Precedente perigoso\" -","robots":{"index":"index","follow":"follow","max-snippet":"max-snippet:-1","max-image-preview":"max-image-preview:large","max-video-preview":"max-video-preview:-1"},"canonical":"https:\/\/gazetapernambucana.com\/?p=2451","og_locale":"pt_BR","og_type":"article","og_title":"Lula se manifesta ap\u00f3s ataque dos EUA \u00e0 Venezuela: \"Precedente perigoso\" -","og_description":"Foto: Ricardo Stuckert \/ PR O presidente Luiz In\u00e1cio Lula da Silva (PT) se pronunciou neste s\u00e1bado (3) sobre os ataques dos Estados Unidos na Venezuela. &#8220;Os bombardeios em territ\u00f3rio venezuelano e a captura do seu presidente ultrapassam uma linha inaceit\u00e1vel. Esses atos representam uma afronta grav\u00edssima \u00e0 soberania da Venezuela e mais um precedente [&hellip;]","og_url":"https:\/\/gazetapernambucana.com\/?p=2451","article_published_time":"2026-01-06T17:26:26+00:00","article_modified_time":"2026-01-06T17:27:50+00:00","og_image":[{"width":640,"height":300,"url":"https:\/\/gazetapernambucana.com\/wp-content\/uploads\/2026\/01\/b2ap3_medium_175747lula-se-manifesta-apos-ataque-dos-eua-a-venezuela-precedente-perigoso-3.jpg","type":"image\/jpeg"}],"author":"GP","twitter_card":"summary_large_image","twitter_misc":{"Escrito por":"GP","Est. tempo de leitura":"2 minutos"},"schema":{"@context":"https:\/\/schema.org","@graph":[{"@type":"WebPage","@id":"https:\/\/gazetapernambucana.com\/?p=2451","url":"https:\/\/gazetapernambucana.com\/?p=2451","name":"Lula se manifesta ap\u00f3s ataque dos EUA \u00e0 Venezuela: \"Precedente perigoso\" -","isPartOf":{"@id":"https:\/\/gazetapernambucana.com\/#website"},"primaryImageOfPage":{"@id":"https:\/\/gazetapernambucana.com\/?p=2451#primaryimage"},"image":{"@id":"https:\/\/gazetapernambucana.com\/?p=2451#primaryimage"},"thumbnailUrl":"https:\/\/gazetapernambucana.com\/wp-content\/uploads\/2026\/01\/b2ap3_medium_175747lula-se-manifesta-apos-ataque-dos-eua-a-venezuela-precedente-perigoso-3.jpg","datePublished":"2026-01-06T17:26:26+00:00","dateModified":"2026-01-06T17:27:50+00:00","author":{"@id":"https:\/\/gazetapernambucana.com\/#\/schema\/person\/188dc283325181ac2de4db1e9e987427"},"breadcrumb":{"@id":"https:\/\/gazetapernambucana.com\/?p=2451#breadcrumb"},"inLanguage":"pt-BR","potentialAction":[{"@type":"ReadAction","target":["https:\/\/gazetapernambucana.com\/?p=2451"]}]},{"@type":"ImageObject","inLanguage":"pt-BR","@id":"https:\/\/gazetapernambucana.com\/?p=2451#primaryimage","url":"https:\/\/gazetapernambucana.com\/wp-content\/uploads\/2026\/01\/b2ap3_medium_175747lula-se-manifesta-apos-ataque-dos-eua-a-venezuela-precedente-perigoso-3.jpg","contentUrl":"https:\/\/gazetapernambucana.com\/wp-content\/uploads\/2026\/01\/b2ap3_medium_175747lula-se-manifesta-apos-ataque-dos-eua-a-venezuela-precedente-perigoso-3.jpg","width":640,"height":300},{"@type":"BreadcrumbList","@id":"https:\/\/gazetapernambucana.com\/?p=2451#breadcrumb","itemListElement":[{"@type":"ListItem","position":1,"name":"In\u00edcio","item":"https:\/\/gazetapernambucana.com\/"},{"@type":"ListItem","position":2,"name":"Lula se manifesta ap\u00f3s ataque dos EUA \u00e0 Venezuela: &#8220;Precedente perigoso&#8221;"}]},{"@type":"WebSite","@id":"https:\/\/gazetapernambucana.com\/#website","url":"https:\/\/gazetapernambucana.com\/","name":"","description":"","potentialAction":[{"@type":"SearchAction","target":{"@type":"EntryPoint","urlTemplate":"https:\/\/gazetapernambucana.com\/?s={search_term_string}"},"query-input":{"@type":"PropertyValueSpecification","valueRequired":true,"valueName":"search_term_string"}}],"inLanguage":"pt-BR"},{"@type":"Person","@id":"https:\/\/gazetapernambucana.com\/#\/schema\/person\/188dc283325181ac2de4db1e9e987427","name":"GP","image":{"@type":"ImageObject","inLanguage":"pt-BR","@id":"https:\/\/gazetapernambucana.com\/#\/schema\/person\/image\/","url":"https:\/\/secure.gravatar.com\/avatar\/9dad78ff9a2d8b5742d11779f8a3f53b052320c550b2e1907882353c067bb111?s=96&d=mm&r=g","contentUrl":"https:\/\/secure.gravatar.com\/avatar\/9dad78ff9a2d8b5742d11779f8a3f53b052320c550b2e1907882353c067bb111?s=96&d=mm&r=g","caption":"GP"},"sameAs":["http:\/\/gazetapernambucana.com"],"url":"https:\/\/gazetapernambucana.com\/?author=1"}]}},"jetpack_publicize_connections":[],"_links":{"self":[{"href":"https:\/\/gazetapernambucana.com\/index.php?rest_route=\/wp\/v2\/posts\/2451","targetHints":{"allow":["GET"]}}],"collection":[{"href":"https:\/\/gazetapernambucana.com\/index.php?rest_route=\/wp\/v2\/posts"}],"about":[{"href":"https:\/\/gazetapernambucana.com\/index.php?rest_route=\/wp\/v2\/types\/post"}],"author":[{"embeddable":true,"href":"https:\/\/gazetapernambucana.com\/index.php?rest_route=\/wp\/v2\/users\/1"}],"replies":[{"embeddable":true,"href":"https:\/\/gazetapernambucana.com\/index.php?rest_route=%2Fwp%2Fv2%2Fcomments&post=2451"}],"version-history":[{"count":2,"href":"https:\/\/gazetapernambucana.com\/index.php?rest_route=\/wp\/v2\/posts\/2451\/revisions"}],"predecessor-version":[{"id":2454,"href":"https:\/\/gazetapernambucana.com\/index.php?rest_route=\/wp\/v2\/posts\/2451\/revisions\/2454"}],"wp:featuredmedia":[{"embeddable":true,"href":"https:\/\/gazetapernambucana.com\/index.php?rest_route=\/wp\/v2\/media\/2452"}],"wp:attachment":[{"href":"https:\/\/gazetapernambucana.com\/index.php?rest_route=%2Fwp%2Fv2%2Fmedia&parent=2451"}],"wp:term":[{"taxonomy":"category","embeddable":true,"href":"https:\/\/gazetapernambucana.com\/index.php?rest_route=%2Fwp%2Fv2%2Fcategories&post=2451"},{"taxonomy":"post_tag","embeddable":true,"href":"https:\/\/gazetapernambucana.com\/index.php?rest_route=%2Fwp%2Fv2%2Ftags&post=2451"}],"curies":[{"name":"wp","href":"https:\/\/api.w.org\/{rel}","templated":true}]}}