{"id":2448,"date":"2026-01-06T14:04:38","date_gmt":"2026-01-06T17:04:38","guid":{"rendered":"https:\/\/gazetapernambucana.com\/?p=2448"},"modified":"2026-01-06T14:04:38","modified_gmt":"2026-01-06T17:04:38","slug":"em-2025-pernambuco-alcanca-a-menor-taxa-de-mortes-violentas-por-100-mil-habitantes-dos-ultimos-22-anos","status":"publish","type":"post","link":"https:\/\/gazetapernambucana.com\/?p=2448","title":{"rendered":"Em 2025, Pernambuco alcan\u00e7a a menor taxa de mortes violentas por 100 mil habitantes dos \u00faltimos 22 anos"},"content":{"rendered":"<p>Foto: Miva Filho<\/p>\n<div id=\"post-body-4900255256317075381\" class=\"post-body entry-content\">\n<p><strong>\u00cdndice chegou ao patamar de 32,7, o menor desde 2004<\/strong><\/p>\n<p>A seguran\u00e7a p\u00fablica de Pernambuco encerrou 2025 com uma conquista relevante no enfrentamento \u00e0 viol\u00eancia. Entre janeiro e dezembro, o Estado registrou a menor taxa de Mortes Violentas Intencionais (MVIs) por 100 mil habitantes de toda a s\u00e9rie hist\u00f3rica, iniciada em 2004. O \u00edndice, no patamar de 32,7, \u00e9 o mais expressivo dos \u00faltimos 22 anos. Em rela\u00e7\u00e3o a 2024, Pernambuco registrou uma redu\u00e7\u00e3o de 9,5% nas mortes violentas, o que representa 330 vidas preservadas ao longo de 2025. O resultado demonstra que as for\u00e7as policiais seguem intensificando, de forma permanente, a execu\u00e7\u00e3o das a\u00e7\u00f5es estabelecidas no Programa Juntos pela Seguran\u00e7a em todo o territ\u00f3rio pernambucano, sobretudo no combate aos crimes contra a vida.<\/p>\n<p>\u201cGarantir seguran\u00e7a para a popula\u00e7\u00e3o e promover a paz social s\u00e3o compromissos permanentes do nosso governo. Os dados mostram que os investimentos e as a\u00e7\u00f5es do Programa Juntos pela Seguran\u00e7a est\u00e3o gerando resultados concretos. Estamos investindo R$ 2,3 bilh\u00f5es em intelig\u00eancia, tecnologia, refor\u00e7o do efetivo e integra\u00e7\u00e3o das for\u00e7as de seguran\u00e7a, porque preservar vidas e assegurar tranquilidade aos pernambucanos \u00e9 a nossa maior prioridade\u201d, afirmou a governadora Raquel Lyra.<\/p>\n<p>O resultado representa uma queda expressiva nos \u00edndices de homic\u00eddios. O maior n\u00famero de mortes violentas por 100 mil habitantes em Pernambuco foi registrado em 2017, quando a taxa chegou a 57,1. At\u00e9 ent\u00e3o, o menor \u00edndice havia sido observado em 2013, com 34,1 mortes violentas por 100 mil habitantes.<\/p>\n<p>\u201cEsse resultado mostra a efic\u00e1cia das a\u00e7\u00f5es integradas de policiamento, intelig\u00eancia, tecnologia e pol\u00edticas p\u00fablicas transversais estabelecidas no Programa Juntos pela Seguran\u00e7a. Vamos continuar seguindo firmes na nossa principal miss\u00e3o, que \u00e9 garantir a ordem social, sobretudo preservando vidas\u201d, pontuou o secret\u00e1rio de Defesa Social, Alessandro Carvalho.<\/p>\n<p>A redu\u00e7\u00e3o hist\u00f3rica evidencia uma evolu\u00e7\u00e3o consistente dos indicadores de seguran\u00e7a p\u00fablica no Estado. O combate \u00e0 circula\u00e7\u00e3o de armas de fogo irregulares e ao crime organizado est\u00e3o entre as principais a\u00e7\u00f5es das operativas da Secretaria de Defesa Social de Pernambuco (SDS) na garantia dos resultados concretos na redu\u00e7\u00e3o da viol\u00eancia letal. Desde o in\u00edcio de 2023, as for\u00e7as de seguran\u00e7a apreenderam 18.342 armas de fogo em todo o territ\u00f3rio pernambucano, retirando armamentos de circula\u00e7\u00e3o e prevenindo crimes graves.<\/p>\n<p>O enfrentamento ao crime organizado tem sido refor\u00e7ado por opera\u00e7\u00f5es especiais de car\u00e1ter interestadual, como a Divisa Integrada, realizada em parceria com os estados do Cear\u00e1, Para\u00edba e Piau\u00ed; a opera\u00e7\u00e3o Vale do S\u00e3o Francisco Seguro, com a Bahia; e a Nordeste Integrado, que envolveu a\u00e7\u00f5es conjuntas nas divisas de oito estados nordestinos. Essas opera\u00e7\u00f5es ampliam o controle territorial, fortalecem a intelig\u00eancia policial e impactam diretamente na apreens\u00e3o de armas e pris\u00f5es qualificadas.<\/p>\n<p>No eixo de pessoal, a SDS executa o maior refor\u00e7o de efetivo dos \u00faltimos anos, com mais de sete mil novos profissionais previstos at\u00e9 dezembro de 2026. At\u00e9 o momento, 3.183 j\u00e1 foram formados e mais de 3.400 est\u00e3o em forma\u00e7\u00e3o, ampliando a presen\u00e7a policial nas ruas, qualificando o atendimento \u00e0 popula\u00e7\u00e3o e fortalecendo as a\u00e7\u00f5es preventivas e repressivas.<\/p>\n<\/div>\n","protected":false},"excerpt":{"rendered":"<p>Foto: Miva Filho \u00cdndice chegou ao patamar de 32,7, o menor desde 2004 A seguran\u00e7a p\u00fablica de Pernambuco encerrou 2025 com uma conquista relevante no enfrentamento \u00e0 viol\u00eancia. Entre janeiro e dezembro, o Estado registrou a menor taxa de Mortes Violentas Intencionais (MVIs) por 100 mil habitantes de toda a s\u00e9rie hist\u00f3rica, iniciada em 2004. [&hellip;]<\/p>\n","protected":false},"author":1,"featured_media":2449,"comment_status":"open","ping_status":"open","sticky":false,"template":"","format":"standard","meta":{"footnotes":"","jetpack_publicize_message":"","jetpack_publicize_feature_enabled":true,"jetpack_social_post_already_shared":true,"jetpack_social_options":{"image_generator_settings":{"template":"highway","default_image_id":0,"font":"","enabled":false},"version":2}},"categories":[1,65],"tags":[],"class_list":["post-2448","post","type-post","status-publish","format-standard","has-post-thumbnail","hentry","category-https-gazetapernambucana-com-page_id225","category-politica"],"yoast_head":"<!-- This site is optimized with the Yoast SEO plugin v24.5 - https:\/\/yoast.com\/wordpress\/plugins\/seo\/ -->\n<title>Em 2025, Pernambuco alcan\u00e7a a menor taxa de mortes violentas por 100 mil habitantes dos \u00faltimos 22 anos -<\/title>\n<meta name=\"robots\" content=\"index, follow, max-snippet:-1, max-image-preview:large, max-video-preview:-1\" \/>\n<link rel=\"canonical\" href=\"https:\/\/gazetapernambucana.com\/?p=2448\" \/>\n<meta property=\"og:locale\" content=\"pt_BR\" \/>\n<meta property=\"og:type\" content=\"article\" \/>\n<meta property=\"og:title\" content=\"Em 2025, Pernambuco alcan\u00e7a a menor taxa de mortes violentas por 100 mil habitantes dos \u00faltimos 22 anos -\" \/>\n<meta property=\"og:description\" content=\"Foto: Miva Filho \u00cdndice chegou ao patamar de 32,7, o menor desde 2004 A seguran\u00e7a p\u00fablica de Pernambuco encerrou 2025 com uma conquista relevante no enfrentamento \u00e0 viol\u00eancia. Entre janeiro e dezembro, o Estado registrou a menor taxa de Mortes Violentas Intencionais (MVIs) por 100 mil habitantes de toda a s\u00e9rie hist\u00f3rica, iniciada em 2004. [&hellip;]\" \/>\n<meta property=\"og:url\" content=\"https:\/\/gazetapernambucana.com\/?p=2448\" \/>\n<meta property=\"article:published_time\" content=\"2026-01-06T17:04:38+00:00\" \/>\n<meta property=\"og:image\" content=\"https:\/\/gazetapernambucana.com\/wp-content\/uploads\/2026\/01\/9132c94f-dffb-4cf3-b94e-4ba736e4e077.jpeg\" \/>\n\t<meta property=\"og:image:width\" content=\"1280\" \/>\n\t<meta property=\"og:image:height\" content=\"852\" \/>\n\t<meta property=\"og:image:type\" content=\"image\/jpeg\" \/>\n<meta name=\"author\" content=\"GP\" \/>\n<meta name=\"twitter:card\" content=\"summary_large_image\" \/>\n<meta name=\"twitter:label1\" content=\"Escrito por\" \/>\n\t<meta name=\"twitter:data1\" content=\"GP\" \/>\n\t<meta name=\"twitter:label2\" content=\"Est. tempo de leitura\" \/>\n\t<meta name=\"twitter:data2\" content=\"3 minutos\" \/>\n<script type=\"application\/ld+json\" class=\"yoast-schema-graph\">{\"@context\":\"https:\/\/schema.org\",\"@graph\":[{\"@type\":\"WebPage\",\"@id\":\"https:\/\/gazetapernambucana.com\/?p=2448\",\"url\":\"https:\/\/gazetapernambucana.com\/?p=2448\",\"name\":\"Em 2025, Pernambuco alcan\u00e7a a menor taxa de mortes violentas por 100 mil habitantes dos \u00faltimos 22 anos -\",\"isPartOf\":{\"@id\":\"https:\/\/gazetapernambucana.com\/#website\"},\"primaryImageOfPage\":{\"@id\":\"https:\/\/gazetapernambucana.com\/?p=2448#primaryimage\"},\"image\":{\"@id\":\"https:\/\/gazetapernambucana.com\/?p=2448#primaryimage\"},\"thumbnailUrl\":\"https:\/\/gazetapernambucana.com\/wp-content\/uploads\/2026\/01\/9132c94f-dffb-4cf3-b94e-4ba736e4e077.jpeg\",\"datePublished\":\"2026-01-06T17:04:38+00:00\",\"author\":{\"@id\":\"https:\/\/gazetapernambucana.com\/#\/schema\/person\/188dc283325181ac2de4db1e9e987427\"},\"breadcrumb\":{\"@id\":\"https:\/\/gazetapernambucana.com\/?p=2448#breadcrumb\"},\"inLanguage\":\"pt-BR\",\"potentialAction\":[{\"@type\":\"ReadAction\",\"target\":[\"https:\/\/gazetapernambucana.com\/?p=2448\"]}]},{\"@type\":\"ImageObject\",\"inLanguage\":\"pt-BR\",\"@id\":\"https:\/\/gazetapernambucana.com\/?p=2448#primaryimage\",\"url\":\"https:\/\/gazetapernambucana.com\/wp-content\/uploads\/2026\/01\/9132c94f-dffb-4cf3-b94e-4ba736e4e077.jpeg\",\"contentUrl\":\"https:\/\/gazetapernambucana.com\/wp-content\/uploads\/2026\/01\/9132c94f-dffb-4cf3-b94e-4ba736e4e077.jpeg\",\"width\":1280,\"height\":852},{\"@type\":\"BreadcrumbList\",\"@id\":\"https:\/\/gazetapernambucana.com\/?p=2448#breadcrumb\",\"itemListElement\":[{\"@type\":\"ListItem\",\"position\":1,\"name\":\"In\u00edcio\",\"item\":\"https:\/\/gazetapernambucana.com\/\"},{\"@type\":\"ListItem\",\"position\":2,\"name\":\"Em 2025, Pernambuco alcan\u00e7a a menor taxa de mortes violentas por 100 mil habitantes dos \u00faltimos 22 anos\"}]},{\"@type\":\"WebSite\",\"@id\":\"https:\/\/gazetapernambucana.com\/#website\",\"url\":\"https:\/\/gazetapernambucana.com\/\",\"name\":\"\",\"description\":\"\",\"potentialAction\":[{\"@type\":\"SearchAction\",\"target\":{\"@type\":\"EntryPoint\",\"urlTemplate\":\"https:\/\/gazetapernambucana.com\/?s={search_term_string}\"},\"query-input\":{\"@type\":\"PropertyValueSpecification\",\"valueRequired\":true,\"valueName\":\"search_term_string\"}}],\"inLanguage\":\"pt-BR\"},{\"@type\":\"Person\",\"@id\":\"https:\/\/gazetapernambucana.com\/#\/schema\/person\/188dc283325181ac2de4db1e9e987427\",\"name\":\"GP\",\"image\":{\"@type\":\"ImageObject\",\"inLanguage\":\"pt-BR\",\"@id\":\"https:\/\/gazetapernambucana.com\/#\/schema\/person\/image\/\",\"url\":\"https:\/\/secure.gravatar.com\/avatar\/9dad78ff9a2d8b5742d11779f8a3f53b052320c550b2e1907882353c067bb111?s=96&d=mm&r=g\",\"contentUrl\":\"https:\/\/secure.gravatar.com\/avatar\/9dad78ff9a2d8b5742d11779f8a3f53b052320c550b2e1907882353c067bb111?s=96&d=mm&r=g\",\"caption\":\"GP\"},\"sameAs\":[\"http:\/\/gazetapernambucana.com\"],\"url\":\"https:\/\/gazetapernambucana.com\/?author=1\"}]}<\/script>\n<!-- \/ Yoast SEO plugin. -->","yoast_head_json":{"title":"Em 2025, Pernambuco alcan\u00e7a a menor taxa de mortes violentas por 100 mil habitantes dos \u00faltimos 22 anos -","robots":{"index":"index","follow":"follow","max-snippet":"max-snippet:-1","max-image-preview":"max-image-preview:large","max-video-preview":"max-video-preview:-1"},"canonical":"https:\/\/gazetapernambucana.com\/?p=2448","og_locale":"pt_BR","og_type":"article","og_title":"Em 2025, Pernambuco alcan\u00e7a a menor taxa de mortes violentas por 100 mil habitantes dos \u00faltimos 22 anos -","og_description":"Foto: Miva Filho \u00cdndice chegou ao patamar de 32,7, o menor desde 2004 A seguran\u00e7a p\u00fablica de Pernambuco encerrou 2025 com uma conquista relevante no enfrentamento \u00e0 viol\u00eancia. Entre janeiro e dezembro, o Estado registrou a menor taxa de Mortes Violentas Intencionais (MVIs) por 100 mil habitantes de toda a s\u00e9rie hist\u00f3rica, iniciada em 2004. [&hellip;]","og_url":"https:\/\/gazetapernambucana.com\/?p=2448","article_published_time":"2026-01-06T17:04:38+00:00","og_image":[{"width":1280,"height":852,"url":"https:\/\/gazetapernambucana.com\/wp-content\/uploads\/2026\/01\/9132c94f-dffb-4cf3-b94e-4ba736e4e077.jpeg","type":"image\/jpeg"}],"author":"GP","twitter_card":"summary_large_image","twitter_misc":{"Escrito por":"GP","Est. tempo de leitura":"3 minutos"},"schema":{"@context":"https:\/\/schema.org","@graph":[{"@type":"WebPage","@id":"https:\/\/gazetapernambucana.com\/?p=2448","url":"https:\/\/gazetapernambucana.com\/?p=2448","name":"Em 2025, Pernambuco alcan\u00e7a a menor taxa de mortes violentas por 100 mil habitantes dos \u00faltimos 22 anos -","isPartOf":{"@id":"https:\/\/gazetapernambucana.com\/#website"},"primaryImageOfPage":{"@id":"https:\/\/gazetapernambucana.com\/?p=2448#primaryimage"},"image":{"@id":"https:\/\/gazetapernambucana.com\/?p=2448#primaryimage"},"thumbnailUrl":"https:\/\/gazetapernambucana.com\/wp-content\/uploads\/2026\/01\/9132c94f-dffb-4cf3-b94e-4ba736e4e077.jpeg","datePublished":"2026-01-06T17:04:38+00:00","author":{"@id":"https:\/\/gazetapernambucana.com\/#\/schema\/person\/188dc283325181ac2de4db1e9e987427"},"breadcrumb":{"@id":"https:\/\/gazetapernambucana.com\/?p=2448#breadcrumb"},"inLanguage":"pt-BR","potentialAction":[{"@type":"ReadAction","target":["https:\/\/gazetapernambucana.com\/?p=2448"]}]},{"@type":"ImageObject","inLanguage":"pt-BR","@id":"https:\/\/gazetapernambucana.com\/?p=2448#primaryimage","url":"https:\/\/gazetapernambucana.com\/wp-content\/uploads\/2026\/01\/9132c94f-dffb-4cf3-b94e-4ba736e4e077.jpeg","contentUrl":"https:\/\/gazetapernambucana.com\/wp-content\/uploads\/2026\/01\/9132c94f-dffb-4cf3-b94e-4ba736e4e077.jpeg","width":1280,"height":852},{"@type":"BreadcrumbList","@id":"https:\/\/gazetapernambucana.com\/?p=2448#breadcrumb","itemListElement":[{"@type":"ListItem","position":1,"name":"In\u00edcio","item":"https:\/\/gazetapernambucana.com\/"},{"@type":"ListItem","position":2,"name":"Em 2025, Pernambuco alcan\u00e7a a menor taxa de mortes violentas por 100 mil habitantes dos \u00faltimos 22 anos"}]},{"@type":"WebSite","@id":"https:\/\/gazetapernambucana.com\/#website","url":"https:\/\/gazetapernambucana.com\/","name":"","description":"","potentialAction":[{"@type":"SearchAction","target":{"@type":"EntryPoint","urlTemplate":"https:\/\/gazetapernambucana.com\/?s={search_term_string}"},"query-input":{"@type":"PropertyValueSpecification","valueRequired":true,"valueName":"search_term_string"}}],"inLanguage":"pt-BR"},{"@type":"Person","@id":"https:\/\/gazetapernambucana.com\/#\/schema\/person\/188dc283325181ac2de4db1e9e987427","name":"GP","image":{"@type":"ImageObject","inLanguage":"pt-BR","@id":"https:\/\/gazetapernambucana.com\/#\/schema\/person\/image\/","url":"https:\/\/secure.gravatar.com\/avatar\/9dad78ff9a2d8b5742d11779f8a3f53b052320c550b2e1907882353c067bb111?s=96&d=mm&r=g","contentUrl":"https:\/\/secure.gravatar.com\/avatar\/9dad78ff9a2d8b5742d11779f8a3f53b052320c550b2e1907882353c067bb111?s=96&d=mm&r=g","caption":"GP"},"sameAs":["http:\/\/gazetapernambucana.com"],"url":"https:\/\/gazetapernambucana.com\/?author=1"}]}},"jetpack_publicize_connections":[],"_links":{"self":[{"href":"https:\/\/gazetapernambucana.com\/index.php?rest_route=\/wp\/v2\/posts\/2448","targetHints":{"allow":["GET"]}}],"collection":[{"href":"https:\/\/gazetapernambucana.com\/index.php?rest_route=\/wp\/v2\/posts"}],"about":[{"href":"https:\/\/gazetapernambucana.com\/index.php?rest_route=\/wp\/v2\/types\/post"}],"author":[{"embeddable":true,"href":"https:\/\/gazetapernambucana.com\/index.php?rest_route=\/wp\/v2\/users\/1"}],"replies":[{"embeddable":true,"href":"https:\/\/gazetapernambucana.com\/index.php?rest_route=%2Fwp%2Fv2%2Fcomments&post=2448"}],"version-history":[{"count":1,"href":"https:\/\/gazetapernambucana.com\/index.php?rest_route=\/wp\/v2\/posts\/2448\/revisions"}],"predecessor-version":[{"id":2450,"href":"https:\/\/gazetapernambucana.com\/index.php?rest_route=\/wp\/v2\/posts\/2448\/revisions\/2450"}],"wp:featuredmedia":[{"embeddable":true,"href":"https:\/\/gazetapernambucana.com\/index.php?rest_route=\/wp\/v2\/media\/2449"}],"wp:attachment":[{"href":"https:\/\/gazetapernambucana.com\/index.php?rest_route=%2Fwp%2Fv2%2Fmedia&parent=2448"}],"wp:term":[{"taxonomy":"category","embeddable":true,"href":"https:\/\/gazetapernambucana.com\/index.php?rest_route=%2Fwp%2Fv2%2Fcategories&post=2448"},{"taxonomy":"post_tag","embeddable":true,"href":"https:\/\/gazetapernambucana.com\/index.php?rest_route=%2Fwp%2Fv2%2Ftags&post=2448"}],"curies":[{"name":"wp","href":"https:\/\/api.w.org\/{rel}","templated":true}]}}