{"id":2445,"date":"2026-01-06T13:59:36","date_gmt":"2026-01-06T16:59:36","guid":{"rendered":"https:\/\/gazetapernambucana.com\/?p=2445"},"modified":"2026-01-06T13:59:36","modified_gmt":"2026-01-06T16:59:36","slug":"turista-e-morto-a-tiros-apos-discussao-em-porto-de-galinhas","status":"publish","type":"post","link":"https:\/\/gazetapernambucana.com\/?p=2445","title":{"rendered":"TURISTA \u00c9 MORTO A TIROS AP\u00d3S DISCUSS\u00c3O EM PORTO DE GALINHAS"},"content":{"rendered":"<p>2,4Um turista foi morto a tiros ap\u00f3s uma suposta discuss\u00e3o na praia de Porto de Galinhas, no munic\u00edpio de Ipojuca, no Litoral Sul de Pernambuco, no domingo (4). A v\u00edtima foi identificada como Rafael Ventura Martins, de 32 anos, natural de S\u00e3o Paulo, que estava de f\u00e9rias na regi\u00e3o.<\/p>\n<div id=\"post-body-4570744704836564960\" class=\"post-body entry-content\">\n<p>Segundo relatos de testemunhas, Rafael teria se envolvido em uma discuss\u00e3o com um homem e uma mulher, motivada por supostos casos de ass\u00e9dio. Durante a confus\u00e3o, uma terceira pessoa, que n\u00e3o participava diretamente do desentendimento, teria agredido o turista e efetuado os disparos, fugindo logo em seguida.<\/p>\n<p>Ap\u00f3s ser atingido, amigos e clientes que estavam no local tentaram prestar socorro, mas a v\u00edtima caiu ao ch\u00e3o e n\u00e3o resistiu. A Pol\u00edcia Militar de Pernambuco e o Corpo de Bombeiros foram acionados para atender a ocorr\u00eancia.<\/p>\n<p>Ainda de acordo com informa\u00e7\u00f5es preliminares, Rafael Ventura Martins possu\u00eda passagens pela pol\u00edcia por lavagem de dinheiro e associa\u00e7\u00e3o criminosa.<\/p>\n<p>O crime aconteceu no restaurante Caldinho do Nenen, que possui mesas na \u00e1rea externa \u00e0 beira-mar. Em nota divulgada nas redes sociais, o estabelecimento lamentou profundamente o ocorrido, manifestou solidariedade \u00e0 v\u00edtima e aos familiares e informou que prestou apoio desde o primeiro momento, al\u00e9m de colaborar com as autoridades para o esclarecimento dos fatos.<\/p>\n<p>A Pol\u00edcia Civil de Pernambuco instaurou inqu\u00e9rito e investiga o caso para identificar e prender o autor do crime.<\/p>\n<\/div>\n","protected":false},"excerpt":{"rendered":"<p>2,4Um turista foi morto a tiros ap\u00f3s uma suposta discuss\u00e3o na praia de Porto de Galinhas, no munic\u00edpio de Ipojuca, no Litoral Sul de Pernambuco, no domingo (4). A v\u00edtima foi identificada como Rafael Ventura Martins, de 32 anos, natural de S\u00e3o Paulo, que estava de f\u00e9rias na regi\u00e3o. Segundo relatos de testemunhas, Rafael teria [&hellip;]<\/p>\n","protected":false},"author":1,"featured_media":2446,"comment_status":"open","ping_status":"open","sticky":false,"template":"","format":"standard","meta":{"footnotes":"","jetpack_publicize_message":"","jetpack_publicize_feature_enabled":true,"jetpack_social_post_already_shared":true,"jetpack_social_options":{"image_generator_settings":{"template":"highway","default_image_id":0,"font":"","enabled":false},"version":2}},"categories":[66,1,40],"tags":[],"class_list":["post-2445","post","type-post","status-publish","format-standard","has-post-thumbnail","hentry","category-cidades","category-https-gazetapernambucana-com-page_id225","category-https-gazetapernambucana-com-page_id224"],"yoast_head":"<!-- This site is optimized with the Yoast SEO plugin v24.5 - https:\/\/yoast.com\/wordpress\/plugins\/seo\/ -->\n<title>TURISTA \u00c9 MORTO A TIROS AP\u00d3S DISCUSS\u00c3O EM PORTO DE GALINHAS -<\/title>\n<meta name=\"robots\" content=\"index, follow, max-snippet:-1, max-image-preview:large, max-video-preview:-1\" \/>\n<link rel=\"canonical\" href=\"https:\/\/gazetapernambucana.com\/?p=2445\" \/>\n<meta property=\"og:locale\" content=\"pt_BR\" \/>\n<meta property=\"og:type\" content=\"article\" \/>\n<meta property=\"og:title\" content=\"TURISTA \u00c9 MORTO A TIROS AP\u00d3S DISCUSS\u00c3O EM PORTO DE GALINHAS -\" \/>\n<meta property=\"og:description\" content=\"2,4Um turista foi morto a tiros ap\u00f3s uma suposta discuss\u00e3o na praia de Porto de Galinhas, no munic\u00edpio de Ipojuca, no Litoral Sul de Pernambuco, no domingo (4). A v\u00edtima foi identificada como Rafael Ventura Martins, de 32 anos, natural de S\u00e3o Paulo, que estava de f\u00e9rias na regi\u00e3o. Segundo relatos de testemunhas, Rafael teria [&hellip;]\" \/>\n<meta property=\"og:url\" content=\"https:\/\/gazetapernambucana.com\/?p=2445\" \/>\n<meta property=\"article:published_time\" content=\"2026-01-06T16:59:36+00:00\" \/>\n<meta property=\"og:image\" content=\"https:\/\/gazetapernambucana.com\/wp-content\/uploads\/2026\/01\/TURISTA-ASSASSINADO-PORTO-DE-GALINHAS.jpg\" \/>\n\t<meta property=\"og:image:width\" content=\"750\" \/>\n\t<meta property=\"og:image:height\" content=\"500\" \/>\n\t<meta property=\"og:image:type\" content=\"image\/jpeg\" \/>\n<meta name=\"author\" content=\"GP\" \/>\n<meta name=\"twitter:card\" content=\"summary_large_image\" \/>\n<meta name=\"twitter:label1\" content=\"Escrito por\" \/>\n\t<meta name=\"twitter:data1\" content=\"GP\" \/>\n\t<meta name=\"twitter:label2\" content=\"Est. tempo de leitura\" \/>\n\t<meta name=\"twitter:data2\" content=\"2 minutos\" \/>\n<script type=\"application\/ld+json\" class=\"yoast-schema-graph\">{\"@context\":\"https:\/\/schema.org\",\"@graph\":[{\"@type\":\"WebPage\",\"@id\":\"https:\/\/gazetapernambucana.com\/?p=2445\",\"url\":\"https:\/\/gazetapernambucana.com\/?p=2445\",\"name\":\"TURISTA \u00c9 MORTO A TIROS AP\u00d3S DISCUSS\u00c3O EM PORTO DE GALINHAS -\",\"isPartOf\":{\"@id\":\"https:\/\/gazetapernambucana.com\/#website\"},\"primaryImageOfPage\":{\"@id\":\"https:\/\/gazetapernambucana.com\/?p=2445#primaryimage\"},\"image\":{\"@id\":\"https:\/\/gazetapernambucana.com\/?p=2445#primaryimage\"},\"thumbnailUrl\":\"https:\/\/gazetapernambucana.com\/wp-content\/uploads\/2026\/01\/TURISTA-ASSASSINADO-PORTO-DE-GALINHAS.jpg\",\"datePublished\":\"2026-01-06T16:59:36+00:00\",\"author\":{\"@id\":\"https:\/\/gazetapernambucana.com\/#\/schema\/person\/188dc283325181ac2de4db1e9e987427\"},\"breadcrumb\":{\"@id\":\"https:\/\/gazetapernambucana.com\/?p=2445#breadcrumb\"},\"inLanguage\":\"pt-BR\",\"potentialAction\":[{\"@type\":\"ReadAction\",\"target\":[\"https:\/\/gazetapernambucana.com\/?p=2445\"]}]},{\"@type\":\"ImageObject\",\"inLanguage\":\"pt-BR\",\"@id\":\"https:\/\/gazetapernambucana.com\/?p=2445#primaryimage\",\"url\":\"https:\/\/gazetapernambucana.com\/wp-content\/uploads\/2026\/01\/TURISTA-ASSASSINADO-PORTO-DE-GALINHAS.jpg\",\"contentUrl\":\"https:\/\/gazetapernambucana.com\/wp-content\/uploads\/2026\/01\/TURISTA-ASSASSINADO-PORTO-DE-GALINHAS.jpg\",\"width\":750,\"height\":500},{\"@type\":\"BreadcrumbList\",\"@id\":\"https:\/\/gazetapernambucana.com\/?p=2445#breadcrumb\",\"itemListElement\":[{\"@type\":\"ListItem\",\"position\":1,\"name\":\"In\u00edcio\",\"item\":\"https:\/\/gazetapernambucana.com\/\"},{\"@type\":\"ListItem\",\"position\":2,\"name\":\"TURISTA \u00c9 MORTO A TIROS AP\u00d3S DISCUSS\u00c3O EM PORTO DE GALINHAS\"}]},{\"@type\":\"WebSite\",\"@id\":\"https:\/\/gazetapernambucana.com\/#website\",\"url\":\"https:\/\/gazetapernambucana.com\/\",\"name\":\"\",\"description\":\"\",\"potentialAction\":[{\"@type\":\"SearchAction\",\"target\":{\"@type\":\"EntryPoint\",\"urlTemplate\":\"https:\/\/gazetapernambucana.com\/?s={search_term_string}\"},\"query-input\":{\"@type\":\"PropertyValueSpecification\",\"valueRequired\":true,\"valueName\":\"search_term_string\"}}],\"inLanguage\":\"pt-BR\"},{\"@type\":\"Person\",\"@id\":\"https:\/\/gazetapernambucana.com\/#\/schema\/person\/188dc283325181ac2de4db1e9e987427\",\"name\":\"GP\",\"image\":{\"@type\":\"ImageObject\",\"inLanguage\":\"pt-BR\",\"@id\":\"https:\/\/gazetapernambucana.com\/#\/schema\/person\/image\/\",\"url\":\"https:\/\/secure.gravatar.com\/avatar\/9dad78ff9a2d8b5742d11779f8a3f53b052320c550b2e1907882353c067bb111?s=96&d=mm&r=g\",\"contentUrl\":\"https:\/\/secure.gravatar.com\/avatar\/9dad78ff9a2d8b5742d11779f8a3f53b052320c550b2e1907882353c067bb111?s=96&d=mm&r=g\",\"caption\":\"GP\"},\"sameAs\":[\"http:\/\/gazetapernambucana.com\"],\"url\":\"https:\/\/gazetapernambucana.com\/?author=1\"}]}<\/script>\n<!-- \/ Yoast SEO plugin. -->","yoast_head_json":{"title":"TURISTA \u00c9 MORTO A TIROS AP\u00d3S DISCUSS\u00c3O EM PORTO DE GALINHAS -","robots":{"index":"index","follow":"follow","max-snippet":"max-snippet:-1","max-image-preview":"max-image-preview:large","max-video-preview":"max-video-preview:-1"},"canonical":"https:\/\/gazetapernambucana.com\/?p=2445","og_locale":"pt_BR","og_type":"article","og_title":"TURISTA \u00c9 MORTO A TIROS AP\u00d3S DISCUSS\u00c3O EM PORTO DE GALINHAS -","og_description":"2,4Um turista foi morto a tiros ap\u00f3s uma suposta discuss\u00e3o na praia de Porto de Galinhas, no munic\u00edpio de Ipojuca, no Litoral Sul de Pernambuco, no domingo (4). A v\u00edtima foi identificada como Rafael Ventura Martins, de 32 anos, natural de S\u00e3o Paulo, que estava de f\u00e9rias na regi\u00e3o. Segundo relatos de testemunhas, Rafael teria [&hellip;]","og_url":"https:\/\/gazetapernambucana.com\/?p=2445","article_published_time":"2026-01-06T16:59:36+00:00","og_image":[{"width":750,"height":500,"url":"https:\/\/gazetapernambucana.com\/wp-content\/uploads\/2026\/01\/TURISTA-ASSASSINADO-PORTO-DE-GALINHAS.jpg","type":"image\/jpeg"}],"author":"GP","twitter_card":"summary_large_image","twitter_misc":{"Escrito por":"GP","Est. tempo de leitura":"2 minutos"},"schema":{"@context":"https:\/\/schema.org","@graph":[{"@type":"WebPage","@id":"https:\/\/gazetapernambucana.com\/?p=2445","url":"https:\/\/gazetapernambucana.com\/?p=2445","name":"TURISTA \u00c9 MORTO A TIROS AP\u00d3S DISCUSS\u00c3O EM PORTO DE GALINHAS -","isPartOf":{"@id":"https:\/\/gazetapernambucana.com\/#website"},"primaryImageOfPage":{"@id":"https:\/\/gazetapernambucana.com\/?p=2445#primaryimage"},"image":{"@id":"https:\/\/gazetapernambucana.com\/?p=2445#primaryimage"},"thumbnailUrl":"https:\/\/gazetapernambucana.com\/wp-content\/uploads\/2026\/01\/TURISTA-ASSASSINADO-PORTO-DE-GALINHAS.jpg","datePublished":"2026-01-06T16:59:36+00:00","author":{"@id":"https:\/\/gazetapernambucana.com\/#\/schema\/person\/188dc283325181ac2de4db1e9e987427"},"breadcrumb":{"@id":"https:\/\/gazetapernambucana.com\/?p=2445#breadcrumb"},"inLanguage":"pt-BR","potentialAction":[{"@type":"ReadAction","target":["https:\/\/gazetapernambucana.com\/?p=2445"]}]},{"@type":"ImageObject","inLanguage":"pt-BR","@id":"https:\/\/gazetapernambucana.com\/?p=2445#primaryimage","url":"https:\/\/gazetapernambucana.com\/wp-content\/uploads\/2026\/01\/TURISTA-ASSASSINADO-PORTO-DE-GALINHAS.jpg","contentUrl":"https:\/\/gazetapernambucana.com\/wp-content\/uploads\/2026\/01\/TURISTA-ASSASSINADO-PORTO-DE-GALINHAS.jpg","width":750,"height":500},{"@type":"BreadcrumbList","@id":"https:\/\/gazetapernambucana.com\/?p=2445#breadcrumb","itemListElement":[{"@type":"ListItem","position":1,"name":"In\u00edcio","item":"https:\/\/gazetapernambucana.com\/"},{"@type":"ListItem","position":2,"name":"TURISTA \u00c9 MORTO A TIROS AP\u00d3S DISCUSS\u00c3O EM PORTO DE GALINHAS"}]},{"@type":"WebSite","@id":"https:\/\/gazetapernambucana.com\/#website","url":"https:\/\/gazetapernambucana.com\/","name":"","description":"","potentialAction":[{"@type":"SearchAction","target":{"@type":"EntryPoint","urlTemplate":"https:\/\/gazetapernambucana.com\/?s={search_term_string}"},"query-input":{"@type":"PropertyValueSpecification","valueRequired":true,"valueName":"search_term_string"}}],"inLanguage":"pt-BR"},{"@type":"Person","@id":"https:\/\/gazetapernambucana.com\/#\/schema\/person\/188dc283325181ac2de4db1e9e987427","name":"GP","image":{"@type":"ImageObject","inLanguage":"pt-BR","@id":"https:\/\/gazetapernambucana.com\/#\/schema\/person\/image\/","url":"https:\/\/secure.gravatar.com\/avatar\/9dad78ff9a2d8b5742d11779f8a3f53b052320c550b2e1907882353c067bb111?s=96&d=mm&r=g","contentUrl":"https:\/\/secure.gravatar.com\/avatar\/9dad78ff9a2d8b5742d11779f8a3f53b052320c550b2e1907882353c067bb111?s=96&d=mm&r=g","caption":"GP"},"sameAs":["http:\/\/gazetapernambucana.com"],"url":"https:\/\/gazetapernambucana.com\/?author=1"}]}},"jetpack_publicize_connections":[],"_links":{"self":[{"href":"https:\/\/gazetapernambucana.com\/index.php?rest_route=\/wp\/v2\/posts\/2445","targetHints":{"allow":["GET"]}}],"collection":[{"href":"https:\/\/gazetapernambucana.com\/index.php?rest_route=\/wp\/v2\/posts"}],"about":[{"href":"https:\/\/gazetapernambucana.com\/index.php?rest_route=\/wp\/v2\/types\/post"}],"author":[{"embeddable":true,"href":"https:\/\/gazetapernambucana.com\/index.php?rest_route=\/wp\/v2\/users\/1"}],"replies":[{"embeddable":true,"href":"https:\/\/gazetapernambucana.com\/index.php?rest_route=%2Fwp%2Fv2%2Fcomments&post=2445"}],"version-history":[{"count":1,"href":"https:\/\/gazetapernambucana.com\/index.php?rest_route=\/wp\/v2\/posts\/2445\/revisions"}],"predecessor-version":[{"id":2447,"href":"https:\/\/gazetapernambucana.com\/index.php?rest_route=\/wp\/v2\/posts\/2445\/revisions\/2447"}],"wp:featuredmedia":[{"embeddable":true,"href":"https:\/\/gazetapernambucana.com\/index.php?rest_route=\/wp\/v2\/media\/2446"}],"wp:attachment":[{"href":"https:\/\/gazetapernambucana.com\/index.php?rest_route=%2Fwp%2Fv2%2Fmedia&parent=2445"}],"wp:term":[{"taxonomy":"category","embeddable":true,"href":"https:\/\/gazetapernambucana.com\/index.php?rest_route=%2Fwp%2Fv2%2Fcategories&post=2445"},{"taxonomy":"post_tag","embeddable":true,"href":"https:\/\/gazetapernambucana.com\/index.php?rest_route=%2Fwp%2Fv2%2Ftags&post=2445"}],"curies":[{"name":"wp","href":"https:\/\/api.w.org\/{rel}","templated":true}]}}