{"id":2439,"date":"2026-01-04T22:35:08","date_gmt":"2026-01-05T01:35:08","guid":{"rendered":"https:\/\/gazetapernambucana.com\/?p=2439"},"modified":"2026-01-04T22:38:04","modified_gmt":"2026-01-05T01:38:04","slug":"france-hacker-reforca-apoio-e-preve-vitoria-de-raquel-lyra-nao-tenho-duvida","status":"publish","type":"post","link":"https:\/\/gazetapernambucana.com\/?p=2439","title":{"rendered":"GAZETA PERNAMBUCANA &#8211; France Hacker prev\u00ea vit\u00f3ria de Raquel Lyra: \u201cN\u00e3o tenho d\u00favida\u201d"},"content":{"rendered":"<p data-start=\"222\" data-end=\"532\">Em entrevista concedida ao Blog do Silvinho na manh\u00e3 desta segunda-feira (29), o deputado estadual France Hacker (PSB) demonstrou otimismo quanto ao desempenho da governadora Raquel Lyra (PSDB) e afirmou acreditar que a aprova\u00e7\u00e3o do governo deve alcan\u00e7ar a marca de 70% j\u00e1 no primeiro trimestre do pr\u00f3ximo ano.<\/p>\n<p data-start=\"534\" data-end=\"905\">&#8220;Raquel vem transformando Pernambuco com a\u00e7\u00f5es concretas. Est\u00e1 tirando do papel obras estruturantes que far\u00e3o diferen\u00e7a real na vida das pessoas. Nossa regi\u00e3o da Mata Sul nunca havia avan\u00e7ado tanto. O cen\u00e1rio hoje \u00e9 muito diferente dos anos anteriores&#8221;, destacou o parlamentar, ressaltando que os investimentos do governo tamb\u00e9m est\u00e3o chegando a outras regi\u00f5es do estado.<\/p>\n<p data-start=\"907\" data-end=\"1262\">France Hacker tamb\u00e9m enfatizou a parceria pol\u00edtica com o deputado federal Lula da Fonte (PP), com quem tem atuado em diversos munic\u00edpios da Mata Sul e do Agreste. &#8220;Temos constru\u00eddo alian\u00e7as estrat\u00e9gicas com outros deputados federais em algumas cidades, mas a maioria da nossa base est\u00e1 firme no apoio ao nosso projeto e ao nome de Lula da Fonte&#8221;, afirmou.<\/p>\n<p data-start=\"1264\" data-end=\"1498\">Sobre seu futuro partid\u00e1rio, France revelou que deve definir sua nova filia\u00e7\u00e3o at\u00e9 mar\u00e7o. Atualmente no PSB, o deputado pretende migrar para uma sigla alinhada \u00e0 base da governadora. &#8220;Estamos avaliando com responsabilidade&#8221;, concluiu.<\/p>\n","protected":false},"excerpt":{"rendered":"<p>Em entrevista concedida ao Blog do Silvinho na manh\u00e3 desta segunda-feira (29), o deputado estadual France Hacker (PSB) demonstrou otimismo quanto ao desempenho da governadora Raquel Lyra (PSDB) e afirmou acreditar que a aprova\u00e7\u00e3o do governo deve alcan\u00e7ar a marca de 70% j\u00e1 no primeiro trimestre do pr\u00f3ximo ano. &#8220;Raquel vem transformando Pernambuco com a\u00e7\u00f5es [&hellip;]<\/p>\n","protected":false},"author":1,"featured_media":2440,"comment_status":"open","ping_status":"open","sticky":false,"template":"","format":"standard","meta":{"footnotes":"","jetpack_publicize_message":"","jetpack_publicize_feature_enabled":true,"jetpack_social_post_already_shared":true,"jetpack_social_options":{"image_generator_settings":{"template":"highway","default_image_id":0,"font":"","enabled":false},"version":2}},"categories":[66,1,65],"tags":[],"class_list":["post-2439","post","type-post","status-publish","format-standard","has-post-thumbnail","hentry","category-cidades","category-https-gazetapernambucana-com-page_id225","category-politica"],"yoast_head":"<!-- This site is optimized with the Yoast SEO plugin v24.5 - https:\/\/yoast.com\/wordpress\/plugins\/seo\/ -->\n<title>GAZETA PERNAMBUCANA - France Hacker prev\u00ea vit\u00f3ria de Raquel Lyra: \u201cN\u00e3o tenho d\u00favida\u201d -<\/title>\n<meta name=\"robots\" content=\"index, follow, max-snippet:-1, max-image-preview:large, max-video-preview:-1\" \/>\n<link rel=\"canonical\" href=\"http:\/\/gazetapernambucana.com\/?p=2439\" \/>\n<meta property=\"og:locale\" content=\"pt_BR\" \/>\n<meta property=\"og:type\" content=\"article\" \/>\n<meta property=\"og:title\" content=\"GAZETA PERNAMBUCANA - France Hacker prev\u00ea vit\u00f3ria de Raquel Lyra: \u201cN\u00e3o tenho d\u00favida\u201d -\" \/>\n<meta property=\"og:description\" content=\"Em entrevista concedida ao Blog do Silvinho na manh\u00e3 desta segunda-feira (29), o deputado estadual France Hacker (PSB) demonstrou otimismo quanto ao desempenho da governadora Raquel Lyra (PSDB) e afirmou acreditar que a aprova\u00e7\u00e3o do governo deve alcan\u00e7ar a marca de 70% j\u00e1 no primeiro trimestre do pr\u00f3ximo ano. &#8220;Raquel vem transformando Pernambuco com a\u00e7\u00f5es [&hellip;]\" \/>\n<meta property=\"og:url\" content=\"http:\/\/gazetapernambucana.com\/?p=2439\" \/>\n<meta property=\"article:published_time\" content=\"2026-01-05T01:35:08+00:00\" \/>\n<meta property=\"article:modified_time\" content=\"2026-01-05T01:38:04+00:00\" \/>\n<meta property=\"og:image\" content=\"http:\/\/gazetapernambucana.com\/wp-content\/uploads\/2026\/01\/477092d0-55f3-4576-a63e-8ce1ab525653.jpeg\" \/>\n\t<meta property=\"og:image:width\" content=\"1170\" \/>\n\t<meta property=\"og:image:height\" content=\"711\" \/>\n\t<meta property=\"og:image:type\" content=\"image\/jpeg\" \/>\n<meta name=\"author\" content=\"GP\" \/>\n<meta name=\"twitter:card\" content=\"summary_large_image\" \/>\n<meta name=\"twitter:label1\" content=\"Escrito por\" \/>\n\t<meta name=\"twitter:data1\" content=\"GP\" \/>\n\t<meta name=\"twitter:label2\" content=\"Est. tempo de leitura\" \/>\n\t<meta name=\"twitter:data2\" content=\"2 minutos\" \/>\n<script type=\"application\/ld+json\" class=\"yoast-schema-graph\">{\"@context\":\"https:\/\/schema.org\",\"@graph\":[{\"@type\":\"WebPage\",\"@id\":\"http:\/\/gazetapernambucana.com\/?p=2439\",\"url\":\"http:\/\/gazetapernambucana.com\/?p=2439\",\"name\":\"GAZETA PERNAMBUCANA - France Hacker prev\u00ea vit\u00f3ria de Raquel Lyra: \u201cN\u00e3o tenho d\u00favida\u201d -\",\"isPartOf\":{\"@id\":\"https:\/\/gazetapernambucana.com\/#website\"},\"primaryImageOfPage\":{\"@id\":\"http:\/\/gazetapernambucana.com\/?p=2439#primaryimage\"},\"image\":{\"@id\":\"http:\/\/gazetapernambucana.com\/?p=2439#primaryimage\"},\"thumbnailUrl\":\"https:\/\/gazetapernambucana.com\/wp-content\/uploads\/2026\/01\/477092d0-55f3-4576-a63e-8ce1ab525653.jpeg\",\"datePublished\":\"2026-01-05T01:35:08+00:00\",\"dateModified\":\"2026-01-05T01:38:04+00:00\",\"author\":{\"@id\":\"https:\/\/gazetapernambucana.com\/#\/schema\/person\/188dc283325181ac2de4db1e9e987427\"},\"breadcrumb\":{\"@id\":\"http:\/\/gazetapernambucana.com\/?p=2439#breadcrumb\"},\"inLanguage\":\"pt-BR\",\"potentialAction\":[{\"@type\":\"ReadAction\",\"target\":[\"http:\/\/gazetapernambucana.com\/?p=2439\"]}]},{\"@type\":\"ImageObject\",\"inLanguage\":\"pt-BR\",\"@id\":\"http:\/\/gazetapernambucana.com\/?p=2439#primaryimage\",\"url\":\"https:\/\/gazetapernambucana.com\/wp-content\/uploads\/2026\/01\/477092d0-55f3-4576-a63e-8ce1ab525653.jpeg\",\"contentUrl\":\"https:\/\/gazetapernambucana.com\/wp-content\/uploads\/2026\/01\/477092d0-55f3-4576-a63e-8ce1ab525653.jpeg\",\"width\":1170,\"height\":711},{\"@type\":\"BreadcrumbList\",\"@id\":\"http:\/\/gazetapernambucana.com\/?p=2439#breadcrumb\",\"itemListElement\":[{\"@type\":\"ListItem\",\"position\":1,\"name\":\"In\u00edcio\",\"item\":\"https:\/\/gazetapernambucana.com\/\"},{\"@type\":\"ListItem\",\"position\":2,\"name\":\"GAZETA PERNAMBUCANA &#8211; France Hacker prev\u00ea vit\u00f3ria de Raquel Lyra: \u201cN\u00e3o tenho d\u00favida\u201d\"}]},{\"@type\":\"WebSite\",\"@id\":\"https:\/\/gazetapernambucana.com\/#website\",\"url\":\"https:\/\/gazetapernambucana.com\/\",\"name\":\"\",\"description\":\"\",\"potentialAction\":[{\"@type\":\"SearchAction\",\"target\":{\"@type\":\"EntryPoint\",\"urlTemplate\":\"https:\/\/gazetapernambucana.com\/?s={search_term_string}\"},\"query-input\":{\"@type\":\"PropertyValueSpecification\",\"valueRequired\":true,\"valueName\":\"search_term_string\"}}],\"inLanguage\":\"pt-BR\"},{\"@type\":\"Person\",\"@id\":\"https:\/\/gazetapernambucana.com\/#\/schema\/person\/188dc283325181ac2de4db1e9e987427\",\"name\":\"GP\",\"image\":{\"@type\":\"ImageObject\",\"inLanguage\":\"pt-BR\",\"@id\":\"https:\/\/gazetapernambucana.com\/#\/schema\/person\/image\/\",\"url\":\"https:\/\/secure.gravatar.com\/avatar\/9dad78ff9a2d8b5742d11779f8a3f53b052320c550b2e1907882353c067bb111?s=96&d=mm&r=g\",\"contentUrl\":\"https:\/\/secure.gravatar.com\/avatar\/9dad78ff9a2d8b5742d11779f8a3f53b052320c550b2e1907882353c067bb111?s=96&d=mm&r=g\",\"caption\":\"GP\"},\"sameAs\":[\"http:\/\/gazetapernambucana.com\"],\"url\":\"https:\/\/gazetapernambucana.com\/?author=1\"}]}<\/script>\n<!-- \/ Yoast SEO plugin. -->","yoast_head_json":{"title":"GAZETA PERNAMBUCANA - France Hacker prev\u00ea vit\u00f3ria de Raquel Lyra: \u201cN\u00e3o tenho d\u00favida\u201d -","robots":{"index":"index","follow":"follow","max-snippet":"max-snippet:-1","max-image-preview":"max-image-preview:large","max-video-preview":"max-video-preview:-1"},"canonical":"http:\/\/gazetapernambucana.com\/?p=2439","og_locale":"pt_BR","og_type":"article","og_title":"GAZETA PERNAMBUCANA - France Hacker prev\u00ea vit\u00f3ria de Raquel Lyra: \u201cN\u00e3o tenho d\u00favida\u201d -","og_description":"Em entrevista concedida ao Blog do Silvinho na manh\u00e3 desta segunda-feira (29), o deputado estadual France Hacker (PSB) demonstrou otimismo quanto ao desempenho da governadora Raquel Lyra (PSDB) e afirmou acreditar que a aprova\u00e7\u00e3o do governo deve alcan\u00e7ar a marca de 70% j\u00e1 no primeiro trimestre do pr\u00f3ximo ano. &#8220;Raquel vem transformando Pernambuco com a\u00e7\u00f5es [&hellip;]","og_url":"http:\/\/gazetapernambucana.com\/?p=2439","article_published_time":"2026-01-05T01:35:08+00:00","article_modified_time":"2026-01-05T01:38:04+00:00","og_image":[{"width":1170,"height":711,"url":"http:\/\/gazetapernambucana.com\/wp-content\/uploads\/2026\/01\/477092d0-55f3-4576-a63e-8ce1ab525653.jpeg","type":"image\/jpeg"}],"author":"GP","twitter_card":"summary_large_image","twitter_misc":{"Escrito por":"GP","Est. tempo de leitura":"2 minutos"},"schema":{"@context":"https:\/\/schema.org","@graph":[{"@type":"WebPage","@id":"http:\/\/gazetapernambucana.com\/?p=2439","url":"http:\/\/gazetapernambucana.com\/?p=2439","name":"GAZETA PERNAMBUCANA - France Hacker prev\u00ea vit\u00f3ria de Raquel Lyra: \u201cN\u00e3o tenho d\u00favida\u201d -","isPartOf":{"@id":"https:\/\/gazetapernambucana.com\/#website"},"primaryImageOfPage":{"@id":"http:\/\/gazetapernambucana.com\/?p=2439#primaryimage"},"image":{"@id":"http:\/\/gazetapernambucana.com\/?p=2439#primaryimage"},"thumbnailUrl":"https:\/\/gazetapernambucana.com\/wp-content\/uploads\/2026\/01\/477092d0-55f3-4576-a63e-8ce1ab525653.jpeg","datePublished":"2026-01-05T01:35:08+00:00","dateModified":"2026-01-05T01:38:04+00:00","author":{"@id":"https:\/\/gazetapernambucana.com\/#\/schema\/person\/188dc283325181ac2de4db1e9e987427"},"breadcrumb":{"@id":"http:\/\/gazetapernambucana.com\/?p=2439#breadcrumb"},"inLanguage":"pt-BR","potentialAction":[{"@type":"ReadAction","target":["http:\/\/gazetapernambucana.com\/?p=2439"]}]},{"@type":"ImageObject","inLanguage":"pt-BR","@id":"http:\/\/gazetapernambucana.com\/?p=2439#primaryimage","url":"https:\/\/gazetapernambucana.com\/wp-content\/uploads\/2026\/01\/477092d0-55f3-4576-a63e-8ce1ab525653.jpeg","contentUrl":"https:\/\/gazetapernambucana.com\/wp-content\/uploads\/2026\/01\/477092d0-55f3-4576-a63e-8ce1ab525653.jpeg","width":1170,"height":711},{"@type":"BreadcrumbList","@id":"http:\/\/gazetapernambucana.com\/?p=2439#breadcrumb","itemListElement":[{"@type":"ListItem","position":1,"name":"In\u00edcio","item":"https:\/\/gazetapernambucana.com\/"},{"@type":"ListItem","position":2,"name":"GAZETA PERNAMBUCANA &#8211; France Hacker prev\u00ea vit\u00f3ria de Raquel Lyra: \u201cN\u00e3o tenho d\u00favida\u201d"}]},{"@type":"WebSite","@id":"https:\/\/gazetapernambucana.com\/#website","url":"https:\/\/gazetapernambucana.com\/","name":"","description":"","potentialAction":[{"@type":"SearchAction","target":{"@type":"EntryPoint","urlTemplate":"https:\/\/gazetapernambucana.com\/?s={search_term_string}"},"query-input":{"@type":"PropertyValueSpecification","valueRequired":true,"valueName":"search_term_string"}}],"inLanguage":"pt-BR"},{"@type":"Person","@id":"https:\/\/gazetapernambucana.com\/#\/schema\/person\/188dc283325181ac2de4db1e9e987427","name":"GP","image":{"@type":"ImageObject","inLanguage":"pt-BR","@id":"https:\/\/gazetapernambucana.com\/#\/schema\/person\/image\/","url":"https:\/\/secure.gravatar.com\/avatar\/9dad78ff9a2d8b5742d11779f8a3f53b052320c550b2e1907882353c067bb111?s=96&d=mm&r=g","contentUrl":"https:\/\/secure.gravatar.com\/avatar\/9dad78ff9a2d8b5742d11779f8a3f53b052320c550b2e1907882353c067bb111?s=96&d=mm&r=g","caption":"GP"},"sameAs":["http:\/\/gazetapernambucana.com"],"url":"https:\/\/gazetapernambucana.com\/?author=1"}]}},"jetpack_publicize_connections":[],"_links":{"self":[{"href":"https:\/\/gazetapernambucana.com\/index.php?rest_route=\/wp\/v2\/posts\/2439","targetHints":{"allow":["GET"]}}],"collection":[{"href":"https:\/\/gazetapernambucana.com\/index.php?rest_route=\/wp\/v2\/posts"}],"about":[{"href":"https:\/\/gazetapernambucana.com\/index.php?rest_route=\/wp\/v2\/types\/post"}],"author":[{"embeddable":true,"href":"https:\/\/gazetapernambucana.com\/index.php?rest_route=\/wp\/v2\/users\/1"}],"replies":[{"embeddable":true,"href":"https:\/\/gazetapernambucana.com\/index.php?rest_route=%2Fwp%2Fv2%2Fcomments&post=2439"}],"version-history":[{"count":2,"href":"https:\/\/gazetapernambucana.com\/index.php?rest_route=\/wp\/v2\/posts\/2439\/revisions"}],"predecessor-version":[{"id":2442,"href":"https:\/\/gazetapernambucana.com\/index.php?rest_route=\/wp\/v2\/posts\/2439\/revisions\/2442"}],"wp:featuredmedia":[{"embeddable":true,"href":"https:\/\/gazetapernambucana.com\/index.php?rest_route=\/wp\/v2\/media\/2440"}],"wp:attachment":[{"href":"https:\/\/gazetapernambucana.com\/index.php?rest_route=%2Fwp%2Fv2%2Fmedia&parent=2439"}],"wp:term":[{"taxonomy":"category","embeddable":true,"href":"https:\/\/gazetapernambucana.com\/index.php?rest_route=%2Fwp%2Fv2%2Fcategories&post=2439"},{"taxonomy":"post_tag","embeddable":true,"href":"https:\/\/gazetapernambucana.com\/index.php?rest_route=%2Fwp%2Fv2%2Ftags&post=2439"}],"curies":[{"name":"wp","href":"https:\/\/api.w.org\/{rel}","templated":true}]}}