{"id":2436,"date":"2026-01-04T17:58:05","date_gmt":"2026-01-04T20:58:05","guid":{"rendered":"https:\/\/gazetapernambucana.com\/?p=2436"},"modified":"2026-01-04T18:01:48","modified_gmt":"2026-01-04T21:01:48","slug":"a-cronica-domingueira-por-magno-martins-23","status":"publish","type":"post","link":"https:\/\/gazetapernambucana.com\/?p=2436","title":{"rendered":"A cr\u00f4nica domingueira. Por Magno Martins"},"content":{"rendered":"<div id=\"ub-expand-partial-1a074df9-eff0-4b8f-bbea-cdace5e3b55c\" class=\"ub-expand-portion ub-expand-partial wp-block-ub-expand-portion\" aria-hidden=\"false\">\n<p><strong>Por Magno Martins \u2013 Jornalista, poeta e escritor\u00a0 \u2013\u00a0 <\/strong>No interior, onde fui criado, banco de pra\u00e7a \u00e9 uma institui\u00e7\u00e3o. Qualquer matuto tem essa firme convic\u00e7\u00e3o. Em Triunfo, voltei ao tempo em que era feliz e n\u00e3o sabia em Afogados da Ingazeira. Sentei-me num banquinho e fiquei a contemplar, com os olhos abugalhados, um cen\u00e1rio deslumbrante: casarios coloniais e uma bela obra de arte mais que centen\u00e1ria: o cine-teatro Guarany.<\/p>\n<p>Ant\u00f4nio Maria, grande cronista, poeta e compositor, que saiu do Recife para brilhar no Rio de Janeiro, dizia que o banquinho de pra\u00e7a \u00e9 um grande lugar, onde o homem pode encontrar-se consigo mesmo para um ajuste de contas. Que nunca seria poss\u00edvel num bar, porque seria preciso ajeitar o la\u00e7o da gravata, enxugar o suor da testa, sorrir e cumprimentar.<\/p>\n<\/div>\n<div id=\"ub-expand-full-1a074df9-eff0-4b8f-bbea-cdace5e3b55c\" class=\"ub-expand-portion ub-expand-full wp-block-ub-expand-portion\" aria-hidden=\"false\">\n<p>Um banco de pra\u00e7a est\u00e1 sempre a espera de algu\u00e9m, com a sua solid\u00e3o natural. \u00c9 receptivo, espa\u00e7oso e aconchegante. Na minha terra, meus primeiros amores come\u00e7aram num banco de pra\u00e7a. Com amigos, as prosas n\u00e3o tinham fim. E haja gargalhadas.<\/p>\n<p>\u201cA gente vai crescendo, vai crescendo, e o tempo passa. E nunca esquece a felicidade que encontrou. Sempre eu vou lembrar do nosso banco l\u00e1 da pra\u00e7a\u201d, diz a can\u00e7\u00e3o \u201cA Pra\u00e7a\u201d, de Carlos Imperial, que n\u00e3o me cansava de ouvir como um hino consagrado a ele, o banquinho da pra\u00e7a. Flores foram feitas para entregar a amada num banquinho de pra\u00e7a.<\/p>\n<p>Um banquinho tamb\u00e9m abra\u00e7a a simplicidade. Prove! Sente nele, respire o ar fresco, e observe o movimento ao seu redor. \u00c9 uma \u00f3tima maneira de desacelerar. Foi a um banquinho numa pra\u00e7a em An\u00e1polis (GO) que um vi\u00favo recorreu para um aviso inusitado: \u201cProcuro uma esposa para viver. Sou vi\u00favo e aposentado. [N\u00famero de telefone]. J\u00falio\u201d.<\/p>\n<p>Interessante a estrat\u00e9gia dele para achar um amor. Uns v\u00e3o para bares, boates. Outros procuram aplicativos de namoro. Ele decidiu usar o banquinho da pra\u00e7a mesmo. Incr\u00edvel, mas n\u00e3o seria exagero dizer que o banquinho da pra\u00e7a \u00e9 personagem em si, que ouve segredos, sonhos e confid\u00eancias sem julgar, acolhendo ricos e pobres.<\/p>\n<p>Guarda as lembran\u00e7as de momentos passados, paisagens que mudam, e a aus\u00eancia de amigos ou entes queridos. Observa a rotina da pra\u00e7a, com crian\u00e7as brincando, casais apaixonados, idosos relembrando, pombos recebendo comida \u2014 um palco para a vida em miniatura.<\/p>\n<p>O banquinho \u00e9 uma consagra\u00e7\u00e3o universal. J\u00e1 virou cen\u00e1rio at\u00e9 para um programa de TV: \u201cA Pra\u00e7a \u00e9 Nossa\u201d, que usa o banco como ponto de partida para hist\u00f3rias, poemas e m\u00fasicas. Por outro lado, a solid\u00e3o no banco pode levar a questionamentos sobre a pr\u00f3pria vida, o futuro e o sentido das coisas.<\/p>\n<p>A mudan\u00e7a do banco ou da pra\u00e7a, ou a chegada de algu\u00e9m novo, pode marcar o in\u00edcio de novas hist\u00f3rias e perspectivas. Em resumo, o banco da pra\u00e7a \u00e9 um arqu\u00e9tipo cultural que representa um ponto de encontro e observa\u00e7\u00e3o da vida, um lugar onde as hist\u00f3rias acontecem e s\u00e3o guardadas.<\/p>\n<p>Sentado no banquinho em Triunfo fiz uma viagem. Lembrei-me que em um banco, de uma pra\u00e7a plantada no meu cora\u00e7\u00e3o, deixei lembran\u00e7as de uma crian\u00e7a. Deixei tamb\u00e9m um sorriso que um dia estive a ver. Levei comigo sabedoria que um dia ele me ensinou.<\/p>\n<p>Deixei aquela paz, que um dia j\u00e1 tive, onde podia correr e voar sem me preocupar. Em que os sons dos p\u00e1ssaros eram ouvidos, e onde o ar era puro. Deixei minha m\u00e3e, que estava a tricotar e a me olhar com olhos brilhantes, onde de tudo me protegia, de tudo me ensinava, e hoje nem lembran\u00e7as restam, porque no banquinho da pra\u00e7a eu a deixei, para deixar com ela as l\u00e1grimas que me seguiam.<\/p>\n<\/div>\n","protected":false},"excerpt":{"rendered":"<p>Por Magno Martins \u2013 Jornalista, poeta e escritor\u00a0 \u2013\u00a0 No interior, onde fui criado, banco de pra\u00e7a \u00e9 uma institui\u00e7\u00e3o. Qualquer matuto tem essa firme convic\u00e7\u00e3o. Em Triunfo, voltei ao tempo em que era feliz e n\u00e3o sabia em Afogados da Ingazeira. Sentei-me num banquinho e fiquei a contemplar, com os olhos abugalhados, um cen\u00e1rio [&hellip;]<\/p>\n","protected":false},"author":1,"featured_media":2437,"comment_status":"open","ping_status":"open","sticky":false,"template":"","format":"standard","meta":{"footnotes":"","jetpack_publicize_message":"","jetpack_publicize_feature_enabled":true,"jetpack_social_post_already_shared":true,"jetpack_social_options":{"image_generator_settings":{"template":"highway","default_image_id":0,"font":"","enabled":false},"version":2}},"categories":[1,35,46],"tags":[],"class_list":["post-2436","post","type-post","status-publish","format-standard","has-post-thumbnail","hentry","category-https-gazetapernambucana-com-page_id225","category-https-gazetapernambucana-com-page_id218","category-literatura"],"yoast_head":"<!-- This site is optimized with the Yoast SEO plugin v24.5 - https:\/\/yoast.com\/wordpress\/plugins\/seo\/ -->\n<title>A cr\u00f4nica domingueira. Por Magno Martins -<\/title>\n<meta name=\"robots\" content=\"index, follow, max-snippet:-1, max-image-preview:large, max-video-preview:-1\" \/>\n<link rel=\"canonical\" href=\"http:\/\/gazetapernambucana.com\/?p=2436\" \/>\n<meta property=\"og:locale\" content=\"pt_BR\" \/>\n<meta property=\"og:type\" content=\"article\" \/>\n<meta property=\"og:title\" content=\"A cr\u00f4nica domingueira. Por Magno Martins -\" \/>\n<meta property=\"og:description\" content=\"Por Magno Martins \u2013 Jornalista, poeta e escritor\u00a0 \u2013\u00a0 No interior, onde fui criado, banco de pra\u00e7a \u00e9 uma institui\u00e7\u00e3o. Qualquer matuto tem essa firme convic\u00e7\u00e3o. Em Triunfo, voltei ao tempo em que era feliz e n\u00e3o sabia em Afogados da Ingazeira. Sentei-me num banquinho e fiquei a contemplar, com os olhos abugalhados, um cen\u00e1rio [&hellip;]\" \/>\n<meta property=\"og:url\" content=\"http:\/\/gazetapernambucana.com\/?p=2436\" \/>\n<meta property=\"article:published_time\" content=\"2026-01-04T20:58:05+00:00\" \/>\n<meta property=\"article:modified_time\" content=\"2026-01-04T21:01:48+00:00\" \/>\n<meta property=\"og:image\" content=\"http:\/\/gazetapernambucana.com\/wp-content\/uploads\/2026\/01\/WhatsApp-Image-2026-01-03-at-18.09.151-1.jpeg\" \/>\n\t<meta property=\"og:image:width\" content=\"1000\" \/>\n\t<meta property=\"og:image:height\" content=\"750\" \/>\n\t<meta property=\"og:image:type\" content=\"image\/jpeg\" \/>\n<meta name=\"author\" content=\"GP\" \/>\n<meta name=\"twitter:card\" content=\"summary_large_image\" \/>\n<meta name=\"twitter:label1\" content=\"Escrito por\" \/>\n\t<meta name=\"twitter:data1\" content=\"GP\" \/>\n\t<meta name=\"twitter:label2\" content=\"Est. tempo de leitura\" \/>\n\t<meta name=\"twitter:data2\" content=\"4 minutos\" \/>\n<script type=\"application\/ld+json\" class=\"yoast-schema-graph\">{\"@context\":\"https:\/\/schema.org\",\"@graph\":[{\"@type\":\"WebPage\",\"@id\":\"http:\/\/gazetapernambucana.com\/?p=2436\",\"url\":\"http:\/\/gazetapernambucana.com\/?p=2436\",\"name\":\"A cr\u00f4nica domingueira. Por Magno Martins -\",\"isPartOf\":{\"@id\":\"https:\/\/gazetapernambucana.com\/#website\"},\"primaryImageOfPage\":{\"@id\":\"http:\/\/gazetapernambucana.com\/?p=2436#primaryimage\"},\"image\":{\"@id\":\"http:\/\/gazetapernambucana.com\/?p=2436#primaryimage\"},\"thumbnailUrl\":\"https:\/\/gazetapernambucana.com\/wp-content\/uploads\/2026\/01\/WhatsApp-Image-2026-01-03-at-18.09.151-1.jpeg\",\"datePublished\":\"2026-01-04T20:58:05+00:00\",\"dateModified\":\"2026-01-04T21:01:48+00:00\",\"author\":{\"@id\":\"https:\/\/gazetapernambucana.com\/#\/schema\/person\/188dc283325181ac2de4db1e9e987427\"},\"breadcrumb\":{\"@id\":\"http:\/\/gazetapernambucana.com\/?p=2436#breadcrumb\"},\"inLanguage\":\"pt-BR\",\"potentialAction\":[{\"@type\":\"ReadAction\",\"target\":[\"http:\/\/gazetapernambucana.com\/?p=2436\"]}]},{\"@type\":\"ImageObject\",\"inLanguage\":\"pt-BR\",\"@id\":\"http:\/\/gazetapernambucana.com\/?p=2436#primaryimage\",\"url\":\"https:\/\/gazetapernambucana.com\/wp-content\/uploads\/2026\/01\/WhatsApp-Image-2026-01-03-at-18.09.151-1.jpeg\",\"contentUrl\":\"https:\/\/gazetapernambucana.com\/wp-content\/uploads\/2026\/01\/WhatsApp-Image-2026-01-03-at-18.09.151-1.jpeg\",\"width\":1000,\"height\":750},{\"@type\":\"BreadcrumbList\",\"@id\":\"http:\/\/gazetapernambucana.com\/?p=2436#breadcrumb\",\"itemListElement\":[{\"@type\":\"ListItem\",\"position\":1,\"name\":\"In\u00edcio\",\"item\":\"https:\/\/gazetapernambucana.com\/\"},{\"@type\":\"ListItem\",\"position\":2,\"name\":\"A cr\u00f4nica domingueira. Por Magno Martins\"}]},{\"@type\":\"WebSite\",\"@id\":\"https:\/\/gazetapernambucana.com\/#website\",\"url\":\"https:\/\/gazetapernambucana.com\/\",\"name\":\"\",\"description\":\"\",\"potentialAction\":[{\"@type\":\"SearchAction\",\"target\":{\"@type\":\"EntryPoint\",\"urlTemplate\":\"https:\/\/gazetapernambucana.com\/?s={search_term_string}\"},\"query-input\":{\"@type\":\"PropertyValueSpecification\",\"valueRequired\":true,\"valueName\":\"search_term_string\"}}],\"inLanguage\":\"pt-BR\"},{\"@type\":\"Person\",\"@id\":\"https:\/\/gazetapernambucana.com\/#\/schema\/person\/188dc283325181ac2de4db1e9e987427\",\"name\":\"GP\",\"image\":{\"@type\":\"ImageObject\",\"inLanguage\":\"pt-BR\",\"@id\":\"https:\/\/gazetapernambucana.com\/#\/schema\/person\/image\/\",\"url\":\"https:\/\/secure.gravatar.com\/avatar\/9dad78ff9a2d8b5742d11779f8a3f53b052320c550b2e1907882353c067bb111?s=96&d=mm&r=g\",\"contentUrl\":\"https:\/\/secure.gravatar.com\/avatar\/9dad78ff9a2d8b5742d11779f8a3f53b052320c550b2e1907882353c067bb111?s=96&d=mm&r=g\",\"caption\":\"GP\"},\"sameAs\":[\"http:\/\/gazetapernambucana.com\"],\"url\":\"https:\/\/gazetapernambucana.com\/?author=1\"}]}<\/script>\n<!-- \/ Yoast SEO plugin. -->","yoast_head_json":{"title":"A cr\u00f4nica domingueira. Por Magno Martins -","robots":{"index":"index","follow":"follow","max-snippet":"max-snippet:-1","max-image-preview":"max-image-preview:large","max-video-preview":"max-video-preview:-1"},"canonical":"http:\/\/gazetapernambucana.com\/?p=2436","og_locale":"pt_BR","og_type":"article","og_title":"A cr\u00f4nica domingueira. Por Magno Martins -","og_description":"Por Magno Martins \u2013 Jornalista, poeta e escritor\u00a0 \u2013\u00a0 No interior, onde fui criado, banco de pra\u00e7a \u00e9 uma institui\u00e7\u00e3o. Qualquer matuto tem essa firme convic\u00e7\u00e3o. Em Triunfo, voltei ao tempo em que era feliz e n\u00e3o sabia em Afogados da Ingazeira. Sentei-me num banquinho e fiquei a contemplar, com os olhos abugalhados, um cen\u00e1rio [&hellip;]","og_url":"http:\/\/gazetapernambucana.com\/?p=2436","article_published_time":"2026-01-04T20:58:05+00:00","article_modified_time":"2026-01-04T21:01:48+00:00","og_image":[{"width":1000,"height":750,"url":"http:\/\/gazetapernambucana.com\/wp-content\/uploads\/2026\/01\/WhatsApp-Image-2026-01-03-at-18.09.151-1.jpeg","type":"image\/jpeg"}],"author":"GP","twitter_card":"summary_large_image","twitter_misc":{"Escrito por":"GP","Est. tempo de leitura":"4 minutos"},"schema":{"@context":"https:\/\/schema.org","@graph":[{"@type":"WebPage","@id":"http:\/\/gazetapernambucana.com\/?p=2436","url":"http:\/\/gazetapernambucana.com\/?p=2436","name":"A cr\u00f4nica domingueira. Por Magno Martins -","isPartOf":{"@id":"https:\/\/gazetapernambucana.com\/#website"},"primaryImageOfPage":{"@id":"http:\/\/gazetapernambucana.com\/?p=2436#primaryimage"},"image":{"@id":"http:\/\/gazetapernambucana.com\/?p=2436#primaryimage"},"thumbnailUrl":"https:\/\/gazetapernambucana.com\/wp-content\/uploads\/2026\/01\/WhatsApp-Image-2026-01-03-at-18.09.151-1.jpeg","datePublished":"2026-01-04T20:58:05+00:00","dateModified":"2026-01-04T21:01:48+00:00","author":{"@id":"https:\/\/gazetapernambucana.com\/#\/schema\/person\/188dc283325181ac2de4db1e9e987427"},"breadcrumb":{"@id":"http:\/\/gazetapernambucana.com\/?p=2436#breadcrumb"},"inLanguage":"pt-BR","potentialAction":[{"@type":"ReadAction","target":["http:\/\/gazetapernambucana.com\/?p=2436"]}]},{"@type":"ImageObject","inLanguage":"pt-BR","@id":"http:\/\/gazetapernambucana.com\/?p=2436#primaryimage","url":"https:\/\/gazetapernambucana.com\/wp-content\/uploads\/2026\/01\/WhatsApp-Image-2026-01-03-at-18.09.151-1.jpeg","contentUrl":"https:\/\/gazetapernambucana.com\/wp-content\/uploads\/2026\/01\/WhatsApp-Image-2026-01-03-at-18.09.151-1.jpeg","width":1000,"height":750},{"@type":"BreadcrumbList","@id":"http:\/\/gazetapernambucana.com\/?p=2436#breadcrumb","itemListElement":[{"@type":"ListItem","position":1,"name":"In\u00edcio","item":"https:\/\/gazetapernambucana.com\/"},{"@type":"ListItem","position":2,"name":"A cr\u00f4nica domingueira. Por Magno Martins"}]},{"@type":"WebSite","@id":"https:\/\/gazetapernambucana.com\/#website","url":"https:\/\/gazetapernambucana.com\/","name":"","description":"","potentialAction":[{"@type":"SearchAction","target":{"@type":"EntryPoint","urlTemplate":"https:\/\/gazetapernambucana.com\/?s={search_term_string}"},"query-input":{"@type":"PropertyValueSpecification","valueRequired":true,"valueName":"search_term_string"}}],"inLanguage":"pt-BR"},{"@type":"Person","@id":"https:\/\/gazetapernambucana.com\/#\/schema\/person\/188dc283325181ac2de4db1e9e987427","name":"GP","image":{"@type":"ImageObject","inLanguage":"pt-BR","@id":"https:\/\/gazetapernambucana.com\/#\/schema\/person\/image\/","url":"https:\/\/secure.gravatar.com\/avatar\/9dad78ff9a2d8b5742d11779f8a3f53b052320c550b2e1907882353c067bb111?s=96&d=mm&r=g","contentUrl":"https:\/\/secure.gravatar.com\/avatar\/9dad78ff9a2d8b5742d11779f8a3f53b052320c550b2e1907882353c067bb111?s=96&d=mm&r=g","caption":"GP"},"sameAs":["http:\/\/gazetapernambucana.com"],"url":"https:\/\/gazetapernambucana.com\/?author=1"}]}},"jetpack_publicize_connections":[],"_links":{"self":[{"href":"https:\/\/gazetapernambucana.com\/index.php?rest_route=\/wp\/v2\/posts\/2436","targetHints":{"allow":["GET"]}}],"collection":[{"href":"https:\/\/gazetapernambucana.com\/index.php?rest_route=\/wp\/v2\/posts"}],"about":[{"href":"https:\/\/gazetapernambucana.com\/index.php?rest_route=\/wp\/v2\/types\/post"}],"author":[{"embeddable":true,"href":"https:\/\/gazetapernambucana.com\/index.php?rest_route=\/wp\/v2\/users\/1"}],"replies":[{"embeddable":true,"href":"https:\/\/gazetapernambucana.com\/index.php?rest_route=%2Fwp%2Fv2%2Fcomments&post=2436"}],"version-history":[{"count":1,"href":"https:\/\/gazetapernambucana.com\/index.php?rest_route=\/wp\/v2\/posts\/2436\/revisions"}],"predecessor-version":[{"id":2438,"href":"https:\/\/gazetapernambucana.com\/index.php?rest_route=\/wp\/v2\/posts\/2436\/revisions\/2438"}],"wp:featuredmedia":[{"embeddable":true,"href":"https:\/\/gazetapernambucana.com\/index.php?rest_route=\/wp\/v2\/media\/2437"}],"wp:attachment":[{"href":"https:\/\/gazetapernambucana.com\/index.php?rest_route=%2Fwp%2Fv2%2Fmedia&parent=2436"}],"wp:term":[{"taxonomy":"category","embeddable":true,"href":"https:\/\/gazetapernambucana.com\/index.php?rest_route=%2Fwp%2Fv2%2Fcategories&post=2436"},{"taxonomy":"post_tag","embeddable":true,"href":"https:\/\/gazetapernambucana.com\/index.php?rest_route=%2Fwp%2Fv2%2Ftags&post=2436"}],"curies":[{"name":"wp","href":"https:\/\/api.w.org\/{rel}","templated":true}]}}