{"id":2431,"date":"2026-01-03T16:07:58","date_gmt":"2026-01-03T19:07:58","guid":{"rendered":"https:\/\/gazetapernambucana.com\/?p=2431"},"modified":"2026-01-03T16:11:10","modified_gmt":"2026-01-03T19:11:10","slug":"imagem-de-maduro-vendado-em-navio-americano-revela-operacao-sigilosa-dos-eua-rumo-a-nova-york","status":"publish","type":"post","link":"https:\/\/gazetapernambucana.com\/?p=2431","title":{"rendered":"Imagem de Maduro vendado e algemado em navio americano rumo a Nova York"},"content":{"rendered":"<p data-start=\"379\" data-end=\"803\">A imagem divulgada nas \u00faltimas horas mostra Nicol\u00e1s Maduro vendado, usando fones abafadores, colete de seguran\u00e7a e com os pulsos em posi\u00e7\u00e3o que sugerem conten\u00e7\u00e3o com algemas, a bordo de um navio militar americano. A fotografia, capturada no interior do USS Iwo Jima, circulou por canais oficiais dos Estados Unidos e refor\u00e7a os ind\u00edcios de que o ditador venezuelano est\u00e1 sendo transferido para Nova York sob cust\u00f3dia direta.<\/p>\n<p data-start=\"805\" data-end=\"1142\">Fontes ligadas ao alto escal\u00e3o de Washington revelaram que o uso de venda e abafadores auditivos \u00e9 padr\u00e3o em opera\u00e7\u00f5es classificadas como de \u201cextra\u00e7\u00e3o hostil de alto valor\u201d, onde se busca limitar totalmente a percep\u00e7\u00e3o ambiental do capturado. A presen\u00e7a da esposa, Cilia Flores, tamb\u00e9m foi confirmada, embora ela n\u00e3o apare\u00e7a nas imagens.<\/p>\n<p data-start=\"1144\" data-end=\"1522\">O navio, uma embarca\u00e7\u00e3o de assalto anf\u00edbio equipada para miss\u00f5es t\u00e1ticas, partiu da costa caribenha sob intenso sigilo militar. Especialistas apontam que a divulga\u00e7\u00e3o da imagem foi calculada como um gesto simb\u00f3lico: mostrar Maduro rendido, em sil\u00eancio e sob controle total de for\u00e7as americanas, num cen\u00e1rio que remete a opera\u00e7\u00f5es j\u00e1 vistas em contextos de combate ao terrorismo.<\/p>\n<p data-start=\"1524\" data-end=\"1840\">Nos bastidores, comenta-se que a decis\u00e3o de publicar a imagem foi tomada no c\u00edrculo direto do presidente dos EUA, como uma demonstra\u00e7\u00e3o de for\u00e7a ao p\u00fablico interno e externo. Ao mesmo tempo, \u00e9 um recado direto a aliados de Maduro na Am\u00e9rica Latina e aos regimes autorit\u00e1rios ainda pr\u00f3ximos da \u00f3rbita russa e chinesa.<\/p>\n<p data-start=\"1842\" data-end=\"2169\">A opera\u00e7\u00e3o, at\u00e9 aqui, segue envolta em protocolos de intelig\u00eancia, sem vazamentos maiores. N\u00e3o h\u00e1, at\u00e9 o momento, declara\u00e7\u00e3o formal sobre o destino jur\u00eddico de Maduro em solo americano, mas tudo indica que ele ser\u00e1 levado para prestar depoimentos em tribunal federal de Nova York, onde j\u00e1 enfrenta acusa\u00e7\u00f5es de narcoterrorismo.<\/p>\n<p data-start=\"2171\" data-end=\"2453\">Comunicados do governo venezuelano tratam o caso como um sequestro e exigem acesso imediato ao paradeiro e \u00e0 integridade f\u00edsica do ex-presidente. Enquanto isso, nos bastidores diplom\u00e1ticos, cresce a movimenta\u00e7\u00e3o de pa\u00edses que buscam entender o impacto da opera\u00e7\u00e3o na ordem regional.<\/p>\n<p data-start=\"2455\" data-end=\"2726\">A fotografia, por si s\u00f3, torna-se um documento hist\u00f3rico. Um homem que, por anos, se manteve no poder \u00e0 for\u00e7a, aparece agora reduzido \u00e0 condi\u00e7\u00e3o de prisioneiro silencioso, em um navio estrangeiro, navegando em dire\u00e7\u00e3o a um tribunal que poder\u00e1 mudar os rumos da Venezuela.<\/p>\n","protected":false},"excerpt":{"rendered":"<p>A imagem divulgada nas \u00faltimas horas mostra Nicol\u00e1s Maduro vendado, usando fones abafadores, colete de seguran\u00e7a e com os pulsos em posi\u00e7\u00e3o que sugerem conten\u00e7\u00e3o com algemas, a bordo de um navio militar americano. A fotografia, capturada no interior do USS Iwo Jima, circulou por canais oficiais dos Estados Unidos e refor\u00e7a os ind\u00edcios de [&hellip;]<\/p>\n","protected":false},"author":1,"featured_media":2432,"comment_status":"open","ping_status":"open","sticky":false,"template":"","format":"standard","meta":{"footnotes":"","jetpack_publicize_message":"","jetpack_publicize_feature_enabled":true,"jetpack_social_post_already_shared":true,"jetpack_social_options":{"image_generator_settings":{"template":"highway","default_image_id":0,"font":"","enabled":false},"version":2}},"categories":[1,36,65],"tags":[],"class_list":["post-2431","post","type-post","status-publish","format-standard","has-post-thumbnail","hentry","category-https-gazetapernambucana-com-page_id225","category-https-gazetapernambucana-com-page_id209","category-politica"],"yoast_head":"<!-- This site is optimized with the Yoast SEO plugin v24.5 - https:\/\/yoast.com\/wordpress\/plugins\/seo\/ -->\n<title>Imagem de Maduro vendado e algemado em navio americano rumo a Nova York -<\/title>\n<meta name=\"robots\" content=\"index, follow, max-snippet:-1, max-image-preview:large, max-video-preview:-1\" \/>\n<link rel=\"canonical\" href=\"http:\/\/gazetapernambucana.com\/?p=2431\" \/>\n<meta property=\"og:locale\" content=\"pt_BR\" \/>\n<meta property=\"og:type\" content=\"article\" \/>\n<meta property=\"og:title\" content=\"Imagem de Maduro vendado e algemado em navio americano rumo a Nova York -\" \/>\n<meta property=\"og:description\" content=\"A imagem divulgada nas \u00faltimas horas mostra Nicol\u00e1s Maduro vendado, usando fones abafadores, colete de seguran\u00e7a e com os pulsos em posi\u00e7\u00e3o que sugerem conten\u00e7\u00e3o com algemas, a bordo de um navio militar americano. A fotografia, capturada no interior do USS Iwo Jima, circulou por canais oficiais dos Estados Unidos e refor\u00e7a os ind\u00edcios de [&hellip;]\" \/>\n<meta property=\"og:url\" content=\"http:\/\/gazetapernambucana.com\/?p=2431\" \/>\n<meta property=\"article:published_time\" content=\"2026-01-03T19:07:58+00:00\" \/>\n<meta property=\"article:modified_time\" content=\"2026-01-03T19:11:10+00:00\" \/>\n<meta property=\"og:image\" content=\"http:\/\/gazetapernambucana.com\/wp-content\/uploads\/2026\/01\/download-60.jpg\" \/>\n\t<meta property=\"og:image:width\" content=\"1080\" \/>\n\t<meta property=\"og:image:height\" content=\"2056\" \/>\n\t<meta property=\"og:image:type\" content=\"image\/jpeg\" \/>\n<meta name=\"author\" content=\"GP\" \/>\n<meta name=\"twitter:card\" content=\"summary_large_image\" \/>\n<meta name=\"twitter:label1\" content=\"Escrito por\" \/>\n\t<meta name=\"twitter:data1\" content=\"GP\" \/>\n\t<meta name=\"twitter:label2\" content=\"Est. tempo de leitura\" \/>\n\t<meta name=\"twitter:data2\" content=\"3 minutos\" \/>\n<script type=\"application\/ld+json\" class=\"yoast-schema-graph\">{\"@context\":\"https:\/\/schema.org\",\"@graph\":[{\"@type\":\"WebPage\",\"@id\":\"http:\/\/gazetapernambucana.com\/?p=2431\",\"url\":\"http:\/\/gazetapernambucana.com\/?p=2431\",\"name\":\"Imagem de Maduro vendado e algemado em navio americano rumo a Nova York -\",\"isPartOf\":{\"@id\":\"https:\/\/gazetapernambucana.com\/#website\"},\"primaryImageOfPage\":{\"@id\":\"http:\/\/gazetapernambucana.com\/?p=2431#primaryimage\"},\"image\":{\"@id\":\"http:\/\/gazetapernambucana.com\/?p=2431#primaryimage\"},\"thumbnailUrl\":\"https:\/\/gazetapernambucana.com\/wp-content\/uploads\/2026\/01\/download-60.jpg\",\"datePublished\":\"2026-01-03T19:07:58+00:00\",\"dateModified\":\"2026-01-03T19:11:10+00:00\",\"author\":{\"@id\":\"https:\/\/gazetapernambucana.com\/#\/schema\/person\/188dc283325181ac2de4db1e9e987427\"},\"breadcrumb\":{\"@id\":\"http:\/\/gazetapernambucana.com\/?p=2431#breadcrumb\"},\"inLanguage\":\"pt-BR\",\"potentialAction\":[{\"@type\":\"ReadAction\",\"target\":[\"http:\/\/gazetapernambucana.com\/?p=2431\"]}]},{\"@type\":\"ImageObject\",\"inLanguage\":\"pt-BR\",\"@id\":\"http:\/\/gazetapernambucana.com\/?p=2431#primaryimage\",\"url\":\"https:\/\/gazetapernambucana.com\/wp-content\/uploads\/2026\/01\/download-60.jpg\",\"contentUrl\":\"https:\/\/gazetapernambucana.com\/wp-content\/uploads\/2026\/01\/download-60.jpg\",\"width\":1080,\"height\":2056},{\"@type\":\"BreadcrumbList\",\"@id\":\"http:\/\/gazetapernambucana.com\/?p=2431#breadcrumb\",\"itemListElement\":[{\"@type\":\"ListItem\",\"position\":1,\"name\":\"In\u00edcio\",\"item\":\"https:\/\/gazetapernambucana.com\/\"},{\"@type\":\"ListItem\",\"position\":2,\"name\":\"Imagem de Maduro vendado e algemado em navio americano rumo a Nova York\"}]},{\"@type\":\"WebSite\",\"@id\":\"https:\/\/gazetapernambucana.com\/#website\",\"url\":\"https:\/\/gazetapernambucana.com\/\",\"name\":\"\",\"description\":\"\",\"potentialAction\":[{\"@type\":\"SearchAction\",\"target\":{\"@type\":\"EntryPoint\",\"urlTemplate\":\"https:\/\/gazetapernambucana.com\/?s={search_term_string}\"},\"query-input\":{\"@type\":\"PropertyValueSpecification\",\"valueRequired\":true,\"valueName\":\"search_term_string\"}}],\"inLanguage\":\"pt-BR\"},{\"@type\":\"Person\",\"@id\":\"https:\/\/gazetapernambucana.com\/#\/schema\/person\/188dc283325181ac2de4db1e9e987427\",\"name\":\"GP\",\"image\":{\"@type\":\"ImageObject\",\"inLanguage\":\"pt-BR\",\"@id\":\"https:\/\/gazetapernambucana.com\/#\/schema\/person\/image\/\",\"url\":\"https:\/\/secure.gravatar.com\/avatar\/9dad78ff9a2d8b5742d11779f8a3f53b052320c550b2e1907882353c067bb111?s=96&d=mm&r=g\",\"contentUrl\":\"https:\/\/secure.gravatar.com\/avatar\/9dad78ff9a2d8b5742d11779f8a3f53b052320c550b2e1907882353c067bb111?s=96&d=mm&r=g\",\"caption\":\"GP\"},\"sameAs\":[\"http:\/\/gazetapernambucana.com\"],\"url\":\"https:\/\/gazetapernambucana.com\/?author=1\"}]}<\/script>\n<!-- \/ Yoast SEO plugin. -->","yoast_head_json":{"title":"Imagem de Maduro vendado e algemado em navio americano rumo a Nova York -","robots":{"index":"index","follow":"follow","max-snippet":"max-snippet:-1","max-image-preview":"max-image-preview:large","max-video-preview":"max-video-preview:-1"},"canonical":"http:\/\/gazetapernambucana.com\/?p=2431","og_locale":"pt_BR","og_type":"article","og_title":"Imagem de Maduro vendado e algemado em navio americano rumo a Nova York -","og_description":"A imagem divulgada nas \u00faltimas horas mostra Nicol\u00e1s Maduro vendado, usando fones abafadores, colete de seguran\u00e7a e com os pulsos em posi\u00e7\u00e3o que sugerem conten\u00e7\u00e3o com algemas, a bordo de um navio militar americano. A fotografia, capturada no interior do USS Iwo Jima, circulou por canais oficiais dos Estados Unidos e refor\u00e7a os ind\u00edcios de [&hellip;]","og_url":"http:\/\/gazetapernambucana.com\/?p=2431","article_published_time":"2026-01-03T19:07:58+00:00","article_modified_time":"2026-01-03T19:11:10+00:00","og_image":[{"width":1080,"height":2056,"url":"http:\/\/gazetapernambucana.com\/wp-content\/uploads\/2026\/01\/download-60.jpg","type":"image\/jpeg"}],"author":"GP","twitter_card":"summary_large_image","twitter_misc":{"Escrito por":"GP","Est. tempo de leitura":"3 minutos"},"schema":{"@context":"https:\/\/schema.org","@graph":[{"@type":"WebPage","@id":"http:\/\/gazetapernambucana.com\/?p=2431","url":"http:\/\/gazetapernambucana.com\/?p=2431","name":"Imagem de Maduro vendado e algemado em navio americano rumo a Nova York -","isPartOf":{"@id":"https:\/\/gazetapernambucana.com\/#website"},"primaryImageOfPage":{"@id":"http:\/\/gazetapernambucana.com\/?p=2431#primaryimage"},"image":{"@id":"http:\/\/gazetapernambucana.com\/?p=2431#primaryimage"},"thumbnailUrl":"https:\/\/gazetapernambucana.com\/wp-content\/uploads\/2026\/01\/download-60.jpg","datePublished":"2026-01-03T19:07:58+00:00","dateModified":"2026-01-03T19:11:10+00:00","author":{"@id":"https:\/\/gazetapernambucana.com\/#\/schema\/person\/188dc283325181ac2de4db1e9e987427"},"breadcrumb":{"@id":"http:\/\/gazetapernambucana.com\/?p=2431#breadcrumb"},"inLanguage":"pt-BR","potentialAction":[{"@type":"ReadAction","target":["http:\/\/gazetapernambucana.com\/?p=2431"]}]},{"@type":"ImageObject","inLanguage":"pt-BR","@id":"http:\/\/gazetapernambucana.com\/?p=2431#primaryimage","url":"https:\/\/gazetapernambucana.com\/wp-content\/uploads\/2026\/01\/download-60.jpg","contentUrl":"https:\/\/gazetapernambucana.com\/wp-content\/uploads\/2026\/01\/download-60.jpg","width":1080,"height":2056},{"@type":"BreadcrumbList","@id":"http:\/\/gazetapernambucana.com\/?p=2431#breadcrumb","itemListElement":[{"@type":"ListItem","position":1,"name":"In\u00edcio","item":"https:\/\/gazetapernambucana.com\/"},{"@type":"ListItem","position":2,"name":"Imagem de Maduro vendado e algemado em navio americano rumo a Nova York"}]},{"@type":"WebSite","@id":"https:\/\/gazetapernambucana.com\/#website","url":"https:\/\/gazetapernambucana.com\/","name":"","description":"","potentialAction":[{"@type":"SearchAction","target":{"@type":"EntryPoint","urlTemplate":"https:\/\/gazetapernambucana.com\/?s={search_term_string}"},"query-input":{"@type":"PropertyValueSpecification","valueRequired":true,"valueName":"search_term_string"}}],"inLanguage":"pt-BR"},{"@type":"Person","@id":"https:\/\/gazetapernambucana.com\/#\/schema\/person\/188dc283325181ac2de4db1e9e987427","name":"GP","image":{"@type":"ImageObject","inLanguage":"pt-BR","@id":"https:\/\/gazetapernambucana.com\/#\/schema\/person\/image\/","url":"https:\/\/secure.gravatar.com\/avatar\/9dad78ff9a2d8b5742d11779f8a3f53b052320c550b2e1907882353c067bb111?s=96&d=mm&r=g","contentUrl":"https:\/\/secure.gravatar.com\/avatar\/9dad78ff9a2d8b5742d11779f8a3f53b052320c550b2e1907882353c067bb111?s=96&d=mm&r=g","caption":"GP"},"sameAs":["http:\/\/gazetapernambucana.com"],"url":"https:\/\/gazetapernambucana.com\/?author=1"}]}},"jetpack_publicize_connections":[],"_links":{"self":[{"href":"https:\/\/gazetapernambucana.com\/index.php?rest_route=\/wp\/v2\/posts\/2431","targetHints":{"allow":["GET"]}}],"collection":[{"href":"https:\/\/gazetapernambucana.com\/index.php?rest_route=\/wp\/v2\/posts"}],"about":[{"href":"https:\/\/gazetapernambucana.com\/index.php?rest_route=\/wp\/v2\/types\/post"}],"author":[{"embeddable":true,"href":"https:\/\/gazetapernambucana.com\/index.php?rest_route=\/wp\/v2\/users\/1"}],"replies":[{"embeddable":true,"href":"https:\/\/gazetapernambucana.com\/index.php?rest_route=%2Fwp%2Fv2%2Fcomments&post=2431"}],"version-history":[{"count":3,"href":"https:\/\/gazetapernambucana.com\/index.php?rest_route=\/wp\/v2\/posts\/2431\/revisions"}],"predecessor-version":[{"id":2435,"href":"https:\/\/gazetapernambucana.com\/index.php?rest_route=\/wp\/v2\/posts\/2431\/revisions\/2435"}],"wp:featuredmedia":[{"embeddable":true,"href":"https:\/\/gazetapernambucana.com\/index.php?rest_route=\/wp\/v2\/media\/2432"}],"wp:attachment":[{"href":"https:\/\/gazetapernambucana.com\/index.php?rest_route=%2Fwp%2Fv2%2Fmedia&parent=2431"}],"wp:term":[{"taxonomy":"category","embeddable":true,"href":"https:\/\/gazetapernambucana.com\/index.php?rest_route=%2Fwp%2Fv2%2Fcategories&post=2431"},{"taxonomy":"post_tag","embeddable":true,"href":"https:\/\/gazetapernambucana.com\/index.php?rest_route=%2Fwp%2Fv2%2Ftags&post=2431"}],"curies":[{"name":"wp","href":"https:\/\/api.w.org\/{rel}","templated":true}]}}