{"id":2428,"date":"2026-01-03T11:06:06","date_gmt":"2026-01-03T14:06:06","guid":{"rendered":"https:\/\/gazetapernambucana.com\/?p=2428"},"modified":"2026-01-03T11:06:06","modified_gmt":"2026-01-03T14:06:06","slug":"eua-anunciam-captura-de-nicolas-maduro","status":"publish","type":"post","link":"https:\/\/gazetapernambucana.com\/?p=2428","title":{"rendered":"EUA anunciam captura de Nicol\u00e1s Maduro"},"content":{"rendered":"<h2 class=\"subtitulo-post weight-1\">Donald Trump afirma que l\u00edder venezuelano e sua esposa foram expulsos ap\u00f3s ataques a Caracas<\/h2>\n<div class=\"texto\">\n<p>O presidente dos Estados Unidos, Donald Trump, anunciou neste s\u00e1bado (3) a captura do l\u00edder venezuelano Nicol\u00e1s Maduro e de sua esposa, Cilia Flores. A declara\u00e7\u00e3o ocorreu ap\u00f3s Washington lan\u00e7ar uma s\u00e9rie de ataques contra Caracas. Segundo o republicano, ambos foram expulsos do pa\u00eds.<\/p>\n<p>Em publica\u00e7\u00e3o nas redes sociais, Trump afirmou:\u00a0<em>\u201cOs Estados Unidos da Am\u00e9rica realizaram com sucesso um ataque em grande escala contra a Venezuela e seu l\u00edder, o presidente Nicol\u00e1s Maduro, que foi, junto com sua esposa, capturado e expulso do pa\u00eds. Essa opera\u00e7\u00e3o foi realizada em conjunto com as autoridades policiais dos Estados Unidos.\u201d<\/em><\/p>\n<p>A vice-presidente da Venezuela, Delcy Rodr\u00edguez, declarou que o governo n\u00e3o sabe o paradeiro de Maduro nem de Cilia Flores. Em coletiva, exigiu \u201cprova imediata de vida\u201d para ambos.<\/p>\n<p>De acordo com o governo venezuelano, os ataques atingiram alvos civis e militares em Caracas e nos estados de Miranda, Aragua e La Guaira. Em comunicado, a gest\u00e3o acusou os Estados Unidos de tentar impor uma \u201cmudan\u00e7a de regime\u201d, amea\u00e7ando a estabilidade internacional da Am\u00e9rica Latina.<\/p>\n<p>O governo tamb\u00e9m afirmou que o objetivo da a\u00e7\u00e3o americana seria assumir o controle dos recursos estrat\u00e9gicos da Venezuela, especialmente petr\u00f3leo e minerais. Maduro assinou um decreto declarando estado de Como\u00e7\u00e3o Exterior em todo o territ\u00f3rio nacional, com a inten\u00e7\u00e3o de proteger a popula\u00e7\u00e3o, garantir o funcionamento das institui\u00e7\u00f5es e iniciar uma \u201cluta armada\u201d contra a ofensiva.<\/p>\n<h3>Maduro na mira dos EUA<\/h3>\n<p>Nicol\u00e1s Maduro est\u00e1 na lista de alvos de Washington desde a volta de Donald Trump \u00e0 Casa Branca, em janeiro de 2025. O republicano n\u00e3o reconhece o governo venezuelano e acusa Maduro de liderar cart\u00e9is de drogas no Caribe.<\/p>\n<p>Em agosto, Trump aumentou para US$ 50 milh\u00f5es a recompensa por informa\u00e7\u00f5es que levassem \u00e0 pris\u00e3o de Maduro. No m\u00eas seguinte, os EUA iniciaram uma opera\u00e7\u00e3o naval contra o narcotr\u00e1fico no Caribe e no Pac\u00edfico, pr\u00f3ximo \u00e0s costas da Venezuela e da Col\u00f4mbia. Desde ent\u00e3o, mais de 30 embarca\u00e7\u00f5es foram destru\u00eddas pela Marinha americana, acusadas de transportar drogas.<\/p>\n<p>Na \u00faltima sexta-feira (26), Trump revelou que os EUA atacaram uma \u201cgrande instala\u00e7\u00e3o portu\u00e1ria\u201d na Venezuela, usada para o carregamento de drogas. A opera\u00e7\u00e3o, comandada pela CIA, marcou o primeiro ataque terrestre no pa\u00eds desde o in\u00edcio da campanha contra cart\u00e9is de drogas na Am\u00e9rica Latina.<\/p>\n<\/div>\n","protected":false},"excerpt":{"rendered":"<p>Donald Trump afirma que l\u00edder venezuelano e sua esposa foram expulsos ap\u00f3s ataques a Caracas O presidente dos Estados Unidos, Donald Trump, anunciou neste s\u00e1bado (3) a captura do l\u00edder venezuelano Nicol\u00e1s Maduro e de sua esposa, Cilia Flores. A declara\u00e7\u00e3o ocorreu ap\u00f3s Washington lan\u00e7ar uma s\u00e9rie de ataques contra Caracas. Segundo o republicano, ambos [&hellip;]<\/p>\n","protected":false},"author":1,"featured_media":2429,"comment_status":"open","ping_status":"open","sticky":false,"template":"","format":"standard","meta":{"footnotes":"","jetpack_publicize_message":"","jetpack_publicize_feature_enabled":true,"jetpack_social_post_already_shared":true,"jetpack_social_options":{"image_generator_settings":{"template":"highway","default_image_id":0,"font":"","enabled":false},"version":2}},"categories":[1,36,65],"tags":[],"class_list":["post-2428","post","type-post","status-publish","format-standard","has-post-thumbnail","hentry","category-https-gazetapernambucana-com-page_id225","category-https-gazetapernambucana-com-page_id209","category-politica"],"yoast_head":"<!-- This site is optimized with the Yoast SEO plugin v24.5 - https:\/\/yoast.com\/wordpress\/plugins\/seo\/ -->\n<title>EUA anunciam captura de Nicol\u00e1s Maduro -<\/title>\n<meta name=\"robots\" content=\"index, follow, max-snippet:-1, max-image-preview:large, max-video-preview:-1\" \/>\n<link rel=\"canonical\" href=\"http:\/\/gazetapernambucana.com\/?p=2428\" \/>\n<meta property=\"og:locale\" content=\"pt_BR\" \/>\n<meta property=\"og:type\" content=\"article\" \/>\n<meta property=\"og:title\" content=\"EUA anunciam captura de Nicol\u00e1s Maduro -\" \/>\n<meta property=\"og:description\" content=\"Donald Trump afirma que l\u00edder venezuelano e sua esposa foram expulsos ap\u00f3s ataques a Caracas O presidente dos Estados Unidos, Donald Trump, anunciou neste s\u00e1bado (3) a captura do l\u00edder venezuelano Nicol\u00e1s Maduro e de sua esposa, Cilia Flores. A declara\u00e7\u00e3o ocorreu ap\u00f3s Washington lan\u00e7ar uma s\u00e9rie de ataques contra Caracas. Segundo o republicano, ambos [&hellip;]\" \/>\n<meta property=\"og:url\" content=\"http:\/\/gazetapernambucana.com\/?p=2428\" \/>\n<meta property=\"article:published_time\" content=\"2026-01-03T14:06:06+00:00\" \/>\n<meta property=\"og:image\" content=\"http:\/\/gazetapernambucana.com\/wp-content\/uploads\/2026\/01\/08e1d0b63af9565f38194b7999483d81.webp\" \/>\n\t<meta property=\"og:image:width\" content=\"1000\" \/>\n\t<meta property=\"og:image:height\" content=\"579\" \/>\n\t<meta property=\"og:image:type\" content=\"image\/webp\" \/>\n<meta name=\"author\" content=\"GP\" \/>\n<meta name=\"twitter:card\" content=\"summary_large_image\" \/>\n<meta name=\"twitter:label1\" content=\"Escrito por\" \/>\n\t<meta name=\"twitter:data1\" content=\"GP\" \/>\n\t<meta name=\"twitter:label2\" content=\"Est. tempo de leitura\" \/>\n\t<meta name=\"twitter:data2\" content=\"3 minutos\" \/>\n<script type=\"application\/ld+json\" class=\"yoast-schema-graph\">{\"@context\":\"https:\/\/schema.org\",\"@graph\":[{\"@type\":\"WebPage\",\"@id\":\"http:\/\/gazetapernambucana.com\/?p=2428\",\"url\":\"http:\/\/gazetapernambucana.com\/?p=2428\",\"name\":\"EUA anunciam captura de Nicol\u00e1s Maduro -\",\"isPartOf\":{\"@id\":\"https:\/\/gazetapernambucana.com\/#website\"},\"primaryImageOfPage\":{\"@id\":\"http:\/\/gazetapernambucana.com\/?p=2428#primaryimage\"},\"image\":{\"@id\":\"http:\/\/gazetapernambucana.com\/?p=2428#primaryimage\"},\"thumbnailUrl\":\"https:\/\/gazetapernambucana.com\/wp-content\/uploads\/2026\/01\/08e1d0b63af9565f38194b7999483d81.webp\",\"datePublished\":\"2026-01-03T14:06:06+00:00\",\"author\":{\"@id\":\"https:\/\/gazetapernambucana.com\/#\/schema\/person\/188dc283325181ac2de4db1e9e987427\"},\"breadcrumb\":{\"@id\":\"http:\/\/gazetapernambucana.com\/?p=2428#breadcrumb\"},\"inLanguage\":\"pt-BR\",\"potentialAction\":[{\"@type\":\"ReadAction\",\"target\":[\"http:\/\/gazetapernambucana.com\/?p=2428\"]}]},{\"@type\":\"ImageObject\",\"inLanguage\":\"pt-BR\",\"@id\":\"http:\/\/gazetapernambucana.com\/?p=2428#primaryimage\",\"url\":\"https:\/\/gazetapernambucana.com\/wp-content\/uploads\/2026\/01\/08e1d0b63af9565f38194b7999483d81.webp\",\"contentUrl\":\"https:\/\/gazetapernambucana.com\/wp-content\/uploads\/2026\/01\/08e1d0b63af9565f38194b7999483d81.webp\",\"width\":1000,\"height\":579},{\"@type\":\"BreadcrumbList\",\"@id\":\"http:\/\/gazetapernambucana.com\/?p=2428#breadcrumb\",\"itemListElement\":[{\"@type\":\"ListItem\",\"position\":1,\"name\":\"In\u00edcio\",\"item\":\"https:\/\/gazetapernambucana.com\/\"},{\"@type\":\"ListItem\",\"position\":2,\"name\":\"EUA anunciam captura de Nicol\u00e1s Maduro\"}]},{\"@type\":\"WebSite\",\"@id\":\"https:\/\/gazetapernambucana.com\/#website\",\"url\":\"https:\/\/gazetapernambucana.com\/\",\"name\":\"\",\"description\":\"\",\"potentialAction\":[{\"@type\":\"SearchAction\",\"target\":{\"@type\":\"EntryPoint\",\"urlTemplate\":\"https:\/\/gazetapernambucana.com\/?s={search_term_string}\"},\"query-input\":{\"@type\":\"PropertyValueSpecification\",\"valueRequired\":true,\"valueName\":\"search_term_string\"}}],\"inLanguage\":\"pt-BR\"},{\"@type\":\"Person\",\"@id\":\"https:\/\/gazetapernambucana.com\/#\/schema\/person\/188dc283325181ac2de4db1e9e987427\",\"name\":\"GP\",\"image\":{\"@type\":\"ImageObject\",\"inLanguage\":\"pt-BR\",\"@id\":\"https:\/\/gazetapernambucana.com\/#\/schema\/person\/image\/\",\"url\":\"https:\/\/secure.gravatar.com\/avatar\/9dad78ff9a2d8b5742d11779f8a3f53b052320c550b2e1907882353c067bb111?s=96&d=mm&r=g\",\"contentUrl\":\"https:\/\/secure.gravatar.com\/avatar\/9dad78ff9a2d8b5742d11779f8a3f53b052320c550b2e1907882353c067bb111?s=96&d=mm&r=g\",\"caption\":\"GP\"},\"sameAs\":[\"http:\/\/gazetapernambucana.com\"],\"url\":\"https:\/\/gazetapernambucana.com\/?author=1\"}]}<\/script>\n<!-- \/ Yoast SEO plugin. -->","yoast_head_json":{"title":"EUA anunciam captura de Nicol\u00e1s Maduro -","robots":{"index":"index","follow":"follow","max-snippet":"max-snippet:-1","max-image-preview":"max-image-preview:large","max-video-preview":"max-video-preview:-1"},"canonical":"http:\/\/gazetapernambucana.com\/?p=2428","og_locale":"pt_BR","og_type":"article","og_title":"EUA anunciam captura de Nicol\u00e1s Maduro -","og_description":"Donald Trump afirma que l\u00edder venezuelano e sua esposa foram expulsos ap\u00f3s ataques a Caracas O presidente dos Estados Unidos, Donald Trump, anunciou neste s\u00e1bado (3) a captura do l\u00edder venezuelano Nicol\u00e1s Maduro e de sua esposa, Cilia Flores. A declara\u00e7\u00e3o ocorreu ap\u00f3s Washington lan\u00e7ar uma s\u00e9rie de ataques contra Caracas. Segundo o republicano, ambos [&hellip;]","og_url":"http:\/\/gazetapernambucana.com\/?p=2428","article_published_time":"2026-01-03T14:06:06+00:00","og_image":[{"width":1000,"height":579,"url":"http:\/\/gazetapernambucana.com\/wp-content\/uploads\/2026\/01\/08e1d0b63af9565f38194b7999483d81.webp","type":"image\/webp"}],"author":"GP","twitter_card":"summary_large_image","twitter_misc":{"Escrito por":"GP","Est. tempo de leitura":"3 minutos"},"schema":{"@context":"https:\/\/schema.org","@graph":[{"@type":"WebPage","@id":"http:\/\/gazetapernambucana.com\/?p=2428","url":"http:\/\/gazetapernambucana.com\/?p=2428","name":"EUA anunciam captura de Nicol\u00e1s Maduro -","isPartOf":{"@id":"https:\/\/gazetapernambucana.com\/#website"},"primaryImageOfPage":{"@id":"http:\/\/gazetapernambucana.com\/?p=2428#primaryimage"},"image":{"@id":"http:\/\/gazetapernambucana.com\/?p=2428#primaryimage"},"thumbnailUrl":"https:\/\/gazetapernambucana.com\/wp-content\/uploads\/2026\/01\/08e1d0b63af9565f38194b7999483d81.webp","datePublished":"2026-01-03T14:06:06+00:00","author":{"@id":"https:\/\/gazetapernambucana.com\/#\/schema\/person\/188dc283325181ac2de4db1e9e987427"},"breadcrumb":{"@id":"http:\/\/gazetapernambucana.com\/?p=2428#breadcrumb"},"inLanguage":"pt-BR","potentialAction":[{"@type":"ReadAction","target":["http:\/\/gazetapernambucana.com\/?p=2428"]}]},{"@type":"ImageObject","inLanguage":"pt-BR","@id":"http:\/\/gazetapernambucana.com\/?p=2428#primaryimage","url":"https:\/\/gazetapernambucana.com\/wp-content\/uploads\/2026\/01\/08e1d0b63af9565f38194b7999483d81.webp","contentUrl":"https:\/\/gazetapernambucana.com\/wp-content\/uploads\/2026\/01\/08e1d0b63af9565f38194b7999483d81.webp","width":1000,"height":579},{"@type":"BreadcrumbList","@id":"http:\/\/gazetapernambucana.com\/?p=2428#breadcrumb","itemListElement":[{"@type":"ListItem","position":1,"name":"In\u00edcio","item":"https:\/\/gazetapernambucana.com\/"},{"@type":"ListItem","position":2,"name":"EUA anunciam captura de Nicol\u00e1s Maduro"}]},{"@type":"WebSite","@id":"https:\/\/gazetapernambucana.com\/#website","url":"https:\/\/gazetapernambucana.com\/","name":"","description":"","potentialAction":[{"@type":"SearchAction","target":{"@type":"EntryPoint","urlTemplate":"https:\/\/gazetapernambucana.com\/?s={search_term_string}"},"query-input":{"@type":"PropertyValueSpecification","valueRequired":true,"valueName":"search_term_string"}}],"inLanguage":"pt-BR"},{"@type":"Person","@id":"https:\/\/gazetapernambucana.com\/#\/schema\/person\/188dc283325181ac2de4db1e9e987427","name":"GP","image":{"@type":"ImageObject","inLanguage":"pt-BR","@id":"https:\/\/gazetapernambucana.com\/#\/schema\/person\/image\/","url":"https:\/\/secure.gravatar.com\/avatar\/9dad78ff9a2d8b5742d11779f8a3f53b052320c550b2e1907882353c067bb111?s=96&d=mm&r=g","contentUrl":"https:\/\/secure.gravatar.com\/avatar\/9dad78ff9a2d8b5742d11779f8a3f53b052320c550b2e1907882353c067bb111?s=96&d=mm&r=g","caption":"GP"},"sameAs":["http:\/\/gazetapernambucana.com"],"url":"https:\/\/gazetapernambucana.com\/?author=1"}]}},"jetpack_publicize_connections":[],"_links":{"self":[{"href":"https:\/\/gazetapernambucana.com\/index.php?rest_route=\/wp\/v2\/posts\/2428","targetHints":{"allow":["GET"]}}],"collection":[{"href":"https:\/\/gazetapernambucana.com\/index.php?rest_route=\/wp\/v2\/posts"}],"about":[{"href":"https:\/\/gazetapernambucana.com\/index.php?rest_route=\/wp\/v2\/types\/post"}],"author":[{"embeddable":true,"href":"https:\/\/gazetapernambucana.com\/index.php?rest_route=\/wp\/v2\/users\/1"}],"replies":[{"embeddable":true,"href":"https:\/\/gazetapernambucana.com\/index.php?rest_route=%2Fwp%2Fv2%2Fcomments&post=2428"}],"version-history":[{"count":1,"href":"https:\/\/gazetapernambucana.com\/index.php?rest_route=\/wp\/v2\/posts\/2428\/revisions"}],"predecessor-version":[{"id":2430,"href":"https:\/\/gazetapernambucana.com\/index.php?rest_route=\/wp\/v2\/posts\/2428\/revisions\/2430"}],"wp:featuredmedia":[{"embeddable":true,"href":"https:\/\/gazetapernambucana.com\/index.php?rest_route=\/wp\/v2\/media\/2429"}],"wp:attachment":[{"href":"https:\/\/gazetapernambucana.com\/index.php?rest_route=%2Fwp%2Fv2%2Fmedia&parent=2428"}],"wp:term":[{"taxonomy":"category","embeddable":true,"href":"https:\/\/gazetapernambucana.com\/index.php?rest_route=%2Fwp%2Fv2%2Fcategories&post=2428"},{"taxonomy":"post_tag","embeddable":true,"href":"https:\/\/gazetapernambucana.com\/index.php?rest_route=%2Fwp%2Fv2%2Ftags&post=2428"}],"curies":[{"name":"wp","href":"https:\/\/api.w.org\/{rel}","templated":true}]}}