{"id":2425,"date":"2026-01-03T00:21:35","date_gmt":"2026-01-03T03:21:35","guid":{"rendered":"https:\/\/gazetapernambucana.com\/?p=2425"},"modified":"2026-01-03T00:21:35","modified_gmt":"2026-01-03T03:21:35","slug":"cancer-metodo-que-purifica-sangue-sera-testado-como-vacina-antitumor","status":"publish","type":"post","link":"https:\/\/gazetapernambucana.com\/?p=2425","title":{"rendered":"C\u00e2ncer: m\u00e9todo que purifica sangue ser\u00e1 testado como vacina antitumor"},"content":{"rendered":"<h2 class=\"Text__TextBase-sc-1d75gww-0 eOYeiH noticiaCabecalho__subtitulo\">T\u00e9cnica com luz UV e vitamina B2 usada em transfus\u00f5es ser\u00e1 avaliada como vacina personalizada contra c\u00e2ncer de ov\u00e1rio recorrente<\/h2>\n<p><strong>Bruno Bucis &#8211; Do M\u00e9tr\u00f3poles<\/strong><\/p>\n<p>Quando fazemos uma doa\u00e7\u00e3o de sangue, este material org\u00e2nico passa por um tratamento com luz ultravioleta associada \u00e0 riboflavina (a vitamina B2) para eliminar uma s\u00e9rie de doen\u00e7as do sangue. Este m\u00e9todo de purifica\u00e7\u00e3o, chamado de Mirasol, ser\u00e1 adaptado para ser testado em humanos como\u00a0uma \u201cvacina\u201d contra o c\u00e2ncer de ov\u00e1rio.<\/p>\n<p data-gtm-vis-recent-on-screen104869357_94=\"93173\" data-gtm-vis-first-on-screen104869357_94=\"93174\" data-gtm-vis-total-visible-time104869357_94=\"100\" data-gtm-vis-has-fired104869357_94=\"1\">A proposta dos cientistas do centro City of Hope, na Calif\u00f3rnia, envolve usar c\u00e9lulas tumorais retiradas durante cirurgias com o m\u00e9todo e depois de inativ\u00e1-las reintroduzi-las no organismo para tentar estimular a resposta imunol\u00f3gica contra a doen\u00e7a.<\/p>\n<p>A estrat\u00e9gia j\u00e1 passou por testes em camundongos e c\u00e3es e teve resultados positivos. Os\u00a0testes em humanos foram autorizados nos Estados Unidos em julho de 2025 para come\u00e7ar em janeiro deste ano.<\/p>\n<p>A expectativa dos pesquisadores \u00e9 que a abordagem atue como vacina terap\u00eautica personalizada. O objetivo principal consiste em avaliar seguran\u00e7a e capacidade de induzir resposta imunol\u00f3gica. A t\u00e9cnica parte de material do pr\u00f3prio tumor removido durante cirurgia e tratado antes da reaplica\u00e7\u00e3o.<\/p>\n<blockquote><p>\u201cA esperan\u00e7a \u00e9 que isso retarde ou impe\u00e7a a reca\u00edda, em combina\u00e7\u00e3o com outras terapias\u201d, afirmou\u00a0em entrevista \u00e0 Science o qu\u00edmico Ray Goodrich, que ajudou a desenvolver o Mirasol h\u00e1 mais de 20 anos e, em 2018, cofundou a empresa PhotonPharma para adaptar a tecnologia ao combate ao c\u00e2ncer.<\/p><\/blockquote>\n<h4>Estudo contra o c\u00e2ncer de ov\u00e1rio<\/h4>\n<p>O novo estudo come\u00e7a neste m\u00eas no centro City of Hope, na Calif\u00f3rnia, com patroc\u00ednio da PhotonPharma. O ensaio de fase 1 pretende recrutar oito\u00a0pacientes com c\u00e2ncer epitelial de ov\u00e1rio recorrente. Todas passar\u00e3o por cirurgia para retirada de tumores.<\/p>\n<p>Pesquisadores tratar\u00e3o c\u00e9lulas tumorais com riboflavina e luz ultravioleta e as combinar\u00e3o com adjuvante imunomodulador para produzir vacina personalizada.\u00a0Cada participante receber\u00e1 tr\u00eas doses, com monitoramento de efeitos colaterais e respostas imunol\u00f3gicas.<\/p>\n<p>O objetivo \u00e9 saber se a abordagem baseada em luz UV provocar\u00e1 resposta mais intensa, j\u00e1 que os resultados em animais, embora positivos, mostraram dados de benef\u00edcios muito modestos. O acompanhamento envolve coleta de sangue para medir resposta imune e carga da doen\u00e7a ao longo de semanas.<\/p>\n<p>A conclus\u00e3o prim\u00e1ria do estudo est\u00e1 prevista para junho e o t\u00e9rmino para dezembro deste ano, quando os resultados finais devem ser demonstrados.<\/p>\n<div class=\"splide-container\">\n<div class=\"pre-slider\">\n<div class=\"splide__first\">\n<div class=\"splide__slide\"><img decoding=\"async\" title=\"C\u00e2ncer: m\u00e9todo que purifica sangue ser\u00e1 testado como vacina antitumor - destaque galeria\" src=\"https:\/\/www.metropoles.com\/wp-content\/uploads\/wp-content\/uploads\/2022\/04\/13133648\/3-Cards_Galeria_de_Fotos-2-66.jpg\" alt=\"C\u00e2ncer: m\u00e9todo que purifica sangue ser\u00e1 testado como vacina antitumor - destaque galeria\" \/><\/div>\n<\/div>\n<div class=\"splide__thumb-list\">\n<div class=\"splide__slide\">\n<div class=\"splide__total-images\"><\/div>\n<p><img decoding=\"async\" title=\"Por isso, \u00e9 importante estar atento aos sinais que o corpo d\u00e1. Apesar de alguns tumores n\u00e3o apresentarem sintomas, o c\u00e2ncer, muitas vezes, causa mudan\u00e7as no organismo. Conhe\u00e7a alguns sinais que podem surgir na presen\u00e7a da doen\u00e7a\" src=\"https:\/\/www.metropoles.com\/wp-content\/uploads\/wp-content\/uploads\/2022\/04\/13133733\/Foto-senhora-sentada-com-maos-na-barriga.jpg\" alt=\"Por isso, \u00e9 importante estar atento aos sinais que o corpo d\u00e1. Apesar de alguns tumores n\u00e3o apresentarem sintomas, o c\u00e2ncer, muitas vezes, causa mudan\u00e7as no organismo. Conhe\u00e7a alguns sinais que podem surgir na presen\u00e7a da doen\u00e7a\" \/><\/div>\n<div class=\"splide__slide\"><img decoding=\"async\" title=\"A perda de peso sem nenhum motivo aparente pode ser um dos principais sintomas de diversos tipos de c\u00e2nceres, tais como: no est\u00f4mago, pulm\u00e3o, p\u00e2ncreas, etc.\" src=\"https:\/\/www.metropoles.com\/wp-content\/uploads\/wp-content\/uploads\/2022\/04\/13133703\/Foto-mulher-em-cima-de-uma-balanca.jpg\" alt=\"A perda de peso sem nenhum motivo aparente pode ser um dos principais sintomas de diversos tipos de c\u00e2nceres, tais como: no est\u00f4mago, pulm\u00e3o, p\u00e2ncreas, etc.\" \/><\/div>\n<div class=\"splide__slide\"><img decoding=\"async\" title=\"Mudan\u00e7as persistentes na textura da pele, sem motivo aparente, tamb\u00e9m pode ser um alerta, especialmente se forem incha\u00e7os e caro\u00e7os no seio, pesco\u00e7o, virilha, test\u00edculos, axila e est\u00f4mago\" src=\"https:\/\/www.metropoles.com\/wp-content\/uploads\/wp-content\/uploads\/2022\/04\/13133708\/Foto-pessoa-com-a-mao-no-seio-2.jpg\" alt=\"Mudan\u00e7as persistentes na textura da pele, sem motivo aparente, tamb\u00e9m pode ser um alerta, especialmente se forem incha\u00e7os e caro\u00e7os no seio, pesco\u00e7o, virilha, test\u00edculos, axila e est\u00f4mago\" \/><\/div>\n<div class=\"splide__slide\"><img decoding=\"async\" title=\"A tosse persistente, apesar de ser um sintoma comum de diversas doen\u00e7as, deve ser investigada caso continue por mais de quatro semanas. Se for acompanhada de falta de ar e de sangue, por exemplo, pode ser um indicativo da doen\u00e7a no pulm\u00e3o\" src=\"https:\/\/www.metropoles.com\/wp-content\/uploads\/wp-content\/uploads\/2022\/04\/13133653\/Foto-homem-com-tosse.jpg\" alt=\"A tosse persistente, apesar de ser um sintoma comum de diversas doen\u00e7as, deve ser investigada caso continue por mais de quatro semanas. Se for acompanhada de falta de ar e de sangue, por exemplo, pode ser um indicativo da doen\u00e7a no pulm\u00e3o\" \/><\/div>\n<div class=\"splide__slide\"><img decoding=\"async\" title=\"Outro sinal caracter\u00edstico da exist\u00eancia de um c\u00e2ncer \u00e9 a modifica\u00e7\u00e3o do aspecto de pintas. Mudan\u00e7as no tamanho, cor e formato tamb\u00e9m devem ser investigadas, especialmente se descamarem, sangrarem ou apresentarem l\u00edquido retido\" src=\"https:\/\/www.metropoles.com\/wp-content\/uploads\/wp-content\/uploads\/2022\/04\/13133728\/Foto-pinta-sendo-investigada.jpg\" alt=\"Outro sinal caracter\u00edstico da exist\u00eancia de um c\u00e2ncer \u00e9 a modifica\u00e7\u00e3o do aspecto de pintas. Mudan\u00e7as no tamanho, cor e formato tamb\u00e9m devem ser investigadas, especialmente se descamarem, sangrarem ou apresentarem l\u00edquido retido\" \/><\/div>\n<\/div>\n<\/div>\n<\/div>\n<h4>Do tratamento de sangue ao c\u00e2ncer<\/h4>\n<p>O Mirasol usa a vitamina B2 ativada com luzes ultravioletas para se ligar ao DNA e ao RNA de c\u00e9lulas, o que danifica o material gen\u00e9tico de microrganismos, impedindo a reprodu\u00e7\u00e3o de pat\u00f3genos presentes no sangue tratado. O procedimento prejudica as plaquetas e as c\u00e9lulas doadas, por isso pacientes que recebem sangue tratado costumam precisar de bolsas adicionais.<\/p>\n<p>Segundo Goodrich, a proposta aproveita a experi\u00eancia acumulada em seguran\u00e7a transfusional para explorar poss\u00edvel benef\u00edcio oncol\u00f3gico. A ideia \u00e9 usar as c\u00e9lulas do tumor para desenvolver prote\u00ednas novas (neoant\u00edgenos) a partir do est\u00edmulo do Mirasol que ajudem o sistema imunol\u00f3gico a reconhecer melhor as c\u00e9lulas que n\u00e3o s\u00e3o saud\u00e1veis.<\/p>\n","protected":false},"excerpt":{"rendered":"<p>T\u00e9cnica com luz UV e vitamina B2 usada em transfus\u00f5es ser\u00e1 avaliada como vacina personalizada contra c\u00e2ncer de ov\u00e1rio recorrente Bruno Bucis &#8211; Do M\u00e9tr\u00f3poles Quando fazemos uma doa\u00e7\u00e3o de sangue, este material org\u00e2nico passa por um tratamento com luz ultravioleta associada \u00e0 riboflavina (a vitamina B2) para eliminar uma s\u00e9rie de doen\u00e7as do sangue. [&hellip;]<\/p>\n","protected":false},"author":1,"featured_media":2426,"comment_status":"open","ping_status":"open","sticky":false,"template":"","format":"standard","meta":{"footnotes":"","jetpack_publicize_message":"","jetpack_publicize_feature_enabled":true,"jetpack_social_post_already_shared":true,"jetpack_social_options":{"image_generator_settings":{"template":"highway","default_image_id":0,"font":"","enabled":false},"version":2}},"categories":[37,1],"tags":[],"class_list":["post-2425","post","type-post","status-publish","format-standard","has-post-thumbnail","hentry","category-https-gazetapernambucana-com-page_id212","category-https-gazetapernambucana-com-page_id225"],"yoast_head":"<!-- This site is optimized with the Yoast SEO plugin v24.5 - https:\/\/yoast.com\/wordpress\/plugins\/seo\/ -->\n<title>C\u00e2ncer: m\u00e9todo que purifica sangue ser\u00e1 testado como vacina antitumor -<\/title>\n<meta name=\"robots\" content=\"index, follow, max-snippet:-1, max-image-preview:large, max-video-preview:-1\" \/>\n<link rel=\"canonical\" href=\"http:\/\/gazetapernambucana.com\/?p=2425\" \/>\n<meta property=\"og:locale\" content=\"pt_BR\" \/>\n<meta property=\"og:type\" content=\"article\" \/>\n<meta property=\"og:title\" content=\"C\u00e2ncer: m\u00e9todo que purifica sangue ser\u00e1 testado como vacina antitumor -\" \/>\n<meta property=\"og:description\" content=\"T\u00e9cnica com luz UV e vitamina B2 usada em transfus\u00f5es ser\u00e1 avaliada como vacina personalizada contra c\u00e2ncer de ov\u00e1rio recorrente Bruno Bucis &#8211; Do M\u00e9tr\u00f3poles Quando fazemos uma doa\u00e7\u00e3o de sangue, este material org\u00e2nico passa por um tratamento com luz ultravioleta associada \u00e0 riboflavina (a vitamina B2) para eliminar uma s\u00e9rie de doen\u00e7as do sangue. [&hellip;]\" \/>\n<meta property=\"og:url\" content=\"http:\/\/gazetapernambucana.com\/?p=2425\" \/>\n<meta property=\"article:published_time\" content=\"2026-01-03T03:21:35+00:00\" \/>\n<meta property=\"og:image\" content=\"http:\/\/gazetapernambucana.com\/wp-content\/uploads\/2026\/01\/celulas-cancerigenas-1.jpg\" \/>\n\t<meta property=\"og:image:width\" content=\"1200\" \/>\n\t<meta property=\"og:image:height\" content=\"800\" \/>\n\t<meta property=\"og:image:type\" content=\"image\/jpeg\" \/>\n<meta name=\"author\" content=\"GP\" \/>\n<meta name=\"twitter:card\" content=\"summary_large_image\" \/>\n<meta name=\"twitter:label1\" content=\"Escrito por\" \/>\n\t<meta name=\"twitter:data1\" content=\"GP\" \/>\n\t<meta name=\"twitter:label2\" content=\"Est. tempo de leitura\" \/>\n\t<meta name=\"twitter:data2\" content=\"4 minutos\" \/>\n<script type=\"application\/ld+json\" class=\"yoast-schema-graph\">{\"@context\":\"https:\/\/schema.org\",\"@graph\":[{\"@type\":\"WebPage\",\"@id\":\"http:\/\/gazetapernambucana.com\/?p=2425\",\"url\":\"http:\/\/gazetapernambucana.com\/?p=2425\",\"name\":\"C\u00e2ncer: m\u00e9todo que purifica sangue ser\u00e1 testado como vacina antitumor -\",\"isPartOf\":{\"@id\":\"https:\/\/gazetapernambucana.com\/#website\"},\"primaryImageOfPage\":{\"@id\":\"http:\/\/gazetapernambucana.com\/?p=2425#primaryimage\"},\"image\":{\"@id\":\"http:\/\/gazetapernambucana.com\/?p=2425#primaryimage\"},\"thumbnailUrl\":\"https:\/\/gazetapernambucana.com\/wp-content\/uploads\/2026\/01\/celulas-cancerigenas-1.jpg\",\"datePublished\":\"2026-01-03T03:21:35+00:00\",\"author\":{\"@id\":\"https:\/\/gazetapernambucana.com\/#\/schema\/person\/188dc283325181ac2de4db1e9e987427\"},\"breadcrumb\":{\"@id\":\"http:\/\/gazetapernambucana.com\/?p=2425#breadcrumb\"},\"inLanguage\":\"pt-BR\",\"potentialAction\":[{\"@type\":\"ReadAction\",\"target\":[\"http:\/\/gazetapernambucana.com\/?p=2425\"]}]},{\"@type\":\"ImageObject\",\"inLanguage\":\"pt-BR\",\"@id\":\"http:\/\/gazetapernambucana.com\/?p=2425#primaryimage\",\"url\":\"https:\/\/gazetapernambucana.com\/wp-content\/uploads\/2026\/01\/celulas-cancerigenas-1.jpg\",\"contentUrl\":\"https:\/\/gazetapernambucana.com\/wp-content\/uploads\/2026\/01\/celulas-cancerigenas-1.jpg\",\"width\":1200,\"height\":800,\"caption\":\"Illustration depicting tumour infiltrating lymphocyte (TIL) therapy for cancer treatment. During TIL therapy, T-cells (blue) that recognise tumour cells (red) are obtained from a patient. These cells may be genetically engineered with a transgene and then reintroduced to the patient to treat the tumour cells\"},{\"@type\":\"BreadcrumbList\",\"@id\":\"http:\/\/gazetapernambucana.com\/?p=2425#breadcrumb\",\"itemListElement\":[{\"@type\":\"ListItem\",\"position\":1,\"name\":\"In\u00edcio\",\"item\":\"https:\/\/gazetapernambucana.com\/\"},{\"@type\":\"ListItem\",\"position\":2,\"name\":\"C\u00e2ncer: m\u00e9todo que purifica sangue ser\u00e1 testado como vacina antitumor\"}]},{\"@type\":\"WebSite\",\"@id\":\"https:\/\/gazetapernambucana.com\/#website\",\"url\":\"https:\/\/gazetapernambucana.com\/\",\"name\":\"\",\"description\":\"\",\"potentialAction\":[{\"@type\":\"SearchAction\",\"target\":{\"@type\":\"EntryPoint\",\"urlTemplate\":\"https:\/\/gazetapernambucana.com\/?s={search_term_string}\"},\"query-input\":{\"@type\":\"PropertyValueSpecification\",\"valueRequired\":true,\"valueName\":\"search_term_string\"}}],\"inLanguage\":\"pt-BR\"},{\"@type\":\"Person\",\"@id\":\"https:\/\/gazetapernambucana.com\/#\/schema\/person\/188dc283325181ac2de4db1e9e987427\",\"name\":\"GP\",\"image\":{\"@type\":\"ImageObject\",\"inLanguage\":\"pt-BR\",\"@id\":\"https:\/\/gazetapernambucana.com\/#\/schema\/person\/image\/\",\"url\":\"https:\/\/secure.gravatar.com\/avatar\/9dad78ff9a2d8b5742d11779f8a3f53b052320c550b2e1907882353c067bb111?s=96&d=mm&r=g\",\"contentUrl\":\"https:\/\/secure.gravatar.com\/avatar\/9dad78ff9a2d8b5742d11779f8a3f53b052320c550b2e1907882353c067bb111?s=96&d=mm&r=g\",\"caption\":\"GP\"},\"sameAs\":[\"http:\/\/gazetapernambucana.com\"],\"url\":\"https:\/\/gazetapernambucana.com\/?author=1\"}]}<\/script>\n<!-- \/ Yoast SEO plugin. -->","yoast_head_json":{"title":"C\u00e2ncer: m\u00e9todo que purifica sangue ser\u00e1 testado como vacina antitumor -","robots":{"index":"index","follow":"follow","max-snippet":"max-snippet:-1","max-image-preview":"max-image-preview:large","max-video-preview":"max-video-preview:-1"},"canonical":"http:\/\/gazetapernambucana.com\/?p=2425","og_locale":"pt_BR","og_type":"article","og_title":"C\u00e2ncer: m\u00e9todo que purifica sangue ser\u00e1 testado como vacina antitumor -","og_description":"T\u00e9cnica com luz UV e vitamina B2 usada em transfus\u00f5es ser\u00e1 avaliada como vacina personalizada contra c\u00e2ncer de ov\u00e1rio recorrente Bruno Bucis &#8211; Do M\u00e9tr\u00f3poles Quando fazemos uma doa\u00e7\u00e3o de sangue, este material org\u00e2nico passa por um tratamento com luz ultravioleta associada \u00e0 riboflavina (a vitamina B2) para eliminar uma s\u00e9rie de doen\u00e7as do sangue. [&hellip;]","og_url":"http:\/\/gazetapernambucana.com\/?p=2425","article_published_time":"2026-01-03T03:21:35+00:00","og_image":[{"width":1200,"height":800,"url":"http:\/\/gazetapernambucana.com\/wp-content\/uploads\/2026\/01\/celulas-cancerigenas-1.jpg","type":"image\/jpeg"}],"author":"GP","twitter_card":"summary_large_image","twitter_misc":{"Escrito por":"GP","Est. tempo de leitura":"4 minutos"},"schema":{"@context":"https:\/\/schema.org","@graph":[{"@type":"WebPage","@id":"http:\/\/gazetapernambucana.com\/?p=2425","url":"http:\/\/gazetapernambucana.com\/?p=2425","name":"C\u00e2ncer: m\u00e9todo que purifica sangue ser\u00e1 testado como vacina antitumor -","isPartOf":{"@id":"https:\/\/gazetapernambucana.com\/#website"},"primaryImageOfPage":{"@id":"http:\/\/gazetapernambucana.com\/?p=2425#primaryimage"},"image":{"@id":"http:\/\/gazetapernambucana.com\/?p=2425#primaryimage"},"thumbnailUrl":"https:\/\/gazetapernambucana.com\/wp-content\/uploads\/2026\/01\/celulas-cancerigenas-1.jpg","datePublished":"2026-01-03T03:21:35+00:00","author":{"@id":"https:\/\/gazetapernambucana.com\/#\/schema\/person\/188dc283325181ac2de4db1e9e987427"},"breadcrumb":{"@id":"http:\/\/gazetapernambucana.com\/?p=2425#breadcrumb"},"inLanguage":"pt-BR","potentialAction":[{"@type":"ReadAction","target":["http:\/\/gazetapernambucana.com\/?p=2425"]}]},{"@type":"ImageObject","inLanguage":"pt-BR","@id":"http:\/\/gazetapernambucana.com\/?p=2425#primaryimage","url":"https:\/\/gazetapernambucana.com\/wp-content\/uploads\/2026\/01\/celulas-cancerigenas-1.jpg","contentUrl":"https:\/\/gazetapernambucana.com\/wp-content\/uploads\/2026\/01\/celulas-cancerigenas-1.jpg","width":1200,"height":800,"caption":"Illustration depicting tumour infiltrating lymphocyte (TIL) therapy for cancer treatment. During TIL therapy, T-cells (blue) that recognise tumour cells (red) are obtained from a patient. These cells may be genetically engineered with a transgene and then reintroduced to the patient to treat the tumour cells"},{"@type":"BreadcrumbList","@id":"http:\/\/gazetapernambucana.com\/?p=2425#breadcrumb","itemListElement":[{"@type":"ListItem","position":1,"name":"In\u00edcio","item":"https:\/\/gazetapernambucana.com\/"},{"@type":"ListItem","position":2,"name":"C\u00e2ncer: m\u00e9todo que purifica sangue ser\u00e1 testado como vacina antitumor"}]},{"@type":"WebSite","@id":"https:\/\/gazetapernambucana.com\/#website","url":"https:\/\/gazetapernambucana.com\/","name":"","description":"","potentialAction":[{"@type":"SearchAction","target":{"@type":"EntryPoint","urlTemplate":"https:\/\/gazetapernambucana.com\/?s={search_term_string}"},"query-input":{"@type":"PropertyValueSpecification","valueRequired":true,"valueName":"search_term_string"}}],"inLanguage":"pt-BR"},{"@type":"Person","@id":"https:\/\/gazetapernambucana.com\/#\/schema\/person\/188dc283325181ac2de4db1e9e987427","name":"GP","image":{"@type":"ImageObject","inLanguage":"pt-BR","@id":"https:\/\/gazetapernambucana.com\/#\/schema\/person\/image\/","url":"https:\/\/secure.gravatar.com\/avatar\/9dad78ff9a2d8b5742d11779f8a3f53b052320c550b2e1907882353c067bb111?s=96&d=mm&r=g","contentUrl":"https:\/\/secure.gravatar.com\/avatar\/9dad78ff9a2d8b5742d11779f8a3f53b052320c550b2e1907882353c067bb111?s=96&d=mm&r=g","caption":"GP"},"sameAs":["http:\/\/gazetapernambucana.com"],"url":"https:\/\/gazetapernambucana.com\/?author=1"}]}},"jetpack_publicize_connections":[],"_links":{"self":[{"href":"https:\/\/gazetapernambucana.com\/index.php?rest_route=\/wp\/v2\/posts\/2425","targetHints":{"allow":["GET"]}}],"collection":[{"href":"https:\/\/gazetapernambucana.com\/index.php?rest_route=\/wp\/v2\/posts"}],"about":[{"href":"https:\/\/gazetapernambucana.com\/index.php?rest_route=\/wp\/v2\/types\/post"}],"author":[{"embeddable":true,"href":"https:\/\/gazetapernambucana.com\/index.php?rest_route=\/wp\/v2\/users\/1"}],"replies":[{"embeddable":true,"href":"https:\/\/gazetapernambucana.com\/index.php?rest_route=%2Fwp%2Fv2%2Fcomments&post=2425"}],"version-history":[{"count":1,"href":"https:\/\/gazetapernambucana.com\/index.php?rest_route=\/wp\/v2\/posts\/2425\/revisions"}],"predecessor-version":[{"id":2427,"href":"https:\/\/gazetapernambucana.com\/index.php?rest_route=\/wp\/v2\/posts\/2425\/revisions\/2427"}],"wp:featuredmedia":[{"embeddable":true,"href":"https:\/\/gazetapernambucana.com\/index.php?rest_route=\/wp\/v2\/media\/2426"}],"wp:attachment":[{"href":"https:\/\/gazetapernambucana.com\/index.php?rest_route=%2Fwp%2Fv2%2Fmedia&parent=2425"}],"wp:term":[{"taxonomy":"category","embeddable":true,"href":"https:\/\/gazetapernambucana.com\/index.php?rest_route=%2Fwp%2Fv2%2Fcategories&post=2425"},{"taxonomy":"post_tag","embeddable":true,"href":"https:\/\/gazetapernambucana.com\/index.php?rest_route=%2Fwp%2Fv2%2Ftags&post=2425"}],"curies":[{"name":"wp","href":"https:\/\/api.w.org\/{rel}","templated":true}]}}