{"id":2422,"date":"2026-01-02T23:56:53","date_gmt":"2026-01-03T02:56:53","guid":{"rendered":"https:\/\/gazetapernambucana.com\/?p=2422"},"modified":"2026-01-02T23:56:53","modified_gmt":"2026-01-03T02:56:53","slug":"porto-rebate-deputados-do-governo-e-diz-ser-legal-enviar-veto-a-loa-ao-exame-da-procuradoria-da-alepe","status":"publish","type":"post","link":"https:\/\/gazetapernambucana.com\/?p=2422","title":{"rendered":"Porto rebate deputados do governo e diz ser legal enviar veto \u00e0 LOA ao exame da procuradoria da Alepe"},"content":{"rendered":"<p>O presidente da Assembleia Legislativa (Alepe), \u00c1lvaro Porto (PSDB), divulgou nota rebatendo queixas dos deputados aliados do governo na qual afirma ser absolutamente legal haver decidido encaminhar ao exame da procuradoria a proposta do governo que vetou altera\u00e7\u00f5es da Alepe \u00e0 Lei Or\u00e7ament\u00e1ria Anual (LOA).<\/p>\n<p>\u201cH\u00e1 necessidade de se definir qual rito do processo legislativo que ser\u00e1 adotado e se a tramita\u00e7\u00e3o \u00e9 compat\u00edvel com a pend\u00eancia do exame dos vetos\u201d, justificou. A governadora Raquel Lyra (PSD) vetou mudan\u00e7a na LOA que reduziu de 20% para 10% das dota\u00e7\u00f5es a permiss\u00e3o de remanejamentos or\u00e7ament\u00e1rios.<\/p>\n<p>Em sess\u00e3o nesta sexta-feira (2), o plen\u00e1rio aprovou a realiza\u00e7\u00e3o de sess\u00f5es extraordin\u00e1rias para vota\u00e7\u00e3o de quatro propostas do governo, incluindo vetos a mudan\u00e7as na LOA. A Alepe est\u00e1 de recesso at\u00e9 1\u00ba de fevereiro.<\/p>\n<p>Confira a \u00edntegra da nota.<\/p>\n<p>Nota \u00e0 Imprensa<\/p>\n<p>Com vistas a afastar interpreta\u00e7\u00f5es que n\u00e3o coincidem com a realidade, gostar\u00edamos de esclarecer:<\/p>\n<p>1 \u2013 Hoje, dia 2\/1\/26, foi aprovada a convoca\u00e7\u00e3o extraordin\u00e1ria encaminhada pelo Executivo, constando as mensagens 70\/2025, 71\/2025, 72\/2025 e 73\/2025;<\/p>\n<p>2 \u2013 Das quatro mensagens, duas foram remetidas \u00e0 Procuradoria (70\/2025 e 71\/2025) e as outras duas \u00e0s comiss\u00f5es tem\u00e1ticas (72\/2025 e 73\/2025);<\/p>\n<p>3 \u2013 As mensagens 70\/2025 e 71\/2025 foram remetidas \u00e0 Procuradoria fundadas nas seguintes raz\u00f5es. A) A mensagem 70\/2025 altera a Lei Or\u00e7ament\u00e1ria Anual para o exerc\u00edcio de 2026; lei essa que foi objeto de veto pelo Executivo com rejei\u00e7\u00e3o liminar pelo Presidente da Casa e decis\u00e3o judicial que sustou os efeitos desse ato. H\u00e1 necessidade de se definir qual rito do processo legislativo que ser\u00e1 adotado e se a tramita\u00e7\u00e3o \u00e9 compat\u00edvel com a pend\u00eancia do exame dos vetos. B) A 71\/2025 trata sobre autoriza\u00e7\u00e3o em car\u00e1ter excepcional de repasse de recursos pelo Tribunal de Justi\u00e7a ao Poder Executivo estadual cujo prazo expirou-se no dia 30\/12; data essa, ali\u00e1s, em que o Executivo encaminhou convoca\u00e7\u00e3o extraordin\u00e1ria constando essa mensagem. Diante desse fato, requer-se a an\u00e1lise pr\u00e9via da legalidade e constitucionalidade da proposta;<\/p>\n<p>4 \u2013 A prerrogativa do Presidente em solicitar pronunciamento da Procuradoria est\u00e1 prevista no inciso XIX do artigo 63 do regimento interno combinado com o par\u00e1grafo primeiro do mesmo artigo. A compet\u00eancia da Procuradoria decorre dos incisos VI, VII, IX e XVI do artigo terceiro da lei 15.161\/2013. A an\u00e1lise pr\u00e9via por parte do Presidente est\u00e1 prevista no artigo 213 do Regimento Interno.<\/p>\n<p>\u00c1lvaro Porto<br \/>\nPresidente da Alepe<\/p>\n","protected":false},"excerpt":{"rendered":"<p>O presidente da Assembleia Legislativa (Alepe), \u00c1lvaro Porto (PSDB), divulgou nota rebatendo queixas dos deputados aliados do governo na qual afirma ser absolutamente legal haver decidido encaminhar ao exame da procuradoria a proposta do governo que vetou altera\u00e7\u00f5es da Alepe \u00e0 Lei Or\u00e7ament\u00e1ria Anual (LOA). \u201cH\u00e1 necessidade de se definir qual rito do processo legislativo [&hellip;]<\/p>\n","protected":false},"author":1,"featured_media":2423,"comment_status":"open","ping_status":"open","sticky":false,"template":"","format":"standard","meta":{"footnotes":"","jetpack_publicize_message":"","jetpack_publicize_feature_enabled":true,"jetpack_social_post_already_shared":true,"jetpack_social_options":{"image_generator_settings":{"template":"highway","default_image_id":0,"font":"","enabled":false},"version":2}},"categories":[1,65],"tags":[],"class_list":["post-2422","post","type-post","status-publish","format-standard","has-post-thumbnail","hentry","category-https-gazetapernambucana-com-page_id225","category-politica"],"yoast_head":"<!-- This site is optimized with the Yoast SEO plugin v24.5 - https:\/\/yoast.com\/wordpress\/plugins\/seo\/ -->\n<title>Porto rebate deputados do governo e diz ser legal enviar veto \u00e0 LOA ao exame da procuradoria da Alepe -<\/title>\n<meta name=\"robots\" content=\"index, follow, max-snippet:-1, max-image-preview:large, max-video-preview:-1\" \/>\n<link rel=\"canonical\" href=\"http:\/\/gazetapernambucana.com\/?p=2422\" \/>\n<meta property=\"og:locale\" content=\"pt_BR\" \/>\n<meta property=\"og:type\" content=\"article\" \/>\n<meta property=\"og:title\" content=\"Porto rebate deputados do governo e diz ser legal enviar veto \u00e0 LOA ao exame da procuradoria da Alepe -\" \/>\n<meta property=\"og:description\" content=\"O presidente da Assembleia Legislativa (Alepe), \u00c1lvaro Porto (PSDB), divulgou nota rebatendo queixas dos deputados aliados do governo na qual afirma ser absolutamente legal haver decidido encaminhar ao exame da procuradoria a proposta do governo que vetou altera\u00e7\u00f5es da Alepe \u00e0 Lei Or\u00e7ament\u00e1ria Anual (LOA). \u201cH\u00e1 necessidade de se definir qual rito do processo legislativo [&hellip;]\" \/>\n<meta property=\"og:url\" content=\"http:\/\/gazetapernambucana.com\/?p=2422\" \/>\n<meta property=\"article:published_time\" content=\"2026-01-03T02:56:53+00:00\" \/>\n<meta property=\"og:image\" content=\"http:\/\/gazetapernambucana.com\/wp-content\/uploads\/2026\/01\/IMG_0485-750x375-1.jpeg\" \/>\n\t<meta property=\"og:image:width\" content=\"750\" \/>\n\t<meta property=\"og:image:height\" content=\"375\" \/>\n\t<meta property=\"og:image:type\" content=\"image\/jpeg\" \/>\n<meta name=\"author\" content=\"GP\" \/>\n<meta name=\"twitter:card\" content=\"summary_large_image\" \/>\n<meta name=\"twitter:label1\" content=\"Escrito por\" \/>\n\t<meta name=\"twitter:data1\" content=\"GP\" \/>\n\t<meta name=\"twitter:label2\" content=\"Est. tempo de leitura\" \/>\n\t<meta name=\"twitter:data2\" content=\"3 minutos\" \/>\n<script type=\"application\/ld+json\" class=\"yoast-schema-graph\">{\"@context\":\"https:\/\/schema.org\",\"@graph\":[{\"@type\":\"WebPage\",\"@id\":\"http:\/\/gazetapernambucana.com\/?p=2422\",\"url\":\"http:\/\/gazetapernambucana.com\/?p=2422\",\"name\":\"Porto rebate deputados do governo e diz ser legal enviar veto \u00e0 LOA ao exame da procuradoria da Alepe -\",\"isPartOf\":{\"@id\":\"https:\/\/gazetapernambucana.com\/#website\"},\"primaryImageOfPage\":{\"@id\":\"http:\/\/gazetapernambucana.com\/?p=2422#primaryimage\"},\"image\":{\"@id\":\"http:\/\/gazetapernambucana.com\/?p=2422#primaryimage\"},\"thumbnailUrl\":\"https:\/\/gazetapernambucana.com\/wp-content\/uploads\/2026\/01\/IMG_0485-750x375-1.jpeg\",\"datePublished\":\"2026-01-03T02:56:53+00:00\",\"author\":{\"@id\":\"https:\/\/gazetapernambucana.com\/#\/schema\/person\/188dc283325181ac2de4db1e9e987427\"},\"breadcrumb\":{\"@id\":\"http:\/\/gazetapernambucana.com\/?p=2422#breadcrumb\"},\"inLanguage\":\"pt-BR\",\"potentialAction\":[{\"@type\":\"ReadAction\",\"target\":[\"http:\/\/gazetapernambucana.com\/?p=2422\"]}]},{\"@type\":\"ImageObject\",\"inLanguage\":\"pt-BR\",\"@id\":\"http:\/\/gazetapernambucana.com\/?p=2422#primaryimage\",\"url\":\"https:\/\/gazetapernambucana.com\/wp-content\/uploads\/2026\/01\/IMG_0485-750x375-1.jpeg\",\"contentUrl\":\"https:\/\/gazetapernambucana.com\/wp-content\/uploads\/2026\/01\/IMG_0485-750x375-1.jpeg\",\"width\":750,\"height\":375},{\"@type\":\"BreadcrumbList\",\"@id\":\"http:\/\/gazetapernambucana.com\/?p=2422#breadcrumb\",\"itemListElement\":[{\"@type\":\"ListItem\",\"position\":1,\"name\":\"In\u00edcio\",\"item\":\"https:\/\/gazetapernambucana.com\/\"},{\"@type\":\"ListItem\",\"position\":2,\"name\":\"Porto rebate deputados do governo e diz ser legal enviar veto \u00e0 LOA ao exame da procuradoria da Alepe\"}]},{\"@type\":\"WebSite\",\"@id\":\"https:\/\/gazetapernambucana.com\/#website\",\"url\":\"https:\/\/gazetapernambucana.com\/\",\"name\":\"\",\"description\":\"\",\"potentialAction\":[{\"@type\":\"SearchAction\",\"target\":{\"@type\":\"EntryPoint\",\"urlTemplate\":\"https:\/\/gazetapernambucana.com\/?s={search_term_string}\"},\"query-input\":{\"@type\":\"PropertyValueSpecification\",\"valueRequired\":true,\"valueName\":\"search_term_string\"}}],\"inLanguage\":\"pt-BR\"},{\"@type\":\"Person\",\"@id\":\"https:\/\/gazetapernambucana.com\/#\/schema\/person\/188dc283325181ac2de4db1e9e987427\",\"name\":\"GP\",\"image\":{\"@type\":\"ImageObject\",\"inLanguage\":\"pt-BR\",\"@id\":\"https:\/\/gazetapernambucana.com\/#\/schema\/person\/image\/\",\"url\":\"https:\/\/secure.gravatar.com\/avatar\/9dad78ff9a2d8b5742d11779f8a3f53b052320c550b2e1907882353c067bb111?s=96&d=mm&r=g\",\"contentUrl\":\"https:\/\/secure.gravatar.com\/avatar\/9dad78ff9a2d8b5742d11779f8a3f53b052320c550b2e1907882353c067bb111?s=96&d=mm&r=g\",\"caption\":\"GP\"},\"sameAs\":[\"http:\/\/gazetapernambucana.com\"],\"url\":\"https:\/\/gazetapernambucana.com\/?author=1\"}]}<\/script>\n<!-- \/ Yoast SEO plugin. -->","yoast_head_json":{"title":"Porto rebate deputados do governo e diz ser legal enviar veto \u00e0 LOA ao exame da procuradoria da Alepe -","robots":{"index":"index","follow":"follow","max-snippet":"max-snippet:-1","max-image-preview":"max-image-preview:large","max-video-preview":"max-video-preview:-1"},"canonical":"http:\/\/gazetapernambucana.com\/?p=2422","og_locale":"pt_BR","og_type":"article","og_title":"Porto rebate deputados do governo e diz ser legal enviar veto \u00e0 LOA ao exame da procuradoria da Alepe -","og_description":"O presidente da Assembleia Legislativa (Alepe), \u00c1lvaro Porto (PSDB), divulgou nota rebatendo queixas dos deputados aliados do governo na qual afirma ser absolutamente legal haver decidido encaminhar ao exame da procuradoria a proposta do governo que vetou altera\u00e7\u00f5es da Alepe \u00e0 Lei Or\u00e7ament\u00e1ria Anual (LOA). \u201cH\u00e1 necessidade de se definir qual rito do processo legislativo [&hellip;]","og_url":"http:\/\/gazetapernambucana.com\/?p=2422","article_published_time":"2026-01-03T02:56:53+00:00","og_image":[{"width":750,"height":375,"url":"http:\/\/gazetapernambucana.com\/wp-content\/uploads\/2026\/01\/IMG_0485-750x375-1.jpeg","type":"image\/jpeg"}],"author":"GP","twitter_card":"summary_large_image","twitter_misc":{"Escrito por":"GP","Est. tempo de leitura":"3 minutos"},"schema":{"@context":"https:\/\/schema.org","@graph":[{"@type":"WebPage","@id":"http:\/\/gazetapernambucana.com\/?p=2422","url":"http:\/\/gazetapernambucana.com\/?p=2422","name":"Porto rebate deputados do governo e diz ser legal enviar veto \u00e0 LOA ao exame da procuradoria da Alepe -","isPartOf":{"@id":"https:\/\/gazetapernambucana.com\/#website"},"primaryImageOfPage":{"@id":"http:\/\/gazetapernambucana.com\/?p=2422#primaryimage"},"image":{"@id":"http:\/\/gazetapernambucana.com\/?p=2422#primaryimage"},"thumbnailUrl":"https:\/\/gazetapernambucana.com\/wp-content\/uploads\/2026\/01\/IMG_0485-750x375-1.jpeg","datePublished":"2026-01-03T02:56:53+00:00","author":{"@id":"https:\/\/gazetapernambucana.com\/#\/schema\/person\/188dc283325181ac2de4db1e9e987427"},"breadcrumb":{"@id":"http:\/\/gazetapernambucana.com\/?p=2422#breadcrumb"},"inLanguage":"pt-BR","potentialAction":[{"@type":"ReadAction","target":["http:\/\/gazetapernambucana.com\/?p=2422"]}]},{"@type":"ImageObject","inLanguage":"pt-BR","@id":"http:\/\/gazetapernambucana.com\/?p=2422#primaryimage","url":"https:\/\/gazetapernambucana.com\/wp-content\/uploads\/2026\/01\/IMG_0485-750x375-1.jpeg","contentUrl":"https:\/\/gazetapernambucana.com\/wp-content\/uploads\/2026\/01\/IMG_0485-750x375-1.jpeg","width":750,"height":375},{"@type":"BreadcrumbList","@id":"http:\/\/gazetapernambucana.com\/?p=2422#breadcrumb","itemListElement":[{"@type":"ListItem","position":1,"name":"In\u00edcio","item":"https:\/\/gazetapernambucana.com\/"},{"@type":"ListItem","position":2,"name":"Porto rebate deputados do governo e diz ser legal enviar veto \u00e0 LOA ao exame da procuradoria da Alepe"}]},{"@type":"WebSite","@id":"https:\/\/gazetapernambucana.com\/#website","url":"https:\/\/gazetapernambucana.com\/","name":"","description":"","potentialAction":[{"@type":"SearchAction","target":{"@type":"EntryPoint","urlTemplate":"https:\/\/gazetapernambucana.com\/?s={search_term_string}"},"query-input":{"@type":"PropertyValueSpecification","valueRequired":true,"valueName":"search_term_string"}}],"inLanguage":"pt-BR"},{"@type":"Person","@id":"https:\/\/gazetapernambucana.com\/#\/schema\/person\/188dc283325181ac2de4db1e9e987427","name":"GP","image":{"@type":"ImageObject","inLanguage":"pt-BR","@id":"https:\/\/gazetapernambucana.com\/#\/schema\/person\/image\/","url":"https:\/\/secure.gravatar.com\/avatar\/9dad78ff9a2d8b5742d11779f8a3f53b052320c550b2e1907882353c067bb111?s=96&d=mm&r=g","contentUrl":"https:\/\/secure.gravatar.com\/avatar\/9dad78ff9a2d8b5742d11779f8a3f53b052320c550b2e1907882353c067bb111?s=96&d=mm&r=g","caption":"GP"},"sameAs":["http:\/\/gazetapernambucana.com"],"url":"https:\/\/gazetapernambucana.com\/?author=1"}]}},"jetpack_publicize_connections":[],"_links":{"self":[{"href":"https:\/\/gazetapernambucana.com\/index.php?rest_route=\/wp\/v2\/posts\/2422","targetHints":{"allow":["GET"]}}],"collection":[{"href":"https:\/\/gazetapernambucana.com\/index.php?rest_route=\/wp\/v2\/posts"}],"about":[{"href":"https:\/\/gazetapernambucana.com\/index.php?rest_route=\/wp\/v2\/types\/post"}],"author":[{"embeddable":true,"href":"https:\/\/gazetapernambucana.com\/index.php?rest_route=\/wp\/v2\/users\/1"}],"replies":[{"embeddable":true,"href":"https:\/\/gazetapernambucana.com\/index.php?rest_route=%2Fwp%2Fv2%2Fcomments&post=2422"}],"version-history":[{"count":1,"href":"https:\/\/gazetapernambucana.com\/index.php?rest_route=\/wp\/v2\/posts\/2422\/revisions"}],"predecessor-version":[{"id":2424,"href":"https:\/\/gazetapernambucana.com\/index.php?rest_route=\/wp\/v2\/posts\/2422\/revisions\/2424"}],"wp:featuredmedia":[{"embeddable":true,"href":"https:\/\/gazetapernambucana.com\/index.php?rest_route=\/wp\/v2\/media\/2423"}],"wp:attachment":[{"href":"https:\/\/gazetapernambucana.com\/index.php?rest_route=%2Fwp%2Fv2%2Fmedia&parent=2422"}],"wp:term":[{"taxonomy":"category","embeddable":true,"href":"https:\/\/gazetapernambucana.com\/index.php?rest_route=%2Fwp%2Fv2%2Fcategories&post=2422"},{"taxonomy":"post_tag","embeddable":true,"href":"https:\/\/gazetapernambucana.com\/index.php?rest_route=%2Fwp%2Fv2%2Ftags&post=2422"}],"curies":[{"name":"wp","href":"https:\/\/api.w.org\/{rel}","templated":true}]}}