{"id":2419,"date":"2026-01-02T23:31:34","date_gmt":"2026-01-03T02:31:34","guid":{"rendered":"https:\/\/gazetapernambucana.com\/?p=2419"},"modified":"2026-01-02T23:36:47","modified_gmt":"2026-01-03T02:36:47","slug":"morre-sogro-do-deputado-pedro-campos-em-acidente-de-moto-na-cruz-cabuga","status":"publish","type":"post","link":"https:\/\/gazetapernambucana.com\/?p=2419","title":{"rendered":"Morre sogro do deputado Pedro Campos em acidente de moto na Cruz Cabug\u00e1"},"content":{"rendered":"<div class=\"cabecalhoNot mt-5\">\n<p class=\"descricaoNot font-normal text-[14px] md:text-[14px] tracking-[-3%] my-5\">Sinistro entre motos deixa duas pesssoas mortas em Santo Amaro, no Recife (Karol Rodrigues\/DP Foto)<\/p>\n<\/div>\n<div class=\"corpoNot w-full py-5 text-[16px] font-normal leading-normal tracking-normal text-black\">\n<p>Dois motociclistas morreram ap\u00f3s colidirem um com o outro por volta das 17h30 desta sexta-feira (2) no cruzamento da Avenida Cruz Cabug\u00e1 e a Rua Pedro Afonso, em Santo Amaro, \u00e1rea central do Recife. Uma passageira ficou ferida e precisou ser encaminhada para um hospital.<\/p>\n<p>De acordo com testemunhas do sinistro, o casal que estava em uma moto do modelo estava aguardando o sem\u00e1foro abrir para virar \u00e0 esquerda para a Cruz Cabug\u00e1, enquanto o outro motociclista vinha na dire\u00e7\u00e3o contr\u00e1ria. Quando o sem\u00e1foro abriu, os ve\u00edculos colidiram. Todos usavam capacetes.<\/p>\n<p>\u201cO casal na moto vermelha ia fazer a convers\u00e3o [para a Avenida Cruz Cabug\u00e1]. Eu tinha acabado de passar pelo local\u201d, relata o entregador de aplicativo Tiago Felipe.<\/p>\n<p>Adriana Barbosa, de 50 anos, contou que ouviu o barulho da colis\u00e3o da casa de onde mora, na Rua Astronauta Collins. \u201cJ\u00e1 tinha imaginado que tinha sido acidente, porque sempre tem acidente aqui nessa rua. Esse cruzamento \u00e9 perigoso e os motoristas n\u00e3o respeitam o sinal. Meu filho tamb\u00e9m trabalha por aplicativo e a gente que \u00e9 m\u00e3e pensa logo o pior\u201d, conta.<\/p>\n<p>O sinistro mobilizou quatro viaturas do Samu, quatro da Pol\u00edcia Militar e uma do Corpo de Bombeiros, al\u00e9m do apoio da Autarquia de Tr\u00e2nsito e Transporte Urbano do Recife (CTTU). A mulher que estava como passageiro estava orientada e conversando com os profissionais, enquanto permanecia deitada no ch\u00e3o e com uma mochila para apoiar a cabe\u00e7a. Ela foi encaminhada para um hospital.<\/p>\n<div class=\"container-gallery\">\n<div id=\"gallery-big-hash-1\">\n<div class=\"mySlides\"><a href=\"https:\/\/www.diariodepernambuco.com.br\/_midias\/jpg\/2026\/01\/02\/600x400\/1_whatsapp_image_2026_01_02_at_18_40_25-824485.jpeg?\" data-slide-name=\"Slide1\" data-lg-id=\"10725080-01b1-46ca-ab64-efc3293b509f\"><img loading=\"lazy\" decoding=\"async\" class=\"bigImgSlideGallery\" src=\"https:\/\/www.diariodepernambuco.com.br\/_midias\/jpg\/2026\/01\/02\/600x400\/1_whatsapp_image_2026_01_02_at_18_40_25-824485.jpeg?\" alt=\"Sinistro entre motos deixa duas pesssoas mortas em Santo Amaro, no Recife (Karol Rodrigues\/DP Foto)\" width=\"675\" height=\"450\" \/><\/a>Sinistro entre motos deixa duas pesssoas mortas em Santo Amaro, no Recife (Karol Rodrigues\/DP Foto)<\/div>\n<\/div>\n<div>Fonte: DP<\/div>\n<\/div>\n<\/div>\n","protected":false},"excerpt":{"rendered":"<p>Sinistro entre motos deixa duas pesssoas mortas em Santo Amaro, no Recife (Karol Rodrigues\/DP Foto) Dois motociclistas morreram ap\u00f3s colidirem um com o outro por volta das 17h30 desta sexta-feira (2) no cruzamento da Avenida Cruz Cabug\u00e1 e a Rua Pedro Afonso, em Santo Amaro, \u00e1rea central do Recife. Uma passageira ficou ferida e precisou [&hellip;]<\/p>\n","protected":false},"author":1,"featured_media":2420,"comment_status":"open","ping_status":"open","sticky":false,"template":"","format":"standard","meta":{"footnotes":"","jetpack_publicize_message":"","jetpack_publicize_feature_enabled":true,"jetpack_social_post_already_shared":true,"jetpack_social_options":{"image_generator_settings":{"template":"highway","default_image_id":0,"font":"","enabled":false},"version":2}},"categories":[66,1],"tags":[],"class_list":["post-2419","post","type-post","status-publish","format-standard","has-post-thumbnail","hentry","category-cidades","category-https-gazetapernambucana-com-page_id225"],"yoast_head":"<!-- This site is optimized with the Yoast SEO plugin v24.5 - https:\/\/yoast.com\/wordpress\/plugins\/seo\/ -->\n<title>Morre sogro do deputado Pedro Campos em acidente de moto na Cruz Cabug\u00e1 -<\/title>\n<meta name=\"robots\" content=\"index, follow, max-snippet:-1, max-image-preview:large, max-video-preview:-1\" \/>\n<link rel=\"canonical\" href=\"http:\/\/gazetapernambucana.com\/?p=2419\" \/>\n<meta property=\"og:locale\" content=\"pt_BR\" \/>\n<meta property=\"og:type\" content=\"article\" \/>\n<meta property=\"og:title\" content=\"Morre sogro do deputado Pedro Campos em acidente de moto na Cruz Cabug\u00e1 -\" \/>\n<meta property=\"og:description\" content=\"Sinistro entre motos deixa duas pesssoas mortas em Santo Amaro, no Recife (Karol Rodrigues\/DP Foto) Dois motociclistas morreram ap\u00f3s colidirem um com o outro por volta das 17h30 desta sexta-feira (2) no cruzamento da Avenida Cruz Cabug\u00e1 e a Rua Pedro Afonso, em Santo Amaro, \u00e1rea central do Recife. Uma passageira ficou ferida e precisou [&hellip;]\" \/>\n<meta property=\"og:url\" content=\"http:\/\/gazetapernambucana.com\/?p=2419\" \/>\n<meta property=\"article:published_time\" content=\"2026-01-03T02:31:34+00:00\" \/>\n<meta property=\"article:modified_time\" content=\"2026-01-03T02:36:47+00:00\" \/>\n<meta property=\"og:image\" content=\"http:\/\/gazetapernambucana.com\/wp-content\/uploads\/2026\/01\/whatsapp_image_2026_01_02_at_18_40_25__2_-824473.jpeg\" \/>\n\t<meta property=\"og:image:width\" content=\"1200\" \/>\n\t<meta property=\"og:image:height\" content=\"799\" \/>\n\t<meta property=\"og:image:type\" content=\"image\/jpeg\" \/>\n<meta name=\"author\" content=\"GP\" \/>\n<meta name=\"twitter:card\" content=\"summary_large_image\" \/>\n<meta name=\"twitter:label1\" content=\"Escrito por\" \/>\n\t<meta name=\"twitter:data1\" content=\"GP\" \/>\n\t<meta name=\"twitter:label2\" content=\"Est. tempo de leitura\" \/>\n\t<meta name=\"twitter:data2\" content=\"2 minutos\" \/>\n<script type=\"application\/ld+json\" class=\"yoast-schema-graph\">{\"@context\":\"https:\/\/schema.org\",\"@graph\":[{\"@type\":\"WebPage\",\"@id\":\"http:\/\/gazetapernambucana.com\/?p=2419\",\"url\":\"http:\/\/gazetapernambucana.com\/?p=2419\",\"name\":\"Morre sogro do deputado Pedro Campos em acidente de moto na Cruz Cabug\u00e1 -\",\"isPartOf\":{\"@id\":\"https:\/\/gazetapernambucana.com\/#website\"},\"primaryImageOfPage\":{\"@id\":\"http:\/\/gazetapernambucana.com\/?p=2419#primaryimage\"},\"image\":{\"@id\":\"http:\/\/gazetapernambucana.com\/?p=2419#primaryimage\"},\"thumbnailUrl\":\"https:\/\/gazetapernambucana.com\/wp-content\/uploads\/2026\/01\/whatsapp_image_2026_01_02_at_18_40_25__2_-824473.jpeg\",\"datePublished\":\"2026-01-03T02:31:34+00:00\",\"dateModified\":\"2026-01-03T02:36:47+00:00\",\"author\":{\"@id\":\"https:\/\/gazetapernambucana.com\/#\/schema\/person\/188dc283325181ac2de4db1e9e987427\"},\"breadcrumb\":{\"@id\":\"http:\/\/gazetapernambucana.com\/?p=2419#breadcrumb\"},\"inLanguage\":\"pt-BR\",\"potentialAction\":[{\"@type\":\"ReadAction\",\"target\":[\"http:\/\/gazetapernambucana.com\/?p=2419\"]}]},{\"@type\":\"ImageObject\",\"inLanguage\":\"pt-BR\",\"@id\":\"http:\/\/gazetapernambucana.com\/?p=2419#primaryimage\",\"url\":\"https:\/\/gazetapernambucana.com\/wp-content\/uploads\/2026\/01\/whatsapp_image_2026_01_02_at_18_40_25__2_-824473.jpeg\",\"contentUrl\":\"https:\/\/gazetapernambucana.com\/wp-content\/uploads\/2026\/01\/whatsapp_image_2026_01_02_at_18_40_25__2_-824473.jpeg\",\"width\":1200,\"height\":799},{\"@type\":\"BreadcrumbList\",\"@id\":\"http:\/\/gazetapernambucana.com\/?p=2419#breadcrumb\",\"itemListElement\":[{\"@type\":\"ListItem\",\"position\":1,\"name\":\"In\u00edcio\",\"item\":\"https:\/\/gazetapernambucana.com\/\"},{\"@type\":\"ListItem\",\"position\":2,\"name\":\"Morre sogro do deputado Pedro Campos em acidente de moto na Cruz Cabug\u00e1\"}]},{\"@type\":\"WebSite\",\"@id\":\"https:\/\/gazetapernambucana.com\/#website\",\"url\":\"https:\/\/gazetapernambucana.com\/\",\"name\":\"\",\"description\":\"\",\"potentialAction\":[{\"@type\":\"SearchAction\",\"target\":{\"@type\":\"EntryPoint\",\"urlTemplate\":\"https:\/\/gazetapernambucana.com\/?s={search_term_string}\"},\"query-input\":{\"@type\":\"PropertyValueSpecification\",\"valueRequired\":true,\"valueName\":\"search_term_string\"}}],\"inLanguage\":\"pt-BR\"},{\"@type\":\"Person\",\"@id\":\"https:\/\/gazetapernambucana.com\/#\/schema\/person\/188dc283325181ac2de4db1e9e987427\",\"name\":\"GP\",\"image\":{\"@type\":\"ImageObject\",\"inLanguage\":\"pt-BR\",\"@id\":\"https:\/\/gazetapernambucana.com\/#\/schema\/person\/image\/\",\"url\":\"https:\/\/secure.gravatar.com\/avatar\/9dad78ff9a2d8b5742d11779f8a3f53b052320c550b2e1907882353c067bb111?s=96&d=mm&r=g\",\"contentUrl\":\"https:\/\/secure.gravatar.com\/avatar\/9dad78ff9a2d8b5742d11779f8a3f53b052320c550b2e1907882353c067bb111?s=96&d=mm&r=g\",\"caption\":\"GP\"},\"sameAs\":[\"http:\/\/gazetapernambucana.com\"],\"url\":\"https:\/\/gazetapernambucana.com\/?author=1\"}]}<\/script>\n<!-- \/ Yoast SEO plugin. -->","yoast_head_json":{"title":"Morre sogro do deputado Pedro Campos em acidente de moto na Cruz Cabug\u00e1 -","robots":{"index":"index","follow":"follow","max-snippet":"max-snippet:-1","max-image-preview":"max-image-preview:large","max-video-preview":"max-video-preview:-1"},"canonical":"http:\/\/gazetapernambucana.com\/?p=2419","og_locale":"pt_BR","og_type":"article","og_title":"Morre sogro do deputado Pedro Campos em acidente de moto na Cruz Cabug\u00e1 -","og_description":"Sinistro entre motos deixa duas pesssoas mortas em Santo Amaro, no Recife (Karol Rodrigues\/DP Foto) Dois motociclistas morreram ap\u00f3s colidirem um com o outro por volta das 17h30 desta sexta-feira (2) no cruzamento da Avenida Cruz Cabug\u00e1 e a Rua Pedro Afonso, em Santo Amaro, \u00e1rea central do Recife. Uma passageira ficou ferida e precisou [&hellip;]","og_url":"http:\/\/gazetapernambucana.com\/?p=2419","article_published_time":"2026-01-03T02:31:34+00:00","article_modified_time":"2026-01-03T02:36:47+00:00","og_image":[{"width":1200,"height":799,"url":"http:\/\/gazetapernambucana.com\/wp-content\/uploads\/2026\/01\/whatsapp_image_2026_01_02_at_18_40_25__2_-824473.jpeg","type":"image\/jpeg"}],"author":"GP","twitter_card":"summary_large_image","twitter_misc":{"Escrito por":"GP","Est. tempo de leitura":"2 minutos"},"schema":{"@context":"https:\/\/schema.org","@graph":[{"@type":"WebPage","@id":"http:\/\/gazetapernambucana.com\/?p=2419","url":"http:\/\/gazetapernambucana.com\/?p=2419","name":"Morre sogro do deputado Pedro Campos em acidente de moto na Cruz Cabug\u00e1 -","isPartOf":{"@id":"https:\/\/gazetapernambucana.com\/#website"},"primaryImageOfPage":{"@id":"http:\/\/gazetapernambucana.com\/?p=2419#primaryimage"},"image":{"@id":"http:\/\/gazetapernambucana.com\/?p=2419#primaryimage"},"thumbnailUrl":"https:\/\/gazetapernambucana.com\/wp-content\/uploads\/2026\/01\/whatsapp_image_2026_01_02_at_18_40_25__2_-824473.jpeg","datePublished":"2026-01-03T02:31:34+00:00","dateModified":"2026-01-03T02:36:47+00:00","author":{"@id":"https:\/\/gazetapernambucana.com\/#\/schema\/person\/188dc283325181ac2de4db1e9e987427"},"breadcrumb":{"@id":"http:\/\/gazetapernambucana.com\/?p=2419#breadcrumb"},"inLanguage":"pt-BR","potentialAction":[{"@type":"ReadAction","target":["http:\/\/gazetapernambucana.com\/?p=2419"]}]},{"@type":"ImageObject","inLanguage":"pt-BR","@id":"http:\/\/gazetapernambucana.com\/?p=2419#primaryimage","url":"https:\/\/gazetapernambucana.com\/wp-content\/uploads\/2026\/01\/whatsapp_image_2026_01_02_at_18_40_25__2_-824473.jpeg","contentUrl":"https:\/\/gazetapernambucana.com\/wp-content\/uploads\/2026\/01\/whatsapp_image_2026_01_02_at_18_40_25__2_-824473.jpeg","width":1200,"height":799},{"@type":"BreadcrumbList","@id":"http:\/\/gazetapernambucana.com\/?p=2419#breadcrumb","itemListElement":[{"@type":"ListItem","position":1,"name":"In\u00edcio","item":"https:\/\/gazetapernambucana.com\/"},{"@type":"ListItem","position":2,"name":"Morre sogro do deputado Pedro Campos em acidente de moto na Cruz Cabug\u00e1"}]},{"@type":"WebSite","@id":"https:\/\/gazetapernambucana.com\/#website","url":"https:\/\/gazetapernambucana.com\/","name":"","description":"","potentialAction":[{"@type":"SearchAction","target":{"@type":"EntryPoint","urlTemplate":"https:\/\/gazetapernambucana.com\/?s={search_term_string}"},"query-input":{"@type":"PropertyValueSpecification","valueRequired":true,"valueName":"search_term_string"}}],"inLanguage":"pt-BR"},{"@type":"Person","@id":"https:\/\/gazetapernambucana.com\/#\/schema\/person\/188dc283325181ac2de4db1e9e987427","name":"GP","image":{"@type":"ImageObject","inLanguage":"pt-BR","@id":"https:\/\/gazetapernambucana.com\/#\/schema\/person\/image\/","url":"https:\/\/secure.gravatar.com\/avatar\/9dad78ff9a2d8b5742d11779f8a3f53b052320c550b2e1907882353c067bb111?s=96&d=mm&r=g","contentUrl":"https:\/\/secure.gravatar.com\/avatar\/9dad78ff9a2d8b5742d11779f8a3f53b052320c550b2e1907882353c067bb111?s=96&d=mm&r=g","caption":"GP"},"sameAs":["http:\/\/gazetapernambucana.com"],"url":"https:\/\/gazetapernambucana.com\/?author=1"}]}},"jetpack_publicize_connections":[],"_links":{"self":[{"href":"https:\/\/gazetapernambucana.com\/index.php?rest_route=\/wp\/v2\/posts\/2419","targetHints":{"allow":["GET"]}}],"collection":[{"href":"https:\/\/gazetapernambucana.com\/index.php?rest_route=\/wp\/v2\/posts"}],"about":[{"href":"https:\/\/gazetapernambucana.com\/index.php?rest_route=\/wp\/v2\/types\/post"}],"author":[{"embeddable":true,"href":"https:\/\/gazetapernambucana.com\/index.php?rest_route=\/wp\/v2\/users\/1"}],"replies":[{"embeddable":true,"href":"https:\/\/gazetapernambucana.com\/index.php?rest_route=%2Fwp%2Fv2%2Fcomments&post=2419"}],"version-history":[{"count":1,"href":"https:\/\/gazetapernambucana.com\/index.php?rest_route=\/wp\/v2\/posts\/2419\/revisions"}],"predecessor-version":[{"id":2421,"href":"https:\/\/gazetapernambucana.com\/index.php?rest_route=\/wp\/v2\/posts\/2419\/revisions\/2421"}],"wp:featuredmedia":[{"embeddable":true,"href":"https:\/\/gazetapernambucana.com\/index.php?rest_route=\/wp\/v2\/media\/2420"}],"wp:attachment":[{"href":"https:\/\/gazetapernambucana.com\/index.php?rest_route=%2Fwp%2Fv2%2Fmedia&parent=2419"}],"wp:term":[{"taxonomy":"category","embeddable":true,"href":"https:\/\/gazetapernambucana.com\/index.php?rest_route=%2Fwp%2Fv2%2Fcategories&post=2419"},{"taxonomy":"post_tag","embeddable":true,"href":"https:\/\/gazetapernambucana.com\/index.php?rest_route=%2Fwp%2Fv2%2Ftags&post=2419"}],"curies":[{"name":"wp","href":"https:\/\/api.w.org\/{rel}","templated":true}]}}