{"id":2416,"date":"2026-01-02T23:07:38","date_gmt":"2026-01-03T02:07:38","guid":{"rendered":"https:\/\/gazetapernambucana.com\/?p=2416"},"modified":"2026-01-02T23:07:38","modified_gmt":"2026-01-03T02:07:38","slug":"previa-e-o-que-nao-falta-confira-a-programacao-de-janeiro-em-olinda-e-no-recife","status":"publish","type":"post","link":"https:\/\/gazetapernambucana.com\/?p=2416","title":{"rendered":"Pr\u00e9via \u00e9 o que n\u00e3o falta: confira a programa\u00e7\u00e3o de janeiro em Olinda e no Recife"},"content":{"rendered":"<div class=\"fotoNot\">\n<p class=\"credFotoNot text-[12px] my-2.5 font-medium tracking-[-3%] text-center text-black\">Sombrinha de frevo (Foto: Jan Ribeiro\/Prefeitura de Olinda)<\/p>\n<\/div>\n<p class=\"texto\">As pr\u00e9vias de\u00a0<strong>Carnaval<\/strong>\u00a0j\u00e1 movimentam\u00a0<strong>Olinda<\/strong>\u00a0e\u00a0<strong>Recife<\/strong>\u00a0com uma programa\u00e7\u00e3o intensa ao longo do m\u00eas de janeiro. Tro\u00e7as, blocos, bailes e cortejos ocupam ruas, clubes e pra\u00e7as, reunindo foli\u00f5es de todas as idades. Veja a programa\u00e7\u00e3o detalhada:<\/p>\n<p class=\"texto\">Em Olinda, as pr\u00e9vias come\u00e7aram no dia 1\u00ba de janeiro, com a Tro\u00e7a A Canja, \u00e0s 4h30, no Gr\u00eamio Henrique Dias, seguida por A Sopa, \u00e0s 5h, no Clube Vassourinhas de Olinda. No s\u00e1bado (03), a Tro\u00e7a\u00a0<strong>A Porca de Olinda<\/strong>\u00a0sai ao meio-dia, tamb\u00e9m no Clube Vassourinhas.<\/p>\n<p class=\"texto\">A agenda segue domingo (4), com\u00a0o\u00a0<strong>TCM Garoto de Vassoura<\/strong>\u00a0e a\u00a0<strong>Tro\u00e7a Calunguinha Torto<\/strong>, ambas \u00e0s 13h, nos clubes Atl\u00e2ntico e Vassourinhas de Olinda, respectivamente. \u00c0s 15h, acontece o Arrast\u00e3o Balan\u00e7o Enredo, em frente \u00e0 Focca, e \u00e0s 16h, o ensaio aberto das\u00a0<strong>Sambadeiras<\/strong>, na Rua do Sol, n\u00ba 418. Na segunda-feira (5), a\u00a0<strong>Ceroula de Olinda<\/strong>\u00a0celebra 64 anos, \u00e0s 19h, nos Quatro Cantos.<\/p>\n<p class=\"texto\"><strong>Demais pr\u00e9vias<\/strong><\/p>\n<p class=\"texto\">No dia 10, a programa\u00e7\u00e3o inclui a Pitombeirinha (Infantil), \u00e0s 14h30, na Pra\u00e7a do Carmo; a Tro\u00e7a T\u00f4 a Toa, \u00e0s 13h, no Clube Vassourinhas; a Tro\u00e7a Se Eu Flopar Me Beija, \u00e0s 14h, na Sede do Preto Velho; a Tro\u00e7a Entra em Beco, Sai em Beco, \u00e0s 18h, na Pra\u00e7a da Igreja de S\u00e3o Pedro; e a Festa do Urso \u2013 Bloco do Bicho Maluco Beleza, \u00e0s 19h, na Casa Esta\u00e7\u00e3o da Luz.<\/p>\n<p class=\"texto\">No dia 11, a\u00a0<strong>Tro\u00e7a Menino da Tarde<\/strong>,\u00a0que representa o &#8220;filho&#8221; do Homem da Meia Noite e da Mulher do Dia, sai \u00e0s 11h, no Clube Vassourinhas de Olinda, e a Tro\u00e7a Pitombeira desfila \u00e0s 14h, na Sede da Pitombeira.<\/p>\n<p class=\"texto\">J\u00e1 no dia 17, acontecem o Calunguinha na Folia (Infantil), \u00e0s 14h, no Campo do Bonsucesso; o Baile Vermelho e Verde, \u00e0s 14h, na Mans\u00e3o da Matuta; a Pr\u00e9via Batuques, \u00e0s 15h, no Centro Cultural Luiz Freire; Hoje a Mangueira Entra, \u00e0s 18h, no Clube Atl\u00e2ntico de Olinda; e o Cortejo Meia-Noite Eu Te Conto, \u00e0s 18h30, com concentra\u00e7\u00e3o na Cervejaria Cavalote, na Pra\u00e7a do Carmo.<\/p>\n<p class=\"texto\">No dia 18, o Baile Azul e Branco acontece \u00e0s 11h, no Clube Atl\u00e2ntico de Olinda, e a Tro\u00e7a Lenhadores sai \u00e0s 17h, na Pra\u00e7a do Carmo. No dia 25, a Tro\u00e7a O ? da Boa Vista.<\/p>\n<p class=\"texto\"><strong>Confira a lista completa:\u00a0<\/strong><\/p>\n<p class=\"texto\"><strong>OLINDA<\/strong><\/p>\n<p class=\"texto\"><strong>01\/01<\/strong><br \/>\nTro\u00e7a A Canja<br \/>\nHor\u00e1rio: 4h30<br \/>\nLocal: Gr\u00eamio Henrique Dias<\/p>\n<p class=\"texto\">A Sopa<br \/>\nHor\u00e1rio: 5h<br \/>\nLocal: Vassourinha de Olinda<\/p>\n<p class=\"texto\"><strong>03\/01<\/strong><br \/>\nTro\u00e7a A Porca<br \/>\nHor\u00e1rio: 12h<br \/>\nLocal: Clube Vassourinhas de Olinda<\/p>\n<p class=\"texto\"><strong>04\/01<\/strong><br \/>\nTro\u00e7a Garoto de Vassoura<br \/>\nHor\u00e1rio: 13h<br \/>\nLocal: Clube Atl\u00e2ntico de Olinda<\/p>\n<p class=\"texto\">Tro\u00e7a Calunguinha Torto<br \/>\nHor\u00e1rio: 13h<br \/>\nLocal: Clube Vassourinhas de Olinda<\/p>\n<p class=\"texto\">Arrast\u00e3o Balan\u00e7o Enredo<br \/>\nHor\u00e1rio: 15h<br \/>\nLocal: Em frente \u00e0 Focca<\/p>\n<p class=\"texto\">Sambadeiras<br \/>\nHor\u00e1rio: 16h<br \/>\nLocal: Rua do Sol, 418<\/p>\n<p class=\"texto\"><strong>05\/01<\/strong><br \/>\n64 anos \u2013 Ceroula de Olinda<br \/>\nHor\u00e1rio: 19h<br \/>\nLocal: Quatro Cantos<\/p>\n<p class=\"texto\"><strong>10\/01<\/strong><br \/>\nPitombeirinha (Infantil)<br \/>\nHor\u00e1rio: 14h30<br \/>\nLocal: Pra\u00e7a do Carmo<\/p>\n<p class=\"texto\">Tro\u00e7a T\u00f4 a Toa<br \/>\nHor\u00e1rio: 13h<br \/>\nLocal: Clube Vassourinhas de Olinda<\/p>\n<p class=\"texto\">Tro\u00e7a Se Eu Flopar Me Beija<br \/>\nHor\u00e1rio: 14h<br \/>\nLocal: Sede do Preto Velho<\/p>\n<p class=\"texto\">Tro\u00e7a Entra em Beco, Sai em Beco<br \/>\nHor\u00e1rio: 18h<br \/>\nLocal: Pra\u00e7a da Igreja de S\u00e3o Pedro<\/p>\n<p class=\"texto\">Festa do Urso \u2013 Bloco do Bicho Maluco Beleza<br \/>\nHor\u00e1rio: 19h<br \/>\nLocal: Casa Esta\u00e7\u00e3o da Luz<\/p>\n<p class=\"texto\"><strong>11\/01<\/strong><br \/>\nTro\u00e7a Menino da Tarde<br \/>\nHor\u00e1rio: 11h<br \/>\nLocal: Clube Vassourinhas de Olinda<\/p>\n<p class=\"texto\">Tro\u00e7a Pitombeira<br \/>\nHor\u00e1rio: 14h<br \/>\nLocal: Sede da Pitombeira<\/p>\n<p class=\"texto\"><strong>17\/01<\/strong><br \/>\nCalunguinha na Folia (Infantil)<br \/>\nHor\u00e1rio: 14h<br \/>\nLocal: Campo do Bonsucesso<\/p>\n<p class=\"texto\">Baile Vermelho e Verde<br \/>\nHor\u00e1rio: 14h<br \/>\nLocal: Mans\u00e3o da Matuta<\/p>\n<p class=\"texto\">Pr\u00e9via Batuques<br \/>\nHor\u00e1rio: 15h<br \/>\nLocal: Centro Cultural Luiz Freire<\/p>\n<p class=\"texto\">Hoje a Mangueira Entra<br \/>\nHor\u00e1rio: 18h<br \/>\nLocal: Clube Atl\u00e2ntico de Olinda<\/p>\n<p class=\"texto\">Cortejo Meia-Noite Eu Te Conto<br \/>\nHor\u00e1rio: 18h30<br \/>\nLocal: Cervejaria Cavalote, Pra\u00e7a do Carmo<\/p>\n<p class=\"texto\"><strong>18\/01<\/strong><br \/>\nBaile Azul e Branco<br \/>\nHor\u00e1rio: 11h<br \/>\nLocal: Clube Atl\u00e2ntico de Olinda<\/p>\n<p class=\"texto\">Tro\u00e7a Lenhadores<br \/>\nHor\u00e1rio: 17h<br \/>\nLocal: Pra\u00e7a do Carmo<\/p>\n<p class=\"texto\"><strong>25\/01<\/strong><br \/>\nTro\u00e7a O Raparigueiro<br \/>\nHor\u00e1rio: 13h<br \/>\nLocal: Clube Vassourinhas de Olinda<\/p>\n<p class=\"texto\">Tro\u00e7a Dom Juan do Monte<br \/>\nHor\u00e1rio: 11h<br \/>\nLocal: Rua Jos\u00e9 Borges Souza, 65, Alto do Monte<\/p>\n<p class=\"texto\"><strong>30\/01<\/strong><br \/>\nEnquanto Isso na Sala da Justi\u00e7a<br \/>\nHor\u00e1rio: 21h<br \/>\nLocal: Centro de Conven\u00e7\u00f5es de Olinda<\/p>\n<p class=\"texto\"><strong>31\/01<\/strong><br \/>\nCeroulinha (Infantil)<br \/>\nHor\u00e1rio: 14h<br \/>\nLocal: S\u00edtio Hist\u00f3rico de Olinda<\/p>\n<p class=\"texto\">Trote do Elefante de Olinda<br \/>\nHor\u00e1rio: 17h<br \/>\nLocal: Pra\u00e7a do Jacar\u00e9<\/p>\n<p class=\"texto\"><strong>RECIFE<\/strong><\/p>\n<p class=\"texto\"><strong>10\/01<\/strong><br \/>\nBaile da Macuca<br \/>\nLocal: Recife Antigo<\/p>\n<p class=\"texto\">Ensaios dos Carnavais com Andr\u00e9 Rio<br \/>\nLocal: Sede do Galo da Madrugada<\/p>\n<p class=\"texto\"><strong>18\/01<\/strong><br \/>\nBloco Os Oper\u00e1rios Beer<br \/>\nHor\u00e1rio: 13h<br \/>\nLocal: Avenida Norte, Vasco da Gama<\/p>\n<p class=\"texto\"><strong>24\/01<\/strong><br \/>\nBloco de Seu Ant\u00f4nio<br \/>\nLocal: Arena Boa Viagem<\/p>\n<p class=\"texto\"><strong>30\/01<\/strong><br \/>\nBaile da Imprensa Que Entra<br \/>\nLocal: Clube Internacional do Recife<\/p>\n<p class=\"texto\"><strong>31\/01<\/strong><br \/>\nBal Masqu\u00e9<br \/>\nLocal: Clube Internacional do Recife<\/p>\n<p class=\"texto\">Bloco Amantes de Gl\u00f3ria<br \/>\nHor\u00e1rio: 16h<br \/>\nLocal: Bairro da Boa Vista<\/p>\n","protected":false},"excerpt":{"rendered":"<p>Sombrinha de frevo (Foto: Jan Ribeiro\/Prefeitura de Olinda) As pr\u00e9vias de\u00a0Carnaval\u00a0j\u00e1 movimentam\u00a0Olinda\u00a0e\u00a0Recife\u00a0com uma programa\u00e7\u00e3o intensa ao longo do m\u00eas de janeiro. Tro\u00e7as, blocos, bailes e cortejos ocupam ruas, clubes e pra\u00e7as, reunindo foli\u00f5es de todas as idades. Veja a programa\u00e7\u00e3o detalhada: Em Olinda, as pr\u00e9vias come\u00e7aram no dia 1\u00ba de janeiro, com a Tro\u00e7a A [&hellip;]<\/p>\n","protected":false},"author":1,"featured_media":2417,"comment_status":"open","ping_status":"open","sticky":false,"template":"","format":"standard","meta":{"footnotes":"","jetpack_publicize_message":"","jetpack_publicize_feature_enabled":true,"jetpack_social_post_already_shared":true,"jetpack_social_options":{"image_generator_settings":{"template":"highway","default_image_id":0,"font":"","enabled":false},"version":2}},"categories":[1,35,40],"tags":[],"class_list":["post-2416","post","type-post","status-publish","format-standard","has-post-thumbnail","hentry","category-https-gazetapernambucana-com-page_id225","category-https-gazetapernambucana-com-page_id218","category-https-gazetapernambucana-com-page_id224"],"yoast_head":"<!-- This site is optimized with the Yoast SEO plugin v24.5 - https:\/\/yoast.com\/wordpress\/plugins\/seo\/ -->\n<title>Pr\u00e9via \u00e9 o que n\u00e3o falta: confira a programa\u00e7\u00e3o de janeiro em Olinda e no Recife -<\/title>\n<meta name=\"robots\" content=\"index, follow, max-snippet:-1, max-image-preview:large, max-video-preview:-1\" \/>\n<link rel=\"canonical\" href=\"http:\/\/gazetapernambucana.com\/?p=2416\" \/>\n<meta property=\"og:locale\" content=\"pt_BR\" \/>\n<meta property=\"og:type\" content=\"article\" \/>\n<meta property=\"og:title\" content=\"Pr\u00e9via \u00e9 o que n\u00e3o falta: confira a programa\u00e7\u00e3o de janeiro em Olinda e no Recife -\" \/>\n<meta property=\"og:description\" content=\"Sombrinha de frevo (Foto: Jan Ribeiro\/Prefeitura de Olinda) As pr\u00e9vias de\u00a0Carnaval\u00a0j\u00e1 movimentam\u00a0Olinda\u00a0e\u00a0Recife\u00a0com uma programa\u00e7\u00e3o intensa ao longo do m\u00eas de janeiro. Tro\u00e7as, blocos, bailes e cortejos ocupam ruas, clubes e pra\u00e7as, reunindo foli\u00f5es de todas as idades. Veja a programa\u00e7\u00e3o detalhada: Em Olinda, as pr\u00e9vias come\u00e7aram no dia 1\u00ba de janeiro, com a Tro\u00e7a A [&hellip;]\" \/>\n<meta property=\"og:url\" content=\"http:\/\/gazetapernambucana.com\/?p=2416\" \/>\n<meta property=\"article:published_time\" content=\"2026-01-03T02:07:38+00:00\" \/>\n<meta property=\"og:image\" content=\"http:\/\/gazetapernambucana.com\/wp-content\/uploads\/2026\/01\/copia_de_dp_site-824258.jpg\" \/>\n\t<meta property=\"og:image:width\" content=\"960\" \/>\n\t<meta property=\"og:image:height\" content=\"640\" \/>\n\t<meta property=\"og:image:type\" content=\"image\/jpeg\" \/>\n<meta name=\"author\" content=\"GP\" \/>\n<meta name=\"twitter:card\" content=\"summary_large_image\" \/>\n<meta name=\"twitter:label1\" content=\"Escrito por\" \/>\n\t<meta name=\"twitter:data1\" content=\"GP\" \/>\n\t<meta name=\"twitter:label2\" content=\"Est. tempo de leitura\" \/>\n\t<meta name=\"twitter:data2\" content=\"5 minutos\" \/>\n<script type=\"application\/ld+json\" class=\"yoast-schema-graph\">{\"@context\":\"https:\/\/schema.org\",\"@graph\":[{\"@type\":\"WebPage\",\"@id\":\"http:\/\/gazetapernambucana.com\/?p=2416\",\"url\":\"http:\/\/gazetapernambucana.com\/?p=2416\",\"name\":\"Pr\u00e9via \u00e9 o que n\u00e3o falta: confira a programa\u00e7\u00e3o de janeiro em Olinda e no Recife -\",\"isPartOf\":{\"@id\":\"https:\/\/gazetapernambucana.com\/#website\"},\"primaryImageOfPage\":{\"@id\":\"http:\/\/gazetapernambucana.com\/?p=2416#primaryimage\"},\"image\":{\"@id\":\"http:\/\/gazetapernambucana.com\/?p=2416#primaryimage\"},\"thumbnailUrl\":\"https:\/\/gazetapernambucana.com\/wp-content\/uploads\/2026\/01\/copia_de_dp_site-824258.jpg\",\"datePublished\":\"2026-01-03T02:07:38+00:00\",\"author\":{\"@id\":\"https:\/\/gazetapernambucana.com\/#\/schema\/person\/188dc283325181ac2de4db1e9e987427\"},\"breadcrumb\":{\"@id\":\"http:\/\/gazetapernambucana.com\/?p=2416#breadcrumb\"},\"inLanguage\":\"pt-BR\",\"potentialAction\":[{\"@type\":\"ReadAction\",\"target\":[\"http:\/\/gazetapernambucana.com\/?p=2416\"]}]},{\"@type\":\"ImageObject\",\"inLanguage\":\"pt-BR\",\"@id\":\"http:\/\/gazetapernambucana.com\/?p=2416#primaryimage\",\"url\":\"https:\/\/gazetapernambucana.com\/wp-content\/uploads\/2026\/01\/copia_de_dp_site-824258.jpg\",\"contentUrl\":\"https:\/\/gazetapernambucana.com\/wp-content\/uploads\/2026\/01\/copia_de_dp_site-824258.jpg\",\"width\":960,\"height\":640},{\"@type\":\"BreadcrumbList\",\"@id\":\"http:\/\/gazetapernambucana.com\/?p=2416#breadcrumb\",\"itemListElement\":[{\"@type\":\"ListItem\",\"position\":1,\"name\":\"In\u00edcio\",\"item\":\"https:\/\/gazetapernambucana.com\/\"},{\"@type\":\"ListItem\",\"position\":2,\"name\":\"Pr\u00e9via \u00e9 o que n\u00e3o falta: confira a programa\u00e7\u00e3o de janeiro em Olinda e no Recife\"}]},{\"@type\":\"WebSite\",\"@id\":\"https:\/\/gazetapernambucana.com\/#website\",\"url\":\"https:\/\/gazetapernambucana.com\/\",\"name\":\"\",\"description\":\"\",\"potentialAction\":[{\"@type\":\"SearchAction\",\"target\":{\"@type\":\"EntryPoint\",\"urlTemplate\":\"https:\/\/gazetapernambucana.com\/?s={search_term_string}\"},\"query-input\":{\"@type\":\"PropertyValueSpecification\",\"valueRequired\":true,\"valueName\":\"search_term_string\"}}],\"inLanguage\":\"pt-BR\"},{\"@type\":\"Person\",\"@id\":\"https:\/\/gazetapernambucana.com\/#\/schema\/person\/188dc283325181ac2de4db1e9e987427\",\"name\":\"GP\",\"image\":{\"@type\":\"ImageObject\",\"inLanguage\":\"pt-BR\",\"@id\":\"https:\/\/gazetapernambucana.com\/#\/schema\/person\/image\/\",\"url\":\"https:\/\/secure.gravatar.com\/avatar\/9dad78ff9a2d8b5742d11779f8a3f53b052320c550b2e1907882353c067bb111?s=96&d=mm&r=g\",\"contentUrl\":\"https:\/\/secure.gravatar.com\/avatar\/9dad78ff9a2d8b5742d11779f8a3f53b052320c550b2e1907882353c067bb111?s=96&d=mm&r=g\",\"caption\":\"GP\"},\"sameAs\":[\"http:\/\/gazetapernambucana.com\"],\"url\":\"https:\/\/gazetapernambucana.com\/?author=1\"}]}<\/script>\n<!-- \/ Yoast SEO plugin. -->","yoast_head_json":{"title":"Pr\u00e9via \u00e9 o que n\u00e3o falta: confira a programa\u00e7\u00e3o de janeiro em Olinda e no Recife -","robots":{"index":"index","follow":"follow","max-snippet":"max-snippet:-1","max-image-preview":"max-image-preview:large","max-video-preview":"max-video-preview:-1"},"canonical":"http:\/\/gazetapernambucana.com\/?p=2416","og_locale":"pt_BR","og_type":"article","og_title":"Pr\u00e9via \u00e9 o que n\u00e3o falta: confira a programa\u00e7\u00e3o de janeiro em Olinda e no Recife -","og_description":"Sombrinha de frevo (Foto: Jan Ribeiro\/Prefeitura de Olinda) As pr\u00e9vias de\u00a0Carnaval\u00a0j\u00e1 movimentam\u00a0Olinda\u00a0e\u00a0Recife\u00a0com uma programa\u00e7\u00e3o intensa ao longo do m\u00eas de janeiro. Tro\u00e7as, blocos, bailes e cortejos ocupam ruas, clubes e pra\u00e7as, reunindo foli\u00f5es de todas as idades. Veja a programa\u00e7\u00e3o detalhada: Em Olinda, as pr\u00e9vias come\u00e7aram no dia 1\u00ba de janeiro, com a Tro\u00e7a A [&hellip;]","og_url":"http:\/\/gazetapernambucana.com\/?p=2416","article_published_time":"2026-01-03T02:07:38+00:00","og_image":[{"width":960,"height":640,"url":"http:\/\/gazetapernambucana.com\/wp-content\/uploads\/2026\/01\/copia_de_dp_site-824258.jpg","type":"image\/jpeg"}],"author":"GP","twitter_card":"summary_large_image","twitter_misc":{"Escrito por":"GP","Est. tempo de leitura":"5 minutos"},"schema":{"@context":"https:\/\/schema.org","@graph":[{"@type":"WebPage","@id":"http:\/\/gazetapernambucana.com\/?p=2416","url":"http:\/\/gazetapernambucana.com\/?p=2416","name":"Pr\u00e9via \u00e9 o que n\u00e3o falta: confira a programa\u00e7\u00e3o de janeiro em Olinda e no Recife -","isPartOf":{"@id":"https:\/\/gazetapernambucana.com\/#website"},"primaryImageOfPage":{"@id":"http:\/\/gazetapernambucana.com\/?p=2416#primaryimage"},"image":{"@id":"http:\/\/gazetapernambucana.com\/?p=2416#primaryimage"},"thumbnailUrl":"https:\/\/gazetapernambucana.com\/wp-content\/uploads\/2026\/01\/copia_de_dp_site-824258.jpg","datePublished":"2026-01-03T02:07:38+00:00","author":{"@id":"https:\/\/gazetapernambucana.com\/#\/schema\/person\/188dc283325181ac2de4db1e9e987427"},"breadcrumb":{"@id":"http:\/\/gazetapernambucana.com\/?p=2416#breadcrumb"},"inLanguage":"pt-BR","potentialAction":[{"@type":"ReadAction","target":["http:\/\/gazetapernambucana.com\/?p=2416"]}]},{"@type":"ImageObject","inLanguage":"pt-BR","@id":"http:\/\/gazetapernambucana.com\/?p=2416#primaryimage","url":"https:\/\/gazetapernambucana.com\/wp-content\/uploads\/2026\/01\/copia_de_dp_site-824258.jpg","contentUrl":"https:\/\/gazetapernambucana.com\/wp-content\/uploads\/2026\/01\/copia_de_dp_site-824258.jpg","width":960,"height":640},{"@type":"BreadcrumbList","@id":"http:\/\/gazetapernambucana.com\/?p=2416#breadcrumb","itemListElement":[{"@type":"ListItem","position":1,"name":"In\u00edcio","item":"https:\/\/gazetapernambucana.com\/"},{"@type":"ListItem","position":2,"name":"Pr\u00e9via \u00e9 o que n\u00e3o falta: confira a programa\u00e7\u00e3o de janeiro em Olinda e no Recife"}]},{"@type":"WebSite","@id":"https:\/\/gazetapernambucana.com\/#website","url":"https:\/\/gazetapernambucana.com\/","name":"","description":"","potentialAction":[{"@type":"SearchAction","target":{"@type":"EntryPoint","urlTemplate":"https:\/\/gazetapernambucana.com\/?s={search_term_string}"},"query-input":{"@type":"PropertyValueSpecification","valueRequired":true,"valueName":"search_term_string"}}],"inLanguage":"pt-BR"},{"@type":"Person","@id":"https:\/\/gazetapernambucana.com\/#\/schema\/person\/188dc283325181ac2de4db1e9e987427","name":"GP","image":{"@type":"ImageObject","inLanguage":"pt-BR","@id":"https:\/\/gazetapernambucana.com\/#\/schema\/person\/image\/","url":"https:\/\/secure.gravatar.com\/avatar\/9dad78ff9a2d8b5742d11779f8a3f53b052320c550b2e1907882353c067bb111?s=96&d=mm&r=g","contentUrl":"https:\/\/secure.gravatar.com\/avatar\/9dad78ff9a2d8b5742d11779f8a3f53b052320c550b2e1907882353c067bb111?s=96&d=mm&r=g","caption":"GP"},"sameAs":["http:\/\/gazetapernambucana.com"],"url":"https:\/\/gazetapernambucana.com\/?author=1"}]}},"jetpack_publicize_connections":[],"_links":{"self":[{"href":"https:\/\/gazetapernambucana.com\/index.php?rest_route=\/wp\/v2\/posts\/2416","targetHints":{"allow":["GET"]}}],"collection":[{"href":"https:\/\/gazetapernambucana.com\/index.php?rest_route=\/wp\/v2\/posts"}],"about":[{"href":"https:\/\/gazetapernambucana.com\/index.php?rest_route=\/wp\/v2\/types\/post"}],"author":[{"embeddable":true,"href":"https:\/\/gazetapernambucana.com\/index.php?rest_route=\/wp\/v2\/users\/1"}],"replies":[{"embeddable":true,"href":"https:\/\/gazetapernambucana.com\/index.php?rest_route=%2Fwp%2Fv2%2Fcomments&post=2416"}],"version-history":[{"count":1,"href":"https:\/\/gazetapernambucana.com\/index.php?rest_route=\/wp\/v2\/posts\/2416\/revisions"}],"predecessor-version":[{"id":2418,"href":"https:\/\/gazetapernambucana.com\/index.php?rest_route=\/wp\/v2\/posts\/2416\/revisions\/2418"}],"wp:featuredmedia":[{"embeddable":true,"href":"https:\/\/gazetapernambucana.com\/index.php?rest_route=\/wp\/v2\/media\/2417"}],"wp:attachment":[{"href":"https:\/\/gazetapernambucana.com\/index.php?rest_route=%2Fwp%2Fv2%2Fmedia&parent=2416"}],"wp:term":[{"taxonomy":"category","embeddable":true,"href":"https:\/\/gazetapernambucana.com\/index.php?rest_route=%2Fwp%2Fv2%2Fcategories&post=2416"},{"taxonomy":"post_tag","embeddable":true,"href":"https:\/\/gazetapernambucana.com\/index.php?rest_route=%2Fwp%2Fv2%2Ftags&post=2416"}],"curies":[{"name":"wp","href":"https:\/\/api.w.org\/{rel}","templated":true}]}}