{"id":2413,"date":"2026-01-02T21:09:55","date_gmt":"2026-01-03T00:09:55","guid":{"rendered":"https:\/\/gazetapernambucana.com\/?p=2413"},"modified":"2026-01-02T23:04:26","modified_gmt":"2026-01-03T02:04:26","slug":"um-tubarao-foi-fisgado-na-tarde-da-ultima-quarta-feira-31-na-praia-de-aver-o-mar-em-sirinhaem-no-litoral-sul-de-pernambuco","status":"publish","type":"post","link":"https:\/\/gazetapernambucana.com\/?p=2413","title":{"rendered":"Um tubar\u00e3o foi fisgado na tarde da \u00faltima quarta-feira (31) na praia de Aver-o-Mar, em Sirinha\u00e9m, no Litoral Sul de Pernambuco"},"content":{"rendered":"<p>Um tubar\u00e3o foi fisgado por pescadores na tarde de quarta-feira (31) na praia de Aver-o-Mar, em Sirinha\u00e9m, no Litoral Sul de Pernambuco. A cena da captura e da devolu\u00e7\u00e3o do animal ao mar foi registrada em v\u00eddeo e repercutiu nas redes sociais.<\/p>\n<p>Nas imagens, o tubar\u00e3o aparece sendo puxado at\u00e9 a faixa de areia enquanto algumas pessoas se aproximam para ver o animal, que apresenta corpo robusto e cabe\u00e7a achatada. Pelas caracter\u00edsticas f\u00edsicas, h\u00e1 a possibilidade de ser um tubar\u00e3o-lixa, esp\u00e9cie considerada comum na regi\u00e3o.<\/p>\n<p>Ap\u00f3s a captura, os pr\u00f3prios pescadores realizaram a soltura e o animal retornou ao mar com vida. N\u00e3o houve feridos e a praia n\u00e3o precisou ser interditada.<\/p>\n<p>Por meio de uma postagem no Instagram, usu\u00e1rios pontuaram que a atitude dos envolvidos poderia ter causado algum dano ao animal. \u201cPor que tiraram? Quando foi que as pessoas perderam a empatia e respeito pelos animais? Ele \u00e9 perigoso para banhistas? Sim, mas ele estava no habitat natural dele\u201d, escreveu uma mulher.<\/p>\n<p>A Lei de Crimes Ambientais (Lei n\u00ba 9.605\/1998, Art. 29) estabelece que capturar, perseguir, matar ou utilizar esp\u00e9cies da fauna silvestre sem permiss\u00e3o, licen\u00e7a ou autoriza\u00e7\u00e3o dos \u00f3rg\u00e3os competentes \u00e9 infra\u00e7\u00e3o pass\u00edvel de deten\u00e7\u00e3o de seis meses a um ano e multa. A lei tamb\u00e9m se aplica quando h\u00e1 dano, maus-tratos ou risco \u00e0 sobreviv\u00eancia do animal.<\/p>\n","protected":false},"excerpt":{"rendered":"<p>Um tubar\u00e3o foi fisgado por pescadores na tarde de quarta-feira (31) na praia de Aver-o-Mar, em Sirinha\u00e9m, no Litoral Sul de Pernambuco. A cena da captura e da devolu\u00e7\u00e3o do animal ao mar foi registrada em v\u00eddeo e repercutiu nas redes sociais. Nas imagens, o tubar\u00e3o aparece sendo puxado at\u00e9 a faixa de areia enquanto [&hellip;]<\/p>\n","protected":false},"author":1,"featured_media":2414,"comment_status":"open","ping_status":"open","sticky":false,"template":"","format":"standard","meta":{"footnotes":"","jetpack_publicize_message":"","jetpack_publicize_feature_enabled":true,"jetpack_social_post_already_shared":true,"jetpack_social_options":{"image_generator_settings":{"template":"highway","default_image_id":0,"font":"","enabled":false},"version":2}},"categories":[66,1,69],"tags":[],"class_list":["post-2413","post","type-post","status-publish","format-standard","has-post-thumbnail","hentry","category-cidades","category-https-gazetapernambucana-com-page_id225","category-meio-ambiente"],"yoast_head":"<!-- This site is optimized with the Yoast SEO plugin v24.5 - https:\/\/yoast.com\/wordpress\/plugins\/seo\/ -->\n<title>Um tubar\u00e3o foi fisgado na tarde da \u00faltima quarta-feira (31) na praia de Aver-o-Mar, em Sirinha\u00e9m, no Litoral Sul de Pernambuco -<\/title>\n<meta name=\"robots\" content=\"index, follow, max-snippet:-1, max-image-preview:large, max-video-preview:-1\" \/>\n<link rel=\"canonical\" href=\"http:\/\/gazetapernambucana.com\/?p=2413\" \/>\n<meta property=\"og:locale\" content=\"pt_BR\" \/>\n<meta property=\"og:type\" content=\"article\" \/>\n<meta property=\"og:title\" content=\"Um tubar\u00e3o foi fisgado na tarde da \u00faltima quarta-feira (31) na praia de Aver-o-Mar, em Sirinha\u00e9m, no Litoral Sul de Pernambuco -\" \/>\n<meta property=\"og:description\" content=\"Um tubar\u00e3o foi fisgado por pescadores na tarde de quarta-feira (31) na praia de Aver-o-Mar, em Sirinha\u00e9m, no Litoral Sul de Pernambuco. A cena da captura e da devolu\u00e7\u00e3o do animal ao mar foi registrada em v\u00eddeo e repercutiu nas redes sociais. Nas imagens, o tubar\u00e3o aparece sendo puxado at\u00e9 a faixa de areia enquanto [&hellip;]\" \/>\n<meta property=\"og:url\" content=\"http:\/\/gazetapernambucana.com\/?p=2413\" \/>\n<meta property=\"article:published_time\" content=\"2026-01-03T00:09:55+00:00\" \/>\n<meta property=\"article:modified_time\" content=\"2026-01-03T02:04:26+00:00\" \/>\n<meta property=\"og:image\" content=\"http:\/\/gazetapernambucana.com\/wp-content\/uploads\/2026\/01\/1_whatsapp_image_2026_01_01_at_15_53_59-824067.jpeg\" \/>\n\t<meta property=\"og:image:width\" content=\"1200\" \/>\n\t<meta property=\"og:image:height\" content=\"800\" \/>\n\t<meta property=\"og:image:type\" content=\"image\/jpeg\" \/>\n<meta name=\"author\" content=\"GP\" \/>\n<meta name=\"twitter:card\" content=\"summary_large_image\" \/>\n<meta name=\"twitter:label1\" content=\"Escrito por\" \/>\n\t<meta name=\"twitter:data1\" content=\"GP\" \/>\n\t<meta name=\"twitter:label2\" content=\"Est. tempo de leitura\" \/>\n\t<meta name=\"twitter:data2\" content=\"2 minutos\" \/>\n<script type=\"application\/ld+json\" class=\"yoast-schema-graph\">{\"@context\":\"https:\/\/schema.org\",\"@graph\":[{\"@type\":\"WebPage\",\"@id\":\"http:\/\/gazetapernambucana.com\/?p=2413\",\"url\":\"http:\/\/gazetapernambucana.com\/?p=2413\",\"name\":\"Um tubar\u00e3o foi fisgado na tarde da \u00faltima quarta-feira (31) na praia de Aver-o-Mar, em Sirinha\u00e9m, no Litoral Sul de Pernambuco -\",\"isPartOf\":{\"@id\":\"https:\/\/gazetapernambucana.com\/#website\"},\"primaryImageOfPage\":{\"@id\":\"http:\/\/gazetapernambucana.com\/?p=2413#primaryimage\"},\"image\":{\"@id\":\"http:\/\/gazetapernambucana.com\/?p=2413#primaryimage\"},\"thumbnailUrl\":\"https:\/\/gazetapernambucana.com\/wp-content\/uploads\/2026\/01\/1_whatsapp_image_2026_01_01_at_15_53_59-824067.jpeg\",\"datePublished\":\"2026-01-03T00:09:55+00:00\",\"dateModified\":\"2026-01-03T02:04:26+00:00\",\"author\":{\"@id\":\"https:\/\/gazetapernambucana.com\/#\/schema\/person\/188dc283325181ac2de4db1e9e987427\"},\"breadcrumb\":{\"@id\":\"http:\/\/gazetapernambucana.com\/?p=2413#breadcrumb\"},\"inLanguage\":\"pt-BR\",\"potentialAction\":[{\"@type\":\"ReadAction\",\"target\":[\"http:\/\/gazetapernambucana.com\/?p=2413\"]}]},{\"@type\":\"ImageObject\",\"inLanguage\":\"pt-BR\",\"@id\":\"http:\/\/gazetapernambucana.com\/?p=2413#primaryimage\",\"url\":\"https:\/\/gazetapernambucana.com\/wp-content\/uploads\/2026\/01\/1_whatsapp_image_2026_01_01_at_15_53_59-824067.jpeg\",\"contentUrl\":\"https:\/\/gazetapernambucana.com\/wp-content\/uploads\/2026\/01\/1_whatsapp_image_2026_01_01_at_15_53_59-824067.jpeg\",\"width\":1200,\"height\":800},{\"@type\":\"BreadcrumbList\",\"@id\":\"http:\/\/gazetapernambucana.com\/?p=2413#breadcrumb\",\"itemListElement\":[{\"@type\":\"ListItem\",\"position\":1,\"name\":\"In\u00edcio\",\"item\":\"https:\/\/gazetapernambucana.com\/\"},{\"@type\":\"ListItem\",\"position\":2,\"name\":\"Um tubar\u00e3o foi fisgado na tarde da \u00faltima quarta-feira (31) na praia de Aver-o-Mar, em Sirinha\u00e9m, no Litoral Sul de Pernambuco\"}]},{\"@type\":\"WebSite\",\"@id\":\"https:\/\/gazetapernambucana.com\/#website\",\"url\":\"https:\/\/gazetapernambucana.com\/\",\"name\":\"\",\"description\":\"\",\"potentialAction\":[{\"@type\":\"SearchAction\",\"target\":{\"@type\":\"EntryPoint\",\"urlTemplate\":\"https:\/\/gazetapernambucana.com\/?s={search_term_string}\"},\"query-input\":{\"@type\":\"PropertyValueSpecification\",\"valueRequired\":true,\"valueName\":\"search_term_string\"}}],\"inLanguage\":\"pt-BR\"},{\"@type\":\"Person\",\"@id\":\"https:\/\/gazetapernambucana.com\/#\/schema\/person\/188dc283325181ac2de4db1e9e987427\",\"name\":\"GP\",\"image\":{\"@type\":\"ImageObject\",\"inLanguage\":\"pt-BR\",\"@id\":\"https:\/\/gazetapernambucana.com\/#\/schema\/person\/image\/\",\"url\":\"https:\/\/secure.gravatar.com\/avatar\/9dad78ff9a2d8b5742d11779f8a3f53b052320c550b2e1907882353c067bb111?s=96&d=mm&r=g\",\"contentUrl\":\"https:\/\/secure.gravatar.com\/avatar\/9dad78ff9a2d8b5742d11779f8a3f53b052320c550b2e1907882353c067bb111?s=96&d=mm&r=g\",\"caption\":\"GP\"},\"sameAs\":[\"http:\/\/gazetapernambucana.com\"],\"url\":\"https:\/\/gazetapernambucana.com\/?author=1\"}]}<\/script>\n<!-- \/ Yoast SEO plugin. -->","yoast_head_json":{"title":"Um tubar\u00e3o foi fisgado na tarde da \u00faltima quarta-feira (31) na praia de Aver-o-Mar, em Sirinha\u00e9m, no Litoral Sul de Pernambuco -","robots":{"index":"index","follow":"follow","max-snippet":"max-snippet:-1","max-image-preview":"max-image-preview:large","max-video-preview":"max-video-preview:-1"},"canonical":"http:\/\/gazetapernambucana.com\/?p=2413","og_locale":"pt_BR","og_type":"article","og_title":"Um tubar\u00e3o foi fisgado na tarde da \u00faltima quarta-feira (31) na praia de Aver-o-Mar, em Sirinha\u00e9m, no Litoral Sul de Pernambuco -","og_description":"Um tubar\u00e3o foi fisgado por pescadores na tarde de quarta-feira (31) na praia de Aver-o-Mar, em Sirinha\u00e9m, no Litoral Sul de Pernambuco. A cena da captura e da devolu\u00e7\u00e3o do animal ao mar foi registrada em v\u00eddeo e repercutiu nas redes sociais. Nas imagens, o tubar\u00e3o aparece sendo puxado at\u00e9 a faixa de areia enquanto [&hellip;]","og_url":"http:\/\/gazetapernambucana.com\/?p=2413","article_published_time":"2026-01-03T00:09:55+00:00","article_modified_time":"2026-01-03T02:04:26+00:00","og_image":[{"width":1200,"height":800,"url":"http:\/\/gazetapernambucana.com\/wp-content\/uploads\/2026\/01\/1_whatsapp_image_2026_01_01_at_15_53_59-824067.jpeg","type":"image\/jpeg"}],"author":"GP","twitter_card":"summary_large_image","twitter_misc":{"Escrito por":"GP","Est. tempo de leitura":"2 minutos"},"schema":{"@context":"https:\/\/schema.org","@graph":[{"@type":"WebPage","@id":"http:\/\/gazetapernambucana.com\/?p=2413","url":"http:\/\/gazetapernambucana.com\/?p=2413","name":"Um tubar\u00e3o foi fisgado na tarde da \u00faltima quarta-feira (31) na praia de Aver-o-Mar, em Sirinha\u00e9m, no Litoral Sul de Pernambuco -","isPartOf":{"@id":"https:\/\/gazetapernambucana.com\/#website"},"primaryImageOfPage":{"@id":"http:\/\/gazetapernambucana.com\/?p=2413#primaryimage"},"image":{"@id":"http:\/\/gazetapernambucana.com\/?p=2413#primaryimage"},"thumbnailUrl":"https:\/\/gazetapernambucana.com\/wp-content\/uploads\/2026\/01\/1_whatsapp_image_2026_01_01_at_15_53_59-824067.jpeg","datePublished":"2026-01-03T00:09:55+00:00","dateModified":"2026-01-03T02:04:26+00:00","author":{"@id":"https:\/\/gazetapernambucana.com\/#\/schema\/person\/188dc283325181ac2de4db1e9e987427"},"breadcrumb":{"@id":"http:\/\/gazetapernambucana.com\/?p=2413#breadcrumb"},"inLanguage":"pt-BR","potentialAction":[{"@type":"ReadAction","target":["http:\/\/gazetapernambucana.com\/?p=2413"]}]},{"@type":"ImageObject","inLanguage":"pt-BR","@id":"http:\/\/gazetapernambucana.com\/?p=2413#primaryimage","url":"https:\/\/gazetapernambucana.com\/wp-content\/uploads\/2026\/01\/1_whatsapp_image_2026_01_01_at_15_53_59-824067.jpeg","contentUrl":"https:\/\/gazetapernambucana.com\/wp-content\/uploads\/2026\/01\/1_whatsapp_image_2026_01_01_at_15_53_59-824067.jpeg","width":1200,"height":800},{"@type":"BreadcrumbList","@id":"http:\/\/gazetapernambucana.com\/?p=2413#breadcrumb","itemListElement":[{"@type":"ListItem","position":1,"name":"In\u00edcio","item":"https:\/\/gazetapernambucana.com\/"},{"@type":"ListItem","position":2,"name":"Um tubar\u00e3o foi fisgado na tarde da \u00faltima quarta-feira (31) na praia de Aver-o-Mar, em Sirinha\u00e9m, no Litoral Sul de Pernambuco"}]},{"@type":"WebSite","@id":"https:\/\/gazetapernambucana.com\/#website","url":"https:\/\/gazetapernambucana.com\/","name":"","description":"","potentialAction":[{"@type":"SearchAction","target":{"@type":"EntryPoint","urlTemplate":"https:\/\/gazetapernambucana.com\/?s={search_term_string}"},"query-input":{"@type":"PropertyValueSpecification","valueRequired":true,"valueName":"search_term_string"}}],"inLanguage":"pt-BR"},{"@type":"Person","@id":"https:\/\/gazetapernambucana.com\/#\/schema\/person\/188dc283325181ac2de4db1e9e987427","name":"GP","image":{"@type":"ImageObject","inLanguage":"pt-BR","@id":"https:\/\/gazetapernambucana.com\/#\/schema\/person\/image\/","url":"https:\/\/secure.gravatar.com\/avatar\/9dad78ff9a2d8b5742d11779f8a3f53b052320c550b2e1907882353c067bb111?s=96&d=mm&r=g","contentUrl":"https:\/\/secure.gravatar.com\/avatar\/9dad78ff9a2d8b5742d11779f8a3f53b052320c550b2e1907882353c067bb111?s=96&d=mm&r=g","caption":"GP"},"sameAs":["http:\/\/gazetapernambucana.com"],"url":"https:\/\/gazetapernambucana.com\/?author=1"}]}},"jetpack_publicize_connections":[],"_links":{"self":[{"href":"https:\/\/gazetapernambucana.com\/index.php?rest_route=\/wp\/v2\/posts\/2413","targetHints":{"allow":["GET"]}}],"collection":[{"href":"https:\/\/gazetapernambucana.com\/index.php?rest_route=\/wp\/v2\/posts"}],"about":[{"href":"https:\/\/gazetapernambucana.com\/index.php?rest_route=\/wp\/v2\/types\/post"}],"author":[{"embeddable":true,"href":"https:\/\/gazetapernambucana.com\/index.php?rest_route=\/wp\/v2\/users\/1"}],"replies":[{"embeddable":true,"href":"https:\/\/gazetapernambucana.com\/index.php?rest_route=%2Fwp%2Fv2%2Fcomments&post=2413"}],"version-history":[{"count":1,"href":"https:\/\/gazetapernambucana.com\/index.php?rest_route=\/wp\/v2\/posts\/2413\/revisions"}],"predecessor-version":[{"id":2415,"href":"https:\/\/gazetapernambucana.com\/index.php?rest_route=\/wp\/v2\/posts\/2413\/revisions\/2415"}],"wp:featuredmedia":[{"embeddable":true,"href":"https:\/\/gazetapernambucana.com\/index.php?rest_route=\/wp\/v2\/media\/2414"}],"wp:attachment":[{"href":"https:\/\/gazetapernambucana.com\/index.php?rest_route=%2Fwp%2Fv2%2Fmedia&parent=2413"}],"wp:term":[{"taxonomy":"category","embeddable":true,"href":"https:\/\/gazetapernambucana.com\/index.php?rest_route=%2Fwp%2Fv2%2Fcategories&post=2413"},{"taxonomy":"post_tag","embeddable":true,"href":"https:\/\/gazetapernambucana.com\/index.php?rest_route=%2Fwp%2Fv2%2Ftags&post=2413"}],"curies":[{"name":"wp","href":"https:\/\/api.w.org\/{rel}","templated":true}]}}