{"id":2410,"date":"2026-01-02T00:39:16","date_gmt":"2026-01-02T03:39:16","guid":{"rendered":"https:\/\/gazetapernambucana.com\/?p=2410"},"modified":"2026-01-02T00:39:16","modified_gmt":"2026-01-02T03:39:16","slug":"remendo-que-arrebenta-a-corda-a-crise-da-nomeacao-e-o-desgaste-politico-de-joao-campos","status":"publish","type":"post","link":"https:\/\/gazetapernambucana.com\/?p=2410","title":{"rendered":"Remendo que Arrebenta a Corda: A Crise da Nomea\u00e7\u00e3o e o Desgaste Pol\u00edtico de Jo\u00e3o Campos"},"content":{"rendered":"<p>Quando o gesto de emendar um erro exp\u00f5e, com mais for\u00e7a ainda, o buraco na confian\u00e7a do povo<\/p>\n<p><strong>Recife, janeiro de 2026.<\/strong><\/p>\n<p>O que parecia mais uma decis\u00e3o administrativa foi, na verdade, um dos mais graves erros pol\u00edticos da gest\u00e3o de Jo\u00e3o Campos (PSB) \u00e0 frente da Prefeitura do Recife. <span class=\"selection-highlight cursor-text group is-comment transition-colors bg-yellow-100 dark:bg-yellow-400 dark:bg-yellow-400\/30 group-[.is-comment]:bg-opacity-40\" data-comment-id=\"tdc-0-16a0b418-66e3-4c04-bf3f-7ffeb021440f\">Ao nomear o advogado Lucas Vieira Silva, filho da procuradora de contas Maria Nilda Silva (TCE-PE), para o cargo de procurador municipal com base numa reclassifica\u00e7\u00e3o tardia por TEA (Transtorno do Espectro Autista), Jo\u00e3o feriu princ\u00edpios elementares do concurso p\u00fablico: a isonomia, a vincula\u00e7\u00e3o ao edital e o respeito \u00e0 ordem de classifica\u00e7\u00e3o.<\/span><\/p>\n<p>Lucas havia ficado na 63\u00aa posi\u00e7\u00e3o. Anos depois, apresentou um laudo que o enquadraria como PCD e, por decis\u00e3o administrativa, passou a ocupar a vaga originalmente destinada a Marko Ven\u00edcio dos Santos Batista, o \u00fanico PCD classificado segundo o edital. A nomea\u00e7\u00e3o foi publicada no apagar das luzes de 2025. O esc\u00e2ndalo, contudo, brilhou com toda sua for\u00e7a ao amanhecer de 2026.<\/p>\n<p>A rea\u00e7\u00e3o foi imediata: juristas, procuradores, entidades de classe, a opini\u00e3o p\u00fablica e advers\u00e1rios pol\u00edticos denunciaram a manobra como escandalosa. E pior: com a suspeita de favorecimento a uma figura influente do Tribunal de Contas. <span class=\"selection-highlight cursor-text group is-comment transition-colors bg-yellow-100 dark:bg-yellow-400 group-[.is-comment]:bg-opacity-40 dark:bg-yellow-400\/30\" data-comment-id=\"tdc-1-16a0b418-66e3-4c04-bf3f-7ffeb021440f\">Ainda que n\u00e3o haja prova p\u00fablica de contrapartida ou tr\u00e2nsito de favores, a simples percep\u00e7\u00e3o de privil\u00e9gio foi devastadora.<\/span><\/p>\n<p>O prefeito recuou. Anulou a nomea\u00e7\u00e3o de Lucas e nomeou Marko. Mas a emenda foi pior que o soneto. O recuo r\u00e1pido, embora necess\u00e1rio, tornou-se confiss\u00e3o de erro. E como canta o Trio Nordestino na cl\u00e1ssica &#8220;Na Emenda&#8221;: \u201cNa emenda tem mo\u00e7a que quebra jura, depois n\u00e3o pode emendar\u201d.<\/p>\n<p><span class=\"selection-highlight cursor-text group is-comment transition-colors bg-yellow-100 dark:bg-yellow-400 group-[.is-comment]:bg-opacity-40 dark:bg-yellow-400\/30\" data-comment-id=\"tdc-2-16a0b418-66e3-4c04-bf3f-7ffeb021440f\">Jo\u00e3o Campos, jovem, din\u00e2mico, herdeiro pol\u00edtico de Eduardo Campos, vinha construindo uma imagem de gest\u00e3o moderna e eficiente. Mas com esse gesto, que misturou imprud\u00eancia jur\u00eddica e arrog\u00e2ncia administrativa, ele lan\u00e7ou sombra sobre a confiabilidade de suas decis\u00f5es.<\/span> Em ano eleitoral, isso pesa.<\/p>\n<p>O caso n\u00e3o ser\u00e1 esquecido. Ser\u00e1 rememorado, explorado, ampliado. <span class=\"selection-highlight cursor-text group is-comment transition-colors bg-yellow-100 dark:bg-yellow-400 dark:bg-yellow-400\/30 group-[.is-comment]:bg-opacity-40\" data-comment-id=\"tdc-3-16a0b418-66e3-4c04-bf3f-7ffeb021440f\">Um erro assim n\u00e3o passa sem custo.<\/span> Jo\u00e3o n\u00e3o apenas nomeou mal: ele rompeu a corda da esperan\u00e7a de muitos que ainda viam nele um quadro promissor da nova pol\u00edtica nordestina.<\/p>\n<p>Como na can\u00e7\u00e3o do Trio Nordestino: \u201cNa emenda, o vov\u00f4 emendou vov\u00f3 na hora de emendar\u201d. Aqui, o prefeito tentou emendar um erro com outro remendo. E o povo, que assiste a esse remendo estourado, sente na pele a dor da desconfian\u00e7a. Em 2026, essa corda pode rebentar de vez.<\/p>\n","protected":false},"excerpt":{"rendered":"<p>Quando o gesto de emendar um erro exp\u00f5e, com mais for\u00e7a ainda, o buraco na confian\u00e7a do povo Recife, janeiro de 2026. O que parecia mais uma decis\u00e3o administrativa foi, na verdade, um dos mais graves erros pol\u00edticos da gest\u00e3o de Jo\u00e3o Campos (PSB) \u00e0 frente da Prefeitura do Recife. Ao nomear o advogado Lucas [&hellip;]<\/p>\n","protected":false},"author":1,"featured_media":2411,"comment_status":"open","ping_status":"open","sticky":false,"template":"","format":"standard","meta":{"footnotes":"","jetpack_publicize_message":"","jetpack_publicize_feature_enabled":true,"jetpack_social_post_already_shared":true,"jetpack_social_options":{"image_generator_settings":{"template":"highway","default_image_id":0,"font":"","enabled":false},"version":2}},"categories":[1,65],"tags":[],"class_list":["post-2410","post","type-post","status-publish","format-standard","has-post-thumbnail","hentry","category-https-gazetapernambucana-com-page_id225","category-politica"],"yoast_head":"<!-- This site is optimized with the Yoast SEO plugin v24.5 - https:\/\/yoast.com\/wordpress\/plugins\/seo\/ -->\n<title>Remendo que Arrebenta a Corda: A Crise da Nomea\u00e7\u00e3o e o Desgaste Pol\u00edtico de Jo\u00e3o Campos -<\/title>\n<meta name=\"robots\" content=\"index, follow, max-snippet:-1, max-image-preview:large, max-video-preview:-1\" \/>\n<link rel=\"canonical\" href=\"http:\/\/gazetapernambucana.com\/?p=2410\" \/>\n<meta property=\"og:locale\" content=\"pt_BR\" \/>\n<meta property=\"og:type\" content=\"article\" \/>\n<meta property=\"og:title\" content=\"Remendo que Arrebenta a Corda: A Crise da Nomea\u00e7\u00e3o e o Desgaste Pol\u00edtico de Jo\u00e3o Campos -\" \/>\n<meta property=\"og:description\" content=\"Quando o gesto de emendar um erro exp\u00f5e, com mais for\u00e7a ainda, o buraco na confian\u00e7a do povo Recife, janeiro de 2026. O que parecia mais uma decis\u00e3o administrativa foi, na verdade, um dos mais graves erros pol\u00edticos da gest\u00e3o de Jo\u00e3o Campos (PSB) \u00e0 frente da Prefeitura do Recife. Ao nomear o advogado Lucas [&hellip;]\" \/>\n<meta property=\"og:url\" content=\"http:\/\/gazetapernambucana.com\/?p=2410\" \/>\n<meta property=\"article:published_time\" content=\"2026-01-02T03:39:16+00:00\" \/>\n<meta property=\"og:image\" content=\"http:\/\/gazetapernambucana.com\/wp-content\/uploads\/2026\/01\/images-9.jpg\" \/>\n\t<meta property=\"og:image:width\" content=\"300\" \/>\n\t<meta property=\"og:image:height\" content=\"168\" \/>\n\t<meta property=\"og:image:type\" content=\"image\/jpeg\" \/>\n<meta name=\"author\" content=\"GP\" \/>\n<meta name=\"twitter:card\" content=\"summary_large_image\" \/>\n<meta name=\"twitter:label1\" content=\"Escrito por\" \/>\n\t<meta name=\"twitter:data1\" content=\"GP\" \/>\n\t<meta name=\"twitter:label2\" content=\"Est. tempo de leitura\" \/>\n\t<meta name=\"twitter:data2\" content=\"3 minutos\" \/>\n<script type=\"application\/ld+json\" class=\"yoast-schema-graph\">{\"@context\":\"https:\/\/schema.org\",\"@graph\":[{\"@type\":\"WebPage\",\"@id\":\"http:\/\/gazetapernambucana.com\/?p=2410\",\"url\":\"http:\/\/gazetapernambucana.com\/?p=2410\",\"name\":\"Remendo que Arrebenta a Corda: A Crise da Nomea\u00e7\u00e3o e o Desgaste Pol\u00edtico de Jo\u00e3o Campos -\",\"isPartOf\":{\"@id\":\"https:\/\/gazetapernambucana.com\/#website\"},\"primaryImageOfPage\":{\"@id\":\"http:\/\/gazetapernambucana.com\/?p=2410#primaryimage\"},\"image\":{\"@id\":\"http:\/\/gazetapernambucana.com\/?p=2410#primaryimage\"},\"thumbnailUrl\":\"https:\/\/gazetapernambucana.com\/wp-content\/uploads\/2026\/01\/images-9.jpg\",\"datePublished\":\"2026-01-02T03:39:16+00:00\",\"author\":{\"@id\":\"https:\/\/gazetapernambucana.com\/#\/schema\/person\/188dc283325181ac2de4db1e9e987427\"},\"breadcrumb\":{\"@id\":\"http:\/\/gazetapernambucana.com\/?p=2410#breadcrumb\"},\"inLanguage\":\"pt-BR\",\"potentialAction\":[{\"@type\":\"ReadAction\",\"target\":[\"http:\/\/gazetapernambucana.com\/?p=2410\"]}]},{\"@type\":\"ImageObject\",\"inLanguage\":\"pt-BR\",\"@id\":\"http:\/\/gazetapernambucana.com\/?p=2410#primaryimage\",\"url\":\"https:\/\/gazetapernambucana.com\/wp-content\/uploads\/2026\/01\/images-9.jpg\",\"contentUrl\":\"https:\/\/gazetapernambucana.com\/wp-content\/uploads\/2026\/01\/images-9.jpg\",\"width\":300,\"height\":168},{\"@type\":\"BreadcrumbList\",\"@id\":\"http:\/\/gazetapernambucana.com\/?p=2410#breadcrumb\",\"itemListElement\":[{\"@type\":\"ListItem\",\"position\":1,\"name\":\"In\u00edcio\",\"item\":\"https:\/\/gazetapernambucana.com\/\"},{\"@type\":\"ListItem\",\"position\":2,\"name\":\"Remendo que Arrebenta a Corda: A Crise da Nomea\u00e7\u00e3o e o Desgaste Pol\u00edtico de Jo\u00e3o Campos\"}]},{\"@type\":\"WebSite\",\"@id\":\"https:\/\/gazetapernambucana.com\/#website\",\"url\":\"https:\/\/gazetapernambucana.com\/\",\"name\":\"\",\"description\":\"\",\"potentialAction\":[{\"@type\":\"SearchAction\",\"target\":{\"@type\":\"EntryPoint\",\"urlTemplate\":\"https:\/\/gazetapernambucana.com\/?s={search_term_string}\"},\"query-input\":{\"@type\":\"PropertyValueSpecification\",\"valueRequired\":true,\"valueName\":\"search_term_string\"}}],\"inLanguage\":\"pt-BR\"},{\"@type\":\"Person\",\"@id\":\"https:\/\/gazetapernambucana.com\/#\/schema\/person\/188dc283325181ac2de4db1e9e987427\",\"name\":\"GP\",\"image\":{\"@type\":\"ImageObject\",\"inLanguage\":\"pt-BR\",\"@id\":\"https:\/\/gazetapernambucana.com\/#\/schema\/person\/image\/\",\"url\":\"https:\/\/secure.gravatar.com\/avatar\/9dad78ff9a2d8b5742d11779f8a3f53b052320c550b2e1907882353c067bb111?s=96&d=mm&r=g\",\"contentUrl\":\"https:\/\/secure.gravatar.com\/avatar\/9dad78ff9a2d8b5742d11779f8a3f53b052320c550b2e1907882353c067bb111?s=96&d=mm&r=g\",\"caption\":\"GP\"},\"sameAs\":[\"http:\/\/gazetapernambucana.com\"],\"url\":\"https:\/\/gazetapernambucana.com\/?author=1\"}]}<\/script>\n<!-- \/ Yoast SEO plugin. -->","yoast_head_json":{"title":"Remendo que Arrebenta a Corda: A Crise da Nomea\u00e7\u00e3o e o Desgaste Pol\u00edtico de Jo\u00e3o Campos -","robots":{"index":"index","follow":"follow","max-snippet":"max-snippet:-1","max-image-preview":"max-image-preview:large","max-video-preview":"max-video-preview:-1"},"canonical":"http:\/\/gazetapernambucana.com\/?p=2410","og_locale":"pt_BR","og_type":"article","og_title":"Remendo que Arrebenta a Corda: A Crise da Nomea\u00e7\u00e3o e o Desgaste Pol\u00edtico de Jo\u00e3o Campos -","og_description":"Quando o gesto de emendar um erro exp\u00f5e, com mais for\u00e7a ainda, o buraco na confian\u00e7a do povo Recife, janeiro de 2026. O que parecia mais uma decis\u00e3o administrativa foi, na verdade, um dos mais graves erros pol\u00edticos da gest\u00e3o de Jo\u00e3o Campos (PSB) \u00e0 frente da Prefeitura do Recife. Ao nomear o advogado Lucas [&hellip;]","og_url":"http:\/\/gazetapernambucana.com\/?p=2410","article_published_time":"2026-01-02T03:39:16+00:00","og_image":[{"width":300,"height":168,"url":"http:\/\/gazetapernambucana.com\/wp-content\/uploads\/2026\/01\/images-9.jpg","type":"image\/jpeg"}],"author":"GP","twitter_card":"summary_large_image","twitter_misc":{"Escrito por":"GP","Est. tempo de leitura":"3 minutos"},"schema":{"@context":"https:\/\/schema.org","@graph":[{"@type":"WebPage","@id":"http:\/\/gazetapernambucana.com\/?p=2410","url":"http:\/\/gazetapernambucana.com\/?p=2410","name":"Remendo que Arrebenta a Corda: A Crise da Nomea\u00e7\u00e3o e o Desgaste Pol\u00edtico de Jo\u00e3o Campos -","isPartOf":{"@id":"https:\/\/gazetapernambucana.com\/#website"},"primaryImageOfPage":{"@id":"http:\/\/gazetapernambucana.com\/?p=2410#primaryimage"},"image":{"@id":"http:\/\/gazetapernambucana.com\/?p=2410#primaryimage"},"thumbnailUrl":"https:\/\/gazetapernambucana.com\/wp-content\/uploads\/2026\/01\/images-9.jpg","datePublished":"2026-01-02T03:39:16+00:00","author":{"@id":"https:\/\/gazetapernambucana.com\/#\/schema\/person\/188dc283325181ac2de4db1e9e987427"},"breadcrumb":{"@id":"http:\/\/gazetapernambucana.com\/?p=2410#breadcrumb"},"inLanguage":"pt-BR","potentialAction":[{"@type":"ReadAction","target":["http:\/\/gazetapernambucana.com\/?p=2410"]}]},{"@type":"ImageObject","inLanguage":"pt-BR","@id":"http:\/\/gazetapernambucana.com\/?p=2410#primaryimage","url":"https:\/\/gazetapernambucana.com\/wp-content\/uploads\/2026\/01\/images-9.jpg","contentUrl":"https:\/\/gazetapernambucana.com\/wp-content\/uploads\/2026\/01\/images-9.jpg","width":300,"height":168},{"@type":"BreadcrumbList","@id":"http:\/\/gazetapernambucana.com\/?p=2410#breadcrumb","itemListElement":[{"@type":"ListItem","position":1,"name":"In\u00edcio","item":"https:\/\/gazetapernambucana.com\/"},{"@type":"ListItem","position":2,"name":"Remendo que Arrebenta a Corda: A Crise da Nomea\u00e7\u00e3o e o Desgaste Pol\u00edtico de Jo\u00e3o Campos"}]},{"@type":"WebSite","@id":"https:\/\/gazetapernambucana.com\/#website","url":"https:\/\/gazetapernambucana.com\/","name":"","description":"","potentialAction":[{"@type":"SearchAction","target":{"@type":"EntryPoint","urlTemplate":"https:\/\/gazetapernambucana.com\/?s={search_term_string}"},"query-input":{"@type":"PropertyValueSpecification","valueRequired":true,"valueName":"search_term_string"}}],"inLanguage":"pt-BR"},{"@type":"Person","@id":"https:\/\/gazetapernambucana.com\/#\/schema\/person\/188dc283325181ac2de4db1e9e987427","name":"GP","image":{"@type":"ImageObject","inLanguage":"pt-BR","@id":"https:\/\/gazetapernambucana.com\/#\/schema\/person\/image\/","url":"https:\/\/secure.gravatar.com\/avatar\/9dad78ff9a2d8b5742d11779f8a3f53b052320c550b2e1907882353c067bb111?s=96&d=mm&r=g","contentUrl":"https:\/\/secure.gravatar.com\/avatar\/9dad78ff9a2d8b5742d11779f8a3f53b052320c550b2e1907882353c067bb111?s=96&d=mm&r=g","caption":"GP"},"sameAs":["http:\/\/gazetapernambucana.com"],"url":"https:\/\/gazetapernambucana.com\/?author=1"}]}},"jetpack_publicize_connections":[],"_links":{"self":[{"href":"https:\/\/gazetapernambucana.com\/index.php?rest_route=\/wp\/v2\/posts\/2410","targetHints":{"allow":["GET"]}}],"collection":[{"href":"https:\/\/gazetapernambucana.com\/index.php?rest_route=\/wp\/v2\/posts"}],"about":[{"href":"https:\/\/gazetapernambucana.com\/index.php?rest_route=\/wp\/v2\/types\/post"}],"author":[{"embeddable":true,"href":"https:\/\/gazetapernambucana.com\/index.php?rest_route=\/wp\/v2\/users\/1"}],"replies":[{"embeddable":true,"href":"https:\/\/gazetapernambucana.com\/index.php?rest_route=%2Fwp%2Fv2%2Fcomments&post=2410"}],"version-history":[{"count":1,"href":"https:\/\/gazetapernambucana.com\/index.php?rest_route=\/wp\/v2\/posts\/2410\/revisions"}],"predecessor-version":[{"id":2412,"href":"https:\/\/gazetapernambucana.com\/index.php?rest_route=\/wp\/v2\/posts\/2410\/revisions\/2412"}],"wp:featuredmedia":[{"embeddable":true,"href":"https:\/\/gazetapernambucana.com\/index.php?rest_route=\/wp\/v2\/media\/2411"}],"wp:attachment":[{"href":"https:\/\/gazetapernambucana.com\/index.php?rest_route=%2Fwp%2Fv2%2Fmedia&parent=2410"}],"wp:term":[{"taxonomy":"category","embeddable":true,"href":"https:\/\/gazetapernambucana.com\/index.php?rest_route=%2Fwp%2Fv2%2Fcategories&post=2410"},{"taxonomy":"post_tag","embeddable":true,"href":"https:\/\/gazetapernambucana.com\/index.php?rest_route=%2Fwp%2Fv2%2Ftags&post=2410"}],"curies":[{"name":"wp","href":"https:\/\/api.w.org\/{rel}","templated":true}]}}