{"id":2406,"date":"2026-01-01T23:29:12","date_gmt":"2026-01-02T02:29:12","guid":{"rendered":"https:\/\/gazetapernambucana.com\/?p=2406"},"modified":"2026-01-01T23:30:29","modified_gmt":"2026-01-02T02:30:29","slug":"raquel-lyraconfirma-crescimento-na-pesquisa-simplex-cbn","status":"publish","type":"post","link":"https:\/\/gazetapernambucana.com\/?p=2406","title":{"rendered":"Raquel lyra confirma crescimento  na pesquisa Simplex\/CBN"},"content":{"rendered":"<div class=\"post_title\"><\/div>\n<div class=\"b-author mb-3\"><\/div>\n<div class=\"entry\">\n<p><strong>Do Blog do Elielson<\/strong><\/p>\n<p>A pesquisa Simplex\/CBN, divulgada nesta quarta-feira (31), mostra o prefeito do Recife, Jo\u00e3o Campos (PSB), com 48% dos votos totais ao governo de Pernambuco no cen\u00e1rio estimulado \u2013 contra 36,2% da governadora Raquel Lyra (PSD).<\/p>\n<p>Eduardo Moura (NOVO), tem 3%, j\u00e1 Ivan Moraes (PSOL), 1%. Brancos ou Nulos foram 4,7%, enquanto que 7,1% n\u00e3o souberam ou n\u00e3o responderam. O instituto Simplex ouviu 1.067 pessoas de 112 munic\u00edpios, por telefone, entre os dias 26 e 29 de dezembro. A margem de erro \u00e9 de 3% e o grau de confian\u00e7a \u00e9 de 95%.<\/p>\n<p>Quanto aos votos, Jo\u00e3o Campos (PSB) aparece com 54,4% contra 41% de Raquel Lyra (PSD). Eduardo Moura (NOVO) e Ivan Moraes (PSOL) t\u00eam, respectivamente, 1,2%. Confira:<\/p>\n<p><strong>Votos totais<\/strong><br \/>\nJo\u00e3o Campos (PSB) \u2013 48%\u2028Raquel Lyra (PSD) \u2013 36,2%\u2028Eduardo Moura (NOVO) \u2013 3%\u2028Ivan Moraes (PSOL) \u2013 1%\u2028Branco\/Nulo\/Nenhum \u2013 4,7%\u2028NS\/NR \u2013 7,1%<\/p>\n<p><strong>Votos v\u00e1lidos<\/strong><br \/>\nJo\u00e3o Campos (PSB) \u2013 54,4%\u2028Raquel Lyra (PSD) \u2013 41%\u2028Eduardo Moura (NOVO) \u2013 3,4%\u2028Ivan Moraes (PSOL) \u2013 1,2%<\/p>\n<p><strong>Cen\u00e1rio espont\u00e2neo<\/strong><br \/>\nJ\u00e1 no cen\u00e1rio espont\u00e2neo, quando os entrevistados citam os candidatos que pretendem votar, Jo\u00e3o Campos (PSB) aparece com 32,6%, e a governadora de Pernambuco, Raquel Lyra (PSD), tem 27%. Outros candidatos somaram 1,8%, enquanto que os votos brancos e nulos chegaram a 3,7%. N\u00e3o souberam ou n\u00e3o responderam 34,9% dos entrevistados. Quanto aos votos v\u00e1lidos, Jo\u00e3o Campos (PSB) tem 53,1% e Raquel Lyra (PSD), 44%. Outros candidatos somaram 2,9%.<\/p>\n<\/div>\n","protected":false},"excerpt":{"rendered":"<p>Do Blog do Elielson A pesquisa Simplex\/CBN, divulgada nesta quarta-feira (31), mostra o prefeito do Recife, Jo\u00e3o Campos (PSB), com 48% dos votos totais ao governo de Pernambuco no cen\u00e1rio estimulado \u2013 contra 36,2% da governadora Raquel Lyra (PSD). Eduardo Moura (NOVO), tem 3%, j\u00e1 Ivan Moraes (PSOL), 1%. Brancos ou Nulos foram 4,7%, enquanto [&hellip;]<\/p>\n","protected":false},"author":1,"featured_media":2407,"comment_status":"open","ping_status":"open","sticky":false,"template":"","format":"standard","meta":{"footnotes":"","jetpack_publicize_message":"","jetpack_publicize_feature_enabled":true,"jetpack_social_post_already_shared":true,"jetpack_social_options":{"image_generator_settings":{"template":"highway","default_image_id":0,"font":"","enabled":false},"version":2}},"categories":[1,65],"tags":[],"class_list":["post-2406","post","type-post","status-publish","format-standard","has-post-thumbnail","hentry","category-https-gazetapernambucana-com-page_id225","category-politica"],"yoast_head":"<!-- This site is optimized with the Yoast SEO plugin v24.5 - https:\/\/yoast.com\/wordpress\/plugins\/seo\/ -->\n<title>Raquel lyra confirma crescimento na pesquisa Simplex\/CBN -<\/title>\n<meta name=\"robots\" content=\"index, follow, max-snippet:-1, max-image-preview:large, max-video-preview:-1\" \/>\n<link rel=\"canonical\" href=\"http:\/\/gazetapernambucana.com\/?p=2406\" \/>\n<meta property=\"og:locale\" content=\"pt_BR\" \/>\n<meta property=\"og:type\" content=\"article\" \/>\n<meta property=\"og:title\" content=\"Raquel lyra confirma crescimento na pesquisa Simplex\/CBN -\" \/>\n<meta property=\"og:description\" content=\"Do Blog do Elielson A pesquisa Simplex\/CBN, divulgada nesta quarta-feira (31), mostra o prefeito do Recife, Jo\u00e3o Campos (PSB), com 48% dos votos totais ao governo de Pernambuco no cen\u00e1rio estimulado \u2013 contra 36,2% da governadora Raquel Lyra (PSD). Eduardo Moura (NOVO), tem 3%, j\u00e1 Ivan Moraes (PSOL), 1%. Brancos ou Nulos foram 4,7%, enquanto [&hellip;]\" \/>\n<meta property=\"og:url\" content=\"http:\/\/gazetapernambucana.com\/?p=2406\" \/>\n<meta property=\"article:published_time\" content=\"2026-01-02T02:29:12+00:00\" \/>\n<meta property=\"article:modified_time\" content=\"2026-01-02T02:30:29+00:00\" \/>\n<meta property=\"og:image\" content=\"http:\/\/gazetapernambucana.com\/wp-content\/uploads\/2026\/01\/IMG_3979-1536x1023-1.jpeg\" \/>\n\t<meta property=\"og:image:width\" content=\"1536\" \/>\n\t<meta property=\"og:image:height\" content=\"1023\" \/>\n\t<meta property=\"og:image:type\" content=\"image\/jpeg\" \/>\n<meta name=\"author\" content=\"GP\" \/>\n<meta name=\"twitter:card\" content=\"summary_large_image\" \/>\n<meta name=\"twitter:label1\" content=\"Escrito por\" \/>\n\t<meta name=\"twitter:data1\" content=\"GP\" \/>\n\t<meta name=\"twitter:label2\" content=\"Est. tempo de leitura\" \/>\n\t<meta name=\"twitter:data2\" content=\"2 minutos\" \/>\n<script type=\"application\/ld+json\" class=\"yoast-schema-graph\">{\"@context\":\"https:\/\/schema.org\",\"@graph\":[{\"@type\":\"WebPage\",\"@id\":\"http:\/\/gazetapernambucana.com\/?p=2406\",\"url\":\"http:\/\/gazetapernambucana.com\/?p=2406\",\"name\":\"Raquel lyra confirma crescimento na pesquisa Simplex\/CBN -\",\"isPartOf\":{\"@id\":\"https:\/\/gazetapernambucana.com\/#website\"},\"primaryImageOfPage\":{\"@id\":\"http:\/\/gazetapernambucana.com\/?p=2406#primaryimage\"},\"image\":{\"@id\":\"http:\/\/gazetapernambucana.com\/?p=2406#primaryimage\"},\"thumbnailUrl\":\"https:\/\/gazetapernambucana.com\/wp-content\/uploads\/2026\/01\/IMG_3979-1536x1023-1.jpeg\",\"datePublished\":\"2026-01-02T02:29:12+00:00\",\"dateModified\":\"2026-01-02T02:30:29+00:00\",\"author\":{\"@id\":\"https:\/\/gazetapernambucana.com\/#\/schema\/person\/188dc283325181ac2de4db1e9e987427\"},\"breadcrumb\":{\"@id\":\"http:\/\/gazetapernambucana.com\/?p=2406#breadcrumb\"},\"inLanguage\":\"pt-BR\",\"potentialAction\":[{\"@type\":\"ReadAction\",\"target\":[\"http:\/\/gazetapernambucana.com\/?p=2406\"]}]},{\"@type\":\"ImageObject\",\"inLanguage\":\"pt-BR\",\"@id\":\"http:\/\/gazetapernambucana.com\/?p=2406#primaryimage\",\"url\":\"https:\/\/gazetapernambucana.com\/wp-content\/uploads\/2026\/01\/IMG_3979-1536x1023-1.jpeg\",\"contentUrl\":\"https:\/\/gazetapernambucana.com\/wp-content\/uploads\/2026\/01\/IMG_3979-1536x1023-1.jpeg\",\"width\":1536,\"height\":1023},{\"@type\":\"BreadcrumbList\",\"@id\":\"http:\/\/gazetapernambucana.com\/?p=2406#breadcrumb\",\"itemListElement\":[{\"@type\":\"ListItem\",\"position\":1,\"name\":\"In\u00edcio\",\"item\":\"https:\/\/gazetapernambucana.com\/\"},{\"@type\":\"ListItem\",\"position\":2,\"name\":\"Raquel lyra confirma crescimento na pesquisa Simplex\/CBN\"}]},{\"@type\":\"WebSite\",\"@id\":\"https:\/\/gazetapernambucana.com\/#website\",\"url\":\"https:\/\/gazetapernambucana.com\/\",\"name\":\"\",\"description\":\"\",\"potentialAction\":[{\"@type\":\"SearchAction\",\"target\":{\"@type\":\"EntryPoint\",\"urlTemplate\":\"https:\/\/gazetapernambucana.com\/?s={search_term_string}\"},\"query-input\":{\"@type\":\"PropertyValueSpecification\",\"valueRequired\":true,\"valueName\":\"search_term_string\"}}],\"inLanguage\":\"pt-BR\"},{\"@type\":\"Person\",\"@id\":\"https:\/\/gazetapernambucana.com\/#\/schema\/person\/188dc283325181ac2de4db1e9e987427\",\"name\":\"GP\",\"image\":{\"@type\":\"ImageObject\",\"inLanguage\":\"pt-BR\",\"@id\":\"https:\/\/gazetapernambucana.com\/#\/schema\/person\/image\/\",\"url\":\"https:\/\/secure.gravatar.com\/avatar\/9dad78ff9a2d8b5742d11779f8a3f53b052320c550b2e1907882353c067bb111?s=96&d=mm&r=g\",\"contentUrl\":\"https:\/\/secure.gravatar.com\/avatar\/9dad78ff9a2d8b5742d11779f8a3f53b052320c550b2e1907882353c067bb111?s=96&d=mm&r=g\",\"caption\":\"GP\"},\"sameAs\":[\"http:\/\/gazetapernambucana.com\"],\"url\":\"https:\/\/gazetapernambucana.com\/?author=1\"}]}<\/script>\n<!-- \/ Yoast SEO plugin. -->","yoast_head_json":{"title":"Raquel lyra confirma crescimento na pesquisa Simplex\/CBN -","robots":{"index":"index","follow":"follow","max-snippet":"max-snippet:-1","max-image-preview":"max-image-preview:large","max-video-preview":"max-video-preview:-1"},"canonical":"http:\/\/gazetapernambucana.com\/?p=2406","og_locale":"pt_BR","og_type":"article","og_title":"Raquel lyra confirma crescimento na pesquisa Simplex\/CBN -","og_description":"Do Blog do Elielson A pesquisa Simplex\/CBN, divulgada nesta quarta-feira (31), mostra o prefeito do Recife, Jo\u00e3o Campos (PSB), com 48% dos votos totais ao governo de Pernambuco no cen\u00e1rio estimulado \u2013 contra 36,2% da governadora Raquel Lyra (PSD). Eduardo Moura (NOVO), tem 3%, j\u00e1 Ivan Moraes (PSOL), 1%. Brancos ou Nulos foram 4,7%, enquanto [&hellip;]","og_url":"http:\/\/gazetapernambucana.com\/?p=2406","article_published_time":"2026-01-02T02:29:12+00:00","article_modified_time":"2026-01-02T02:30:29+00:00","og_image":[{"width":1536,"height":1023,"url":"http:\/\/gazetapernambucana.com\/wp-content\/uploads\/2026\/01\/IMG_3979-1536x1023-1.jpeg","type":"image\/jpeg"}],"author":"GP","twitter_card":"summary_large_image","twitter_misc":{"Escrito por":"GP","Est. tempo de leitura":"2 minutos"},"schema":{"@context":"https:\/\/schema.org","@graph":[{"@type":"WebPage","@id":"http:\/\/gazetapernambucana.com\/?p=2406","url":"http:\/\/gazetapernambucana.com\/?p=2406","name":"Raquel lyra confirma crescimento na pesquisa Simplex\/CBN -","isPartOf":{"@id":"https:\/\/gazetapernambucana.com\/#website"},"primaryImageOfPage":{"@id":"http:\/\/gazetapernambucana.com\/?p=2406#primaryimage"},"image":{"@id":"http:\/\/gazetapernambucana.com\/?p=2406#primaryimage"},"thumbnailUrl":"https:\/\/gazetapernambucana.com\/wp-content\/uploads\/2026\/01\/IMG_3979-1536x1023-1.jpeg","datePublished":"2026-01-02T02:29:12+00:00","dateModified":"2026-01-02T02:30:29+00:00","author":{"@id":"https:\/\/gazetapernambucana.com\/#\/schema\/person\/188dc283325181ac2de4db1e9e987427"},"breadcrumb":{"@id":"http:\/\/gazetapernambucana.com\/?p=2406#breadcrumb"},"inLanguage":"pt-BR","potentialAction":[{"@type":"ReadAction","target":["http:\/\/gazetapernambucana.com\/?p=2406"]}]},{"@type":"ImageObject","inLanguage":"pt-BR","@id":"http:\/\/gazetapernambucana.com\/?p=2406#primaryimage","url":"https:\/\/gazetapernambucana.com\/wp-content\/uploads\/2026\/01\/IMG_3979-1536x1023-1.jpeg","contentUrl":"https:\/\/gazetapernambucana.com\/wp-content\/uploads\/2026\/01\/IMG_3979-1536x1023-1.jpeg","width":1536,"height":1023},{"@type":"BreadcrumbList","@id":"http:\/\/gazetapernambucana.com\/?p=2406#breadcrumb","itemListElement":[{"@type":"ListItem","position":1,"name":"In\u00edcio","item":"https:\/\/gazetapernambucana.com\/"},{"@type":"ListItem","position":2,"name":"Raquel lyra confirma crescimento na pesquisa Simplex\/CBN"}]},{"@type":"WebSite","@id":"https:\/\/gazetapernambucana.com\/#website","url":"https:\/\/gazetapernambucana.com\/","name":"","description":"","potentialAction":[{"@type":"SearchAction","target":{"@type":"EntryPoint","urlTemplate":"https:\/\/gazetapernambucana.com\/?s={search_term_string}"},"query-input":{"@type":"PropertyValueSpecification","valueRequired":true,"valueName":"search_term_string"}}],"inLanguage":"pt-BR"},{"@type":"Person","@id":"https:\/\/gazetapernambucana.com\/#\/schema\/person\/188dc283325181ac2de4db1e9e987427","name":"GP","image":{"@type":"ImageObject","inLanguage":"pt-BR","@id":"https:\/\/gazetapernambucana.com\/#\/schema\/person\/image\/","url":"https:\/\/secure.gravatar.com\/avatar\/9dad78ff9a2d8b5742d11779f8a3f53b052320c550b2e1907882353c067bb111?s=96&d=mm&r=g","contentUrl":"https:\/\/secure.gravatar.com\/avatar\/9dad78ff9a2d8b5742d11779f8a3f53b052320c550b2e1907882353c067bb111?s=96&d=mm&r=g","caption":"GP"},"sameAs":["http:\/\/gazetapernambucana.com"],"url":"https:\/\/gazetapernambucana.com\/?author=1"}]}},"jetpack_publicize_connections":[],"_links":{"self":[{"href":"https:\/\/gazetapernambucana.com\/index.php?rest_route=\/wp\/v2\/posts\/2406","targetHints":{"allow":["GET"]}}],"collection":[{"href":"https:\/\/gazetapernambucana.com\/index.php?rest_route=\/wp\/v2\/posts"}],"about":[{"href":"https:\/\/gazetapernambucana.com\/index.php?rest_route=\/wp\/v2\/types\/post"}],"author":[{"embeddable":true,"href":"https:\/\/gazetapernambucana.com\/index.php?rest_route=\/wp\/v2\/users\/1"}],"replies":[{"embeddable":true,"href":"https:\/\/gazetapernambucana.com\/index.php?rest_route=%2Fwp%2Fv2%2Fcomments&post=2406"}],"version-history":[{"count":2,"href":"https:\/\/gazetapernambucana.com\/index.php?rest_route=\/wp\/v2\/posts\/2406\/revisions"}],"predecessor-version":[{"id":2409,"href":"https:\/\/gazetapernambucana.com\/index.php?rest_route=\/wp\/v2\/posts\/2406\/revisions\/2409"}],"wp:featuredmedia":[{"embeddable":true,"href":"https:\/\/gazetapernambucana.com\/index.php?rest_route=\/wp\/v2\/media\/2407"}],"wp:attachment":[{"href":"https:\/\/gazetapernambucana.com\/index.php?rest_route=%2Fwp%2Fv2%2Fmedia&parent=2406"}],"wp:term":[{"taxonomy":"category","embeddable":true,"href":"https:\/\/gazetapernambucana.com\/index.php?rest_route=%2Fwp%2Fv2%2Fcategories&post=2406"},{"taxonomy":"post_tag","embeddable":true,"href":"https:\/\/gazetapernambucana.com\/index.php?rest_route=%2Fwp%2Fv2%2Ftags&post=2406"}],"curies":[{"name":"wp","href":"https:\/\/api.w.org\/{rel}","templated":true}]}}