{"id":2403,"date":"2026-01-01T23:22:08","date_gmt":"2026-01-02T02:22:08","guid":{"rendered":"https:\/\/gazetapernambucana.com\/?p=2403"},"modified":"2026-01-01T23:22:08","modified_gmt":"2026-01-02T02:22:08","slug":"raquel-lyra-entrega-primeira-das-250-unidades-de-creche-prometidas","status":"publish","type":"post","link":"https:\/\/gazetapernambucana.com\/?p=2403","title":{"rendered":"Raquel Lyra entrega primeira das 250 unidades de creche prometidas"},"content":{"rendered":"<div class=\"entry\">\n<p>A governadora Raquel Lyra (PSD) entregou, nesta ter\u00e7a (30), no munic\u00edpio de Igarassu, localizado na Regi\u00e3o Metropolitana do Recife, o primeiro Centro de Educa\u00e7\u00e3o Infantil (CEI), constru\u00eddo pelo Governo de Pernambuco. Acompanhada da vice-governadora Priscila Krause (PSD), a gestora descerrou a placa e conheceu as instala\u00e7\u00f5es do equipamento. Com o investimento de R$ 5,17 milh\u00f5es, a Creche Tia Nicinha possui 10 salas de aulas e tem a capacidade para atender cerca de 320 crian\u00e7as.<\/p>\n<p>A constru\u00e7\u00e3o das creches pela gest\u00e3o estadual faz parte do eixo de regime de colabora\u00e7\u00e3o com os munic\u00edpios do programa Juntos pela Educa\u00e7\u00e3o, que tem entre os objetivos a expans\u00e3o da rede p\u00fablica de educa\u00e7\u00e3o infantil. Com um investimento total de R$ 1,96 bilh\u00e3o para a constru\u00e7\u00e3o dos Centros de Educa\u00e7\u00e3o Infantil, a meta do Governo do Estado \u00e9 entregar 250 novas unidades e ofertar 60 mil vagas em creches e pr\u00e9-escolas at\u00e9 2026.<\/p>\n<p>\u201c<em>Viemos entregar, no loteamento Agamenon Magalh\u00e3es, junto com a prefeita Elcione, a primeira das nossas 250 creches que estamos construindo em Pernambuco. O Governo do Estado est\u00e1 trabalhando, investindo mais de R$ 1 bilh\u00e3o, garantindo a obra, os equipamentos e o funcionamento durante um ano. Desta forma, iremos permitir que as crian\u00e7as pequenas tenham o direito de ir para a escola. A partir de agora, seguiremos com uma s\u00e9rie de inaugura\u00e7\u00f5es<\/em>\u201d, destacou a governadora Raquel Lyra.<\/p>\n<p>A vice-governadora Priscila Krause enfatizou que a creche \u00e9 mais uma conquista para as mulheres de Pernambuco. \u201c<em>Essa \u00e9 uma pol\u00edtica que atende a primeira inf\u00e2ncia, as nossas crian\u00e7as at\u00e9 os 6 anos, que \u00e9 a fase em que elas mais aprendem. Uma creche \u00e9, sim, uma pol\u00edtica emancipadora para n\u00f3s, mulheres, para podermos estudar, trabalhar, mas tamb\u00e9m para termos a escolha de descansar, tendo a tranquilidade de que nossos filhos est\u00e3o sendo bem cuidados<\/em>\u201d, ressaltou.<\/p>\n<p>A estrutura da creche entregue em Igarassu inclui ber\u00e7\u00e1rio, salas de aula, banheiros, frald\u00e1rio, sala dos professores, secretaria, sala de amamenta\u00e7\u00e3o, cozinha, despensa, vesti\u00e1rio, arquivo, recep\u00e7\u00e3o, dire\u00e7\u00e3o, dep\u00f3sito e lavabo. Ao todo, ser\u00e3o atendidas 320 crian\u00e7as distribu\u00eddas em turmas de creche e pr\u00e9-escola, em jornadas de tempo integral e meio per\u00edodo. Do total de R$ 5,17 milh\u00f5es, R$ 4,7 milh\u00f5es foram investidos na obra e cerca de R$ 392 mil na equipagem.<\/p>\n<p>\u201c<em>A inaugura\u00e7\u00e3o dessa creche em Igarassu e a prospec\u00e7\u00e3o de pr\u00f3ximas creches a serem inauguradas no Estado todo \u00e9 a representatividade da gente ter uma alfabetiza\u00e7\u00e3o na idade certa<\/em>\u201d, pontuou o secret\u00e1rio de Educa\u00e7\u00e3o, Gilson Monteiro.<\/p>\n<p>A creche de Igarassu teve a licita\u00e7\u00e3o realizada pela Secretaria Estadual de Projetos Estrat\u00e9gicos (Sepe), e a constru\u00e7\u00e3o executada pela Companhia Estadual e Habilita\u00e7\u00e3o e Obras (Cehab), viabilizada atrav\u00e9s de Conv\u00eanio de Coopera\u00e7\u00e3o T\u00e9cnico entre as gest\u00f5es do Estado e dos munic\u00edpios. J\u00e1 foram lan\u00e7ados quatro blocos de licita\u00e7\u00e3o para a constru\u00e7\u00e3o de CEIs em todas as regi\u00f5es de Pernambuco.<\/p>\n<p>Essa \u00e9 a primeira das duas creches que ser\u00e3o constru\u00eddas em Igarassu. A prefeita Elcione Ramos (PSD) agradeceu o apoio da gest\u00e3o estadual na educa\u00e7\u00e3o infantil, j\u00e1 que o bairro contemplado n\u00e3o tinha cobertura de creche. \u201c<em>A gente recebe com muito carinho, sabendo que o compromisso da governadora Raquel Lyra chega em bom momento a essa comunidade carente, precisando de vaga de creche. Vamos aumentar a quantidade de vagas de educa\u00e7\u00e3o infantil e isso vai fazer toda a diferen\u00e7a no nosso munic\u00edpio<\/em>\u201d, comemorou.<\/p>\n<\/div>\n","protected":false},"excerpt":{"rendered":"<p>A governadora Raquel Lyra (PSD) entregou, nesta ter\u00e7a (30), no munic\u00edpio de Igarassu, localizado na Regi\u00e3o Metropolitana do Recife, o primeiro Centro de Educa\u00e7\u00e3o Infantil (CEI), constru\u00eddo pelo Governo de Pernambuco. Acompanhada da vice-governadora Priscila Krause (PSD), a gestora descerrou a placa e conheceu as instala\u00e7\u00f5es do equipamento. Com o investimento de R$ 5,17 milh\u00f5es, [&hellip;]<\/p>\n","protected":false},"author":1,"featured_media":2404,"comment_status":"open","ping_status":"open","sticky":false,"template":"","format":"standard","meta":{"footnotes":"","jetpack_publicize_message":"","jetpack_publicize_feature_enabled":true,"jetpack_social_post_already_shared":true,"jetpack_social_options":{"image_generator_settings":{"template":"highway","default_image_id":0,"font":"","enabled":false},"version":2}},"categories":[66,1,65],"tags":[],"class_list":["post-2403","post","type-post","status-publish","format-standard","has-post-thumbnail","hentry","category-cidades","category-https-gazetapernambucana-com-page_id225","category-politica"],"yoast_head":"<!-- This site is optimized with the Yoast SEO plugin v24.5 - https:\/\/yoast.com\/wordpress\/plugins\/seo\/ -->\n<title>Raquel Lyra entrega primeira das 250 unidades de creche prometidas -<\/title>\n<meta name=\"robots\" content=\"index, follow, max-snippet:-1, max-image-preview:large, max-video-preview:-1\" \/>\n<link rel=\"canonical\" href=\"http:\/\/gazetapernambucana.com\/?p=2403\" \/>\n<meta property=\"og:locale\" content=\"pt_BR\" \/>\n<meta property=\"og:type\" content=\"article\" \/>\n<meta property=\"og:title\" content=\"Raquel Lyra entrega primeira das 250 unidades de creche prometidas -\" \/>\n<meta property=\"og:description\" content=\"A governadora Raquel Lyra (PSD) entregou, nesta ter\u00e7a (30), no munic\u00edpio de Igarassu, localizado na Regi\u00e3o Metropolitana do Recife, o primeiro Centro de Educa\u00e7\u00e3o Infantil (CEI), constru\u00eddo pelo Governo de Pernambuco. Acompanhada da vice-governadora Priscila Krause (PSD), a gestora descerrou a placa e conheceu as instala\u00e7\u00f5es do equipamento. Com o investimento de R$ 5,17 milh\u00f5es, [&hellip;]\" \/>\n<meta property=\"og:url\" content=\"http:\/\/gazetapernambucana.com\/?p=2403\" \/>\n<meta property=\"article:published_time\" content=\"2026-01-02T02:22:08+00:00\" \/>\n<meta property=\"og:image\" content=\"http:\/\/gazetapernambucana.com\/wp-content\/uploads\/2026\/01\/bfcf2f8e-0dac-4baf-b265-71c81ed5c0d0-1536x1023-1.jpeg\" \/>\n\t<meta property=\"og:image:width\" content=\"1536\" \/>\n\t<meta property=\"og:image:height\" content=\"1023\" \/>\n\t<meta property=\"og:image:type\" content=\"image\/jpeg\" \/>\n<meta name=\"author\" content=\"GP\" \/>\n<meta name=\"twitter:card\" content=\"summary_large_image\" \/>\n<meta name=\"twitter:label1\" content=\"Escrito por\" \/>\n\t<meta name=\"twitter:data1\" content=\"GP\" \/>\n\t<meta name=\"twitter:label2\" content=\"Est. tempo de leitura\" \/>\n\t<meta name=\"twitter:data2\" content=\"4 minutos\" \/>\n<script type=\"application\/ld+json\" class=\"yoast-schema-graph\">{\"@context\":\"https:\/\/schema.org\",\"@graph\":[{\"@type\":\"WebPage\",\"@id\":\"http:\/\/gazetapernambucana.com\/?p=2403\",\"url\":\"http:\/\/gazetapernambucana.com\/?p=2403\",\"name\":\"Raquel Lyra entrega primeira das 250 unidades de creche prometidas -\",\"isPartOf\":{\"@id\":\"https:\/\/gazetapernambucana.com\/#website\"},\"primaryImageOfPage\":{\"@id\":\"http:\/\/gazetapernambucana.com\/?p=2403#primaryimage\"},\"image\":{\"@id\":\"http:\/\/gazetapernambucana.com\/?p=2403#primaryimage\"},\"thumbnailUrl\":\"https:\/\/gazetapernambucana.com\/wp-content\/uploads\/2026\/01\/bfcf2f8e-0dac-4baf-b265-71c81ed5c0d0-1536x1023-1.jpeg\",\"datePublished\":\"2026-01-02T02:22:08+00:00\",\"author\":{\"@id\":\"https:\/\/gazetapernambucana.com\/#\/schema\/person\/188dc283325181ac2de4db1e9e987427\"},\"breadcrumb\":{\"@id\":\"http:\/\/gazetapernambucana.com\/?p=2403#breadcrumb\"},\"inLanguage\":\"pt-BR\",\"potentialAction\":[{\"@type\":\"ReadAction\",\"target\":[\"http:\/\/gazetapernambucana.com\/?p=2403\"]}]},{\"@type\":\"ImageObject\",\"inLanguage\":\"pt-BR\",\"@id\":\"http:\/\/gazetapernambucana.com\/?p=2403#primaryimage\",\"url\":\"https:\/\/gazetapernambucana.com\/wp-content\/uploads\/2026\/01\/bfcf2f8e-0dac-4baf-b265-71c81ed5c0d0-1536x1023-1.jpeg\",\"contentUrl\":\"https:\/\/gazetapernambucana.com\/wp-content\/uploads\/2026\/01\/bfcf2f8e-0dac-4baf-b265-71c81ed5c0d0-1536x1023-1.jpeg\",\"width\":1536,\"height\":1023},{\"@type\":\"BreadcrumbList\",\"@id\":\"http:\/\/gazetapernambucana.com\/?p=2403#breadcrumb\",\"itemListElement\":[{\"@type\":\"ListItem\",\"position\":1,\"name\":\"In\u00edcio\",\"item\":\"https:\/\/gazetapernambucana.com\/\"},{\"@type\":\"ListItem\",\"position\":2,\"name\":\"Raquel Lyra entrega primeira das 250 unidades de creche prometidas\"}]},{\"@type\":\"WebSite\",\"@id\":\"https:\/\/gazetapernambucana.com\/#website\",\"url\":\"https:\/\/gazetapernambucana.com\/\",\"name\":\"\",\"description\":\"\",\"potentialAction\":[{\"@type\":\"SearchAction\",\"target\":{\"@type\":\"EntryPoint\",\"urlTemplate\":\"https:\/\/gazetapernambucana.com\/?s={search_term_string}\"},\"query-input\":{\"@type\":\"PropertyValueSpecification\",\"valueRequired\":true,\"valueName\":\"search_term_string\"}}],\"inLanguage\":\"pt-BR\"},{\"@type\":\"Person\",\"@id\":\"https:\/\/gazetapernambucana.com\/#\/schema\/person\/188dc283325181ac2de4db1e9e987427\",\"name\":\"GP\",\"image\":{\"@type\":\"ImageObject\",\"inLanguage\":\"pt-BR\",\"@id\":\"https:\/\/gazetapernambucana.com\/#\/schema\/person\/image\/\",\"url\":\"https:\/\/secure.gravatar.com\/avatar\/9dad78ff9a2d8b5742d11779f8a3f53b052320c550b2e1907882353c067bb111?s=96&d=mm&r=g\",\"contentUrl\":\"https:\/\/secure.gravatar.com\/avatar\/9dad78ff9a2d8b5742d11779f8a3f53b052320c550b2e1907882353c067bb111?s=96&d=mm&r=g\",\"caption\":\"GP\"},\"sameAs\":[\"http:\/\/gazetapernambucana.com\"],\"url\":\"https:\/\/gazetapernambucana.com\/?author=1\"}]}<\/script>\n<!-- \/ Yoast SEO plugin. -->","yoast_head_json":{"title":"Raquel Lyra entrega primeira das 250 unidades de creche prometidas -","robots":{"index":"index","follow":"follow","max-snippet":"max-snippet:-1","max-image-preview":"max-image-preview:large","max-video-preview":"max-video-preview:-1"},"canonical":"http:\/\/gazetapernambucana.com\/?p=2403","og_locale":"pt_BR","og_type":"article","og_title":"Raquel Lyra entrega primeira das 250 unidades de creche prometidas -","og_description":"A governadora Raquel Lyra (PSD) entregou, nesta ter\u00e7a (30), no munic\u00edpio de Igarassu, localizado na Regi\u00e3o Metropolitana do Recife, o primeiro Centro de Educa\u00e7\u00e3o Infantil (CEI), constru\u00eddo pelo Governo de Pernambuco. Acompanhada da vice-governadora Priscila Krause (PSD), a gestora descerrou a placa e conheceu as instala\u00e7\u00f5es do equipamento. Com o investimento de R$ 5,17 milh\u00f5es, [&hellip;]","og_url":"http:\/\/gazetapernambucana.com\/?p=2403","article_published_time":"2026-01-02T02:22:08+00:00","og_image":[{"width":1536,"height":1023,"url":"http:\/\/gazetapernambucana.com\/wp-content\/uploads\/2026\/01\/bfcf2f8e-0dac-4baf-b265-71c81ed5c0d0-1536x1023-1.jpeg","type":"image\/jpeg"}],"author":"GP","twitter_card":"summary_large_image","twitter_misc":{"Escrito por":"GP","Est. tempo de leitura":"4 minutos"},"schema":{"@context":"https:\/\/schema.org","@graph":[{"@type":"WebPage","@id":"http:\/\/gazetapernambucana.com\/?p=2403","url":"http:\/\/gazetapernambucana.com\/?p=2403","name":"Raquel Lyra entrega primeira das 250 unidades de creche prometidas -","isPartOf":{"@id":"https:\/\/gazetapernambucana.com\/#website"},"primaryImageOfPage":{"@id":"http:\/\/gazetapernambucana.com\/?p=2403#primaryimage"},"image":{"@id":"http:\/\/gazetapernambucana.com\/?p=2403#primaryimage"},"thumbnailUrl":"https:\/\/gazetapernambucana.com\/wp-content\/uploads\/2026\/01\/bfcf2f8e-0dac-4baf-b265-71c81ed5c0d0-1536x1023-1.jpeg","datePublished":"2026-01-02T02:22:08+00:00","author":{"@id":"https:\/\/gazetapernambucana.com\/#\/schema\/person\/188dc283325181ac2de4db1e9e987427"},"breadcrumb":{"@id":"http:\/\/gazetapernambucana.com\/?p=2403#breadcrumb"},"inLanguage":"pt-BR","potentialAction":[{"@type":"ReadAction","target":["http:\/\/gazetapernambucana.com\/?p=2403"]}]},{"@type":"ImageObject","inLanguage":"pt-BR","@id":"http:\/\/gazetapernambucana.com\/?p=2403#primaryimage","url":"https:\/\/gazetapernambucana.com\/wp-content\/uploads\/2026\/01\/bfcf2f8e-0dac-4baf-b265-71c81ed5c0d0-1536x1023-1.jpeg","contentUrl":"https:\/\/gazetapernambucana.com\/wp-content\/uploads\/2026\/01\/bfcf2f8e-0dac-4baf-b265-71c81ed5c0d0-1536x1023-1.jpeg","width":1536,"height":1023},{"@type":"BreadcrumbList","@id":"http:\/\/gazetapernambucana.com\/?p=2403#breadcrumb","itemListElement":[{"@type":"ListItem","position":1,"name":"In\u00edcio","item":"https:\/\/gazetapernambucana.com\/"},{"@type":"ListItem","position":2,"name":"Raquel Lyra entrega primeira das 250 unidades de creche prometidas"}]},{"@type":"WebSite","@id":"https:\/\/gazetapernambucana.com\/#website","url":"https:\/\/gazetapernambucana.com\/","name":"","description":"","potentialAction":[{"@type":"SearchAction","target":{"@type":"EntryPoint","urlTemplate":"https:\/\/gazetapernambucana.com\/?s={search_term_string}"},"query-input":{"@type":"PropertyValueSpecification","valueRequired":true,"valueName":"search_term_string"}}],"inLanguage":"pt-BR"},{"@type":"Person","@id":"https:\/\/gazetapernambucana.com\/#\/schema\/person\/188dc283325181ac2de4db1e9e987427","name":"GP","image":{"@type":"ImageObject","inLanguage":"pt-BR","@id":"https:\/\/gazetapernambucana.com\/#\/schema\/person\/image\/","url":"https:\/\/secure.gravatar.com\/avatar\/9dad78ff9a2d8b5742d11779f8a3f53b052320c550b2e1907882353c067bb111?s=96&d=mm&r=g","contentUrl":"https:\/\/secure.gravatar.com\/avatar\/9dad78ff9a2d8b5742d11779f8a3f53b052320c550b2e1907882353c067bb111?s=96&d=mm&r=g","caption":"GP"},"sameAs":["http:\/\/gazetapernambucana.com"],"url":"https:\/\/gazetapernambucana.com\/?author=1"}]}},"jetpack_publicize_connections":[],"_links":{"self":[{"href":"https:\/\/gazetapernambucana.com\/index.php?rest_route=\/wp\/v2\/posts\/2403","targetHints":{"allow":["GET"]}}],"collection":[{"href":"https:\/\/gazetapernambucana.com\/index.php?rest_route=\/wp\/v2\/posts"}],"about":[{"href":"https:\/\/gazetapernambucana.com\/index.php?rest_route=\/wp\/v2\/types\/post"}],"author":[{"embeddable":true,"href":"https:\/\/gazetapernambucana.com\/index.php?rest_route=\/wp\/v2\/users\/1"}],"replies":[{"embeddable":true,"href":"https:\/\/gazetapernambucana.com\/index.php?rest_route=%2Fwp%2Fv2%2Fcomments&post=2403"}],"version-history":[{"count":1,"href":"https:\/\/gazetapernambucana.com\/index.php?rest_route=\/wp\/v2\/posts\/2403\/revisions"}],"predecessor-version":[{"id":2405,"href":"https:\/\/gazetapernambucana.com\/index.php?rest_route=\/wp\/v2\/posts\/2403\/revisions\/2405"}],"wp:featuredmedia":[{"embeddable":true,"href":"https:\/\/gazetapernambucana.com\/index.php?rest_route=\/wp\/v2\/media\/2404"}],"wp:attachment":[{"href":"https:\/\/gazetapernambucana.com\/index.php?rest_route=%2Fwp%2Fv2%2Fmedia&parent=2403"}],"wp:term":[{"taxonomy":"category","embeddable":true,"href":"https:\/\/gazetapernambucana.com\/index.php?rest_route=%2Fwp%2Fv2%2Fcategories&post=2403"},{"taxonomy":"post_tag","embeddable":true,"href":"https:\/\/gazetapernambucana.com\/index.php?rest_route=%2Fwp%2Fv2%2Ftags&post=2403"}],"curies":[{"name":"wp","href":"https:\/\/api.w.org\/{rel}","templated":true}]}}