{"id":2395,"date":"2025-12-31T13:04:50","date_gmt":"2025-12-31T16:04:50","guid":{"rendered":"https:\/\/gazetapernambucana.com\/?p=2395"},"modified":"2025-12-31T13:05:53","modified_gmt":"2025-12-31T16:05:53","slug":"joao-campos-e-acusado-de-fraudar-nomeacao-e-favorecer-filho-de-procuradora-do-tce-em-vaga-de-pcd","status":"publish","type":"post","link":"https:\/\/gazetapernambucana.com\/?p=2395","title":{"rendered":"Jo\u00e3o Campos \u00e9 acusado de fraudar nomea\u00e7\u00e3o e favorecer filho de procuradora do TCE em vaga de PCD"},"content":{"rendered":"<p data-start=\"283\" data-end=\"657\">Recife vive um esc\u00e2ndalo administrativo de propor\u00e7\u00f5es graves. O prefeito Jo\u00e3o Campos (PSB) \u00e9 acusado de burlar a ordem do concurso p\u00fablico de 2022 e nomear, de forma irregular, o advogado Lucas Vieira Silva para o cargo de procurador judicial do munic\u00edpio, na vaga exclusiva para Pessoas com Defici\u00eancia (PCD), mesmo sem o candidato ter concorrido originalmente nesse grupo.<\/p>\n<p data-start=\"659\" data-end=\"1125\">A nomea\u00e7\u00e3o, publicada em edi\u00e7\u00e3o extra do Di\u00e1rio Oficial no dia 23 de dezembro, est\u00e1 sendo tratada por juristas e membros do servi\u00e7o p\u00fablico como uma poss\u00edvel fraude administrativa, com fortes ind\u00edcios de improbidade, viola\u00e7\u00e3o da legalidade e favorecimento pessoal. Lucas \u00e9 filho da procuradora Maria Nilda Silva, membro do Minist\u00e9rio P\u00fablico de Contas junto ao Tribunal de Contas do Estado de Pernambuco, \u00f3rg\u00e3o respons\u00e1vel por fiscalizar os atos do pr\u00f3prio prefeito.<\/p>\n<p data-start=\"1127\" data-end=\"1466\">O esc\u00e2ndalo exp\u00f5e as entranhas de uma manobra jur\u00eddica altamente question\u00e1vel, articulada pelo procurador-geral do munic\u00edpio, Pedro Pontes, nome de confian\u00e7a de Jo\u00e3o Campos, sem v\u00ednculo com a carreira da Procuradoria. Ele reverteu parecer t\u00e9cnico do pr\u00f3prio \u00f3rg\u00e3o que havia indeferido o pedido de inclus\u00e3o tardia de Lucas na lista de PCDs.<\/p>\n<p data-start=\"1468\" data-end=\"1532\">Nomea\u00e7\u00e3o fere princ\u00edpios constitucionais e pode configurar crime<\/p>\n<p data-start=\"1534\" data-end=\"1888\">Lucas Vieira Silva havia sido classificado apenas na 63\u00aa posi\u00e7\u00e3o da ampla concorr\u00eancia, distante das tr\u00eas vagas oferecidas. Sem nunca ter se inscrito como PCD, s\u00f3 em maio de 2025, mais de dois anos ap\u00f3s o concurso, protocolou requerimento alegando diagn\u00f3stico de Transtorno do Espectro Autista (TEA) e pediu inclus\u00e3o extempor\u00e2nea no grupo de deficientes.<\/p>\n<p data-start=\"1890\" data-end=\"2239\">Mesmo com parecer t\u00e9cnico claro da Procuradoria afirmando que a manobra fere os princ\u00edpios da igualdade, impessoalidade e da vincula\u00e7\u00e3o ao edital, Pedro Pontes acolheu o pedido e alterou a lista classificat\u00f3ria, eliminando o verdadeiro primeiro colocado entre os PCDs, o candidato Marko Venicio dos Santos Batista, que aguardava nomea\u00e7\u00e3o havia anos.<\/p>\n<p data-start=\"2241\" data-end=\"2539\">Especialistas em direito administrativo avaliam que a conduta, al\u00e9m de gravemente imoral e antijur\u00eddica, pode ser enquadrada como ato de improbidade administrativa, e abre margem para investiga\u00e7\u00f5es por prevarica\u00e7\u00e3o, abuso de autoridade e crime de responsabilidade por parte do prefeito Jo\u00e3o Campos.<\/p>\n<p data-start=\"2541\" data-end=\"2601\">Associa\u00e7\u00e3o de Procuradores reage e pede anula\u00e7\u00e3o da nomea\u00e7\u00e3o<\/p>\n<p data-start=\"2603\" data-end=\"3022\">A Associa\u00e7\u00e3o dos Procuradores do Munic\u00edpio do Recife foi taxativa. Em of\u00edcio enviado ao prefeito no mesmo dia da publica\u00e7\u00e3o, exigiu a suspens\u00e3o imediata do ato, o restabelecimento da lista original e alertou para a flagrante ilegalidade. A modifica\u00e7\u00e3o posterior da lista de classifica\u00e7\u00e3o afronta frontalmente os princ\u00edpios da seguran\u00e7a jur\u00eddica, da legalidade, da isonomia entre os candidatos e da vincula\u00e7\u00e3o ao edital.<\/p>\n<p data-start=\"3024\" data-end=\"3293\">O ato de nomea\u00e7\u00e3o extempor\u00e2nea ocorreu \u00e0s v\u00e9speras do Natal, em edi\u00e7\u00e3o extra do Di\u00e1rio Oficial, recurso geralmente reservado para urg\u00eancias. O formato e o momento do ato alimentam as suspeitas de tentativa de passar despercebido por \u00f3rg\u00e3os de controle e pela sociedade.<\/p>\n<p data-start=\"3295\" data-end=\"3334\">Ato pol\u00edtico ou favorecimento familiar?<\/p>\n<p data-start=\"3336\" data-end=\"3711\">A liga\u00e7\u00e3o do beneficiado com o Tribunal de Contas do Estado \u00e9 o ponto mais sens\u00edvel. Lucas \u00e9 filho de uma procuradora do Minist\u00e9rio P\u00fablico de Contas, corpo auxiliar direto no controle dos gastos da gest\u00e3o municipal. Isso levanta a hip\u00f3tese de conflito de interesses e uso da m\u00e1quina p\u00fablica para concess\u00e3o de benef\u00edcio pessoal, o que pode caracterizar favorecimento il\u00edcito.<\/p>\n<p data-start=\"3713\" data-end=\"3749\">Minist\u00e9rio P\u00fablico deve ser acionado<\/p>\n<p data-start=\"3751\" data-end=\"4072\">Juristas ouvidos defendem que o caso seja imediatamente levado ao Minist\u00e9rio P\u00fablico de Pernambuco e ao Tribunal de Contas do Estado, para investiga\u00e7\u00e3o aprofundada. Os fatos, se comprovados, podem levar \u00e0 cassa\u00e7\u00e3o do ato, responsabiliza\u00e7\u00e3o do prefeito e do procurador-geral, e eventual declara\u00e7\u00e3o de nulidade da nomea\u00e7\u00e3o.<\/p>\n<p data-start=\"4074\" data-end=\"4305\">A nomea\u00e7\u00e3o de Lucas Vieira Silva entra para os anais das decis\u00f5es mais controversas j\u00e1 tomadas por um gestor p\u00fablico na capital pernambucana. Resta saber se a blindagem pol\u00edtica de Jo\u00e3o Campos resistir\u00e1 ao peso da lei e da verdade.<\/p>\n","protected":false},"excerpt":{"rendered":"<p>Recife vive um esc\u00e2ndalo administrativo de propor\u00e7\u00f5es graves. O prefeito Jo\u00e3o Campos (PSB) \u00e9 acusado de burlar a ordem do concurso p\u00fablico de 2022 e nomear, de forma irregular, o advogado Lucas Vieira Silva para o cargo de procurador judicial do munic\u00edpio, na vaga exclusiva para Pessoas com Defici\u00eancia (PCD), mesmo sem o candidato ter [&hellip;]<\/p>\n","protected":false},"author":1,"featured_media":2396,"comment_status":"open","ping_status":"open","sticky":false,"template":"","format":"standard","meta":{"footnotes":"","jetpack_publicize_message":"","jetpack_publicize_feature_enabled":true,"jetpack_social_post_already_shared":true,"jetpack_social_options":{"image_generator_settings":{"template":"highway","default_image_id":0,"font":"","enabled":false},"version":2}},"categories":[1,65],"tags":[],"class_list":["post-2395","post","type-post","status-publish","format-standard","has-post-thumbnail","hentry","category-https-gazetapernambucana-com-page_id225","category-politica"],"yoast_head":"<!-- This site is optimized with the Yoast SEO plugin v24.5 - https:\/\/yoast.com\/wordpress\/plugins\/seo\/ -->\n<title>Jo\u00e3o Campos \u00e9 acusado de fraudar nomea\u00e7\u00e3o e favorecer filho de procuradora do TCE em vaga de PCD -<\/title>\n<meta name=\"robots\" content=\"index, follow, max-snippet:-1, max-image-preview:large, max-video-preview:-1\" \/>\n<link rel=\"canonical\" href=\"https:\/\/gazetapernambucana.com\/?p=2395\" \/>\n<meta property=\"og:locale\" content=\"pt_BR\" \/>\n<meta property=\"og:type\" content=\"article\" \/>\n<meta property=\"og:title\" content=\"Jo\u00e3o Campos \u00e9 acusado de fraudar nomea\u00e7\u00e3o e favorecer filho de procuradora do TCE em vaga de PCD -\" \/>\n<meta property=\"og:description\" content=\"Recife vive um esc\u00e2ndalo administrativo de propor\u00e7\u00f5es graves. O prefeito Jo\u00e3o Campos (PSB) \u00e9 acusado de burlar a ordem do concurso p\u00fablico de 2022 e nomear, de forma irregular, o advogado Lucas Vieira Silva para o cargo de procurador judicial do munic\u00edpio, na vaga exclusiva para Pessoas com Defici\u00eancia (PCD), mesmo sem o candidato ter [&hellip;]\" \/>\n<meta property=\"og:url\" content=\"https:\/\/gazetapernambucana.com\/?p=2395\" \/>\n<meta property=\"article:published_time\" content=\"2025-12-31T16:04:50+00:00\" \/>\n<meta property=\"article:modified_time\" content=\"2025-12-31T16:05:53+00:00\" \/>\n<meta property=\"og:image\" content=\"https:\/\/gazetapernambucana.com\/wp-content\/uploads\/2025\/12\/download-22.jpg\" \/>\n\t<meta property=\"og:image:width\" content=\"204\" \/>\n\t<meta property=\"og:image:height\" content=\"132\" \/>\n\t<meta property=\"og:image:type\" content=\"image\/jpeg\" \/>\n<meta name=\"author\" content=\"GP\" \/>\n<meta name=\"twitter:card\" content=\"summary_large_image\" \/>\n<meta name=\"twitter:label1\" content=\"Escrito por\" \/>\n\t<meta name=\"twitter:data1\" content=\"GP\" \/>\n\t<meta name=\"twitter:label2\" content=\"Est. tempo de leitura\" \/>\n\t<meta name=\"twitter:data2\" content=\"4 minutos\" \/>\n<script type=\"application\/ld+json\" class=\"yoast-schema-graph\">{\"@context\":\"https:\/\/schema.org\",\"@graph\":[{\"@type\":\"WebPage\",\"@id\":\"https:\/\/gazetapernambucana.com\/?p=2395\",\"url\":\"https:\/\/gazetapernambucana.com\/?p=2395\",\"name\":\"Jo\u00e3o Campos \u00e9 acusado de fraudar nomea\u00e7\u00e3o e favorecer filho de procuradora do TCE em vaga de PCD -\",\"isPartOf\":{\"@id\":\"https:\/\/gazetapernambucana.com\/#website\"},\"primaryImageOfPage\":{\"@id\":\"https:\/\/gazetapernambucana.com\/?p=2395#primaryimage\"},\"image\":{\"@id\":\"https:\/\/gazetapernambucana.com\/?p=2395#primaryimage\"},\"thumbnailUrl\":\"https:\/\/gazetapernambucana.com\/wp-content\/uploads\/2025\/12\/download-22.jpg\",\"datePublished\":\"2025-12-31T16:04:50+00:00\",\"dateModified\":\"2025-12-31T16:05:53+00:00\",\"author\":{\"@id\":\"https:\/\/gazetapernambucana.com\/#\/schema\/person\/188dc283325181ac2de4db1e9e987427\"},\"breadcrumb\":{\"@id\":\"https:\/\/gazetapernambucana.com\/?p=2395#breadcrumb\"},\"inLanguage\":\"pt-BR\",\"potentialAction\":[{\"@type\":\"ReadAction\",\"target\":[\"https:\/\/gazetapernambucana.com\/?p=2395\"]}]},{\"@type\":\"ImageObject\",\"inLanguage\":\"pt-BR\",\"@id\":\"https:\/\/gazetapernambucana.com\/?p=2395#primaryimage\",\"url\":\"https:\/\/gazetapernambucana.com\/wp-content\/uploads\/2025\/12\/download-22.jpg\",\"contentUrl\":\"https:\/\/gazetapernambucana.com\/wp-content\/uploads\/2025\/12\/download-22.jpg\",\"width\":204,\"height\":132},{\"@type\":\"BreadcrumbList\",\"@id\":\"https:\/\/gazetapernambucana.com\/?p=2395#breadcrumb\",\"itemListElement\":[{\"@type\":\"ListItem\",\"position\":1,\"name\":\"In\u00edcio\",\"item\":\"https:\/\/gazetapernambucana.com\/\"},{\"@type\":\"ListItem\",\"position\":2,\"name\":\"Jo\u00e3o Campos \u00e9 acusado de fraudar nomea\u00e7\u00e3o e favorecer filho de procuradora do TCE em vaga de PCD\"}]},{\"@type\":\"WebSite\",\"@id\":\"https:\/\/gazetapernambucana.com\/#website\",\"url\":\"https:\/\/gazetapernambucana.com\/\",\"name\":\"\",\"description\":\"\",\"potentialAction\":[{\"@type\":\"SearchAction\",\"target\":{\"@type\":\"EntryPoint\",\"urlTemplate\":\"https:\/\/gazetapernambucana.com\/?s={search_term_string}\"},\"query-input\":{\"@type\":\"PropertyValueSpecification\",\"valueRequired\":true,\"valueName\":\"search_term_string\"}}],\"inLanguage\":\"pt-BR\"},{\"@type\":\"Person\",\"@id\":\"https:\/\/gazetapernambucana.com\/#\/schema\/person\/188dc283325181ac2de4db1e9e987427\",\"name\":\"GP\",\"image\":{\"@type\":\"ImageObject\",\"inLanguage\":\"pt-BR\",\"@id\":\"https:\/\/gazetapernambucana.com\/#\/schema\/person\/image\/\",\"url\":\"https:\/\/secure.gravatar.com\/avatar\/9dad78ff9a2d8b5742d11779f8a3f53b052320c550b2e1907882353c067bb111?s=96&d=mm&r=g\",\"contentUrl\":\"https:\/\/secure.gravatar.com\/avatar\/9dad78ff9a2d8b5742d11779f8a3f53b052320c550b2e1907882353c067bb111?s=96&d=mm&r=g\",\"caption\":\"GP\"},\"sameAs\":[\"http:\/\/gazetapernambucana.com\"],\"url\":\"https:\/\/gazetapernambucana.com\/?author=1\"}]}<\/script>\n<!-- \/ Yoast SEO plugin. -->","yoast_head_json":{"title":"Jo\u00e3o Campos \u00e9 acusado de fraudar nomea\u00e7\u00e3o e favorecer filho de procuradora do TCE em vaga de PCD -","robots":{"index":"index","follow":"follow","max-snippet":"max-snippet:-1","max-image-preview":"max-image-preview:large","max-video-preview":"max-video-preview:-1"},"canonical":"https:\/\/gazetapernambucana.com\/?p=2395","og_locale":"pt_BR","og_type":"article","og_title":"Jo\u00e3o Campos \u00e9 acusado de fraudar nomea\u00e7\u00e3o e favorecer filho de procuradora do TCE em vaga de PCD -","og_description":"Recife vive um esc\u00e2ndalo administrativo de propor\u00e7\u00f5es graves. O prefeito Jo\u00e3o Campos (PSB) \u00e9 acusado de burlar a ordem do concurso p\u00fablico de 2022 e nomear, de forma irregular, o advogado Lucas Vieira Silva para o cargo de procurador judicial do munic\u00edpio, na vaga exclusiva para Pessoas com Defici\u00eancia (PCD), mesmo sem o candidato ter [&hellip;]","og_url":"https:\/\/gazetapernambucana.com\/?p=2395","article_published_time":"2025-12-31T16:04:50+00:00","article_modified_time":"2025-12-31T16:05:53+00:00","og_image":[{"width":204,"height":132,"url":"https:\/\/gazetapernambucana.com\/wp-content\/uploads\/2025\/12\/download-22.jpg","type":"image\/jpeg"}],"author":"GP","twitter_card":"summary_large_image","twitter_misc":{"Escrito por":"GP","Est. tempo de leitura":"4 minutos"},"schema":{"@context":"https:\/\/schema.org","@graph":[{"@type":"WebPage","@id":"https:\/\/gazetapernambucana.com\/?p=2395","url":"https:\/\/gazetapernambucana.com\/?p=2395","name":"Jo\u00e3o Campos \u00e9 acusado de fraudar nomea\u00e7\u00e3o e favorecer filho de procuradora do TCE em vaga de PCD -","isPartOf":{"@id":"https:\/\/gazetapernambucana.com\/#website"},"primaryImageOfPage":{"@id":"https:\/\/gazetapernambucana.com\/?p=2395#primaryimage"},"image":{"@id":"https:\/\/gazetapernambucana.com\/?p=2395#primaryimage"},"thumbnailUrl":"https:\/\/gazetapernambucana.com\/wp-content\/uploads\/2025\/12\/download-22.jpg","datePublished":"2025-12-31T16:04:50+00:00","dateModified":"2025-12-31T16:05:53+00:00","author":{"@id":"https:\/\/gazetapernambucana.com\/#\/schema\/person\/188dc283325181ac2de4db1e9e987427"},"breadcrumb":{"@id":"https:\/\/gazetapernambucana.com\/?p=2395#breadcrumb"},"inLanguage":"pt-BR","potentialAction":[{"@type":"ReadAction","target":["https:\/\/gazetapernambucana.com\/?p=2395"]}]},{"@type":"ImageObject","inLanguage":"pt-BR","@id":"https:\/\/gazetapernambucana.com\/?p=2395#primaryimage","url":"https:\/\/gazetapernambucana.com\/wp-content\/uploads\/2025\/12\/download-22.jpg","contentUrl":"https:\/\/gazetapernambucana.com\/wp-content\/uploads\/2025\/12\/download-22.jpg","width":204,"height":132},{"@type":"BreadcrumbList","@id":"https:\/\/gazetapernambucana.com\/?p=2395#breadcrumb","itemListElement":[{"@type":"ListItem","position":1,"name":"In\u00edcio","item":"https:\/\/gazetapernambucana.com\/"},{"@type":"ListItem","position":2,"name":"Jo\u00e3o Campos \u00e9 acusado de fraudar nomea\u00e7\u00e3o e favorecer filho de procuradora do TCE em vaga de PCD"}]},{"@type":"WebSite","@id":"https:\/\/gazetapernambucana.com\/#website","url":"https:\/\/gazetapernambucana.com\/","name":"","description":"","potentialAction":[{"@type":"SearchAction","target":{"@type":"EntryPoint","urlTemplate":"https:\/\/gazetapernambucana.com\/?s={search_term_string}"},"query-input":{"@type":"PropertyValueSpecification","valueRequired":true,"valueName":"search_term_string"}}],"inLanguage":"pt-BR"},{"@type":"Person","@id":"https:\/\/gazetapernambucana.com\/#\/schema\/person\/188dc283325181ac2de4db1e9e987427","name":"GP","image":{"@type":"ImageObject","inLanguage":"pt-BR","@id":"https:\/\/gazetapernambucana.com\/#\/schema\/person\/image\/","url":"https:\/\/secure.gravatar.com\/avatar\/9dad78ff9a2d8b5742d11779f8a3f53b052320c550b2e1907882353c067bb111?s=96&d=mm&r=g","contentUrl":"https:\/\/secure.gravatar.com\/avatar\/9dad78ff9a2d8b5742d11779f8a3f53b052320c550b2e1907882353c067bb111?s=96&d=mm&r=g","caption":"GP"},"sameAs":["http:\/\/gazetapernambucana.com"],"url":"https:\/\/gazetapernambucana.com\/?author=1"}]}},"jetpack_publicize_connections":[],"_links":{"self":[{"href":"https:\/\/gazetapernambucana.com\/index.php?rest_route=\/wp\/v2\/posts\/2395","targetHints":{"allow":["GET"]}}],"collection":[{"href":"https:\/\/gazetapernambucana.com\/index.php?rest_route=\/wp\/v2\/posts"}],"about":[{"href":"https:\/\/gazetapernambucana.com\/index.php?rest_route=\/wp\/v2\/types\/post"}],"author":[{"embeddable":true,"href":"https:\/\/gazetapernambucana.com\/index.php?rest_route=\/wp\/v2\/users\/1"}],"replies":[{"embeddable":true,"href":"https:\/\/gazetapernambucana.com\/index.php?rest_route=%2Fwp%2Fv2%2Fcomments&post=2395"}],"version-history":[{"count":1,"href":"https:\/\/gazetapernambucana.com\/index.php?rest_route=\/wp\/v2\/posts\/2395\/revisions"}],"predecessor-version":[{"id":2397,"href":"https:\/\/gazetapernambucana.com\/index.php?rest_route=\/wp\/v2\/posts\/2395\/revisions\/2397"}],"wp:featuredmedia":[{"embeddable":true,"href":"https:\/\/gazetapernambucana.com\/index.php?rest_route=\/wp\/v2\/media\/2396"}],"wp:attachment":[{"href":"https:\/\/gazetapernambucana.com\/index.php?rest_route=%2Fwp%2Fv2%2Fmedia&parent=2395"}],"wp:term":[{"taxonomy":"category","embeddable":true,"href":"https:\/\/gazetapernambucana.com\/index.php?rest_route=%2Fwp%2Fv2%2Fcategories&post=2395"},{"taxonomy":"post_tag","embeddable":true,"href":"https:\/\/gazetapernambucana.com\/index.php?rest_route=%2Fwp%2Fv2%2Ftags&post=2395"}],"curies":[{"name":"wp","href":"https:\/\/api.w.org\/{rel}","templated":true}]}}