{"id":2392,"date":"2025-12-30T21:33:16","date_gmt":"2025-12-31T00:33:16","guid":{"rendered":"https:\/\/gazetapernambucana.com\/?p=2392"},"modified":"2025-12-30T21:33:16","modified_gmt":"2025-12-31T00:33:16","slug":"quem-dira-feliz-ano-novo-aos-hospedes-da-solidao-por-flavio-chaves","status":"publish","type":"post","link":"https:\/\/gazetapernambucana.com\/?p=2392","title":{"rendered":"QUEM DIR\u00c1 FELIZ ANO NOVO AOS H\u00d3SPEDES DA SOLID\u00c3O. Por Fl\u00e1vio Chaves"},"content":{"rendered":"<p data-start=\"546\" data-end=\"1049\"><strong>Por Fl\u00e1vio Chaves \u2013 Jornalista, poeta, escritor e membro da Academia Pernambucana de Letras. Foi Delegado Federal\/Minc\u00a0 \u2013\u00a0 <\/strong>O ano n\u00e3o termina quando o rel\u00f3gio decide avan\u00e7ar seus ponteiros, nem quando o calend\u00e1rio se desfaz da \u00faltima folha com a indiferen\u00e7a de quem cumpre apenas uma fun\u00e7\u00e3o mec\u00e2nica, o ano termina de maneira desigual, como quase tudo que atravessa o ser humano, termina quando a resist\u00eancia cede, quando o cansa\u00e7o se acumula em sil\u00eancio, quando a alma percebe que passou meses inteiros atravessando dias sem realmente habit\u00e1-los, carregando aus\u00eancias como quem carrega m\u00f3veis pesados por corredores estreitos.<\/p>\n<p data-start=\"1051\" data-end=\"1572\">H\u00e1 uma noite em que a solid\u00e3o se adensa, ganha peso espec\u00edfico, torna-se quase palp\u00e1vel, uma noite em que ela deixa de ser apenas um estado de esp\u00edrito e passa a ocupar o corpo inteiro, senta-se \u00e0 mesa, repousa nos ombros, deita-se ao lado, respira no mesmo compasso, \u00e9 a noite da virada, quando o c\u00e9u se rasga em cores e estrondos, anunciando uma felicidade coletiva que n\u00e3o alcan\u00e7a todas as casas, enquanto em alguns quartos o sil\u00eancio se estica, longo e frio, como um len\u00e7ol mal colocado sobre quem j\u00e1 n\u00e3o sente calor.<\/p>\n<p data-start=\"1574\" data-end=\"1970\">Quem dir\u00e1 feliz ano novo aos h\u00f3spedes da solid\u00e3o, \u00e0queles que n\u00e3o chegaram por acaso, que n\u00e3o est\u00e3o ali por distra\u00e7\u00e3o ou fraqueza, mas porque foram ficando, dia ap\u00f3s dia, \u00e0 medida que a vida retirava pessoas, sentidos e promessas, ensinando, com sua pedagogia dura, que nem todos ter\u00e3o com quem brindar, que nem todos ser\u00e3o lembrados quando a m\u00fasica come\u00e7a, que nem todos cabem na alegria alheia.<\/p>\n<p data-start=\"1972\" data-end=\"2395\">A solid\u00e3o n\u00e3o invade, n\u00e3o grita, n\u00e3o amea\u00e7a, ela chega devagar, quase com delicadeza, pede licen\u00e7a ao primeiro vazio e, quando percebe que ningu\u00e9m se op\u00f5e, espalha-se pela casa, aprende os hor\u00e1rios, reconhece os cheiros, decora os pensamentos mais recorrentes, transforma-se em h\u00e1bito, em rotina, em uma presen\u00e7a constante que ningu\u00e9m v\u00ea, mas que pesa como um corpo inteiro apoiado sobre o peito nas madrugadas mais longas.<\/p>\n<p data-start=\"2397\" data-end=\"2818\">O ser humano insiste em acreditar que o tempo se submete \u00e0 sua contagem, que a troca de n\u00fameros no calend\u00e1rio tem o poder de purificar dores antigas, de corrigir erros, de apagar aus\u00eancias, mas o tempo verdadeiro, aquele que habita o interior das pessoas, n\u00e3o respeita datas nem se comove com promessas, ele apenas passa, deixando marcas, sulcos, cicatrizes que n\u00e3o se fecham com discursos otimistas ou desejos ensaiados.<\/p>\n<p data-start=\"2820\" data-end=\"3298\">Enquanto mesas se enchem de pratos, ta\u00e7as e risos que soam mais altos do que sentem, h\u00e1 cora\u00e7\u00f5es atravessando a noite em absoluto jejum de sentido, homens e mulheres que n\u00e3o perderam apenas algu\u00e9m, mas perderam a orienta\u00e7\u00e3o, a leveza, o lugar interno onde antes repousavam, gente que passou o ano inteiro se despedindo em sil\u00eancio, mesmo quando ningu\u00e9m percebeu, mesmo quando o mundo continuou exigindo produtividade, entusiasmo e f\u00e9 como se tudo isso fosse simples ou poss\u00edvel.<\/p>\n<p data-start=\"3300\" data-end=\"3759\">Existe uma solid\u00e3o que n\u00e3o aparece nas fotografias da virada, que n\u00e3o se anuncia em palavras p\u00fablicas, que n\u00e3o pede ajuda porque j\u00e1 tentou e cansou, ela observa o mundo \u00e0 dist\u00e2ncia, da janela entreaberta, do canto do quarto, do fundo do pensamento, aprende a economizar gestos, a reduzir expectativas, a diminuir a pr\u00f3pria presen\u00e7a para n\u00e3o incomodar, para n\u00e3o explicar, para n\u00e3o precisar responder perguntas que raramente s\u00e3o feitas por verdadeiro interesse.<\/p>\n<p data-start=\"3761\" data-end=\"4181\">O mais doloroso n\u00e3o \u00e9 estar s\u00f3, \u00e9 estar s\u00f3 enquanto a alegria se torna obrigat\u00f3ria, enquanto a felicidade assume a forma de um dever social, enquanto o sorriso passa a ser exigido como prova de equil\u00edbrio, h\u00e1 uma viol\u00eancia sutil na celebra\u00e7\u00e3o imposta, no brinde autom\u00e1tico, na contagem regressiva que ignora aqueles que ainda recolhem, com cuidado quase ritual, os cacos do que se quebrou ao longo do ano que se despede.<\/p>\n<p data-start=\"4183\" data-end=\"4547\">Quem lembrar\u00e1, em meio aos abra\u00e7os apressados e aos fogos que insistem em iluminar tudo, daqueles que contam perdas em sil\u00eancio, que atravessam a meia-noite sem testemunhas, abra\u00e7ados apenas \u00e0 pr\u00f3pria sombra, tentando compreender em que momento da caminhada a vida se tornou pesada demais, em que ponto o tempo deixou de ser promessa e passou a ser apenas esfor\u00e7o.<\/p>\n<p data-start=\"4549\" data-end=\"4906\">Talvez o gesto mais humano deste fim de ano n\u00e3o seja desejar felicidade em voz alta, mas reconhecer em sil\u00eancio que h\u00e1 dores que n\u00e3o cabem em festas, que h\u00e1 pessoas que n\u00e3o precisam de planos, resolu\u00e7\u00f5es ou discursos esperan\u00e7osos, precisam apenas n\u00e3o serem esquecidas, precisam apenas que algu\u00e9m reconhe\u00e7a que sobreviver j\u00e1 foi tudo o que conseguiram fazer.<\/p>\n<p data-start=\"4908\" data-end=\"5253\">Porque o ano novo n\u00e3o come\u00e7a para todos quando o rel\u00f3gio ordena, para alguns ele ainda n\u00e3o come\u00e7ou, para outros talvez nem comece, e at\u00e9 que isso aconte\u00e7a seguem ali, h\u00f3spedes da solid\u00e3o, atravessando o tempo como quem atravessa um c\u00f4modo escuro, tateando paredes, evitando quedas, esperando n\u00e3o por fogos, mas por um gesto m\u00ednimo de humanidade.<\/p>\n<p data-start=\"5255\" data-end=\"5467\">E quando o rel\u00f3gio avan\u00e7ar outra vez, indiferente como sempre foi, restar\u00e1 apenas essa pergunta, tardia e necess\u00e1ria, ecoando onde a festa n\u00e3o alcan\u00e7a, quem dir\u00e1 feliz ano novo aos que est\u00e3o sozinhos, de verdade.<\/p>\n","protected":false},"excerpt":{"rendered":"<p>Por Fl\u00e1vio Chaves \u2013 Jornalista, poeta, escritor e membro da Academia Pernambucana de Letras. Foi Delegado Federal\/Minc\u00a0 \u2013\u00a0 O ano n\u00e3o termina quando o rel\u00f3gio decide avan\u00e7ar seus ponteiros, nem quando o calend\u00e1rio se desfaz da \u00faltima folha com a indiferen\u00e7a de quem cumpre apenas uma fun\u00e7\u00e3o mec\u00e2nica, o ano termina de maneira desigual, como [&hellip;]<\/p>\n","protected":false},"author":1,"featured_media":2393,"comment_status":"open","ping_status":"open","sticky":false,"template":"","format":"standard","meta":{"footnotes":"","jetpack_publicize_message":"","jetpack_publicize_feature_enabled":true,"jetpack_social_post_already_shared":true,"jetpack_social_options":{"image_generator_settings":{"template":"highway","default_image_id":0,"font":"","enabled":false},"version":2}},"categories":[1,35,46],"tags":[],"class_list":["post-2392","post","type-post","status-publish","format-standard","has-post-thumbnail","hentry","category-https-gazetapernambucana-com-page_id225","category-https-gazetapernambucana-com-page_id218","category-literatura"],"yoast_head":"<!-- This site is optimized with the Yoast SEO plugin v24.5 - https:\/\/yoast.com\/wordpress\/plugins\/seo\/ -->\n<title>QUEM DIR\u00c1 FELIZ ANO NOVO AOS H\u00d3SPEDES DA SOLID\u00c3O. Por Fl\u00e1vio Chaves -<\/title>\n<meta name=\"robots\" content=\"index, follow, max-snippet:-1, max-image-preview:large, max-video-preview:-1\" \/>\n<link rel=\"canonical\" href=\"http:\/\/gazetapernambucana.com\/?p=2392\" \/>\n<meta property=\"og:locale\" content=\"pt_BR\" \/>\n<meta property=\"og:type\" content=\"article\" \/>\n<meta property=\"og:title\" content=\"QUEM DIR\u00c1 FELIZ ANO NOVO AOS H\u00d3SPEDES DA SOLID\u00c3O. Por Fl\u00e1vio Chaves -\" \/>\n<meta property=\"og:description\" content=\"Por Fl\u00e1vio Chaves \u2013 Jornalista, poeta, escritor e membro da Academia Pernambucana de Letras. Foi Delegado Federal\/Minc\u00a0 \u2013\u00a0 O ano n\u00e3o termina quando o rel\u00f3gio decide avan\u00e7ar seus ponteiros, nem quando o calend\u00e1rio se desfaz da \u00faltima folha com a indiferen\u00e7a de quem cumpre apenas uma fun\u00e7\u00e3o mec\u00e2nica, o ano termina de maneira desigual, como [&hellip;]\" \/>\n<meta property=\"og:url\" content=\"http:\/\/gazetapernambucana.com\/?p=2392\" \/>\n<meta property=\"article:published_time\" content=\"2025-12-31T00:33:16+00:00\" \/>\n<meta property=\"og:image\" content=\"http:\/\/gazetapernambucana.com\/wp-content\/uploads\/2025\/12\/a24009b4-c671-4078-bd64-e78226035c0f.jpg\" \/>\n\t<meta property=\"og:image:width\" content=\"600\" \/>\n\t<meta property=\"og:image:height\" content=\"600\" \/>\n\t<meta property=\"og:image:type\" content=\"image\/jpeg\" \/>\n<meta name=\"author\" content=\"GP\" \/>\n<meta name=\"twitter:card\" content=\"summary_large_image\" \/>\n<meta name=\"twitter:label1\" content=\"Escrito por\" \/>\n\t<meta name=\"twitter:data1\" content=\"GP\" \/>\n\t<meta name=\"twitter:label2\" content=\"Est. tempo de leitura\" \/>\n\t<meta name=\"twitter:data2\" content=\"5 minutos\" \/>\n<script type=\"application\/ld+json\" class=\"yoast-schema-graph\">{\"@context\":\"https:\/\/schema.org\",\"@graph\":[{\"@type\":\"WebPage\",\"@id\":\"http:\/\/gazetapernambucana.com\/?p=2392\",\"url\":\"http:\/\/gazetapernambucana.com\/?p=2392\",\"name\":\"QUEM DIR\u00c1 FELIZ ANO NOVO AOS H\u00d3SPEDES DA SOLID\u00c3O. Por Fl\u00e1vio Chaves -\",\"isPartOf\":{\"@id\":\"https:\/\/gazetapernambucana.com\/#website\"},\"primaryImageOfPage\":{\"@id\":\"http:\/\/gazetapernambucana.com\/?p=2392#primaryimage\"},\"image\":{\"@id\":\"http:\/\/gazetapernambucana.com\/?p=2392#primaryimage\"},\"thumbnailUrl\":\"https:\/\/gazetapernambucana.com\/wp-content\/uploads\/2025\/12\/a24009b4-c671-4078-bd64-e78226035c0f.jpg\",\"datePublished\":\"2025-12-31T00:33:16+00:00\",\"author\":{\"@id\":\"https:\/\/gazetapernambucana.com\/#\/schema\/person\/188dc283325181ac2de4db1e9e987427\"},\"breadcrumb\":{\"@id\":\"http:\/\/gazetapernambucana.com\/?p=2392#breadcrumb\"},\"inLanguage\":\"pt-BR\",\"potentialAction\":[{\"@type\":\"ReadAction\",\"target\":[\"http:\/\/gazetapernambucana.com\/?p=2392\"]}]},{\"@type\":\"ImageObject\",\"inLanguage\":\"pt-BR\",\"@id\":\"http:\/\/gazetapernambucana.com\/?p=2392#primaryimage\",\"url\":\"https:\/\/gazetapernambucana.com\/wp-content\/uploads\/2025\/12\/a24009b4-c671-4078-bd64-e78226035c0f.jpg\",\"contentUrl\":\"https:\/\/gazetapernambucana.com\/wp-content\/uploads\/2025\/12\/a24009b4-c671-4078-bd64-e78226035c0f.jpg\",\"width\":600,\"height\":600},{\"@type\":\"BreadcrumbList\",\"@id\":\"http:\/\/gazetapernambucana.com\/?p=2392#breadcrumb\",\"itemListElement\":[{\"@type\":\"ListItem\",\"position\":1,\"name\":\"In\u00edcio\",\"item\":\"https:\/\/gazetapernambucana.com\/\"},{\"@type\":\"ListItem\",\"position\":2,\"name\":\"QUEM DIR\u00c1 FELIZ ANO NOVO AOS H\u00d3SPEDES DA SOLID\u00c3O. Por Fl\u00e1vio Chaves\"}]},{\"@type\":\"WebSite\",\"@id\":\"https:\/\/gazetapernambucana.com\/#website\",\"url\":\"https:\/\/gazetapernambucana.com\/\",\"name\":\"\",\"description\":\"\",\"potentialAction\":[{\"@type\":\"SearchAction\",\"target\":{\"@type\":\"EntryPoint\",\"urlTemplate\":\"https:\/\/gazetapernambucana.com\/?s={search_term_string}\"},\"query-input\":{\"@type\":\"PropertyValueSpecification\",\"valueRequired\":true,\"valueName\":\"search_term_string\"}}],\"inLanguage\":\"pt-BR\"},{\"@type\":\"Person\",\"@id\":\"https:\/\/gazetapernambucana.com\/#\/schema\/person\/188dc283325181ac2de4db1e9e987427\",\"name\":\"GP\",\"image\":{\"@type\":\"ImageObject\",\"inLanguage\":\"pt-BR\",\"@id\":\"https:\/\/gazetapernambucana.com\/#\/schema\/person\/image\/\",\"url\":\"https:\/\/secure.gravatar.com\/avatar\/9dad78ff9a2d8b5742d11779f8a3f53b052320c550b2e1907882353c067bb111?s=96&d=mm&r=g\",\"contentUrl\":\"https:\/\/secure.gravatar.com\/avatar\/9dad78ff9a2d8b5742d11779f8a3f53b052320c550b2e1907882353c067bb111?s=96&d=mm&r=g\",\"caption\":\"GP\"},\"sameAs\":[\"http:\/\/gazetapernambucana.com\"],\"url\":\"https:\/\/gazetapernambucana.com\/?author=1\"}]}<\/script>\n<!-- \/ Yoast SEO plugin. -->","yoast_head_json":{"title":"QUEM DIR\u00c1 FELIZ ANO NOVO AOS H\u00d3SPEDES DA SOLID\u00c3O. Por Fl\u00e1vio Chaves -","robots":{"index":"index","follow":"follow","max-snippet":"max-snippet:-1","max-image-preview":"max-image-preview:large","max-video-preview":"max-video-preview:-1"},"canonical":"http:\/\/gazetapernambucana.com\/?p=2392","og_locale":"pt_BR","og_type":"article","og_title":"QUEM DIR\u00c1 FELIZ ANO NOVO AOS H\u00d3SPEDES DA SOLID\u00c3O. Por Fl\u00e1vio Chaves -","og_description":"Por Fl\u00e1vio Chaves \u2013 Jornalista, poeta, escritor e membro da Academia Pernambucana de Letras. Foi Delegado Federal\/Minc\u00a0 \u2013\u00a0 O ano n\u00e3o termina quando o rel\u00f3gio decide avan\u00e7ar seus ponteiros, nem quando o calend\u00e1rio se desfaz da \u00faltima folha com a indiferen\u00e7a de quem cumpre apenas uma fun\u00e7\u00e3o mec\u00e2nica, o ano termina de maneira desigual, como [&hellip;]","og_url":"http:\/\/gazetapernambucana.com\/?p=2392","article_published_time":"2025-12-31T00:33:16+00:00","og_image":[{"width":600,"height":600,"url":"http:\/\/gazetapernambucana.com\/wp-content\/uploads\/2025\/12\/a24009b4-c671-4078-bd64-e78226035c0f.jpg","type":"image\/jpeg"}],"author":"GP","twitter_card":"summary_large_image","twitter_misc":{"Escrito por":"GP","Est. tempo de leitura":"5 minutos"},"schema":{"@context":"https:\/\/schema.org","@graph":[{"@type":"WebPage","@id":"http:\/\/gazetapernambucana.com\/?p=2392","url":"http:\/\/gazetapernambucana.com\/?p=2392","name":"QUEM DIR\u00c1 FELIZ ANO NOVO AOS H\u00d3SPEDES DA SOLID\u00c3O. Por Fl\u00e1vio Chaves -","isPartOf":{"@id":"https:\/\/gazetapernambucana.com\/#website"},"primaryImageOfPage":{"@id":"http:\/\/gazetapernambucana.com\/?p=2392#primaryimage"},"image":{"@id":"http:\/\/gazetapernambucana.com\/?p=2392#primaryimage"},"thumbnailUrl":"https:\/\/gazetapernambucana.com\/wp-content\/uploads\/2025\/12\/a24009b4-c671-4078-bd64-e78226035c0f.jpg","datePublished":"2025-12-31T00:33:16+00:00","author":{"@id":"https:\/\/gazetapernambucana.com\/#\/schema\/person\/188dc283325181ac2de4db1e9e987427"},"breadcrumb":{"@id":"http:\/\/gazetapernambucana.com\/?p=2392#breadcrumb"},"inLanguage":"pt-BR","potentialAction":[{"@type":"ReadAction","target":["http:\/\/gazetapernambucana.com\/?p=2392"]}]},{"@type":"ImageObject","inLanguage":"pt-BR","@id":"http:\/\/gazetapernambucana.com\/?p=2392#primaryimage","url":"https:\/\/gazetapernambucana.com\/wp-content\/uploads\/2025\/12\/a24009b4-c671-4078-bd64-e78226035c0f.jpg","contentUrl":"https:\/\/gazetapernambucana.com\/wp-content\/uploads\/2025\/12\/a24009b4-c671-4078-bd64-e78226035c0f.jpg","width":600,"height":600},{"@type":"BreadcrumbList","@id":"http:\/\/gazetapernambucana.com\/?p=2392#breadcrumb","itemListElement":[{"@type":"ListItem","position":1,"name":"In\u00edcio","item":"https:\/\/gazetapernambucana.com\/"},{"@type":"ListItem","position":2,"name":"QUEM DIR\u00c1 FELIZ ANO NOVO AOS H\u00d3SPEDES DA SOLID\u00c3O. Por Fl\u00e1vio Chaves"}]},{"@type":"WebSite","@id":"https:\/\/gazetapernambucana.com\/#website","url":"https:\/\/gazetapernambucana.com\/","name":"","description":"","potentialAction":[{"@type":"SearchAction","target":{"@type":"EntryPoint","urlTemplate":"https:\/\/gazetapernambucana.com\/?s={search_term_string}"},"query-input":{"@type":"PropertyValueSpecification","valueRequired":true,"valueName":"search_term_string"}}],"inLanguage":"pt-BR"},{"@type":"Person","@id":"https:\/\/gazetapernambucana.com\/#\/schema\/person\/188dc283325181ac2de4db1e9e987427","name":"GP","image":{"@type":"ImageObject","inLanguage":"pt-BR","@id":"https:\/\/gazetapernambucana.com\/#\/schema\/person\/image\/","url":"https:\/\/secure.gravatar.com\/avatar\/9dad78ff9a2d8b5742d11779f8a3f53b052320c550b2e1907882353c067bb111?s=96&d=mm&r=g","contentUrl":"https:\/\/secure.gravatar.com\/avatar\/9dad78ff9a2d8b5742d11779f8a3f53b052320c550b2e1907882353c067bb111?s=96&d=mm&r=g","caption":"GP"},"sameAs":["http:\/\/gazetapernambucana.com"],"url":"https:\/\/gazetapernambucana.com\/?author=1"}]}},"jetpack_publicize_connections":[],"_links":{"self":[{"href":"https:\/\/gazetapernambucana.com\/index.php?rest_route=\/wp\/v2\/posts\/2392","targetHints":{"allow":["GET"]}}],"collection":[{"href":"https:\/\/gazetapernambucana.com\/index.php?rest_route=\/wp\/v2\/posts"}],"about":[{"href":"https:\/\/gazetapernambucana.com\/index.php?rest_route=\/wp\/v2\/types\/post"}],"author":[{"embeddable":true,"href":"https:\/\/gazetapernambucana.com\/index.php?rest_route=\/wp\/v2\/users\/1"}],"replies":[{"embeddable":true,"href":"https:\/\/gazetapernambucana.com\/index.php?rest_route=%2Fwp%2Fv2%2Fcomments&post=2392"}],"version-history":[{"count":1,"href":"https:\/\/gazetapernambucana.com\/index.php?rest_route=\/wp\/v2\/posts\/2392\/revisions"}],"predecessor-version":[{"id":2394,"href":"https:\/\/gazetapernambucana.com\/index.php?rest_route=\/wp\/v2\/posts\/2392\/revisions\/2394"}],"wp:featuredmedia":[{"embeddable":true,"href":"https:\/\/gazetapernambucana.com\/index.php?rest_route=\/wp\/v2\/media\/2393"}],"wp:attachment":[{"href":"https:\/\/gazetapernambucana.com\/index.php?rest_route=%2Fwp%2Fv2%2Fmedia&parent=2392"}],"wp:term":[{"taxonomy":"category","embeddable":true,"href":"https:\/\/gazetapernambucana.com\/index.php?rest_route=%2Fwp%2Fv2%2Fcategories&post=2392"},{"taxonomy":"post_tag","embeddable":true,"href":"https:\/\/gazetapernambucana.com\/index.php?rest_route=%2Fwp%2Fv2%2Ftags&post=2392"}],"curies":[{"name":"wp","href":"https:\/\/api.w.org\/{rel}","templated":true}]}}