{"id":2382,"date":"2025-12-26T17:55:16","date_gmt":"2025-12-26T20:55:16","guid":{"rendered":"https:\/\/gazetapernambucana.com\/?p=2382"},"modified":"2025-12-26T18:45:53","modified_gmt":"2025-12-26T21:45:53","slug":"antecipacao-expos-joao-campos-ao-desgaste","status":"publish","type":"post","link":"https:\/\/gazetapernambucana.com\/?p=2382","title":{"rendered":"GAZETA PERNAMBUCANA &#8211; Antecipa\u00e7\u00e3o exp\u00f4s Jo\u00e3o Campos ao desgaste"},"content":{"rendered":"<p data-start=\"143\" data-end=\"681\">O prefeito do Recife, Jo\u00e3o Campos, pode ter cometido um erro estrat\u00e9gico ao se lan\u00e7ar de forma antecipada na disputa pelo Governo de Pernambuco em 2026. Ao decidir sair da zona de conforto da prefeitura e se colocar como pr\u00e9-candidato ainda em 2024, Jo\u00e3o entrou cedo demais na vitrine do desgaste. O que parecia ousadia e posicionamento se transformou em exposi\u00e7\u00e3o desnecess\u00e1ria, e, pior, em perda de for\u00e7a pol\u00edtica entre aliados naturais, que precisaram seguir outro rumo por conta de compromissos administrativos e eleitorais imediatos.<\/p>\n<p data-start=\"683\" data-end=\"1338\">A antecipa\u00e7\u00e3o da candidatura fez com que lideran\u00e7as importantes do interior do estado, sobretudo prefeitos e gestores com responsabilidade direta sobre obras e entregas, optassem por se alinhar \u00e0 governadora Raquel Lyra. Isso n\u00e3o se deu, necessariamente, por discord\u00e2ncia pol\u00edtica com Jo\u00e3o Campos, mas sim por uma quest\u00e3o de sobreviv\u00eancia e pragmatismo. Esses l\u00edderes precisavam viabilizar projetos em suas cidades, acessar recursos estaduais, entregar obras e mostrar servi\u00e7o para seus eleitores. E quem tem a caneta do Estado na m\u00e3o hoje \u00e9 Raquel. Com isso, muitos que poderiam apoiar Jo\u00e3o em um outro contexto, optaram por seguir a cartilha do Pal\u00e1cio.<\/p>\n<p data-start=\"1340\" data-end=\"2040\">Ao mesmo tempo, as pesquisas mais recentes mostram uma realidade dura: o crescimento de Jo\u00e3o Campos, que no in\u00edcio da pr\u00e9-campanha parecia promissor, estagnou. Pior, h\u00e1 sinais claros de queda nas inten\u00e7\u00f5es de voto, reflexo direto do tempo excessivo sob os holofotes e da aus\u00eancia de entregas contundentes que sustentem seu discurso estadual. A pr\u00e9-candidatura prolongada exp\u00f4s Jo\u00e3o a ataques mais constantes e permitiu que seus advers\u00e1rios ganhassem terreno. A cr\u00edtica \u00e0 sua gest\u00e3o na prefeitura passou a ser utilizada como argumento para questionar sua capacidade de governar o Estado. O que antes era visto como lideran\u00e7a jovem promissora passou a ser retratado como uma aposta arriscada e imatura.<\/p>\n<p data-start=\"2042\" data-end=\"2575\">Al\u00e9m disso, a exposi\u00e7\u00e3o prolongada transformou Jo\u00e3o Campos em alvo preferencial de advers\u00e1rios, que hoje contam com tempo e muni\u00e7\u00e3o para atacar e construir suas pr\u00f3prias narrativas. Cada falha administrativa no Recife virou argumento estadual contra ele. Cada obra parada, cada promessa n\u00e3o cumprida, se torna muni\u00e7\u00e3o para minar sua imagem. A governadora, por sua vez, opera com intelig\u00eancia e discri\u00e7\u00e3o, fortalecendo sua base, distribuindo investimentos e ampliando a rede de apoio sem se desgastar no campo da antecipa\u00e7\u00e3o pol\u00edtica.<\/p>\n<p data-start=\"2577\" data-end=\"3035\">Jo\u00e3o Campos n\u00e3o perdeu o jogo, mas comprometeu parte do seu capital ao tentar jog\u00e1-lo com muita anteced\u00eancia. O tempo que ele queria controlar pode se transformar em armadilha. Se n\u00e3o reagir com rapidez, reposicionar seu discurso e entregar resultados objetivos, corre o risco de virar s\u00edmbolo de um projeto que se esvaziou antes de come\u00e7ar. A pol\u00edtica exige estrat\u00e9gia, mas tamb\u00e9m leitura precisa do tempo. E nesse quesito, talvez Jo\u00e3o tenha se precipitado.<\/p>\n","protected":false},"excerpt":{"rendered":"<p>O prefeito do Recife, Jo\u00e3o Campos, pode ter cometido um erro estrat\u00e9gico ao se lan\u00e7ar de forma antecipada na disputa pelo Governo de Pernambuco em 2026. Ao decidir sair da zona de conforto da prefeitura e se colocar como pr\u00e9-candidato ainda em 2024, Jo\u00e3o entrou cedo demais na vitrine do desgaste. O que parecia ousadia [&hellip;]<\/p>\n","protected":false},"author":1,"featured_media":2383,"comment_status":"open","ping_status":"open","sticky":false,"template":"","format":"standard","meta":{"footnotes":"","jetpack_publicize_message":"","jetpack_publicize_feature_enabled":true,"jetpack_social_post_already_shared":true,"jetpack_social_options":{"image_generator_settings":{"template":"highway","default_image_id":0,"font":"","enabled":false},"version":2}},"categories":[1,65],"tags":[],"class_list":["post-2382","post","type-post","status-publish","format-standard","has-post-thumbnail","hentry","category-https-gazetapernambucana-com-page_id225","category-politica"],"yoast_head":"<!-- This site is optimized with the Yoast SEO plugin v24.5 - https:\/\/yoast.com\/wordpress\/plugins\/seo\/ -->\n<title>GAZETA PERNAMBUCANA - Antecipa\u00e7\u00e3o exp\u00f4s Jo\u00e3o Campos ao desgaste -<\/title>\n<meta name=\"robots\" content=\"index, follow, max-snippet:-1, max-image-preview:large, max-video-preview:-1\" \/>\n<link rel=\"canonical\" href=\"https:\/\/gazetapernambucana.com\/?p=2382\" \/>\n<meta property=\"og:locale\" content=\"pt_BR\" \/>\n<meta property=\"og:type\" content=\"article\" \/>\n<meta property=\"og:title\" content=\"GAZETA PERNAMBUCANA - Antecipa\u00e7\u00e3o exp\u00f4s Jo\u00e3o Campos ao desgaste -\" \/>\n<meta property=\"og:description\" content=\"O prefeito do Recife, Jo\u00e3o Campos, pode ter cometido um erro estrat\u00e9gico ao se lan\u00e7ar de forma antecipada na disputa pelo Governo de Pernambuco em 2026. Ao decidir sair da zona de conforto da prefeitura e se colocar como pr\u00e9-candidato ainda em 2024, Jo\u00e3o entrou cedo demais na vitrine do desgaste. O que parecia ousadia [&hellip;]\" \/>\n<meta property=\"og:url\" content=\"https:\/\/gazetapernambucana.com\/?p=2382\" \/>\n<meta property=\"article:published_time\" content=\"2025-12-26T20:55:16+00:00\" \/>\n<meta property=\"article:modified_time\" content=\"2025-12-26T21:45:53+00:00\" \/>\n<meta property=\"og:image\" content=\"https:\/\/gazetapernambucana.com\/wp-content\/uploads\/2025\/12\/dffcc58e-joao-campos-foto-chico-campos-psb.jpeg\" \/>\n\t<meta property=\"og:image:width\" content=\"799\" \/>\n\t<meta property=\"og:image:height\" content=\"533\" \/>\n\t<meta property=\"og:image:type\" content=\"image\/jpeg\" \/>\n<meta name=\"author\" content=\"GP\" \/>\n<meta name=\"twitter:card\" content=\"summary_large_image\" \/>\n<meta name=\"twitter:label1\" content=\"Escrito por\" \/>\n\t<meta name=\"twitter:data1\" content=\"GP\" \/>\n\t<meta name=\"twitter:label2\" content=\"Est. tempo de leitura\" \/>\n\t<meta name=\"twitter:data2\" content=\"3 minutos\" \/>\n<script type=\"application\/ld+json\" class=\"yoast-schema-graph\">{\"@context\":\"https:\/\/schema.org\",\"@graph\":[{\"@type\":\"WebPage\",\"@id\":\"https:\/\/gazetapernambucana.com\/?p=2382\",\"url\":\"https:\/\/gazetapernambucana.com\/?p=2382\",\"name\":\"GAZETA PERNAMBUCANA - Antecipa\u00e7\u00e3o exp\u00f4s Jo\u00e3o Campos ao desgaste -\",\"isPartOf\":{\"@id\":\"https:\/\/gazetapernambucana.com\/#website\"},\"primaryImageOfPage\":{\"@id\":\"https:\/\/gazetapernambucana.com\/?p=2382#primaryimage\"},\"image\":{\"@id\":\"https:\/\/gazetapernambucana.com\/?p=2382#primaryimage\"},\"thumbnailUrl\":\"https:\/\/gazetapernambucana.com\/wp-content\/uploads\/2025\/12\/dffcc58e-joao-campos-foto-chico-campos-psb.jpeg\",\"datePublished\":\"2025-12-26T20:55:16+00:00\",\"dateModified\":\"2025-12-26T21:45:53+00:00\",\"author\":{\"@id\":\"https:\/\/gazetapernambucana.com\/#\/schema\/person\/188dc283325181ac2de4db1e9e987427\"},\"breadcrumb\":{\"@id\":\"https:\/\/gazetapernambucana.com\/?p=2382#breadcrumb\"},\"inLanguage\":\"pt-BR\",\"potentialAction\":[{\"@type\":\"ReadAction\",\"target\":[\"https:\/\/gazetapernambucana.com\/?p=2382\"]}]},{\"@type\":\"ImageObject\",\"inLanguage\":\"pt-BR\",\"@id\":\"https:\/\/gazetapernambucana.com\/?p=2382#primaryimage\",\"url\":\"https:\/\/gazetapernambucana.com\/wp-content\/uploads\/2025\/12\/dffcc58e-joao-campos-foto-chico-campos-psb.jpeg\",\"contentUrl\":\"https:\/\/gazetapernambucana.com\/wp-content\/uploads\/2025\/12\/dffcc58e-joao-campos-foto-chico-campos-psb.jpeg\",\"width\":799,\"height\":533},{\"@type\":\"BreadcrumbList\",\"@id\":\"https:\/\/gazetapernambucana.com\/?p=2382#breadcrumb\",\"itemListElement\":[{\"@type\":\"ListItem\",\"position\":1,\"name\":\"In\u00edcio\",\"item\":\"https:\/\/gazetapernambucana.com\/\"},{\"@type\":\"ListItem\",\"position\":2,\"name\":\"GAZETA PERNAMBUCANA &#8211; Antecipa\u00e7\u00e3o exp\u00f4s Jo\u00e3o Campos ao desgaste\"}]},{\"@type\":\"WebSite\",\"@id\":\"https:\/\/gazetapernambucana.com\/#website\",\"url\":\"https:\/\/gazetapernambucana.com\/\",\"name\":\"\",\"description\":\"\",\"potentialAction\":[{\"@type\":\"SearchAction\",\"target\":{\"@type\":\"EntryPoint\",\"urlTemplate\":\"https:\/\/gazetapernambucana.com\/?s={search_term_string}\"},\"query-input\":{\"@type\":\"PropertyValueSpecification\",\"valueRequired\":true,\"valueName\":\"search_term_string\"}}],\"inLanguage\":\"pt-BR\"},{\"@type\":\"Person\",\"@id\":\"https:\/\/gazetapernambucana.com\/#\/schema\/person\/188dc283325181ac2de4db1e9e987427\",\"name\":\"GP\",\"image\":{\"@type\":\"ImageObject\",\"inLanguage\":\"pt-BR\",\"@id\":\"https:\/\/gazetapernambucana.com\/#\/schema\/person\/image\/\",\"url\":\"https:\/\/secure.gravatar.com\/avatar\/9dad78ff9a2d8b5742d11779f8a3f53b052320c550b2e1907882353c067bb111?s=96&d=mm&r=g\",\"contentUrl\":\"https:\/\/secure.gravatar.com\/avatar\/9dad78ff9a2d8b5742d11779f8a3f53b052320c550b2e1907882353c067bb111?s=96&d=mm&r=g\",\"caption\":\"GP\"},\"sameAs\":[\"http:\/\/gazetapernambucana.com\"],\"url\":\"https:\/\/gazetapernambucana.com\/?author=1\"}]}<\/script>\n<!-- \/ Yoast SEO plugin. -->","yoast_head_json":{"title":"GAZETA PERNAMBUCANA - Antecipa\u00e7\u00e3o exp\u00f4s Jo\u00e3o Campos ao desgaste -","robots":{"index":"index","follow":"follow","max-snippet":"max-snippet:-1","max-image-preview":"max-image-preview:large","max-video-preview":"max-video-preview:-1"},"canonical":"https:\/\/gazetapernambucana.com\/?p=2382","og_locale":"pt_BR","og_type":"article","og_title":"GAZETA PERNAMBUCANA - Antecipa\u00e7\u00e3o exp\u00f4s Jo\u00e3o Campos ao desgaste -","og_description":"O prefeito do Recife, Jo\u00e3o Campos, pode ter cometido um erro estrat\u00e9gico ao se lan\u00e7ar de forma antecipada na disputa pelo Governo de Pernambuco em 2026. Ao decidir sair da zona de conforto da prefeitura e se colocar como pr\u00e9-candidato ainda em 2024, Jo\u00e3o entrou cedo demais na vitrine do desgaste. O que parecia ousadia [&hellip;]","og_url":"https:\/\/gazetapernambucana.com\/?p=2382","article_published_time":"2025-12-26T20:55:16+00:00","article_modified_time":"2025-12-26T21:45:53+00:00","og_image":[{"width":799,"height":533,"url":"https:\/\/gazetapernambucana.com\/wp-content\/uploads\/2025\/12\/dffcc58e-joao-campos-foto-chico-campos-psb.jpeg","type":"image\/jpeg"}],"author":"GP","twitter_card":"summary_large_image","twitter_misc":{"Escrito por":"GP","Est. tempo de leitura":"3 minutos"},"schema":{"@context":"https:\/\/schema.org","@graph":[{"@type":"WebPage","@id":"https:\/\/gazetapernambucana.com\/?p=2382","url":"https:\/\/gazetapernambucana.com\/?p=2382","name":"GAZETA PERNAMBUCANA - Antecipa\u00e7\u00e3o exp\u00f4s Jo\u00e3o Campos ao desgaste -","isPartOf":{"@id":"https:\/\/gazetapernambucana.com\/#website"},"primaryImageOfPage":{"@id":"https:\/\/gazetapernambucana.com\/?p=2382#primaryimage"},"image":{"@id":"https:\/\/gazetapernambucana.com\/?p=2382#primaryimage"},"thumbnailUrl":"https:\/\/gazetapernambucana.com\/wp-content\/uploads\/2025\/12\/dffcc58e-joao-campos-foto-chico-campos-psb.jpeg","datePublished":"2025-12-26T20:55:16+00:00","dateModified":"2025-12-26T21:45:53+00:00","author":{"@id":"https:\/\/gazetapernambucana.com\/#\/schema\/person\/188dc283325181ac2de4db1e9e987427"},"breadcrumb":{"@id":"https:\/\/gazetapernambucana.com\/?p=2382#breadcrumb"},"inLanguage":"pt-BR","potentialAction":[{"@type":"ReadAction","target":["https:\/\/gazetapernambucana.com\/?p=2382"]}]},{"@type":"ImageObject","inLanguage":"pt-BR","@id":"https:\/\/gazetapernambucana.com\/?p=2382#primaryimage","url":"https:\/\/gazetapernambucana.com\/wp-content\/uploads\/2025\/12\/dffcc58e-joao-campos-foto-chico-campos-psb.jpeg","contentUrl":"https:\/\/gazetapernambucana.com\/wp-content\/uploads\/2025\/12\/dffcc58e-joao-campos-foto-chico-campos-psb.jpeg","width":799,"height":533},{"@type":"BreadcrumbList","@id":"https:\/\/gazetapernambucana.com\/?p=2382#breadcrumb","itemListElement":[{"@type":"ListItem","position":1,"name":"In\u00edcio","item":"https:\/\/gazetapernambucana.com\/"},{"@type":"ListItem","position":2,"name":"GAZETA PERNAMBUCANA &#8211; Antecipa\u00e7\u00e3o exp\u00f4s Jo\u00e3o Campos ao desgaste"}]},{"@type":"WebSite","@id":"https:\/\/gazetapernambucana.com\/#website","url":"https:\/\/gazetapernambucana.com\/","name":"","description":"","potentialAction":[{"@type":"SearchAction","target":{"@type":"EntryPoint","urlTemplate":"https:\/\/gazetapernambucana.com\/?s={search_term_string}"},"query-input":{"@type":"PropertyValueSpecification","valueRequired":true,"valueName":"search_term_string"}}],"inLanguage":"pt-BR"},{"@type":"Person","@id":"https:\/\/gazetapernambucana.com\/#\/schema\/person\/188dc283325181ac2de4db1e9e987427","name":"GP","image":{"@type":"ImageObject","inLanguage":"pt-BR","@id":"https:\/\/gazetapernambucana.com\/#\/schema\/person\/image\/","url":"https:\/\/secure.gravatar.com\/avatar\/9dad78ff9a2d8b5742d11779f8a3f53b052320c550b2e1907882353c067bb111?s=96&d=mm&r=g","contentUrl":"https:\/\/secure.gravatar.com\/avatar\/9dad78ff9a2d8b5742d11779f8a3f53b052320c550b2e1907882353c067bb111?s=96&d=mm&r=g","caption":"GP"},"sameAs":["http:\/\/gazetapernambucana.com"],"url":"https:\/\/gazetapernambucana.com\/?author=1"}]}},"jetpack_publicize_connections":[],"_links":{"self":[{"href":"https:\/\/gazetapernambucana.com\/index.php?rest_route=\/wp\/v2\/posts\/2382","targetHints":{"allow":["GET"]}}],"collection":[{"href":"https:\/\/gazetapernambucana.com\/index.php?rest_route=\/wp\/v2\/posts"}],"about":[{"href":"https:\/\/gazetapernambucana.com\/index.php?rest_route=\/wp\/v2\/types\/post"}],"author":[{"embeddable":true,"href":"https:\/\/gazetapernambucana.com\/index.php?rest_route=\/wp\/v2\/users\/1"}],"replies":[{"embeddable":true,"href":"https:\/\/gazetapernambucana.com\/index.php?rest_route=%2Fwp%2Fv2%2Fcomments&post=2382"}],"version-history":[{"count":3,"href":"https:\/\/gazetapernambucana.com\/index.php?rest_route=\/wp\/v2\/posts\/2382\/revisions"}],"predecessor-version":[{"id":2386,"href":"https:\/\/gazetapernambucana.com\/index.php?rest_route=\/wp\/v2\/posts\/2382\/revisions\/2386"}],"wp:featuredmedia":[{"embeddable":true,"href":"https:\/\/gazetapernambucana.com\/index.php?rest_route=\/wp\/v2\/media\/2383"}],"wp:attachment":[{"href":"https:\/\/gazetapernambucana.com\/index.php?rest_route=%2Fwp%2Fv2%2Fmedia&parent=2382"}],"wp:term":[{"taxonomy":"category","embeddable":true,"href":"https:\/\/gazetapernambucana.com\/index.php?rest_route=%2Fwp%2Fv2%2Fcategories&post=2382"},{"taxonomy":"post_tag","embeddable":true,"href":"https:\/\/gazetapernambucana.com\/index.php?rest_route=%2Fwp%2Fv2%2Ftags&post=2382"}],"curies":[{"name":"wp","href":"https:\/\/api.w.org\/{rel}","templated":true}]}}