{"id":2373,"date":"2025-12-25T14:21:12","date_gmt":"2025-12-25T17:21:12","guid":{"rendered":"https:\/\/gazetapernambucana.com\/?p=2373"},"modified":"2025-12-25T14:27:26","modified_gmt":"2025-12-25T17:27:26","slug":"nvisiveis-o-natal-que-a-cidade-se-recusa-a-ver","status":"publish","type":"post","link":"https:\/\/gazetapernambucana.com\/?p=2373","title":{"rendered":"GAZETA PERNAMBUCANA &#8211;  EDITORIAL | Pres\u00e9pios Invis\u00edveis: o Natal que a cidade se recusa a ver"},"content":{"rendered":"<p data-start=\"693\" data-end=\"958\">Em cada rua, em cada esquina, h\u00e1 um pres\u00e9pio montado em sil\u00eancio. N\u00e3o h\u00e1 anjos, nem coros. S\u00f3 o frio, a fome e a lona. S\u00e3o fam\u00edlias inteiras vivendo \u00e0 margem da esperan\u00e7a, montadas sob marquises, pontes e cal\u00e7adas, em plena vig\u00eancia do que chamamos de civiliza\u00e7\u00e3o.<\/p>\n<p data-start=\"960\" data-end=\"1341\">Esses pres\u00e9pios n\u00e3o ganham flashes, nem postais dourados. S\u00e3o feitos de gente em carne e osso, com o olhar envelhecido pelo cansa\u00e7o de n\u00e3o existir. N\u00e3o h\u00e1 reis magos. S\u00f3 o esquecimento. S\u00e3o cenas que se repetem o ano inteiro, mas que neste dezembro ferem com mais for\u00e7a, porque contrastam com a farsa da fartura, com a anestesia das luzes, com a hipocrisia do \u201cesp\u00edrito natalino\u201d.<\/p>\n<p data-start=\"1343\" data-end=\"1624\">H\u00e1 m\u00e3es com os seios secos de tanto esperar, crian\u00e7as que n\u00e3o conheceram a inf\u00e2ncia, velhos com a alma vencida. A cidade, esta mesma que pisca em LED e gira em carross\u00e9is de festa,\u00a0 aprendeu a desviar o olhar, a trope\u00e7ar na mis\u00e9ria sem culpa. O Natal virou vitrine, performance.<\/p>\n<blockquote data-start=\"1626\" data-end=\"1755\">\n<p data-start=\"1628\" data-end=\"1755\"><strong data-start=\"1628\" data-end=\"1755\">Hoje, nas ruas, o Natal \u00e9 utopia.<br data-start=\"1663\" data-end=\"1666\" \/>S\u00f3 h\u00e1 Natal verdadeiro quando ele caminha em prece e esperan\u00e7a pelo cora\u00e7\u00e3o do homem.<\/strong><\/p>\n<\/blockquote>\n<p data-start=\"1757\" data-end=\"1918\">Mas do lado de fora do espet\u00e1culo, o p\u00e3o falta. O cobertor n\u00e3o cobre. O Estado se ausenta. E a sociedade, que deveria se indignar, se adapta. Aceita. Silencia.<\/p>\n<p data-start=\"1920\" data-end=\"2148\">Aos p\u00e9s dos pr\u00e9dios de luxo, nas pra\u00e7as abandonadas, sob as pontes e viadutos , onde a ceia \u00e9 resto, e a cama \u00e9 cimento ,, vivem os verdadeiros pres\u00e9pios do nosso tempo. N\u00e3o figuram no calend\u00e1rio. N\u00e3o inspiram ternura. S\u00f3 dor.<\/p>\n<p data-start=\"2150\" data-end=\"2353\">Essa \u00e9 a vertigem social que preferimos ignorar. A cidade ilumina o alto, mas apaga o ch\u00e3o. O circo gira nos parques, mas n\u00e3o h\u00e1 espet\u00e1culo onde falta dignidade. A indiferen\u00e7a virou arquitetura urbana.<\/p>\n<p data-start=\"2355\" data-end=\"2455\">\u00c9 preciso dizer: n\u00e3o h\u00e1 Natal enquanto houver gente morando em pres\u00e9pios de lona e desesperan\u00e7a.<\/p>\n","protected":false},"excerpt":{"rendered":"<p>Em cada rua, em cada esquina, h\u00e1 um pres\u00e9pio montado em sil\u00eancio. N\u00e3o h\u00e1 anjos, nem coros. S\u00f3 o frio, a fome e a lona. S\u00e3o fam\u00edlias inteiras vivendo \u00e0 margem da esperan\u00e7a, montadas sob marquises, pontes e cal\u00e7adas, em plena vig\u00eancia do que chamamos de civiliza\u00e7\u00e3o. Esses pres\u00e9pios n\u00e3o ganham flashes, nem postais dourados. [&hellip;]<\/p>\n","protected":false},"author":1,"featured_media":2374,"comment_status":"open","ping_status":"open","sticky":false,"template":"","format":"standard","meta":{"footnotes":"","jetpack_publicize_message":"","jetpack_publicize_feature_enabled":true,"jetpack_social_post_already_shared":true,"jetpack_social_options":{"image_generator_settings":{"template":"highway","default_image_id":0,"font":"","enabled":false},"version":2}},"categories":[1,76,65],"tags":[],"class_list":["post-2373","post","type-post","status-publish","format-standard","has-post-thumbnail","hentry","category-https-gazetapernambucana-com-page_id225","category-opiniao","category-politica"],"yoast_head":"<!-- This site is optimized with the Yoast SEO plugin v24.5 - https:\/\/yoast.com\/wordpress\/plugins\/seo\/ -->\n<title>GAZETA PERNAMBUCANA - EDITORIAL | Pres\u00e9pios Invis\u00edveis: o Natal que a cidade se recusa a ver -<\/title>\n<meta name=\"robots\" content=\"index, follow, max-snippet:-1, max-image-preview:large, max-video-preview:-1\" \/>\n<link rel=\"canonical\" href=\"https:\/\/gazetapernambucana.com\/?p=2373\" \/>\n<meta property=\"og:locale\" content=\"pt_BR\" \/>\n<meta property=\"og:type\" content=\"article\" \/>\n<meta property=\"og:title\" content=\"GAZETA PERNAMBUCANA - EDITORIAL | Pres\u00e9pios Invis\u00edveis: o Natal que a cidade se recusa a ver -\" \/>\n<meta property=\"og:description\" content=\"Em cada rua, em cada esquina, h\u00e1 um pres\u00e9pio montado em sil\u00eancio. N\u00e3o h\u00e1 anjos, nem coros. S\u00f3 o frio, a fome e a lona. S\u00e3o fam\u00edlias inteiras vivendo \u00e0 margem da esperan\u00e7a, montadas sob marquises, pontes e cal\u00e7adas, em plena vig\u00eancia do que chamamos de civiliza\u00e7\u00e3o. Esses pres\u00e9pios n\u00e3o ganham flashes, nem postais dourados. [&hellip;]\" \/>\n<meta property=\"og:url\" content=\"https:\/\/gazetapernambucana.com\/?p=2373\" \/>\n<meta property=\"article:published_time\" content=\"2025-12-25T17:21:12+00:00\" \/>\n<meta property=\"article:modified_time\" content=\"2025-12-25T17:27:26+00:00\" \/>\n<meta property=\"og:image\" content=\"https:\/\/gazetapernambucana.com\/wp-content\/uploads\/2025\/12\/nov2020ruadoimperadorsofia.jpg\" \/>\n\t<meta property=\"og:image:width\" content=\"748\" \/>\n\t<meta property=\"og:image:height\" content=\"418\" \/>\n\t<meta property=\"og:image:type\" content=\"image\/jpeg\" \/>\n<meta name=\"author\" content=\"GP\" \/>\n<meta name=\"twitter:card\" content=\"summary_large_image\" \/>\n<meta name=\"twitter:label1\" content=\"Escrito por\" \/>\n\t<meta name=\"twitter:data1\" content=\"GP\" \/>\n\t<meta name=\"twitter:label2\" content=\"Est. tempo de leitura\" \/>\n\t<meta name=\"twitter:data2\" content=\"2 minutos\" \/>\n<script type=\"application\/ld+json\" class=\"yoast-schema-graph\">{\"@context\":\"https:\/\/schema.org\",\"@graph\":[{\"@type\":\"WebPage\",\"@id\":\"https:\/\/gazetapernambucana.com\/?p=2373\",\"url\":\"https:\/\/gazetapernambucana.com\/?p=2373\",\"name\":\"GAZETA PERNAMBUCANA - EDITORIAL | Pres\u00e9pios Invis\u00edveis: o Natal que a cidade se recusa a ver -\",\"isPartOf\":{\"@id\":\"https:\/\/gazetapernambucana.com\/#website\"},\"primaryImageOfPage\":{\"@id\":\"https:\/\/gazetapernambucana.com\/?p=2373#primaryimage\"},\"image\":{\"@id\":\"https:\/\/gazetapernambucana.com\/?p=2373#primaryimage\"},\"thumbnailUrl\":\"https:\/\/gazetapernambucana.com\/wp-content\/uploads\/2025\/12\/nov2020ruadoimperadorsofia.jpg\",\"datePublished\":\"2025-12-25T17:21:12+00:00\",\"dateModified\":\"2025-12-25T17:27:26+00:00\",\"author\":{\"@id\":\"https:\/\/gazetapernambucana.com\/#\/schema\/person\/188dc283325181ac2de4db1e9e987427\"},\"breadcrumb\":{\"@id\":\"https:\/\/gazetapernambucana.com\/?p=2373#breadcrumb\"},\"inLanguage\":\"pt-BR\",\"potentialAction\":[{\"@type\":\"ReadAction\",\"target\":[\"https:\/\/gazetapernambucana.com\/?p=2373\"]}]},{\"@type\":\"ImageObject\",\"inLanguage\":\"pt-BR\",\"@id\":\"https:\/\/gazetapernambucana.com\/?p=2373#primaryimage\",\"url\":\"https:\/\/gazetapernambucana.com\/wp-content\/uploads\/2025\/12\/nov2020ruadoimperadorsofia.jpg\",\"contentUrl\":\"https:\/\/gazetapernambucana.com\/wp-content\/uploads\/2025\/12\/nov2020ruadoimperadorsofia.jpg\",\"width\":748,\"height\":418},{\"@type\":\"BreadcrumbList\",\"@id\":\"https:\/\/gazetapernambucana.com\/?p=2373#breadcrumb\",\"itemListElement\":[{\"@type\":\"ListItem\",\"position\":1,\"name\":\"In\u00edcio\",\"item\":\"https:\/\/gazetapernambucana.com\/\"},{\"@type\":\"ListItem\",\"position\":2,\"name\":\"GAZETA PERNAMBUCANA &#8211; EDITORIAL | Pres\u00e9pios Invis\u00edveis: o Natal que a cidade se recusa a ver\"}]},{\"@type\":\"WebSite\",\"@id\":\"https:\/\/gazetapernambucana.com\/#website\",\"url\":\"https:\/\/gazetapernambucana.com\/\",\"name\":\"\",\"description\":\"\",\"potentialAction\":[{\"@type\":\"SearchAction\",\"target\":{\"@type\":\"EntryPoint\",\"urlTemplate\":\"https:\/\/gazetapernambucana.com\/?s={search_term_string}\"},\"query-input\":{\"@type\":\"PropertyValueSpecification\",\"valueRequired\":true,\"valueName\":\"search_term_string\"}}],\"inLanguage\":\"pt-BR\"},{\"@type\":\"Person\",\"@id\":\"https:\/\/gazetapernambucana.com\/#\/schema\/person\/188dc283325181ac2de4db1e9e987427\",\"name\":\"GP\",\"image\":{\"@type\":\"ImageObject\",\"inLanguage\":\"pt-BR\",\"@id\":\"https:\/\/gazetapernambucana.com\/#\/schema\/person\/image\/\",\"url\":\"https:\/\/secure.gravatar.com\/avatar\/9dad78ff9a2d8b5742d11779f8a3f53b052320c550b2e1907882353c067bb111?s=96&d=mm&r=g\",\"contentUrl\":\"https:\/\/secure.gravatar.com\/avatar\/9dad78ff9a2d8b5742d11779f8a3f53b052320c550b2e1907882353c067bb111?s=96&d=mm&r=g\",\"caption\":\"GP\"},\"sameAs\":[\"http:\/\/gazetapernambucana.com\"],\"url\":\"https:\/\/gazetapernambucana.com\/?author=1\"}]}<\/script>\n<!-- \/ Yoast SEO plugin. -->","yoast_head_json":{"title":"GAZETA PERNAMBUCANA - EDITORIAL | Pres\u00e9pios Invis\u00edveis: o Natal que a cidade se recusa a ver -","robots":{"index":"index","follow":"follow","max-snippet":"max-snippet:-1","max-image-preview":"max-image-preview:large","max-video-preview":"max-video-preview:-1"},"canonical":"https:\/\/gazetapernambucana.com\/?p=2373","og_locale":"pt_BR","og_type":"article","og_title":"GAZETA PERNAMBUCANA - EDITORIAL | Pres\u00e9pios Invis\u00edveis: o Natal que a cidade se recusa a ver -","og_description":"Em cada rua, em cada esquina, h\u00e1 um pres\u00e9pio montado em sil\u00eancio. N\u00e3o h\u00e1 anjos, nem coros. S\u00f3 o frio, a fome e a lona. S\u00e3o fam\u00edlias inteiras vivendo \u00e0 margem da esperan\u00e7a, montadas sob marquises, pontes e cal\u00e7adas, em plena vig\u00eancia do que chamamos de civiliza\u00e7\u00e3o. Esses pres\u00e9pios n\u00e3o ganham flashes, nem postais dourados. [&hellip;]","og_url":"https:\/\/gazetapernambucana.com\/?p=2373","article_published_time":"2025-12-25T17:21:12+00:00","article_modified_time":"2025-12-25T17:27:26+00:00","og_image":[{"width":748,"height":418,"url":"https:\/\/gazetapernambucana.com\/wp-content\/uploads\/2025\/12\/nov2020ruadoimperadorsofia.jpg","type":"image\/jpeg"}],"author":"GP","twitter_card":"summary_large_image","twitter_misc":{"Escrito por":"GP","Est. tempo de leitura":"2 minutos"},"schema":{"@context":"https:\/\/schema.org","@graph":[{"@type":"WebPage","@id":"https:\/\/gazetapernambucana.com\/?p=2373","url":"https:\/\/gazetapernambucana.com\/?p=2373","name":"GAZETA PERNAMBUCANA - EDITORIAL | Pres\u00e9pios Invis\u00edveis: o Natal que a cidade se recusa a ver -","isPartOf":{"@id":"https:\/\/gazetapernambucana.com\/#website"},"primaryImageOfPage":{"@id":"https:\/\/gazetapernambucana.com\/?p=2373#primaryimage"},"image":{"@id":"https:\/\/gazetapernambucana.com\/?p=2373#primaryimage"},"thumbnailUrl":"https:\/\/gazetapernambucana.com\/wp-content\/uploads\/2025\/12\/nov2020ruadoimperadorsofia.jpg","datePublished":"2025-12-25T17:21:12+00:00","dateModified":"2025-12-25T17:27:26+00:00","author":{"@id":"https:\/\/gazetapernambucana.com\/#\/schema\/person\/188dc283325181ac2de4db1e9e987427"},"breadcrumb":{"@id":"https:\/\/gazetapernambucana.com\/?p=2373#breadcrumb"},"inLanguage":"pt-BR","potentialAction":[{"@type":"ReadAction","target":["https:\/\/gazetapernambucana.com\/?p=2373"]}]},{"@type":"ImageObject","inLanguage":"pt-BR","@id":"https:\/\/gazetapernambucana.com\/?p=2373#primaryimage","url":"https:\/\/gazetapernambucana.com\/wp-content\/uploads\/2025\/12\/nov2020ruadoimperadorsofia.jpg","contentUrl":"https:\/\/gazetapernambucana.com\/wp-content\/uploads\/2025\/12\/nov2020ruadoimperadorsofia.jpg","width":748,"height":418},{"@type":"BreadcrumbList","@id":"https:\/\/gazetapernambucana.com\/?p=2373#breadcrumb","itemListElement":[{"@type":"ListItem","position":1,"name":"In\u00edcio","item":"https:\/\/gazetapernambucana.com\/"},{"@type":"ListItem","position":2,"name":"GAZETA PERNAMBUCANA &#8211; EDITORIAL | Pres\u00e9pios Invis\u00edveis: o Natal que a cidade se recusa a ver"}]},{"@type":"WebSite","@id":"https:\/\/gazetapernambucana.com\/#website","url":"https:\/\/gazetapernambucana.com\/","name":"","description":"","potentialAction":[{"@type":"SearchAction","target":{"@type":"EntryPoint","urlTemplate":"https:\/\/gazetapernambucana.com\/?s={search_term_string}"},"query-input":{"@type":"PropertyValueSpecification","valueRequired":true,"valueName":"search_term_string"}}],"inLanguage":"pt-BR"},{"@type":"Person","@id":"https:\/\/gazetapernambucana.com\/#\/schema\/person\/188dc283325181ac2de4db1e9e987427","name":"GP","image":{"@type":"ImageObject","inLanguage":"pt-BR","@id":"https:\/\/gazetapernambucana.com\/#\/schema\/person\/image\/","url":"https:\/\/secure.gravatar.com\/avatar\/9dad78ff9a2d8b5742d11779f8a3f53b052320c550b2e1907882353c067bb111?s=96&d=mm&r=g","contentUrl":"https:\/\/secure.gravatar.com\/avatar\/9dad78ff9a2d8b5742d11779f8a3f53b052320c550b2e1907882353c067bb111?s=96&d=mm&r=g","caption":"GP"},"sameAs":["http:\/\/gazetapernambucana.com"],"url":"https:\/\/gazetapernambucana.com\/?author=1"}]}},"jetpack_publicize_connections":[],"_links":{"self":[{"href":"https:\/\/gazetapernambucana.com\/index.php?rest_route=\/wp\/v2\/posts\/2373","targetHints":{"allow":["GET"]}}],"collection":[{"href":"https:\/\/gazetapernambucana.com\/index.php?rest_route=\/wp\/v2\/posts"}],"about":[{"href":"https:\/\/gazetapernambucana.com\/index.php?rest_route=\/wp\/v2\/types\/post"}],"author":[{"embeddable":true,"href":"https:\/\/gazetapernambucana.com\/index.php?rest_route=\/wp\/v2\/users\/1"}],"replies":[{"embeddable":true,"href":"https:\/\/gazetapernambucana.com\/index.php?rest_route=%2Fwp%2Fv2%2Fcomments&post=2373"}],"version-history":[{"count":4,"href":"https:\/\/gazetapernambucana.com\/index.php?rest_route=\/wp\/v2\/posts\/2373\/revisions"}],"predecessor-version":[{"id":2380,"href":"https:\/\/gazetapernambucana.com\/index.php?rest_route=\/wp\/v2\/posts\/2373\/revisions\/2380"}],"wp:featuredmedia":[{"embeddable":true,"href":"https:\/\/gazetapernambucana.com\/index.php?rest_route=\/wp\/v2\/media\/2374"}],"wp:attachment":[{"href":"https:\/\/gazetapernambucana.com\/index.php?rest_route=%2Fwp%2Fv2%2Fmedia&parent=2373"}],"wp:term":[{"taxonomy":"category","embeddable":true,"href":"https:\/\/gazetapernambucana.com\/index.php?rest_route=%2Fwp%2Fv2%2Fcategories&post=2373"},{"taxonomy":"post_tag","embeddable":true,"href":"https:\/\/gazetapernambucana.com\/index.php?rest_route=%2Fwp%2Fv2%2Ftags&post=2373"}],"curies":[{"name":"wp","href":"https:\/\/api.w.org\/{rel}","templated":true}]}}