{"id":2343,"date":"2025-12-17T22:55:49","date_gmt":"2025-12-18T01:55:49","guid":{"rendered":"https:\/\/gazetapernambucana.com\/?p=2343"},"modified":"2025-12-17T22:55:49","modified_gmt":"2025-12-18T01:55:49","slug":"as-lagrimas-que-ficaram-pelo-caminho-por-flavio-chaves","status":"publish","type":"post","link":"https:\/\/gazetapernambucana.com\/?p=2343","title":{"rendered":"As l\u00e1grimas que ficaram pelo caminho. Por Fl\u00e1vio Chaves"},"content":{"rendered":"<p data-start=\"496\" data-end=\"878\"><strong>Por Fl\u00e1vio Chaves \u2013 Jornalista, poeta, escritor e membro da Academia Pernambucana de Letras. Foi Delegado Federal\/Minc\u00a0 \u2013 <\/strong>H\u00e1 um tipo de dor que n\u00e3o encontra tradu\u00e7\u00e3o imediata. Ela n\u00e3o se deixa capturar nem pelo grito nem pelo gesto. Est\u00e1 ali, como um vulto atr\u00e1s da porta, como um animal de sil\u00eancio que respira junto conosco. Falo das l\u00e1grimas que ficaram pelo caminho quando mais se precisava chorar. Aquelas que n\u00e3o chegaram a cair, mas pesaram o rosto. Que n\u00e3o molharam o ch\u00e3o, mas inundaram o peito.<\/p>\n<p data-start=\"880\" data-end=\"1269\">Essas l\u00e1grimas, que n\u00e3o foram vistas por ningu\u00e9m, transformaram-se em p\u00e1ssaros mortos no forro do peito, ocultos aos olhos, mas exalando o cheiro morno daquilo que jamais partiu. H\u00e1 dores que escolhem n\u00e3o se anunciar. Preferem os cantos escuros da alma, onde se agacham como crian\u00e7as assustadas num por\u00e3o antigo, esperando um colo que nunca vem, um gesto que n\u00e3o desce as escadas do tempo.<\/p>\n<p data-start=\"1271\" data-end=\"1744\">N\u00e3o se trata de dor recente. Ao contr\u00e1rio, s\u00e3o dores que, de t\u00e3o antigas, n\u00e3o envelhecem. Ganham rugas de espera, calos de sil\u00eancio, sombras que se alongam at\u00e9 sobre os dias claros, como se at\u00e9 o sol respeitasse aquilo que em n\u00f3s nunca se deixa iluminar. S\u00e3o l\u00e1grimas que morreram no ventre dos olhos, sufocadas por esse orgulho que muitas vezes \u00e9 s\u00f3 uma forma disfar\u00e7ada de abandono. Ou por essa solid\u00e3o que se infiltra nos poros, transformando-nos em desertos ambulantes.<\/p>\n<p data-start=\"1746\" data-end=\"2133\">Quantas vezes estivemos \u00e0 beira do abismo de um solu\u00e7o e fomos obrigados a recuar? Quantas vezes mantivemos a espinha ereta quando tudo em n\u00f3s implorava por curvatura? Mas o mundo, t\u00e3o perito em exigir apar\u00eancia, n\u00e3o cede espa\u00e7o \u00e0 vulnerabilidade. E sorrimos. N\u00e3o com a alma, mas com os dentes. Enquanto os olhos, discretamente, sussurravam pedidos de socorro que ningu\u00e9m ousou traduzir.<\/p>\n<p data-start=\"2135\" data-end=\"2585\">Essas l\u00e1grimas n\u00e3o choradas s\u00e3o rios represados, acumulando sil\u00eancio e tens\u00e3o at\u00e9 que, talvez tarde demais, rompam as margens do corpo. Enquanto isso, fermentam em n\u00f3s uma \u00e1gua escura, estagnada, onde os fantasmas se ajoelham para beber. E bebem. Em cada noite em que o travesseiro n\u00e3o reconhece nossos sonhos, em cada resposta educada escondendo um \u201cestou me desfazendo\u201d, em cada madrugada onde a alma, em vez de descansar, vaga por ru\u00ednas internas. Ficamos secos. E mesmo assim, chovemos por dentro.<\/p>\n<p data-start=\"2639\" data-end=\"3000\">H\u00e1 aus\u00eancias que recusam consolo. S\u00e3o como casas incendiadas \u00e0 noite, invis\u00edveis \u00e0 multid\u00e3o. Permanecem im\u00f3veis, com os m\u00f3veis carbonizados no lugar e o retrato de fam\u00edlia ainda pendurado na parede enegrecida. Aprende-se, com o tempo, a circular entre os escombros com naturalidade. Aprende-se at\u00e9 a sorrir. E, por fim, a viver como se nada estivesse em cinzas.<\/p>\n<p data-start=\"3002\" data-end=\"3317\">Essas aus\u00eancias seguem conosco. Sentam-se ao nosso lado no caf\u00e9 da manh\u00e3. Habitam os segundos entre uma frase e outra. Respiram por tr\u00e1s de n\u00f3s quando fechamos os olhos. S\u00e3o os nomes que evitamos pronunciar, mas que ainda vibram nas dobras da pele, nos cantos da alma, como ecos de algo que nunca deixou de existir.<\/p>\n<p data-start=\"3319\" data-end=\"3475\">E ent\u00e3o seguimos. Como quem dan\u00e7a em sil\u00eancio sobre cacos de vidro. Como quem beija retratos amarelados pelo tempo. Como quem abra\u00e7a o que nunca teve forma.<\/p>\n<p data-start=\"3477\" data-end=\"3829\">Talvez sejamos todos colecionadores dessas l\u00e1grimas n\u00e3o ca\u00eddas. Dessas dores que n\u00e3o gritam, mas queimam como vela acesa em capela esquecida. E talvez, num tempo que n\u00e3o pertence ao rel\u00f3gio, essas l\u00e1grimas estejam guardadas como rel\u00edquias tristes, esperando a hora de escorrer. Uma por uma. Devagar. Como uma chuva antiga reencontrando a terra. Em paz.<\/p>\n<p data-start=\"3831\" data-end=\"3925\">At\u00e9 l\u00e1, escrevemos. Porque escrever \u00e9 a forma mais humana, mais secreta e mais bela de chorar.<\/p>\n","protected":false},"excerpt":{"rendered":"<p>Por Fl\u00e1vio Chaves \u2013 Jornalista, poeta, escritor e membro da Academia Pernambucana de Letras. Foi Delegado Federal\/Minc\u00a0 \u2013 H\u00e1 um tipo de dor que n\u00e3o encontra tradu\u00e7\u00e3o imediata. Ela n\u00e3o se deixa capturar nem pelo grito nem pelo gesto. Est\u00e1 ali, como um vulto atr\u00e1s da porta, como um animal de sil\u00eancio que respira junto [&hellip;]<\/p>\n","protected":false},"author":1,"featured_media":2344,"comment_status":"open","ping_status":"open","sticky":false,"template":"","format":"standard","meta":{"footnotes":"","jetpack_publicize_message":"","jetpack_publicize_feature_enabled":true,"jetpack_social_post_already_shared":true,"jetpack_social_options":{"image_generator_settings":{"template":"highway","default_image_id":0,"font":"","enabled":false},"version":2}},"categories":[1,35,46],"tags":[],"class_list":["post-2343","post","type-post","status-publish","format-standard","has-post-thumbnail","hentry","category-https-gazetapernambucana-com-page_id225","category-https-gazetapernambucana-com-page_id218","category-literatura"],"yoast_head":"<!-- This site is optimized with the Yoast SEO plugin v24.5 - https:\/\/yoast.com\/wordpress\/plugins\/seo\/ -->\n<title>As l\u00e1grimas que ficaram pelo caminho. Por Fl\u00e1vio Chaves -<\/title>\n<meta name=\"robots\" content=\"index, follow, max-snippet:-1, max-image-preview:large, max-video-preview:-1\" \/>\n<link rel=\"canonical\" href=\"https:\/\/gazetapernambucana.com\/?p=2343\" \/>\n<meta property=\"og:locale\" content=\"pt_BR\" \/>\n<meta property=\"og:type\" content=\"article\" \/>\n<meta property=\"og:title\" content=\"As l\u00e1grimas que ficaram pelo caminho. Por Fl\u00e1vio Chaves -\" \/>\n<meta property=\"og:description\" content=\"Por Fl\u00e1vio Chaves \u2013 Jornalista, poeta, escritor e membro da Academia Pernambucana de Letras. Foi Delegado Federal\/Minc\u00a0 \u2013 H\u00e1 um tipo de dor que n\u00e3o encontra tradu\u00e7\u00e3o imediata. Ela n\u00e3o se deixa capturar nem pelo grito nem pelo gesto. Est\u00e1 ali, como um vulto atr\u00e1s da porta, como um animal de sil\u00eancio que respira junto [&hellip;]\" \/>\n<meta property=\"og:url\" content=\"https:\/\/gazetapernambucana.com\/?p=2343\" \/>\n<meta property=\"article:published_time\" content=\"2025-12-18T01:55:49+00:00\" \/>\n<meta property=\"og:image\" content=\"https:\/\/gazetapernambucana.com\/wp-content\/uploads\/2025\/12\/download-4.jpg\" \/>\n\t<meta property=\"og:image:width\" content=\"593\" \/>\n\t<meta property=\"og:image:height\" content=\"723\" \/>\n\t<meta property=\"og:image:type\" content=\"image\/jpeg\" \/>\n<meta name=\"author\" content=\"GP\" \/>\n<meta name=\"twitter:card\" content=\"summary_large_image\" \/>\n<meta name=\"twitter:label1\" content=\"Escrito por\" \/>\n\t<meta name=\"twitter:data1\" content=\"GP\" \/>\n\t<meta name=\"twitter:label2\" content=\"Est. tempo de leitura\" \/>\n\t<meta name=\"twitter:data2\" content=\"4 minutos\" \/>\n<script type=\"application\/ld+json\" class=\"yoast-schema-graph\">{\"@context\":\"https:\/\/schema.org\",\"@graph\":[{\"@type\":\"WebPage\",\"@id\":\"https:\/\/gazetapernambucana.com\/?p=2343\",\"url\":\"https:\/\/gazetapernambucana.com\/?p=2343\",\"name\":\"As l\u00e1grimas que ficaram pelo caminho. Por Fl\u00e1vio Chaves -\",\"isPartOf\":{\"@id\":\"https:\/\/gazetapernambucana.com\/#website\"},\"primaryImageOfPage\":{\"@id\":\"https:\/\/gazetapernambucana.com\/?p=2343#primaryimage\"},\"image\":{\"@id\":\"https:\/\/gazetapernambucana.com\/?p=2343#primaryimage\"},\"thumbnailUrl\":\"https:\/\/gazetapernambucana.com\/wp-content\/uploads\/2025\/12\/download-4.jpg\",\"datePublished\":\"2025-12-18T01:55:49+00:00\",\"author\":{\"@id\":\"https:\/\/gazetapernambucana.com\/#\/schema\/person\/188dc283325181ac2de4db1e9e987427\"},\"breadcrumb\":{\"@id\":\"https:\/\/gazetapernambucana.com\/?p=2343#breadcrumb\"},\"inLanguage\":\"pt-BR\",\"potentialAction\":[{\"@type\":\"ReadAction\",\"target\":[\"https:\/\/gazetapernambucana.com\/?p=2343\"]}]},{\"@type\":\"ImageObject\",\"inLanguage\":\"pt-BR\",\"@id\":\"https:\/\/gazetapernambucana.com\/?p=2343#primaryimage\",\"url\":\"https:\/\/gazetapernambucana.com\/wp-content\/uploads\/2025\/12\/download-4.jpg\",\"contentUrl\":\"https:\/\/gazetapernambucana.com\/wp-content\/uploads\/2025\/12\/download-4.jpg\",\"width\":593,\"height\":723},{\"@type\":\"BreadcrumbList\",\"@id\":\"https:\/\/gazetapernambucana.com\/?p=2343#breadcrumb\",\"itemListElement\":[{\"@type\":\"ListItem\",\"position\":1,\"name\":\"In\u00edcio\",\"item\":\"https:\/\/gazetapernambucana.com\/\"},{\"@type\":\"ListItem\",\"position\":2,\"name\":\"As l\u00e1grimas que ficaram pelo caminho. Por Fl\u00e1vio Chaves\"}]},{\"@type\":\"WebSite\",\"@id\":\"https:\/\/gazetapernambucana.com\/#website\",\"url\":\"https:\/\/gazetapernambucana.com\/\",\"name\":\"\",\"description\":\"\",\"potentialAction\":[{\"@type\":\"SearchAction\",\"target\":{\"@type\":\"EntryPoint\",\"urlTemplate\":\"https:\/\/gazetapernambucana.com\/?s={search_term_string}\"},\"query-input\":{\"@type\":\"PropertyValueSpecification\",\"valueRequired\":true,\"valueName\":\"search_term_string\"}}],\"inLanguage\":\"pt-BR\"},{\"@type\":\"Person\",\"@id\":\"https:\/\/gazetapernambucana.com\/#\/schema\/person\/188dc283325181ac2de4db1e9e987427\",\"name\":\"GP\",\"image\":{\"@type\":\"ImageObject\",\"inLanguage\":\"pt-BR\",\"@id\":\"https:\/\/gazetapernambucana.com\/#\/schema\/person\/image\/\",\"url\":\"https:\/\/secure.gravatar.com\/avatar\/9dad78ff9a2d8b5742d11779f8a3f53b052320c550b2e1907882353c067bb111?s=96&d=mm&r=g\",\"contentUrl\":\"https:\/\/secure.gravatar.com\/avatar\/9dad78ff9a2d8b5742d11779f8a3f53b052320c550b2e1907882353c067bb111?s=96&d=mm&r=g\",\"caption\":\"GP\"},\"sameAs\":[\"http:\/\/gazetapernambucana.com\"],\"url\":\"https:\/\/gazetapernambucana.com\/?author=1\"}]}<\/script>\n<!-- \/ Yoast SEO plugin. -->","yoast_head_json":{"title":"As l\u00e1grimas que ficaram pelo caminho. Por Fl\u00e1vio Chaves -","robots":{"index":"index","follow":"follow","max-snippet":"max-snippet:-1","max-image-preview":"max-image-preview:large","max-video-preview":"max-video-preview:-1"},"canonical":"https:\/\/gazetapernambucana.com\/?p=2343","og_locale":"pt_BR","og_type":"article","og_title":"As l\u00e1grimas que ficaram pelo caminho. Por Fl\u00e1vio Chaves -","og_description":"Por Fl\u00e1vio Chaves \u2013 Jornalista, poeta, escritor e membro da Academia Pernambucana de Letras. Foi Delegado Federal\/Minc\u00a0 \u2013 H\u00e1 um tipo de dor que n\u00e3o encontra tradu\u00e7\u00e3o imediata. Ela n\u00e3o se deixa capturar nem pelo grito nem pelo gesto. Est\u00e1 ali, como um vulto atr\u00e1s da porta, como um animal de sil\u00eancio que respira junto [&hellip;]","og_url":"https:\/\/gazetapernambucana.com\/?p=2343","article_published_time":"2025-12-18T01:55:49+00:00","og_image":[{"width":593,"height":723,"url":"https:\/\/gazetapernambucana.com\/wp-content\/uploads\/2025\/12\/download-4.jpg","type":"image\/jpeg"}],"author":"GP","twitter_card":"summary_large_image","twitter_misc":{"Escrito por":"GP","Est. tempo de leitura":"4 minutos"},"schema":{"@context":"https:\/\/schema.org","@graph":[{"@type":"WebPage","@id":"https:\/\/gazetapernambucana.com\/?p=2343","url":"https:\/\/gazetapernambucana.com\/?p=2343","name":"As l\u00e1grimas que ficaram pelo caminho. Por Fl\u00e1vio Chaves -","isPartOf":{"@id":"https:\/\/gazetapernambucana.com\/#website"},"primaryImageOfPage":{"@id":"https:\/\/gazetapernambucana.com\/?p=2343#primaryimage"},"image":{"@id":"https:\/\/gazetapernambucana.com\/?p=2343#primaryimage"},"thumbnailUrl":"https:\/\/gazetapernambucana.com\/wp-content\/uploads\/2025\/12\/download-4.jpg","datePublished":"2025-12-18T01:55:49+00:00","author":{"@id":"https:\/\/gazetapernambucana.com\/#\/schema\/person\/188dc283325181ac2de4db1e9e987427"},"breadcrumb":{"@id":"https:\/\/gazetapernambucana.com\/?p=2343#breadcrumb"},"inLanguage":"pt-BR","potentialAction":[{"@type":"ReadAction","target":["https:\/\/gazetapernambucana.com\/?p=2343"]}]},{"@type":"ImageObject","inLanguage":"pt-BR","@id":"https:\/\/gazetapernambucana.com\/?p=2343#primaryimage","url":"https:\/\/gazetapernambucana.com\/wp-content\/uploads\/2025\/12\/download-4.jpg","contentUrl":"https:\/\/gazetapernambucana.com\/wp-content\/uploads\/2025\/12\/download-4.jpg","width":593,"height":723},{"@type":"BreadcrumbList","@id":"https:\/\/gazetapernambucana.com\/?p=2343#breadcrumb","itemListElement":[{"@type":"ListItem","position":1,"name":"In\u00edcio","item":"https:\/\/gazetapernambucana.com\/"},{"@type":"ListItem","position":2,"name":"As l\u00e1grimas que ficaram pelo caminho. Por Fl\u00e1vio Chaves"}]},{"@type":"WebSite","@id":"https:\/\/gazetapernambucana.com\/#website","url":"https:\/\/gazetapernambucana.com\/","name":"","description":"","potentialAction":[{"@type":"SearchAction","target":{"@type":"EntryPoint","urlTemplate":"https:\/\/gazetapernambucana.com\/?s={search_term_string}"},"query-input":{"@type":"PropertyValueSpecification","valueRequired":true,"valueName":"search_term_string"}}],"inLanguage":"pt-BR"},{"@type":"Person","@id":"https:\/\/gazetapernambucana.com\/#\/schema\/person\/188dc283325181ac2de4db1e9e987427","name":"GP","image":{"@type":"ImageObject","inLanguage":"pt-BR","@id":"https:\/\/gazetapernambucana.com\/#\/schema\/person\/image\/","url":"https:\/\/secure.gravatar.com\/avatar\/9dad78ff9a2d8b5742d11779f8a3f53b052320c550b2e1907882353c067bb111?s=96&d=mm&r=g","contentUrl":"https:\/\/secure.gravatar.com\/avatar\/9dad78ff9a2d8b5742d11779f8a3f53b052320c550b2e1907882353c067bb111?s=96&d=mm&r=g","caption":"GP"},"sameAs":["http:\/\/gazetapernambucana.com"],"url":"https:\/\/gazetapernambucana.com\/?author=1"}]}},"jetpack_publicize_connections":[],"_links":{"self":[{"href":"https:\/\/gazetapernambucana.com\/index.php?rest_route=\/wp\/v2\/posts\/2343","targetHints":{"allow":["GET"]}}],"collection":[{"href":"https:\/\/gazetapernambucana.com\/index.php?rest_route=\/wp\/v2\/posts"}],"about":[{"href":"https:\/\/gazetapernambucana.com\/index.php?rest_route=\/wp\/v2\/types\/post"}],"author":[{"embeddable":true,"href":"https:\/\/gazetapernambucana.com\/index.php?rest_route=\/wp\/v2\/users\/1"}],"replies":[{"embeddable":true,"href":"https:\/\/gazetapernambucana.com\/index.php?rest_route=%2Fwp%2Fv2%2Fcomments&post=2343"}],"version-history":[{"count":1,"href":"https:\/\/gazetapernambucana.com\/index.php?rest_route=\/wp\/v2\/posts\/2343\/revisions"}],"predecessor-version":[{"id":2345,"href":"https:\/\/gazetapernambucana.com\/index.php?rest_route=\/wp\/v2\/posts\/2343\/revisions\/2345"}],"wp:featuredmedia":[{"embeddable":true,"href":"https:\/\/gazetapernambucana.com\/index.php?rest_route=\/wp\/v2\/media\/2344"}],"wp:attachment":[{"href":"https:\/\/gazetapernambucana.com\/index.php?rest_route=%2Fwp%2Fv2%2Fmedia&parent=2343"}],"wp:term":[{"taxonomy":"category","embeddable":true,"href":"https:\/\/gazetapernambucana.com\/index.php?rest_route=%2Fwp%2Fv2%2Fcategories&post=2343"},{"taxonomy":"post_tag","embeddable":true,"href":"https:\/\/gazetapernambucana.com\/index.php?rest_route=%2Fwp%2Fv2%2Ftags&post=2343"}],"curies":[{"name":"wp","href":"https:\/\/api.w.org\/{rel}","templated":true}]}}