{"id":2282,"date":"2025-12-02T21:43:28","date_gmt":"2025-12-03T00:43:28","guid":{"rendered":"https:\/\/gazetapernambucana.com\/?p=2282"},"modified":"2025-12-02T22:06:53","modified_gmt":"2025-12-03T01:06:53","slug":"jo-mazzarolo-entra-para-a-cadeira-14-da-casa-de-carneiro-vilela","status":"publish","type":"post","link":"https:\/\/gazetapernambucana.com\/?p=2282","title":{"rendered":"J\u00f4 Mazzarolo entra para a Cadeira 14 da Casa de Carneiro Vilela. Por Fl\u00e1vio Chaves"},"content":{"rendered":"<h4 data-pm-slice=\"1 1 []\">A elei\u00e7\u00e3o da jornalista e escritora reafirma o compromisso da Academia Pernambucana de Letras com a renova\u00e7\u00e3o liter\u00e1ria e a preserva\u00e7\u00e3o da palavra como patrim\u00f4nio<\/h4>\n<p data-start=\"761\" data-end=\"1304\"><strong>Por Fl\u00e1vio Chaves \u2013 Jornalista, poeta, escritor e membro da Academia Pernambucana de Letras. Foi Delegado Federal\/Minc\u00a0 \u2013\u00a0<\/strong> A elei\u00e7\u00e3o de J\u00f4 Mazzarolo para a Cadeira n\u00famero 14 da Academia Pernambucana de Letras reverberou como um aceno ao futuro. No sal\u00e3o onde ecoam lembran\u00e7as de Carneiro Vilela, idealizador e primeiro presidente da Casa, e no mesmo recinto que um dia recebeu Alfredo de Carvalho, Cl\u00f3vis Bevil\u00e1qua, Arnaldo Marques e tantos outros pertencentes \u00e0 linhagem fundadora, os acad\u00eamicos reconheceram na jornalista e escritora uma afinidade profunda com o gesto que deu origem \u00e0 institui\u00e7\u00e3o: honrar a l\u00edngua, o pensamento e a mem\u00f3ria cultural de Pernambuco.<\/p>\n<p data-start=\"1306\" data-end=\"1827\">Fundada em 1901, sob inspira\u00e7\u00e3o direta de Carneiro Vilela, a Casa n\u00e3o nasceu como um monumento silencioso, mas como express\u00e3o viva de uma responsabilidade liter\u00e1ria. A elei\u00e7\u00e3o de J\u00f4 confirma a vitalidade desse projeto inicial, que se mant\u00e9m fiel ao prop\u00f3sito de cultivar a palavra como heran\u00e7a e destino. Ela chega ao quadro acad\u00eamico como quem compreende que a escrita tamb\u00e9m \u00e9 forma de cidadania, e que o texto, quando verdadeiramente comprometido com a dignidade humana, \u00e9 guardi\u00e3o da vida, do pa\u00eds e de seus sentidos.<\/p>\n<p data-start=\"1829\" data-end=\"2495\">A trajet\u00f3ria profissional de Mazzarolo est\u00e1 assentada sobre o rigor \u00e9tico do jornalismo. Seus textos, marcados pela escuta atenta do tecido social, sempre se voltaram ao exerc\u00edcio de iluminar zonas de sombra, restaurar contextos, interrogar estruturas de poder e fazer da not\u00edcia uma forma de consci\u00eancia p\u00fablica. \u201cOu\u00e7o a rua e recolho seus rumores. Toda not\u00edcia \u00e9 tamb\u00e9m um retrato da alma coletiva. Quando escrevo, busco ouvir o que ainda n\u00e3o foi dito, e recolher o que sobra depois que o grito se cala.\u201d Nesse breve fragmento, colhido de uma reflex\u00e3o autoral, percebe-se a delicadeza de seu pensamento e a densidade est\u00e9tica que se alonga para al\u00e9m da reportagem.<\/p>\n<p data-start=\"2497\" data-end=\"3105\">Ao migrar do texto jornal\u00edstico para a escrita liter\u00e1ria, Mazzarolo reencontrou uma camada mais \u00edntima da linguagem. Ali est\u00e3o as mem\u00f3rias, os afetos, os sil\u00eancios que n\u00e3o cabem na urg\u00eancia do notici\u00e1rio, mas que ganham corpo na tessitura da literatura. Em outro recorte l\u00edrico, ela escreve: \u201c\u00c9 preciso tatear a claridade. A realidade \u00e0s vezes fere, mas a beleza se esconde nos desv\u00e3os, onde ningu\u00e9m costuma olhar. Escrever \u00e9 permanecer diante do sil\u00eancio at\u00e9 que ele finalmente fale.\u201d Nessa delicada afirma\u00e7\u00e3o, percebe-se uma autora que encontrou no verbo uma forma de resist\u00eancia, recolhimento e revela\u00e7\u00e3o.<\/p>\n<p data-start=\"3107\" data-end=\"3695\">A Casa de Carneiro Vilela testemunhou a vota\u00e7\u00e3o que consagrou seu nome. Os membros reunidos, atentos \u00e0s demandas culturais do presente e \u00e0 responsabilidade simb\u00f3lica da entidade, destacaram na elei\u00e7\u00e3o de J\u00f4 um ato de renova\u00e7\u00e3o criteriosa. A Cadeira n\u00famero 14 passa, assim, a ser habitada por uma mulher que reconhece na escrita mais que um gesto est\u00e9tico, mas um dever moral e uma alian\u00e7a com a dignidade da vida. Sua obra representa a consci\u00eancia de que a literatura n\u00e3o pode se afastar da pergunta essencial que move os tempos: que humanidade somos e que humanidade desejamos preservar.<\/p>\n<p data-start=\"3697\" data-end=\"4171\">Desde sua funda\u00e7\u00e3o, a Academia Pernambucana de Letras permanece fiel ao princ\u00edpio que a ergueu. N\u00e3o \u00e9 apenas abrigo para livros e discursos, mas territ\u00f3rio onde a palavra \u00e9 guardada como patrim\u00f4nio e o pensamento \u00e9 cultivado em vig\u00edlia. A chegada de J\u00f4 Mazzarolo reafirma essa arquitetura hist\u00f3rica. A institui\u00e7\u00e3o confirma, com sua elei\u00e7\u00e3o, que permanece aberta \u00e0 reflex\u00e3o contempor\u00e2nea, \u00e0s vozes femininas, ao olhar que perscruta, critica e amplia o entendimento do Brasil.<\/p>\n<p data-start=\"4173\" data-end=\"4644\">Em tempos de pressa, ru\u00eddo e fragmenta\u00e7\u00e3o, sua entrada na Casa \u00e9 sinal luminoso. A Academia acolhe, em seu corpo cultural, algu\u00e9m que tratou o jornalismo como servi\u00e7o p\u00fablico e a literatura como espa\u00e7o de revela\u00e7\u00e3o. J\u00f4 n\u00e3o escreve para enfeitar o mundo, mas para compreend\u00ea-lo e devolv\u00ea-lo \u00e0 consci\u00eancia de quem l\u00ea. Sua presen\u00e7a honra o esp\u00edrito fundador de Carneiro Vilela e dos primeiros acad\u00eamicos, trazendo vigor, \u00e9tica e delicadeza \u00e0 tradi\u00e7\u00e3o liter\u00e1ria pernambucana.<\/p>\n<p data-start=\"4646\" data-end=\"5065\">Que a Cadeira n\u00famero 14 lhe seja abrigo, mas tamb\u00e9m convoca\u00e7\u00e3o. Porque a imortalidade acad\u00eamica n\u00e3o \u00e9 diploma, mas tarefa: vigiar a l\u00edngua, preservar a mem\u00f3ria, garantir que o texto continue sendo a casa onde o esp\u00edrito repousa e de onde renasce. A elei\u00e7\u00e3o de J\u00f4 Mazzarolo sinaliza que a palavra permanece viva e que, na Casa de Carneiro Vilela, a literatura segue sendo destino, vig\u00edlia e compromisso com a humanidade.<\/p>\n","protected":false},"excerpt":{"rendered":"<p>A elei\u00e7\u00e3o da jornalista e escritora reafirma o compromisso da Academia Pernambucana de Letras com a renova\u00e7\u00e3o liter\u00e1ria e a preserva\u00e7\u00e3o da palavra como patrim\u00f4nio Por Fl\u00e1vio Chaves \u2013 Jornalista, poeta, escritor e membro da Academia Pernambucana de Letras. Foi Delegado Federal\/Minc\u00a0 \u2013\u00a0 A elei\u00e7\u00e3o de J\u00f4 Mazzarolo para a Cadeira n\u00famero 14 da Academia [&hellip;]<\/p>\n","protected":false},"author":1,"featured_media":2283,"comment_status":"open","ping_status":"open","sticky":false,"template":"","format":"standard","meta":{"footnotes":"","jetpack_publicize_message":"","jetpack_publicize_feature_enabled":true,"jetpack_social_post_already_shared":true,"jetpack_social_options":{"image_generator_settings":{"template":"highway","default_image_id":0,"font":"","enabled":false},"version":2}},"categories":[1,35,46],"tags":[],"class_list":["post-2282","post","type-post","status-publish","format-standard","has-post-thumbnail","hentry","category-https-gazetapernambucana-com-page_id225","category-https-gazetapernambucana-com-page_id218","category-literatura"],"yoast_head":"<!-- This site is optimized with the Yoast SEO plugin v24.5 - https:\/\/yoast.com\/wordpress\/plugins\/seo\/ -->\n<title>J\u00f4 Mazzarolo entra para a Cadeira 14 da Casa de Carneiro Vilela. Por Fl\u00e1vio Chaves -<\/title>\n<meta name=\"robots\" content=\"index, follow, max-snippet:-1, max-image-preview:large, max-video-preview:-1\" \/>\n<link rel=\"canonical\" href=\"https:\/\/gazetapernambucana.com\/?p=2282\" \/>\n<meta property=\"og:locale\" content=\"pt_BR\" \/>\n<meta property=\"og:type\" content=\"article\" \/>\n<meta property=\"og:title\" content=\"J\u00f4 Mazzarolo entra para a Cadeira 14 da Casa de Carneiro Vilela. Por Fl\u00e1vio Chaves -\" \/>\n<meta property=\"og:description\" content=\"A elei\u00e7\u00e3o da jornalista e escritora reafirma o compromisso da Academia Pernambucana de Letras com a renova\u00e7\u00e3o liter\u00e1ria e a preserva\u00e7\u00e3o da palavra como patrim\u00f4nio Por Fl\u00e1vio Chaves \u2013 Jornalista, poeta, escritor e membro da Academia Pernambucana de Letras. Foi Delegado Federal\/Minc\u00a0 \u2013\u00a0 A elei\u00e7\u00e3o de J\u00f4 Mazzarolo para a Cadeira n\u00famero 14 da Academia [&hellip;]\" \/>\n<meta property=\"og:url\" content=\"https:\/\/gazetapernambucana.com\/?p=2282\" \/>\n<meta property=\"article:published_time\" content=\"2025-12-03T00:43:28+00:00\" \/>\n<meta property=\"article:modified_time\" content=\"2025-12-03T01:06:53+00:00\" \/>\n<meta property=\"og:image\" content=\"https:\/\/gazetapernambucana.com\/wp-content\/uploads\/2025\/12\/Jo-Mazzarolo.webp\" \/>\n\t<meta property=\"og:image:width\" content=\"1160\" \/>\n\t<meta property=\"og:image:height\" content=\"600\" \/>\n\t<meta property=\"og:image:type\" content=\"image\/webp\" \/>\n<meta name=\"author\" content=\"GP\" \/>\n<meta name=\"twitter:card\" content=\"summary_large_image\" \/>\n<meta name=\"twitter:label1\" content=\"Escrito por\" \/>\n\t<meta name=\"twitter:data1\" content=\"GP\" \/>\n\t<meta name=\"twitter:label2\" content=\"Est. tempo de leitura\" \/>\n\t<meta name=\"twitter:data2\" content=\"5 minutos\" \/>\n<script type=\"application\/ld+json\" class=\"yoast-schema-graph\">{\"@context\":\"https:\/\/schema.org\",\"@graph\":[{\"@type\":\"WebPage\",\"@id\":\"https:\/\/gazetapernambucana.com\/?p=2282\",\"url\":\"https:\/\/gazetapernambucana.com\/?p=2282\",\"name\":\"J\u00f4 Mazzarolo entra para a Cadeira 14 da Casa de Carneiro Vilela. Por Fl\u00e1vio Chaves -\",\"isPartOf\":{\"@id\":\"https:\/\/gazetapernambucana.com\/#website\"},\"primaryImageOfPage\":{\"@id\":\"https:\/\/gazetapernambucana.com\/?p=2282#primaryimage\"},\"image\":{\"@id\":\"https:\/\/gazetapernambucana.com\/?p=2282#primaryimage\"},\"thumbnailUrl\":\"https:\/\/gazetapernambucana.com\/wp-content\/uploads\/2025\/12\/Jo-Mazzarolo.webp\",\"datePublished\":\"2025-12-03T00:43:28+00:00\",\"dateModified\":\"2025-12-03T01:06:53+00:00\",\"author\":{\"@id\":\"https:\/\/gazetapernambucana.com\/#\/schema\/person\/188dc283325181ac2de4db1e9e987427\"},\"breadcrumb\":{\"@id\":\"https:\/\/gazetapernambucana.com\/?p=2282#breadcrumb\"},\"inLanguage\":\"pt-BR\",\"potentialAction\":[{\"@type\":\"ReadAction\",\"target\":[\"https:\/\/gazetapernambucana.com\/?p=2282\"]}]},{\"@type\":\"ImageObject\",\"inLanguage\":\"pt-BR\",\"@id\":\"https:\/\/gazetapernambucana.com\/?p=2282#primaryimage\",\"url\":\"https:\/\/gazetapernambucana.com\/wp-content\/uploads\/2025\/12\/Jo-Mazzarolo.webp\",\"contentUrl\":\"https:\/\/gazetapernambucana.com\/wp-content\/uploads\/2025\/12\/Jo-Mazzarolo.webp\",\"width\":1160,\"height\":600},{\"@type\":\"BreadcrumbList\",\"@id\":\"https:\/\/gazetapernambucana.com\/?p=2282#breadcrumb\",\"itemListElement\":[{\"@type\":\"ListItem\",\"position\":1,\"name\":\"In\u00edcio\",\"item\":\"https:\/\/gazetapernambucana.com\/\"},{\"@type\":\"ListItem\",\"position\":2,\"name\":\"J\u00f4 Mazzarolo entra para a Cadeira 14 da Casa de Carneiro Vilela. Por Fl\u00e1vio Chaves\"}]},{\"@type\":\"WebSite\",\"@id\":\"https:\/\/gazetapernambucana.com\/#website\",\"url\":\"https:\/\/gazetapernambucana.com\/\",\"name\":\"\",\"description\":\"\",\"potentialAction\":[{\"@type\":\"SearchAction\",\"target\":{\"@type\":\"EntryPoint\",\"urlTemplate\":\"https:\/\/gazetapernambucana.com\/?s={search_term_string}\"},\"query-input\":{\"@type\":\"PropertyValueSpecification\",\"valueRequired\":true,\"valueName\":\"search_term_string\"}}],\"inLanguage\":\"pt-BR\"},{\"@type\":\"Person\",\"@id\":\"https:\/\/gazetapernambucana.com\/#\/schema\/person\/188dc283325181ac2de4db1e9e987427\",\"name\":\"GP\",\"image\":{\"@type\":\"ImageObject\",\"inLanguage\":\"pt-BR\",\"@id\":\"https:\/\/gazetapernambucana.com\/#\/schema\/person\/image\/\",\"url\":\"https:\/\/secure.gravatar.com\/avatar\/9dad78ff9a2d8b5742d11779f8a3f53b052320c550b2e1907882353c067bb111?s=96&d=mm&r=g\",\"contentUrl\":\"https:\/\/secure.gravatar.com\/avatar\/9dad78ff9a2d8b5742d11779f8a3f53b052320c550b2e1907882353c067bb111?s=96&d=mm&r=g\",\"caption\":\"GP\"},\"sameAs\":[\"http:\/\/gazetapernambucana.com\"],\"url\":\"https:\/\/gazetapernambucana.com\/?author=1\"}]}<\/script>\n<!-- \/ Yoast SEO plugin. -->","yoast_head_json":{"title":"J\u00f4 Mazzarolo entra para a Cadeira 14 da Casa de Carneiro Vilela. Por Fl\u00e1vio Chaves -","robots":{"index":"index","follow":"follow","max-snippet":"max-snippet:-1","max-image-preview":"max-image-preview:large","max-video-preview":"max-video-preview:-1"},"canonical":"https:\/\/gazetapernambucana.com\/?p=2282","og_locale":"pt_BR","og_type":"article","og_title":"J\u00f4 Mazzarolo entra para a Cadeira 14 da Casa de Carneiro Vilela. Por Fl\u00e1vio Chaves -","og_description":"A elei\u00e7\u00e3o da jornalista e escritora reafirma o compromisso da Academia Pernambucana de Letras com a renova\u00e7\u00e3o liter\u00e1ria e a preserva\u00e7\u00e3o da palavra como patrim\u00f4nio Por Fl\u00e1vio Chaves \u2013 Jornalista, poeta, escritor e membro da Academia Pernambucana de Letras. Foi Delegado Federal\/Minc\u00a0 \u2013\u00a0 A elei\u00e7\u00e3o de J\u00f4 Mazzarolo para a Cadeira n\u00famero 14 da Academia [&hellip;]","og_url":"https:\/\/gazetapernambucana.com\/?p=2282","article_published_time":"2025-12-03T00:43:28+00:00","article_modified_time":"2025-12-03T01:06:53+00:00","og_image":[{"width":1160,"height":600,"url":"https:\/\/gazetapernambucana.com\/wp-content\/uploads\/2025\/12\/Jo-Mazzarolo.webp","type":"image\/webp"}],"author":"GP","twitter_card":"summary_large_image","twitter_misc":{"Escrito por":"GP","Est. tempo de leitura":"5 minutos"},"schema":{"@context":"https:\/\/schema.org","@graph":[{"@type":"WebPage","@id":"https:\/\/gazetapernambucana.com\/?p=2282","url":"https:\/\/gazetapernambucana.com\/?p=2282","name":"J\u00f4 Mazzarolo entra para a Cadeira 14 da Casa de Carneiro Vilela. Por Fl\u00e1vio Chaves -","isPartOf":{"@id":"https:\/\/gazetapernambucana.com\/#website"},"primaryImageOfPage":{"@id":"https:\/\/gazetapernambucana.com\/?p=2282#primaryimage"},"image":{"@id":"https:\/\/gazetapernambucana.com\/?p=2282#primaryimage"},"thumbnailUrl":"https:\/\/gazetapernambucana.com\/wp-content\/uploads\/2025\/12\/Jo-Mazzarolo.webp","datePublished":"2025-12-03T00:43:28+00:00","dateModified":"2025-12-03T01:06:53+00:00","author":{"@id":"https:\/\/gazetapernambucana.com\/#\/schema\/person\/188dc283325181ac2de4db1e9e987427"},"breadcrumb":{"@id":"https:\/\/gazetapernambucana.com\/?p=2282#breadcrumb"},"inLanguage":"pt-BR","potentialAction":[{"@type":"ReadAction","target":["https:\/\/gazetapernambucana.com\/?p=2282"]}]},{"@type":"ImageObject","inLanguage":"pt-BR","@id":"https:\/\/gazetapernambucana.com\/?p=2282#primaryimage","url":"https:\/\/gazetapernambucana.com\/wp-content\/uploads\/2025\/12\/Jo-Mazzarolo.webp","contentUrl":"https:\/\/gazetapernambucana.com\/wp-content\/uploads\/2025\/12\/Jo-Mazzarolo.webp","width":1160,"height":600},{"@type":"BreadcrumbList","@id":"https:\/\/gazetapernambucana.com\/?p=2282#breadcrumb","itemListElement":[{"@type":"ListItem","position":1,"name":"In\u00edcio","item":"https:\/\/gazetapernambucana.com\/"},{"@type":"ListItem","position":2,"name":"J\u00f4 Mazzarolo entra para a Cadeira 14 da Casa de Carneiro Vilela. Por Fl\u00e1vio Chaves"}]},{"@type":"WebSite","@id":"https:\/\/gazetapernambucana.com\/#website","url":"https:\/\/gazetapernambucana.com\/","name":"","description":"","potentialAction":[{"@type":"SearchAction","target":{"@type":"EntryPoint","urlTemplate":"https:\/\/gazetapernambucana.com\/?s={search_term_string}"},"query-input":{"@type":"PropertyValueSpecification","valueRequired":true,"valueName":"search_term_string"}}],"inLanguage":"pt-BR"},{"@type":"Person","@id":"https:\/\/gazetapernambucana.com\/#\/schema\/person\/188dc283325181ac2de4db1e9e987427","name":"GP","image":{"@type":"ImageObject","inLanguage":"pt-BR","@id":"https:\/\/gazetapernambucana.com\/#\/schema\/person\/image\/","url":"https:\/\/secure.gravatar.com\/avatar\/9dad78ff9a2d8b5742d11779f8a3f53b052320c550b2e1907882353c067bb111?s=96&d=mm&r=g","contentUrl":"https:\/\/secure.gravatar.com\/avatar\/9dad78ff9a2d8b5742d11779f8a3f53b052320c550b2e1907882353c067bb111?s=96&d=mm&r=g","caption":"GP"},"sameAs":["http:\/\/gazetapernambucana.com"],"url":"https:\/\/gazetapernambucana.com\/?author=1"}]}},"jetpack_publicize_connections":[],"_links":{"self":[{"href":"https:\/\/gazetapernambucana.com\/index.php?rest_route=\/wp\/v2\/posts\/2282","targetHints":{"allow":["GET"]}}],"collection":[{"href":"https:\/\/gazetapernambucana.com\/index.php?rest_route=\/wp\/v2\/posts"}],"about":[{"href":"https:\/\/gazetapernambucana.com\/index.php?rest_route=\/wp\/v2\/types\/post"}],"author":[{"embeddable":true,"href":"https:\/\/gazetapernambucana.com\/index.php?rest_route=\/wp\/v2\/users\/1"}],"replies":[{"embeddable":true,"href":"https:\/\/gazetapernambucana.com\/index.php?rest_route=%2Fwp%2Fv2%2Fcomments&post=2282"}],"version-history":[{"count":3,"href":"https:\/\/gazetapernambucana.com\/index.php?rest_route=\/wp\/v2\/posts\/2282\/revisions"}],"predecessor-version":[{"id":2286,"href":"https:\/\/gazetapernambucana.com\/index.php?rest_route=\/wp\/v2\/posts\/2282\/revisions\/2286"}],"wp:featuredmedia":[{"embeddable":true,"href":"https:\/\/gazetapernambucana.com\/index.php?rest_route=\/wp\/v2\/media\/2283"}],"wp:attachment":[{"href":"https:\/\/gazetapernambucana.com\/index.php?rest_route=%2Fwp%2Fv2%2Fmedia&parent=2282"}],"wp:term":[{"taxonomy":"category","embeddable":true,"href":"https:\/\/gazetapernambucana.com\/index.php?rest_route=%2Fwp%2Fv2%2Fcategories&post=2282"},{"taxonomy":"post_tag","embeddable":true,"href":"https:\/\/gazetapernambucana.com\/index.php?rest_route=%2Fwp%2Fv2%2Ftags&post=2282"}],"curies":[{"name":"wp","href":"https:\/\/api.w.org\/{rel}","templated":true}]}}