{"id":2277,"date":"2025-12-01T23:54:35","date_gmt":"2025-12-02T02:54:35","guid":{"rendered":"https:\/\/gazetapernambucana.com\/?p=2277"},"modified":"2025-12-01T23:56:21","modified_gmt":"2025-12-02T02:56:21","slug":"o-direito-a-palavra-jose-paulo-na-catedra-do-tempo","status":"publish","type":"post","link":"https:\/\/gazetapernambucana.com\/?p=2277","title":{"rendered":"O Direito \u00e0 Palavra: Jos\u00e9 Paulo na C\u00e1tedra do Tempo"},"content":{"rendered":"<p data-start=\"216\" data-end=\"723\">H\u00e1 momentos em que a hist\u00f3ria se curva em sil\u00eancio para escutar a palavra que permanece. No dia 2 de dezembro, \u00e0s 16h, na Biblioteca da Universidade Cat\u00f3lica de Pernambuco, esse instante acontecer\u00e1: Jos\u00e9 Paulo Cavalcanti Filho, jurista, escritor, humanista e imortal da Academia Brasileira de Letras, ser\u00e1 agraciado com o t\u00edtulo de Doutor Honoris Causa, a mais alta distin\u00e7\u00e3o acad\u00eamica da institui\u00e7\u00e3o que, um dia, o viu partir como aluno e que hoje o recebe como refer\u00eancia maior do pensamento e da cultura.<\/p>\n<p data-start=\"725\" data-end=\"1224\">Esta n\u00e3o ser\u00e1 apenas uma homenagem. Ser\u00e1 um rito de passagem simb\u00f3lico, um reconhecimento p\u00fablico de que h\u00e1 exist\u00eancias que excedem o curr\u00edculo, que se tornam exemplares porque fazem da palavra uma responsabilidade e da mem\u00f3ria, uma miss\u00e3o. Jos\u00e9 Paulo construiu sua obra no entrela\u00e7amento raro entre o Direito e a Literatura, entre a precis\u00e3o t\u00e9cnica e a vastid\u00e3o do esp\u00edrito. Seu legado \u00e9 o de quem compreendeu que leis precisam de \u00e9tica e que palavras, para serem justas, precisam ser verdadeiras.<\/p>\n<p data-start=\"1226\" data-end=\"1683\">Ex-ministro interino da Justi\u00e7a, conselheiro de organismos internacionais, ensa\u00edsta premiado, estudioso de Fernando Pessoa e homem de a\u00e7\u00e3o p\u00fablica, ele representa uma s\u00edntese dif\u00edcil e necess\u00e1ria: a do intelectual comprometido com o mundo. Jos\u00e9 Paulo n\u00e3o escreve apenas livros, ele escreve horizontes, abre caminhos no pensamento brasileiro, amplia a sensibilidade de uma sociedade que tantas vezes se perde em formalismos e esquece sua ess\u00eancia humanista.<\/p>\n<p data-start=\"1685\" data-end=\"2046\">Ao conceder-lhe esse t\u00edtulo, a Unicap tamb\u00e9m se v\u00ea homenageada. Porque reconhecer Jos\u00e9 Paulo Cavalcanti \u00e9 reconhecer a import\u00e2ncia de uma forma\u00e7\u00e3o que integra raz\u00e3o e sensibilidade, t\u00e9cnica e consci\u00eancia. \u00c9 reafirmar que o ensino superior n\u00e3o deve se limitar a reproduzir conte\u00fados, mas a formar consci\u00eancias cr\u00edticas, \u00e9ticas, criativas e profundamente humanas.<\/p>\n<p data-start=\"2048\" data-end=\"2309\">A cerim\u00f4nia reunir\u00e1 representantes de m\u00faltiplas esferas: do Direito \u00e0s Letras, da pol\u00edtica \u00e0 academia, da cultura \u00e0 mem\u00f3ria. Todos irmanados pela certeza de que h\u00e1 pessoas que, ao serem homenageadas, devolvem em dobro o sentido da honra. Jos\u00e9 Paulo \u00e9 uma delas.<\/p>\n<p data-start=\"2311\" data-end=\"2602\">E assim, ao subir \u00e0 c\u00e1tedra simb\u00f3lica deste t\u00edtulo, ele n\u00e3o apenas recebe uma honraria. Confirma o que sua trajet\u00f3ria j\u00e1 anunciava: que h\u00e1 homens cuja palavra n\u00e3o passa, que h\u00e1 vozes que n\u00e3o se calam, que h\u00e1 nomes que o tempo n\u00e3o leva, porque, com lucidez e coragem, eles lhe deram sentido.<\/p>\n<p data-start=\"2414\" data-end=\"2505\" data-is-last-node=\"\" data-is-only-node=\"\">Que esse momento hist\u00f3rico reverbere como semente, desafiando o tempo, convocando futuros.<\/p>\n","protected":false},"excerpt":{"rendered":"<p>H\u00e1 momentos em que a hist\u00f3ria se curva em sil\u00eancio para escutar a palavra que permanece. No dia 2 de dezembro, \u00e0s 16h, na Biblioteca da Universidade Cat\u00f3lica de Pernambuco, esse instante acontecer\u00e1: Jos\u00e9 Paulo Cavalcanti Filho, jurista, escritor, humanista e imortal da Academia Brasileira de Letras, ser\u00e1 agraciado com o t\u00edtulo de Doutor Honoris [&hellip;]<\/p>\n","protected":false},"author":1,"featured_media":2278,"comment_status":"open","ping_status":"open","sticky":false,"template":"","format":"standard","meta":{"footnotes":"","jetpack_publicize_message":"","jetpack_publicize_feature_enabled":true,"jetpack_social_post_already_shared":true,"jetpack_social_options":{"image_generator_settings":{"template":"highway","default_image_id":0,"font":"","enabled":false},"version":2}},"categories":[1,35,46],"tags":[],"class_list":["post-2277","post","type-post","status-publish","format-standard","has-post-thumbnail","hentry","category-https-gazetapernambucana-com-page_id225","category-https-gazetapernambucana-com-page_id218","category-literatura"],"yoast_head":"<!-- This site is optimized with the Yoast SEO plugin v24.5 - https:\/\/yoast.com\/wordpress\/plugins\/seo\/ -->\n<title>O Direito \u00e0 Palavra: Jos\u00e9 Paulo na C\u00e1tedra do Tempo -<\/title>\n<meta name=\"robots\" content=\"index, follow, max-snippet:-1, max-image-preview:large, max-video-preview:-1\" \/>\n<link rel=\"canonical\" href=\"https:\/\/gazetapernambucana.com\/?p=2277\" \/>\n<meta property=\"og:locale\" content=\"pt_BR\" \/>\n<meta property=\"og:type\" content=\"article\" \/>\n<meta property=\"og:title\" content=\"O Direito \u00e0 Palavra: Jos\u00e9 Paulo na C\u00e1tedra do Tempo -\" \/>\n<meta property=\"og:description\" content=\"H\u00e1 momentos em que a hist\u00f3ria se curva em sil\u00eancio para escutar a palavra que permanece. No dia 2 de dezembro, \u00e0s 16h, na Biblioteca da Universidade Cat\u00f3lica de Pernambuco, esse instante acontecer\u00e1: Jos\u00e9 Paulo Cavalcanti Filho, jurista, escritor, humanista e imortal da Academia Brasileira de Letras, ser\u00e1 agraciado com o t\u00edtulo de Doutor Honoris [&hellip;]\" \/>\n<meta property=\"og:url\" content=\"https:\/\/gazetapernambucana.com\/?p=2277\" \/>\n<meta property=\"article:published_time\" content=\"2025-12-02T02:54:35+00:00\" \/>\n<meta property=\"article:modified_time\" content=\"2025-12-02T02:56:21+00:00\" \/>\n<meta property=\"og:image\" content=\"https:\/\/gazetapernambucana.com\/wp-content\/uploads\/2025\/12\/Jose_Paulo_Cavalcanti_Filho_toma_posse_na_cadeira_39_da_ABL.jpg\" \/>\n\t<meta property=\"og:image:width\" content=\"1170\" \/>\n\t<meta property=\"og:image:height\" content=\"700\" \/>\n\t<meta property=\"og:image:type\" content=\"image\/jpeg\" \/>\n<meta name=\"author\" content=\"GP\" \/>\n<meta name=\"twitter:card\" content=\"summary_large_image\" \/>\n<meta name=\"twitter:label1\" content=\"Escrito por\" \/>\n\t<meta name=\"twitter:data1\" content=\"GP\" \/>\n\t<meta name=\"twitter:label2\" content=\"Est. tempo de leitura\" \/>\n\t<meta name=\"twitter:data2\" content=\"3 minutos\" \/>\n<script type=\"application\/ld+json\" class=\"yoast-schema-graph\">{\"@context\":\"https:\/\/schema.org\",\"@graph\":[{\"@type\":\"WebPage\",\"@id\":\"https:\/\/gazetapernambucana.com\/?p=2277\",\"url\":\"https:\/\/gazetapernambucana.com\/?p=2277\",\"name\":\"O Direito \u00e0 Palavra: Jos\u00e9 Paulo na C\u00e1tedra do Tempo -\",\"isPartOf\":{\"@id\":\"https:\/\/gazetapernambucana.com\/#website\"},\"primaryImageOfPage\":{\"@id\":\"https:\/\/gazetapernambucana.com\/?p=2277#primaryimage\"},\"image\":{\"@id\":\"https:\/\/gazetapernambucana.com\/?p=2277#primaryimage\"},\"thumbnailUrl\":\"https:\/\/gazetapernambucana.com\/wp-content\/uploads\/2025\/12\/Jose_Paulo_Cavalcanti_Filho_toma_posse_na_cadeira_39_da_ABL.jpg\",\"datePublished\":\"2025-12-02T02:54:35+00:00\",\"dateModified\":\"2025-12-02T02:56:21+00:00\",\"author\":{\"@id\":\"https:\/\/gazetapernambucana.com\/#\/schema\/person\/188dc283325181ac2de4db1e9e987427\"},\"breadcrumb\":{\"@id\":\"https:\/\/gazetapernambucana.com\/?p=2277#breadcrumb\"},\"inLanguage\":\"pt-BR\",\"potentialAction\":[{\"@type\":\"ReadAction\",\"target\":[\"https:\/\/gazetapernambucana.com\/?p=2277\"]}]},{\"@type\":\"ImageObject\",\"inLanguage\":\"pt-BR\",\"@id\":\"https:\/\/gazetapernambucana.com\/?p=2277#primaryimage\",\"url\":\"https:\/\/gazetapernambucana.com\/wp-content\/uploads\/2025\/12\/Jose_Paulo_Cavalcanti_Filho_toma_posse_na_cadeira_39_da_ABL.jpg\",\"contentUrl\":\"https:\/\/gazetapernambucana.com\/wp-content\/uploads\/2025\/12\/Jose_Paulo_Cavalcanti_Filho_toma_posse_na_cadeira_39_da_ABL.jpg\",\"width\":1170,\"height\":700},{\"@type\":\"BreadcrumbList\",\"@id\":\"https:\/\/gazetapernambucana.com\/?p=2277#breadcrumb\",\"itemListElement\":[{\"@type\":\"ListItem\",\"position\":1,\"name\":\"In\u00edcio\",\"item\":\"https:\/\/gazetapernambucana.com\/\"},{\"@type\":\"ListItem\",\"position\":2,\"name\":\"O Direito \u00e0 Palavra: Jos\u00e9 Paulo na C\u00e1tedra do Tempo\"}]},{\"@type\":\"WebSite\",\"@id\":\"https:\/\/gazetapernambucana.com\/#website\",\"url\":\"https:\/\/gazetapernambucana.com\/\",\"name\":\"\",\"description\":\"\",\"potentialAction\":[{\"@type\":\"SearchAction\",\"target\":{\"@type\":\"EntryPoint\",\"urlTemplate\":\"https:\/\/gazetapernambucana.com\/?s={search_term_string}\"},\"query-input\":{\"@type\":\"PropertyValueSpecification\",\"valueRequired\":true,\"valueName\":\"search_term_string\"}}],\"inLanguage\":\"pt-BR\"},{\"@type\":\"Person\",\"@id\":\"https:\/\/gazetapernambucana.com\/#\/schema\/person\/188dc283325181ac2de4db1e9e987427\",\"name\":\"GP\",\"image\":{\"@type\":\"ImageObject\",\"inLanguage\":\"pt-BR\",\"@id\":\"https:\/\/gazetapernambucana.com\/#\/schema\/person\/image\/\",\"url\":\"https:\/\/secure.gravatar.com\/avatar\/9dad78ff9a2d8b5742d11779f8a3f53b052320c550b2e1907882353c067bb111?s=96&d=mm&r=g\",\"contentUrl\":\"https:\/\/secure.gravatar.com\/avatar\/9dad78ff9a2d8b5742d11779f8a3f53b052320c550b2e1907882353c067bb111?s=96&d=mm&r=g\",\"caption\":\"GP\"},\"sameAs\":[\"http:\/\/gazetapernambucana.com\"],\"url\":\"https:\/\/gazetapernambucana.com\/?author=1\"}]}<\/script>\n<!-- \/ Yoast SEO plugin. -->","yoast_head_json":{"title":"O Direito \u00e0 Palavra: Jos\u00e9 Paulo na C\u00e1tedra do Tempo -","robots":{"index":"index","follow":"follow","max-snippet":"max-snippet:-1","max-image-preview":"max-image-preview:large","max-video-preview":"max-video-preview:-1"},"canonical":"https:\/\/gazetapernambucana.com\/?p=2277","og_locale":"pt_BR","og_type":"article","og_title":"O Direito \u00e0 Palavra: Jos\u00e9 Paulo na C\u00e1tedra do Tempo -","og_description":"H\u00e1 momentos em que a hist\u00f3ria se curva em sil\u00eancio para escutar a palavra que permanece. No dia 2 de dezembro, \u00e0s 16h, na Biblioteca da Universidade Cat\u00f3lica de Pernambuco, esse instante acontecer\u00e1: Jos\u00e9 Paulo Cavalcanti Filho, jurista, escritor, humanista e imortal da Academia Brasileira de Letras, ser\u00e1 agraciado com o t\u00edtulo de Doutor Honoris [&hellip;]","og_url":"https:\/\/gazetapernambucana.com\/?p=2277","article_published_time":"2025-12-02T02:54:35+00:00","article_modified_time":"2025-12-02T02:56:21+00:00","og_image":[{"width":1170,"height":700,"url":"https:\/\/gazetapernambucana.com\/wp-content\/uploads\/2025\/12\/Jose_Paulo_Cavalcanti_Filho_toma_posse_na_cadeira_39_da_ABL.jpg","type":"image\/jpeg"}],"author":"GP","twitter_card":"summary_large_image","twitter_misc":{"Escrito por":"GP","Est. tempo de leitura":"3 minutos"},"schema":{"@context":"https:\/\/schema.org","@graph":[{"@type":"WebPage","@id":"https:\/\/gazetapernambucana.com\/?p=2277","url":"https:\/\/gazetapernambucana.com\/?p=2277","name":"O Direito \u00e0 Palavra: Jos\u00e9 Paulo na C\u00e1tedra do Tempo -","isPartOf":{"@id":"https:\/\/gazetapernambucana.com\/#website"},"primaryImageOfPage":{"@id":"https:\/\/gazetapernambucana.com\/?p=2277#primaryimage"},"image":{"@id":"https:\/\/gazetapernambucana.com\/?p=2277#primaryimage"},"thumbnailUrl":"https:\/\/gazetapernambucana.com\/wp-content\/uploads\/2025\/12\/Jose_Paulo_Cavalcanti_Filho_toma_posse_na_cadeira_39_da_ABL.jpg","datePublished":"2025-12-02T02:54:35+00:00","dateModified":"2025-12-02T02:56:21+00:00","author":{"@id":"https:\/\/gazetapernambucana.com\/#\/schema\/person\/188dc283325181ac2de4db1e9e987427"},"breadcrumb":{"@id":"https:\/\/gazetapernambucana.com\/?p=2277#breadcrumb"},"inLanguage":"pt-BR","potentialAction":[{"@type":"ReadAction","target":["https:\/\/gazetapernambucana.com\/?p=2277"]}]},{"@type":"ImageObject","inLanguage":"pt-BR","@id":"https:\/\/gazetapernambucana.com\/?p=2277#primaryimage","url":"https:\/\/gazetapernambucana.com\/wp-content\/uploads\/2025\/12\/Jose_Paulo_Cavalcanti_Filho_toma_posse_na_cadeira_39_da_ABL.jpg","contentUrl":"https:\/\/gazetapernambucana.com\/wp-content\/uploads\/2025\/12\/Jose_Paulo_Cavalcanti_Filho_toma_posse_na_cadeira_39_da_ABL.jpg","width":1170,"height":700},{"@type":"BreadcrumbList","@id":"https:\/\/gazetapernambucana.com\/?p=2277#breadcrumb","itemListElement":[{"@type":"ListItem","position":1,"name":"In\u00edcio","item":"https:\/\/gazetapernambucana.com\/"},{"@type":"ListItem","position":2,"name":"O Direito \u00e0 Palavra: Jos\u00e9 Paulo na C\u00e1tedra do Tempo"}]},{"@type":"WebSite","@id":"https:\/\/gazetapernambucana.com\/#website","url":"https:\/\/gazetapernambucana.com\/","name":"","description":"","potentialAction":[{"@type":"SearchAction","target":{"@type":"EntryPoint","urlTemplate":"https:\/\/gazetapernambucana.com\/?s={search_term_string}"},"query-input":{"@type":"PropertyValueSpecification","valueRequired":true,"valueName":"search_term_string"}}],"inLanguage":"pt-BR"},{"@type":"Person","@id":"https:\/\/gazetapernambucana.com\/#\/schema\/person\/188dc283325181ac2de4db1e9e987427","name":"GP","image":{"@type":"ImageObject","inLanguage":"pt-BR","@id":"https:\/\/gazetapernambucana.com\/#\/schema\/person\/image\/","url":"https:\/\/secure.gravatar.com\/avatar\/9dad78ff9a2d8b5742d11779f8a3f53b052320c550b2e1907882353c067bb111?s=96&d=mm&r=g","contentUrl":"https:\/\/secure.gravatar.com\/avatar\/9dad78ff9a2d8b5742d11779f8a3f53b052320c550b2e1907882353c067bb111?s=96&d=mm&r=g","caption":"GP"},"sameAs":["http:\/\/gazetapernambucana.com"],"url":"https:\/\/gazetapernambucana.com\/?author=1"}]}},"jetpack_publicize_connections":[],"_links":{"self":[{"href":"https:\/\/gazetapernambucana.com\/index.php?rest_route=\/wp\/v2\/posts\/2277","targetHints":{"allow":["GET"]}}],"collection":[{"href":"https:\/\/gazetapernambucana.com\/index.php?rest_route=\/wp\/v2\/posts"}],"about":[{"href":"https:\/\/gazetapernambucana.com\/index.php?rest_route=\/wp\/v2\/types\/post"}],"author":[{"embeddable":true,"href":"https:\/\/gazetapernambucana.com\/index.php?rest_route=\/wp\/v2\/users\/1"}],"replies":[{"embeddable":true,"href":"https:\/\/gazetapernambucana.com\/index.php?rest_route=%2Fwp%2Fv2%2Fcomments&post=2277"}],"version-history":[{"count":3,"href":"https:\/\/gazetapernambucana.com\/index.php?rest_route=\/wp\/v2\/posts\/2277\/revisions"}],"predecessor-version":[{"id":2281,"href":"https:\/\/gazetapernambucana.com\/index.php?rest_route=\/wp\/v2\/posts\/2277\/revisions\/2281"}],"wp:featuredmedia":[{"embeddable":true,"href":"https:\/\/gazetapernambucana.com\/index.php?rest_route=\/wp\/v2\/media\/2278"}],"wp:attachment":[{"href":"https:\/\/gazetapernambucana.com\/index.php?rest_route=%2Fwp%2Fv2%2Fmedia&parent=2277"}],"wp:term":[{"taxonomy":"category","embeddable":true,"href":"https:\/\/gazetapernambucana.com\/index.php?rest_route=%2Fwp%2Fv2%2Fcategories&post=2277"},{"taxonomy":"post_tag","embeddable":true,"href":"https:\/\/gazetapernambucana.com\/index.php?rest_route=%2Fwp%2Fv2%2Ftags&post=2277"}],"curies":[{"name":"wp","href":"https:\/\/api.w.org\/{rel}","templated":true}]}}