{"id":2270,"date":"2025-11-30T19:40:44","date_gmt":"2025-11-30T22:40:44","guid":{"rendered":"https:\/\/gazetapernambucana.com\/?p=2270"},"modified":"2025-11-30T19:57:18","modified_gmt":"2025-11-30T22:57:18","slug":"a-busca-da-unidade-por-claudemir-gomes","status":"publish","type":"post","link":"https:\/\/gazetapernambucana.com\/?p=2270","title":{"rendered":"A busca da unidade. Por CLAUDEMIR GOMES"},"content":{"rendered":"<p><strong>Por CLAUDEMIR GOMES<\/strong><\/p>\n<p><strong><em>&#8220;O SPORT UNIDO JAMAIS SER\u00c1 VENCIDO!&#8221;.<\/em><\/strong><\/p>\n<p>A frase sempre funcionou como um mantra nas comemora\u00e7\u00f5es das memor\u00e1veis conquistas do Sport Club do Recife. Repetida diversas vezes no vesti\u00e1rio, em restaurantes, no sal\u00e3o da sede monumental, enfim, onde houvesse uma festa, o &#8220;lema&#8221; da unidade era levantado como sendo respons\u00e1vel por aquele momento de gl\u00f3ria.<\/p>\n<p>\u00c9 comum se ouvir, da boca do povo, o ad\u00e1gio popular: &#8220;Dois bicudos n\u00e3o se beijam&#8221;. H\u00e1 controv\u00e9rsia. Na Ilha do Retiro, em respeito ao lema do clube &#8211; Pelo Sport, tudo! &#8211; \u00e9 poss\u00edvel trocar tapas por beijos. Ciente de tal realidade, a tribo leonina vive a expectativa dos primeiros dias do m\u00eas de dezembro, onde tudo pode acontecer na busca por dias melhores para o clube leonino.<\/p>\n<p>Pressionado pelos resultados de sua desastrosa gest\u00e3o, o presidente executivo, Yuri Rom\u00e3o, publicou uma carta na qual expressa sua intens\u00e3o de ren\u00fancia. Em seguida o Conselho Deliberativo apresentou detalhes do calend\u00e1rio eleitoral. A partir desta segunda-feira (01\/12\/25), at\u00e9 a pr\u00f3xima sexta-feira (05\/12\/25), podem ser feitos os registros de chapas na Secretaria da Presid\u00eancia, na Ilha do Retiro.<\/p>\n<p>Tr\u00eas nomes circulam nas redes sociais como prov\u00e1veis candidatos: O ex-presidente, Severino Ot\u00e1vio, que tem o apoio de lideran\u00e7as tradicionais do clube; Paulo Bivar, filho do ex-presidente, Milton Bivar e Matheus Souto Maior, l\u00edder do movimento oposicionista, Le\u00f5es Pela Mudan\u00e7a.<\/p>\n<p>Quem conhece os bastidores da Ilha do Retiro sabe que, em momentos de intensa turbul\u00eancia como este, mudan\u00e7as de cen\u00e1rios podem ocorrer a qualquer momento. Portanto, de segunda a sexta-feira \u00e9 prudente manter a possibilidade do surgimento de novidades a qualquer hora.<\/p>\n<p>A era digital enterrou o radinho de pilha para dar espa\u00e7o ao YouTube. Todos os dias surgem in\u00fameros formadores de opini\u00f5es com canais e verdades pr\u00f3prias. Um festival de besteirol, mas para o qual existem demandas. N\u00e3o se pode ir contra a realidade da nova ordem. E neste cen\u00e1rio onde s\u00e3o poucos os profissionais que falam com embasamento, surgem diversas narrativas com o objetivo de %u201Capimentar%u201D uma disputa eleitoral que ainda n\u00e3o se sabe se ir\u00e1 ocorrer, pois a maioria ainda acredita que,\u00a0<strong><em>&#8220;O SPORT UNIDO JAMAIS SER\u00c1 VENCIDO!&#8221;.<\/em><\/strong><\/p>\n<p>O desafio \u00e9 unir a lideran\u00e7a A, que n\u00e3o se bica com a lideran\u00e7a B. Dizem que, na ter\u00e7a-feira haver\u00e1 um novo encontro entre dois nomes de peso para quebrar as arestas existentes, e se chegar a um consenso.<\/p>\n<p>Enquanto isso a rede de boatos est\u00e1 formada. Nos in\u00fameros canais do YouTube, onde o assunto dominante \u00e9 a elei\u00e7\u00e3o do Sport, as Fake News surgem em profus\u00e3o, fato que pode aprofundar a desuni\u00e3o que determinou o fracasso do momento.<\/p>\n<p>Um amigo do Alceu Valen\u00e7a ligou pra mim cantarolando: &#8220;Tu vens, tu vens, eu j\u00e1 escuto os teus sinais&#8221;. Liberou uma gargalhada e concluiu: &#8220;Nos pr\u00f3ximos cinco dias tudo pode acontecer&#8221;.<\/p>\n<p>Vamos aguardar.<\/p>\n<p>&#8220;Pelo Sport, tudo!&#8221;.<\/p>\n","protected":false},"excerpt":{"rendered":"<p>Por CLAUDEMIR GOMES &#8220;O SPORT UNIDO JAMAIS SER\u00c1 VENCIDO!&#8221;. A frase sempre funcionou como um mantra nas comemora\u00e7\u00f5es das memor\u00e1veis conquistas do Sport Club do Recife. Repetida diversas vezes no vesti\u00e1rio, em restaurantes, no sal\u00e3o da sede monumental, enfim, onde houvesse uma festa, o &#8220;lema&#8221; da unidade era levantado como sendo respons\u00e1vel por aquele momento [&hellip;]<\/p>\n","protected":false},"author":1,"featured_media":2236,"comment_status":"open","ping_status":"open","sticky":false,"template":"","format":"standard","meta":{"footnotes":"","jetpack_publicize_message":"","jetpack_publicize_feature_enabled":true,"jetpack_social_post_already_shared":true,"jetpack_social_options":{"image_generator_settings":{"template":"highway","default_image_id":0,"font":"","enabled":false},"version":2}},"categories":[1,39],"tags":[],"class_list":["post-2270","post","type-post","status-publish","format-standard","has-post-thumbnail","hentry","category-https-gazetapernambucana-com-page_id225","category-https-gazetapernambucana-com-page_id221"],"yoast_head":"<!-- This site is optimized with the Yoast SEO plugin v24.5 - https:\/\/yoast.com\/wordpress\/plugins\/seo\/ -->\n<title>A busca da unidade. Por CLAUDEMIR GOMES -<\/title>\n<meta name=\"robots\" content=\"index, follow, max-snippet:-1, max-image-preview:large, max-video-preview:-1\" \/>\n<link rel=\"canonical\" href=\"https:\/\/gazetapernambucana.com\/?p=2270\" \/>\n<meta property=\"og:locale\" content=\"pt_BR\" \/>\n<meta property=\"og:type\" content=\"article\" \/>\n<meta property=\"og:title\" content=\"A busca da unidade. Por CLAUDEMIR GOMES -\" \/>\n<meta property=\"og:description\" content=\"Por CLAUDEMIR GOMES &#8220;O SPORT UNIDO JAMAIS SER\u00c1 VENCIDO!&#8221;. A frase sempre funcionou como um mantra nas comemora\u00e7\u00f5es das memor\u00e1veis conquistas do Sport Club do Recife. Repetida diversas vezes no vesti\u00e1rio, em restaurantes, no sal\u00e3o da sede monumental, enfim, onde houvesse uma festa, o &#8220;lema&#8221; da unidade era levantado como sendo respons\u00e1vel por aquele momento [&hellip;]\" \/>\n<meta property=\"og:url\" content=\"https:\/\/gazetapernambucana.com\/?p=2270\" \/>\n<meta property=\"article:published_time\" content=\"2025-11-30T22:40:44+00:00\" \/>\n<meta property=\"article:modified_time\" content=\"2025-11-30T22:57:18+00:00\" \/>\n<meta property=\"og:image\" content=\"https:\/\/gazetapernambucana.com\/wp-content\/uploads\/2025\/11\/43163348_124416095196984_1643391599985557504_n-1-1-300x300-1-2.jpg\" \/>\n\t<meta property=\"og:image:width\" content=\"300\" \/>\n\t<meta property=\"og:image:height\" content=\"300\" \/>\n\t<meta property=\"og:image:type\" content=\"image\/jpeg\" \/>\n<meta name=\"author\" content=\"GP\" \/>\n<meta name=\"twitter:card\" content=\"summary_large_image\" \/>\n<meta name=\"twitter:label1\" content=\"Escrito por\" \/>\n\t<meta name=\"twitter:data1\" content=\"GP\" \/>\n\t<meta name=\"twitter:label2\" content=\"Est. tempo de leitura\" \/>\n\t<meta name=\"twitter:data2\" content=\"3 minutos\" \/>\n<script type=\"application\/ld+json\" class=\"yoast-schema-graph\">{\"@context\":\"https:\/\/schema.org\",\"@graph\":[{\"@type\":\"WebPage\",\"@id\":\"https:\/\/gazetapernambucana.com\/?p=2270\",\"url\":\"https:\/\/gazetapernambucana.com\/?p=2270\",\"name\":\"A busca da unidade. Por CLAUDEMIR GOMES -\",\"isPartOf\":{\"@id\":\"https:\/\/gazetapernambucana.com\/#website\"},\"primaryImageOfPage\":{\"@id\":\"https:\/\/gazetapernambucana.com\/?p=2270#primaryimage\"},\"image\":{\"@id\":\"https:\/\/gazetapernambucana.com\/?p=2270#primaryimage\"},\"thumbnailUrl\":\"https:\/\/gazetapernambucana.com\/wp-content\/uploads\/2025\/11\/43163348_124416095196984_1643391599985557504_n-1-1-300x300-1-2.jpg\",\"datePublished\":\"2025-11-30T22:40:44+00:00\",\"dateModified\":\"2025-11-30T22:57:18+00:00\",\"author\":{\"@id\":\"https:\/\/gazetapernambucana.com\/#\/schema\/person\/188dc283325181ac2de4db1e9e987427\"},\"breadcrumb\":{\"@id\":\"https:\/\/gazetapernambucana.com\/?p=2270#breadcrumb\"},\"inLanguage\":\"pt-BR\",\"potentialAction\":[{\"@type\":\"ReadAction\",\"target\":[\"https:\/\/gazetapernambucana.com\/?p=2270\"]}]},{\"@type\":\"ImageObject\",\"inLanguage\":\"pt-BR\",\"@id\":\"https:\/\/gazetapernambucana.com\/?p=2270#primaryimage\",\"url\":\"https:\/\/gazetapernambucana.com\/wp-content\/uploads\/2025\/11\/43163348_124416095196984_1643391599985557504_n-1-1-300x300-1-2.jpg\",\"contentUrl\":\"https:\/\/gazetapernambucana.com\/wp-content\/uploads\/2025\/11\/43163348_124416095196984_1643391599985557504_n-1-1-300x300-1-2.jpg\",\"width\":300,\"height\":300},{\"@type\":\"BreadcrumbList\",\"@id\":\"https:\/\/gazetapernambucana.com\/?p=2270#breadcrumb\",\"itemListElement\":[{\"@type\":\"ListItem\",\"position\":1,\"name\":\"In\u00edcio\",\"item\":\"https:\/\/gazetapernambucana.com\/\"},{\"@type\":\"ListItem\",\"position\":2,\"name\":\"A busca da unidade. Por CLAUDEMIR GOMES\"}]},{\"@type\":\"WebSite\",\"@id\":\"https:\/\/gazetapernambucana.com\/#website\",\"url\":\"https:\/\/gazetapernambucana.com\/\",\"name\":\"\",\"description\":\"\",\"potentialAction\":[{\"@type\":\"SearchAction\",\"target\":{\"@type\":\"EntryPoint\",\"urlTemplate\":\"https:\/\/gazetapernambucana.com\/?s={search_term_string}\"},\"query-input\":{\"@type\":\"PropertyValueSpecification\",\"valueRequired\":true,\"valueName\":\"search_term_string\"}}],\"inLanguage\":\"pt-BR\"},{\"@type\":\"Person\",\"@id\":\"https:\/\/gazetapernambucana.com\/#\/schema\/person\/188dc283325181ac2de4db1e9e987427\",\"name\":\"GP\",\"image\":{\"@type\":\"ImageObject\",\"inLanguage\":\"pt-BR\",\"@id\":\"https:\/\/gazetapernambucana.com\/#\/schema\/person\/image\/\",\"url\":\"https:\/\/secure.gravatar.com\/avatar\/9dad78ff9a2d8b5742d11779f8a3f53b052320c550b2e1907882353c067bb111?s=96&d=mm&r=g\",\"contentUrl\":\"https:\/\/secure.gravatar.com\/avatar\/9dad78ff9a2d8b5742d11779f8a3f53b052320c550b2e1907882353c067bb111?s=96&d=mm&r=g\",\"caption\":\"GP\"},\"sameAs\":[\"http:\/\/gazetapernambucana.com\"],\"url\":\"https:\/\/gazetapernambucana.com\/?author=1\"}]}<\/script>\n<!-- \/ Yoast SEO plugin. -->","yoast_head_json":{"title":"A busca da unidade. Por CLAUDEMIR GOMES -","robots":{"index":"index","follow":"follow","max-snippet":"max-snippet:-1","max-image-preview":"max-image-preview:large","max-video-preview":"max-video-preview:-1"},"canonical":"https:\/\/gazetapernambucana.com\/?p=2270","og_locale":"pt_BR","og_type":"article","og_title":"A busca da unidade. Por CLAUDEMIR GOMES -","og_description":"Por CLAUDEMIR GOMES &#8220;O SPORT UNIDO JAMAIS SER\u00c1 VENCIDO!&#8221;. A frase sempre funcionou como um mantra nas comemora\u00e7\u00f5es das memor\u00e1veis conquistas do Sport Club do Recife. Repetida diversas vezes no vesti\u00e1rio, em restaurantes, no sal\u00e3o da sede monumental, enfim, onde houvesse uma festa, o &#8220;lema&#8221; da unidade era levantado como sendo respons\u00e1vel por aquele momento [&hellip;]","og_url":"https:\/\/gazetapernambucana.com\/?p=2270","article_published_time":"2025-11-30T22:40:44+00:00","article_modified_time":"2025-11-30T22:57:18+00:00","og_image":[{"width":300,"height":300,"url":"https:\/\/gazetapernambucana.com\/wp-content\/uploads\/2025\/11\/43163348_124416095196984_1643391599985557504_n-1-1-300x300-1-2.jpg","type":"image\/jpeg"}],"author":"GP","twitter_card":"summary_large_image","twitter_misc":{"Escrito por":"GP","Est. tempo de leitura":"3 minutos"},"schema":{"@context":"https:\/\/schema.org","@graph":[{"@type":"WebPage","@id":"https:\/\/gazetapernambucana.com\/?p=2270","url":"https:\/\/gazetapernambucana.com\/?p=2270","name":"A busca da unidade. Por CLAUDEMIR GOMES -","isPartOf":{"@id":"https:\/\/gazetapernambucana.com\/#website"},"primaryImageOfPage":{"@id":"https:\/\/gazetapernambucana.com\/?p=2270#primaryimage"},"image":{"@id":"https:\/\/gazetapernambucana.com\/?p=2270#primaryimage"},"thumbnailUrl":"https:\/\/gazetapernambucana.com\/wp-content\/uploads\/2025\/11\/43163348_124416095196984_1643391599985557504_n-1-1-300x300-1-2.jpg","datePublished":"2025-11-30T22:40:44+00:00","dateModified":"2025-11-30T22:57:18+00:00","author":{"@id":"https:\/\/gazetapernambucana.com\/#\/schema\/person\/188dc283325181ac2de4db1e9e987427"},"breadcrumb":{"@id":"https:\/\/gazetapernambucana.com\/?p=2270#breadcrumb"},"inLanguage":"pt-BR","potentialAction":[{"@type":"ReadAction","target":["https:\/\/gazetapernambucana.com\/?p=2270"]}]},{"@type":"ImageObject","inLanguage":"pt-BR","@id":"https:\/\/gazetapernambucana.com\/?p=2270#primaryimage","url":"https:\/\/gazetapernambucana.com\/wp-content\/uploads\/2025\/11\/43163348_124416095196984_1643391599985557504_n-1-1-300x300-1-2.jpg","contentUrl":"https:\/\/gazetapernambucana.com\/wp-content\/uploads\/2025\/11\/43163348_124416095196984_1643391599985557504_n-1-1-300x300-1-2.jpg","width":300,"height":300},{"@type":"BreadcrumbList","@id":"https:\/\/gazetapernambucana.com\/?p=2270#breadcrumb","itemListElement":[{"@type":"ListItem","position":1,"name":"In\u00edcio","item":"https:\/\/gazetapernambucana.com\/"},{"@type":"ListItem","position":2,"name":"A busca da unidade. Por CLAUDEMIR GOMES"}]},{"@type":"WebSite","@id":"https:\/\/gazetapernambucana.com\/#website","url":"https:\/\/gazetapernambucana.com\/","name":"","description":"","potentialAction":[{"@type":"SearchAction","target":{"@type":"EntryPoint","urlTemplate":"https:\/\/gazetapernambucana.com\/?s={search_term_string}"},"query-input":{"@type":"PropertyValueSpecification","valueRequired":true,"valueName":"search_term_string"}}],"inLanguage":"pt-BR"},{"@type":"Person","@id":"https:\/\/gazetapernambucana.com\/#\/schema\/person\/188dc283325181ac2de4db1e9e987427","name":"GP","image":{"@type":"ImageObject","inLanguage":"pt-BR","@id":"https:\/\/gazetapernambucana.com\/#\/schema\/person\/image\/","url":"https:\/\/secure.gravatar.com\/avatar\/9dad78ff9a2d8b5742d11779f8a3f53b052320c550b2e1907882353c067bb111?s=96&d=mm&r=g","contentUrl":"https:\/\/secure.gravatar.com\/avatar\/9dad78ff9a2d8b5742d11779f8a3f53b052320c550b2e1907882353c067bb111?s=96&d=mm&r=g","caption":"GP"},"sameAs":["http:\/\/gazetapernambucana.com"],"url":"https:\/\/gazetapernambucana.com\/?author=1"}]}},"jetpack_publicize_connections":[],"_links":{"self":[{"href":"https:\/\/gazetapernambucana.com\/index.php?rest_route=\/wp\/v2\/posts\/2270","targetHints":{"allow":["GET"]}}],"collection":[{"href":"https:\/\/gazetapernambucana.com\/index.php?rest_route=\/wp\/v2\/posts"}],"about":[{"href":"https:\/\/gazetapernambucana.com\/index.php?rest_route=\/wp\/v2\/types\/post"}],"author":[{"embeddable":true,"href":"https:\/\/gazetapernambucana.com\/index.php?rest_route=\/wp\/v2\/users\/1"}],"replies":[{"embeddable":true,"href":"https:\/\/gazetapernambucana.com\/index.php?rest_route=%2Fwp%2Fv2%2Fcomments&post=2270"}],"version-history":[{"count":1,"href":"https:\/\/gazetapernambucana.com\/index.php?rest_route=\/wp\/v2\/posts\/2270\/revisions"}],"predecessor-version":[{"id":2271,"href":"https:\/\/gazetapernambucana.com\/index.php?rest_route=\/wp\/v2\/posts\/2270\/revisions\/2271"}],"wp:featuredmedia":[{"embeddable":true,"href":"https:\/\/gazetapernambucana.com\/index.php?rest_route=\/wp\/v2\/media\/2236"}],"wp:attachment":[{"href":"https:\/\/gazetapernambucana.com\/index.php?rest_route=%2Fwp%2Fv2%2Fmedia&parent=2270"}],"wp:term":[{"taxonomy":"category","embeddable":true,"href":"https:\/\/gazetapernambucana.com\/index.php?rest_route=%2Fwp%2Fv2%2Fcategories&post=2270"},{"taxonomy":"post_tag","embeddable":true,"href":"https:\/\/gazetapernambucana.com\/index.php?rest_route=%2Fwp%2Fv2%2Ftags&post=2270"}],"curies":[{"name":"wp","href":"https:\/\/api.w.org\/{rel}","templated":true}]}}