{"id":2267,"date":"2025-11-30T12:15:37","date_gmt":"2025-11-30T15:15:37","guid":{"rendered":"https:\/\/gazetapernambucana.com\/?p=2267"},"modified":"2025-11-30T12:15:37","modified_gmt":"2025-11-30T15:15:37","slug":"a-cronica-domingueira-por-magno-martins-18","status":"publish","type":"post","link":"https:\/\/gazetapernambucana.com\/?p=2267","title":{"rendered":"A cr\u00f4nica domingueira. Por Magno Martins"},"content":{"rendered":"<div class=\"elementor-element elementor-element-7d2fc729 titulo-post elementor-widget elementor-widget-theme-post-title elementor-page-title elementor-widget-heading\" data-id=\"7d2fc729\" data-element_type=\"widget\" data-widget_type=\"theme-post-title.default\">\n<div class=\"elementor-widget-container\"><\/div>\n<\/div>\n<section class=\"elementor-section elementor-inner-section elementor-element elementor-element-7e25a070 elementor-section-boxed elementor-section-height-default elementor-section-height-default\" data-id=\"7e25a070\" data-element_type=\"section\">\n<div class=\"elementor-container elementor-column-gap-default\">\n<div class=\"elementor-column elementor-col-50 elementor-inner-column elementor-element elementor-element-24f401b5\" data-id=\"24f401b5\" data-element_type=\"column\">\n<div class=\"elementor-widget-wrap elementor-element-populated\">\n<div class=\"elementor-element elementor-element-6b34b66e elementor-share-buttons--view-icon elementor-share-buttons--skin-flat elementor-share-buttons--align-right elementor-share-buttons--shape-square elementor-grid-0 elementor-share-buttons--color-official elementor-widget elementor-widget-share-buttons\" data-id=\"6b34b66e\" data-element_type=\"widget\" data-settings=\"{&quot;share_url&quot;:{&quot;url&quot;:&quot;https:\\\/\\\/blogdomagno.com.br\\\/a-cronica-domingueira-59\\\/&quot;,&quot;is_external&quot;:&quot;&quot;,&quot;nofollow&quot;:&quot;&quot;,&quot;custom_attributes&quot;:&quot;&quot;}}\" data-widget_type=\"share-buttons.default\">\n<div class=\"elementor-widget-container\">\n<div class=\"elementor-grid\">\n<div class=\"elementor-grid-item\">\n<div class=\"elementor-share-btn elementor-share-btn_twitter\" tabindex=\"0\" aria-label=\"Compartilhar no twitter\"><strong>Por Magno Martins \u2013 Jornalista, poeta e escritor\u00a0 \u2013<\/strong>\u00a0 N\u00e3o \u00e9 f\u00e1cil romper os la\u00e7os da terra natal. Qualquer partida, mesmo prevista e esperada, traz medo, uma incerteza angustiante pelo futuro duvidoso, uma nuvem espessa de interroga\u00e7\u00f5es. Artistas cantam a dor da partida. A mais c\u00e9lebre can\u00e7\u00e3o virou uma esp\u00e9cie de hino de despedida dos retirantes sertanejos do seu torr\u00e3o: \u201cA Triste Partida\u201d, de Patativa do Assar\u00e9, cantada por Luiz Gonzaga.<\/div>\n<div tabindex=\"0\" aria-label=\"Compartilhar no twitter\"><img loading=\"lazy\" decoding=\"async\" class=\"alignnone size-medium wp-image-2268\" src=\"http:\/\/gazetapernambucana.com\/wp-content\/uploads\/2025\/11\/download-22-243x300.jpg\" alt=\"\" width=\"243\" height=\"300\" srcset=\"https:\/\/gazetapernambucana.com\/wp-content\/uploads\/2025\/11\/download-22-243x300.jpg 243w, https:\/\/gazetapernambucana.com\/wp-content\/uploads\/2025\/11\/download-22.jpg 635w\" sizes=\"auto, (max-width: 243px) 100vw, 243px\" \/>\u00a0 Outras can\u00e7\u00f5es, de diferentes estilos, tamb\u00e9m abordam o tema, como \u201cAquele Abra\u00e7o\u201d, de Gilberto Gil. \u201cA Triste Partida\u201d retrata a dura realidade da migra\u00e7\u00e3o, a saudade do lar e das ra\u00edzes, da terra-m\u00e3e. Em \u201cAquele Abra\u00e7o\u201d, Gilberto Gil utiliza a m\u00fasica para se despedir de um amigo que est\u00e1 indo embora, com um toque de celebra\u00e7\u00e3o pela partida.<\/div>\n<\/div>\n<\/div>\n<\/div>\n<\/div>\n<\/div>\n<\/div>\n<\/div>\n<\/section>\n<div class=\"elementor-element elementor-element-746f5ae4 elementor-widget elementor-widget-theme-post-content\" data-id=\"746f5ae4\" data-element_type=\"widget\" data-widget_type=\"theme-post-content.default\">\n<div class=\"elementor-widget-container\">\n<div id=\"ub-expand-25bf9df9-4aa5-4ffb-9903-3000d6413d45\" class=\"wp-block-ub-expand ub-expand\" data-scroll-type=\"false\" data-scroll-amount=\"\" data-scroll-target=\"\">\n<div id=\"ub-expand-full-43b8471d-5cde-4216-9339-b7b3ee14a16f\" class=\"ub-expand-portion ub-expand-full wp-block-ub-expand-portion\" aria-hidden=\"false\">\n<p>\u201cCh\u00e3o de Giz\u201d, de Z\u00e9 Ramalho, embora n\u00e3o trate diretamente sobre a partida, fala de saudade e nostalgia, evoca tamb\u00e9m o sentimento de despedida, tema recorrente em m\u00fasicas sobre partidas. Na can\u00e7\u00e3o \u201cVou-me embora\u201d, o saudoso Paulo Diniz, de Pesqueira, a quem fiz um tributo no Sextou, fala da dor de deixar sua terra para mostrar seu talento no Sul maravilha.<\/p>\n<p>Se nas capitais dos centros mais afastados do cora\u00e7\u00e3o econ\u00f4mico e cultural do Pa\u00eds, S\u00e3o Paulo e Rio, j\u00e1 \u00e9 dif\u00edcil sobreviver da arte musical, imagine nos grot\u00f5es nordestinos! Paulo Diniz ganhou o mundo levando o seu canto po\u00e9tico. Musicalizou seus poemas. \u201cVou-me embora\u201d n\u00e3o \u00e9 apenas uma poesia. \u00c9 um grito parnasiano, um lamento drummondiano.<\/p>\n<p>No adeus a Pesqueira, terra do doce e das rendas, versou: \u201cOu encanto a vida ou desencanto a morte\u201d. Paulo Diniz produziu uma obra-prima de retirante. \u201cVou-me embora, vou-me embora, vou buscar a sorte. Caminhos que me levam, n\u00e3o tem sul nem norte. Mas meu andar \u00e9 firme, e meu anseio \u00e9 forte.<\/p>\n<p>Paulo Diniz, como todo artista, viu que sua Pesqueira j\u00e1 n\u00e3o lhe cabia mais, estava pequena para sua arte fenomenal. \u201cVou-me embora, vou-me embora, nada aqui me resta. Se n\u00e3o a dor contida, num adeus sem festa. Eu vou na ida, indo, que o temor desperta. Cuidar da minha vida, que a morte \u00e9 certa\u201d.<\/p>\n<p>E fez seu lamento: \u201cQuem disse que trazia, at\u00e9 hoje n\u00e3o trouxe. O bem de se fazer da vida amarga doce. Eu n\u00e3o espero o dia, pouco me importa se o velho \u00e9 s\u00e1bio ou se a menina \u00e9 louca. Se a tristeza \u00e9 muita, se alegria \u00e9 pouca. Se Jos\u00e9 \u00e9 fraco ou se Jo\u00e3o \u00e9 forte. Eu quero a todo custo encontrar a sorte\u201d.<\/p>\n<p>A resolu\u00e7\u00e3o do ilustre pesqueirense estava firme no seu peito. N\u00e3o apenas firme, mas definida. \u201cQuem vem na minha ida ouve a minha voz. E cada um por si e Deus por todos n\u00f3s\u201d. Que lindo! A dor da partida rasga o cora\u00e7\u00e3o, \u00e9 uma faca penetrante nas veias da saudade. \u00c9 na terra-m\u00e3e onde o cora\u00e7\u00e3o se encontra com a paz, cheio de alegria e abra\u00e7ado pela fam\u00edlia.<\/p>\n<p>H\u00e1 uma brisa que sopra sobre quem parte, inundada por boas lembran\u00e7as e amor. As lembran\u00e7as da minha terra s\u00e3o como um acalento para a alma. Sinto essas lembran\u00e7as me acolherem e me abra\u00e7arem t\u00e3o fortemente. Eu sinto tanta falta do cheiro da terra molhada ap\u00f3s a chuva. Traz recorda\u00e7\u00f5es da linda inf\u00e2ncia que vivi naquele lugar aben\u00e7oado.<\/p>\n<p>Imagino Paulo Diniz partindo da sua Pesqueira com a alma em chamas. Porque, para ele, a m\u00fasica sempre embalou a saudade, refletida no som dos p\u00e1ssaros, em manh\u00e3s acordando com a sinfonia perfeita. Cada detalhe soa como uma joia guardada na mem\u00f3ria.<\/p>\n<\/div>\n<\/div>\n<\/div>\n<\/div>\n","protected":false},"excerpt":{"rendered":"<p>Por Magno Martins \u2013 Jornalista, poeta e escritor\u00a0 \u2013\u00a0 N\u00e3o \u00e9 f\u00e1cil romper os la\u00e7os da terra natal. Qualquer partida, mesmo prevista e esperada, traz medo, uma incerteza angustiante pelo futuro duvidoso, uma nuvem espessa de interroga\u00e7\u00f5es. Artistas cantam a dor da partida. A mais c\u00e9lebre can\u00e7\u00e3o virou uma esp\u00e9cie de hino de despedida dos [&hellip;]<\/p>\n","protected":false},"author":1,"featured_media":2106,"comment_status":"open","ping_status":"open","sticky":false,"template":"","format":"standard","meta":{"footnotes":"","jetpack_publicize_message":"","jetpack_publicize_feature_enabled":true,"jetpack_social_post_already_shared":true,"jetpack_social_options":{"image_generator_settings":{"template":"highway","default_image_id":0,"font":"","enabled":false},"version":2}},"categories":[1,35,46],"tags":[],"class_list":["post-2267","post","type-post","status-publish","format-standard","has-post-thumbnail","hentry","category-https-gazetapernambucana-com-page_id225","category-https-gazetapernambucana-com-page_id218","category-literatura"],"yoast_head":"<!-- This site is optimized with the Yoast SEO plugin v24.5 - https:\/\/yoast.com\/wordpress\/plugins\/seo\/ -->\n<title>A cr\u00f4nica domingueira. Por Magno Martins -<\/title>\n<meta name=\"robots\" content=\"index, follow, max-snippet:-1, max-image-preview:large, max-video-preview:-1\" \/>\n<link rel=\"canonical\" href=\"https:\/\/gazetapernambucana.com\/?p=2267\" \/>\n<meta property=\"og:locale\" content=\"pt_BR\" \/>\n<meta property=\"og:type\" content=\"article\" \/>\n<meta property=\"og:title\" content=\"A cr\u00f4nica domingueira. Por Magno Martins -\" \/>\n<meta property=\"og:description\" content=\"Por Magno Martins \u2013 Jornalista, poeta e escritor\u00a0 \u2013\u00a0 N\u00e3o \u00e9 f\u00e1cil romper os la\u00e7os da terra natal. Qualquer partida, mesmo prevista e esperada, traz medo, uma incerteza angustiante pelo futuro duvidoso, uma nuvem espessa de interroga\u00e7\u00f5es. Artistas cantam a dor da partida. A mais c\u00e9lebre can\u00e7\u00e3o virou uma esp\u00e9cie de hino de despedida dos [&hellip;]\" \/>\n<meta property=\"og:url\" content=\"https:\/\/gazetapernambucana.com\/?p=2267\" \/>\n<meta property=\"article:published_time\" content=\"2025-11-30T15:15:37+00:00\" \/>\n<meta property=\"og:image\" content=\"https:\/\/gazetapernambucana.com\/wp-content\/uploads\/2025\/10\/download-7.jpg\" \/>\n\t<meta property=\"og:image:width\" content=\"369\" \/>\n\t<meta property=\"og:image:height\" content=\"136\" \/>\n\t<meta property=\"og:image:type\" content=\"image\/jpeg\" \/>\n<meta name=\"author\" content=\"GP\" \/>\n<meta name=\"twitter:card\" content=\"summary_large_image\" \/>\n<meta name=\"twitter:label1\" content=\"Escrito por\" \/>\n\t<meta name=\"twitter:data1\" content=\"GP\" \/>\n\t<meta name=\"twitter:label2\" content=\"Est. tempo de leitura\" \/>\n\t<meta name=\"twitter:data2\" content=\"4 minutos\" \/>\n<script type=\"application\/ld+json\" class=\"yoast-schema-graph\">{\"@context\":\"https:\/\/schema.org\",\"@graph\":[{\"@type\":\"WebPage\",\"@id\":\"https:\/\/gazetapernambucana.com\/?p=2267\",\"url\":\"https:\/\/gazetapernambucana.com\/?p=2267\",\"name\":\"A cr\u00f4nica domingueira. Por Magno Martins -\",\"isPartOf\":{\"@id\":\"https:\/\/gazetapernambucana.com\/#website\"},\"primaryImageOfPage\":{\"@id\":\"https:\/\/gazetapernambucana.com\/?p=2267#primaryimage\"},\"image\":{\"@id\":\"https:\/\/gazetapernambucana.com\/?p=2267#primaryimage\"},\"thumbnailUrl\":\"https:\/\/gazetapernambucana.com\/wp-content\/uploads\/2025\/10\/download-7.jpg\",\"datePublished\":\"2025-11-30T15:15:37+00:00\",\"author\":{\"@id\":\"https:\/\/gazetapernambucana.com\/#\/schema\/person\/188dc283325181ac2de4db1e9e987427\"},\"breadcrumb\":{\"@id\":\"https:\/\/gazetapernambucana.com\/?p=2267#breadcrumb\"},\"inLanguage\":\"pt-BR\",\"potentialAction\":[{\"@type\":\"ReadAction\",\"target\":[\"https:\/\/gazetapernambucana.com\/?p=2267\"]}]},{\"@type\":\"ImageObject\",\"inLanguage\":\"pt-BR\",\"@id\":\"https:\/\/gazetapernambucana.com\/?p=2267#primaryimage\",\"url\":\"https:\/\/gazetapernambucana.com\/wp-content\/uploads\/2025\/10\/download-7.jpg\",\"contentUrl\":\"https:\/\/gazetapernambucana.com\/wp-content\/uploads\/2025\/10\/download-7.jpg\",\"width\":369,\"height\":136},{\"@type\":\"BreadcrumbList\",\"@id\":\"https:\/\/gazetapernambucana.com\/?p=2267#breadcrumb\",\"itemListElement\":[{\"@type\":\"ListItem\",\"position\":1,\"name\":\"In\u00edcio\",\"item\":\"https:\/\/gazetapernambucana.com\/\"},{\"@type\":\"ListItem\",\"position\":2,\"name\":\"A cr\u00f4nica domingueira. Por Magno Martins\"}]},{\"@type\":\"WebSite\",\"@id\":\"https:\/\/gazetapernambucana.com\/#website\",\"url\":\"https:\/\/gazetapernambucana.com\/\",\"name\":\"\",\"description\":\"\",\"potentialAction\":[{\"@type\":\"SearchAction\",\"target\":{\"@type\":\"EntryPoint\",\"urlTemplate\":\"https:\/\/gazetapernambucana.com\/?s={search_term_string}\"},\"query-input\":{\"@type\":\"PropertyValueSpecification\",\"valueRequired\":true,\"valueName\":\"search_term_string\"}}],\"inLanguage\":\"pt-BR\"},{\"@type\":\"Person\",\"@id\":\"https:\/\/gazetapernambucana.com\/#\/schema\/person\/188dc283325181ac2de4db1e9e987427\",\"name\":\"GP\",\"image\":{\"@type\":\"ImageObject\",\"inLanguage\":\"pt-BR\",\"@id\":\"https:\/\/gazetapernambucana.com\/#\/schema\/person\/image\/\",\"url\":\"https:\/\/secure.gravatar.com\/avatar\/9dad78ff9a2d8b5742d11779f8a3f53b052320c550b2e1907882353c067bb111?s=96&d=mm&r=g\",\"contentUrl\":\"https:\/\/secure.gravatar.com\/avatar\/9dad78ff9a2d8b5742d11779f8a3f53b052320c550b2e1907882353c067bb111?s=96&d=mm&r=g\",\"caption\":\"GP\"},\"sameAs\":[\"http:\/\/gazetapernambucana.com\"],\"url\":\"https:\/\/gazetapernambucana.com\/?author=1\"}]}<\/script>\n<!-- \/ Yoast SEO plugin. -->","yoast_head_json":{"title":"A cr\u00f4nica domingueira. Por Magno Martins -","robots":{"index":"index","follow":"follow","max-snippet":"max-snippet:-1","max-image-preview":"max-image-preview:large","max-video-preview":"max-video-preview:-1"},"canonical":"https:\/\/gazetapernambucana.com\/?p=2267","og_locale":"pt_BR","og_type":"article","og_title":"A cr\u00f4nica domingueira. Por Magno Martins -","og_description":"Por Magno Martins \u2013 Jornalista, poeta e escritor\u00a0 \u2013\u00a0 N\u00e3o \u00e9 f\u00e1cil romper os la\u00e7os da terra natal. Qualquer partida, mesmo prevista e esperada, traz medo, uma incerteza angustiante pelo futuro duvidoso, uma nuvem espessa de interroga\u00e7\u00f5es. Artistas cantam a dor da partida. A mais c\u00e9lebre can\u00e7\u00e3o virou uma esp\u00e9cie de hino de despedida dos [&hellip;]","og_url":"https:\/\/gazetapernambucana.com\/?p=2267","article_published_time":"2025-11-30T15:15:37+00:00","og_image":[{"width":369,"height":136,"url":"https:\/\/gazetapernambucana.com\/wp-content\/uploads\/2025\/10\/download-7.jpg","type":"image\/jpeg"}],"author":"GP","twitter_card":"summary_large_image","twitter_misc":{"Escrito por":"GP","Est. tempo de leitura":"4 minutos"},"schema":{"@context":"https:\/\/schema.org","@graph":[{"@type":"WebPage","@id":"https:\/\/gazetapernambucana.com\/?p=2267","url":"https:\/\/gazetapernambucana.com\/?p=2267","name":"A cr\u00f4nica domingueira. Por Magno Martins -","isPartOf":{"@id":"https:\/\/gazetapernambucana.com\/#website"},"primaryImageOfPage":{"@id":"https:\/\/gazetapernambucana.com\/?p=2267#primaryimage"},"image":{"@id":"https:\/\/gazetapernambucana.com\/?p=2267#primaryimage"},"thumbnailUrl":"https:\/\/gazetapernambucana.com\/wp-content\/uploads\/2025\/10\/download-7.jpg","datePublished":"2025-11-30T15:15:37+00:00","author":{"@id":"https:\/\/gazetapernambucana.com\/#\/schema\/person\/188dc283325181ac2de4db1e9e987427"},"breadcrumb":{"@id":"https:\/\/gazetapernambucana.com\/?p=2267#breadcrumb"},"inLanguage":"pt-BR","potentialAction":[{"@type":"ReadAction","target":["https:\/\/gazetapernambucana.com\/?p=2267"]}]},{"@type":"ImageObject","inLanguage":"pt-BR","@id":"https:\/\/gazetapernambucana.com\/?p=2267#primaryimage","url":"https:\/\/gazetapernambucana.com\/wp-content\/uploads\/2025\/10\/download-7.jpg","contentUrl":"https:\/\/gazetapernambucana.com\/wp-content\/uploads\/2025\/10\/download-7.jpg","width":369,"height":136},{"@type":"BreadcrumbList","@id":"https:\/\/gazetapernambucana.com\/?p=2267#breadcrumb","itemListElement":[{"@type":"ListItem","position":1,"name":"In\u00edcio","item":"https:\/\/gazetapernambucana.com\/"},{"@type":"ListItem","position":2,"name":"A cr\u00f4nica domingueira. Por Magno Martins"}]},{"@type":"WebSite","@id":"https:\/\/gazetapernambucana.com\/#website","url":"https:\/\/gazetapernambucana.com\/","name":"","description":"","potentialAction":[{"@type":"SearchAction","target":{"@type":"EntryPoint","urlTemplate":"https:\/\/gazetapernambucana.com\/?s={search_term_string}"},"query-input":{"@type":"PropertyValueSpecification","valueRequired":true,"valueName":"search_term_string"}}],"inLanguage":"pt-BR"},{"@type":"Person","@id":"https:\/\/gazetapernambucana.com\/#\/schema\/person\/188dc283325181ac2de4db1e9e987427","name":"GP","image":{"@type":"ImageObject","inLanguage":"pt-BR","@id":"https:\/\/gazetapernambucana.com\/#\/schema\/person\/image\/","url":"https:\/\/secure.gravatar.com\/avatar\/9dad78ff9a2d8b5742d11779f8a3f53b052320c550b2e1907882353c067bb111?s=96&d=mm&r=g","contentUrl":"https:\/\/secure.gravatar.com\/avatar\/9dad78ff9a2d8b5742d11779f8a3f53b052320c550b2e1907882353c067bb111?s=96&d=mm&r=g","caption":"GP"},"sameAs":["http:\/\/gazetapernambucana.com"],"url":"https:\/\/gazetapernambucana.com\/?author=1"}]}},"jetpack_publicize_connections":[],"_links":{"self":[{"href":"https:\/\/gazetapernambucana.com\/index.php?rest_route=\/wp\/v2\/posts\/2267","targetHints":{"allow":["GET"]}}],"collection":[{"href":"https:\/\/gazetapernambucana.com\/index.php?rest_route=\/wp\/v2\/posts"}],"about":[{"href":"https:\/\/gazetapernambucana.com\/index.php?rest_route=\/wp\/v2\/types\/post"}],"author":[{"embeddable":true,"href":"https:\/\/gazetapernambucana.com\/index.php?rest_route=\/wp\/v2\/users\/1"}],"replies":[{"embeddable":true,"href":"https:\/\/gazetapernambucana.com\/index.php?rest_route=%2Fwp%2Fv2%2Fcomments&post=2267"}],"version-history":[{"count":1,"href":"https:\/\/gazetapernambucana.com\/index.php?rest_route=\/wp\/v2\/posts\/2267\/revisions"}],"predecessor-version":[{"id":2269,"href":"https:\/\/gazetapernambucana.com\/index.php?rest_route=\/wp\/v2\/posts\/2267\/revisions\/2269"}],"wp:featuredmedia":[{"embeddable":true,"href":"https:\/\/gazetapernambucana.com\/index.php?rest_route=\/wp\/v2\/media\/2106"}],"wp:attachment":[{"href":"https:\/\/gazetapernambucana.com\/index.php?rest_route=%2Fwp%2Fv2%2Fmedia&parent=2267"}],"wp:term":[{"taxonomy":"category","embeddable":true,"href":"https:\/\/gazetapernambucana.com\/index.php?rest_route=%2Fwp%2Fv2%2Fcategories&post=2267"},{"taxonomy":"post_tag","embeddable":true,"href":"https:\/\/gazetapernambucana.com\/index.php?rest_route=%2Fwp%2Fv2%2Ftags&post=2267"}],"curies":[{"name":"wp","href":"https:\/\/api.w.org\/{rel}","templated":true}]}}