{"id":2263,"date":"2025-11-28T00:26:11","date_gmt":"2025-11-28T03:26:11","guid":{"rendered":"https:\/\/gazetapernambucana.com\/?p=2263"},"modified":"2025-11-28T00:26:11","modified_gmt":"2025-11-28T03:26:11","slug":"o-exercito-brancoleone-por-claudemir-gomes","status":"publish","type":"post","link":"https:\/\/gazetapernambucana.com\/?p=2263","title":{"rendered":"O Ex\u00e9rcito Brancoleone. Por CLAUDEMIR GOMES"},"content":{"rendered":"<p><strong>Por CLAUDEMIR GOMES<\/strong><\/p>\n<p>Ao ver o Sport, seu clube do cora\u00e7\u00e3o, ser transformado num saco de pancadas, o poeta Xico Bizerra avexou-se e deu seu grito de alerta em tom imperativo:<\/p>\n<p>&#8220;A coisa da preta, chamem Branquinho!&#8221;.<\/p>\n<p>O mensageiro correu desesperado para entregar o recado aos Cardeais rubro-negros. Afinal, o Sport n\u00e3o tem tempo, tem presa. A mudan\u00e7a tem que ser r\u00e1pida, antes mesmo do cantador Santana d\u00e1 o segundo beijo na sua Ana Maria.<\/p>\n<p>Pressionado pelos Cardeais, que pareciam mais Carcar\u00e1s, daqueles de que pegam, matam e comem, o acuado presidente Yuri Rom\u00e3o, n\u00e3o saiu de sua toca, lan\u00e7ou m\u00e3o da telefonia m\u00f3vel e mandou seu recado:<\/p>\n<p>&#8220;Se \u00e9 para o bem da n\u00e3o rubro-negra, diga aos abutres que saiu&#8221;.<\/p>\n<p>E a BetEstadual rapidamente lan\u00e7ou: &#8220;Qual dos carecas \u00e9 o mais odiado: Alexandre Moraes ou Yuri Rom\u00e3o&#8221;. Fa\u00e7am suas apostas!<\/p>\n<p>Ao tomar conhecimento da sensata decis\u00e3o, Luciano &#8211; O Grande &#8211; deu ordem de avan\u00e7ar aos seus seguidores: &#8220;Vamos pra rampa porque elei\u00e7\u00e3o se ganha no corpo-a-corpo&#8221;.<\/p>\n<p>Fred Domingos, cuja cabeleira se transformou em um vasto bigode, foi o primeiro a chegar na casa de Branquinho e disse est\u00e1 pronto para brigar at\u00e9 com moinhos de vento. E assim foi formado o Incr\u00edvel Ex\u00e9rcito de Brancoleone.<\/p>\n<p>Marcone Chaveiro, o torcedor do Sport mais gozador no momento, foi para frente da sede, na Ilha do Retiro, e bradou:<\/p>\n<p>&#8220;Os alquimistas est\u00e3o chegando!&#8221; E completou: &#8220;A\u00ed dentro do Santa Cruz, e do N\u00e1utico&#8221;. Kkkk&#8230; At\u00e9 o prefeito do Recife, Jo\u00e3o Campos, deu risada. Ele sabe que, com seu amigo Branquinho no comando ele vai acabar vestindo a camisa do Sport. Para deleite do seu irm\u00e3o Pedro.<\/p>\n<p>Teve gente que ficou com medo de que o Amaury Veloso confundisse &#8220;alquimista&#8221; com &#8220;paraquedista&#8221;. Deixa quieto, o Amaury sabe das coisas.<\/p>\n<p>Bernardino Magalh\u00e3es, um misto de menestrel e guru de Serra Talhada, ligou para Branquinho lembrando a premoni\u00e7\u00e3o que havia feito: &#8220;Eu disse que voc\u00ea ia ser o presidente. Minhas profecias s\u00e3o mais quentes do que o cafezinho do Aderval Barros&#8221;.<\/p>\n<p>Por coincid\u00eancia, estava tomando caf\u00e9, logo cedo, quando recebi uma liga\u00e7\u00e3o do amigo, Emerson Le\u00e3o. Ele queria uma confirma\u00e7\u00e3o sobre a morte de Milton Bivar, da qual s\u00f3 tomou conhecimento no final de semana. Como sempre acontece, nossa prosa durou mais de meia hora. Dava para caminhar uma l\u00e9gua.<\/p>\n<p>&#8220;O Sport n\u00e3o \u00e9 isso! Falei at\u00e9 para o Fernandinho P\u00e9 de Vulc\u00e3o &#8211; Fernando Lima &#8211; quando ele ligou para mim. Diga ao Branquinho que, apesar de achar uma loucura, tor\u00e7o muito pelo seu sucesso&#8221;, disse o ex-treinador que, na opini\u00e3o de Branquinho, &#8220;foi o melhor t\u00e9cnico com quem j\u00e1 trabalhei&#8221;.<\/p>\n<p>Os torcedores leoninos esperavam que fosse aparecer a fumacinha branca na chamin\u00e9 da Ilha do Retiro. Mas a sede monumental est\u00e1 sem teto, por conseguinte, n\u00e3o h\u00e1 chamin\u00e9.<\/p>\n<p>E todos est\u00e3o de plant\u00e3o para saber a data da aguardada elei\u00e7\u00e3o a ser anunciada pelos Senhores do Conselho.<\/p>\n","protected":false},"excerpt":{"rendered":"<p>Por CLAUDEMIR GOMES Ao ver o Sport, seu clube do cora\u00e7\u00e3o, ser transformado num saco de pancadas, o poeta Xico Bizerra avexou-se e deu seu grito de alerta em tom imperativo: &#8220;A coisa da preta, chamem Branquinho!&#8221;. O mensageiro correu desesperado para entregar o recado aos Cardeais rubro-negros. Afinal, o Sport n\u00e3o tem tempo, tem [&hellip;]<\/p>\n","protected":false},"author":1,"featured_media":2236,"comment_status":"open","ping_status":"open","sticky":false,"template":"","format":"standard","meta":{"footnotes":"","jetpack_publicize_message":"","jetpack_publicize_feature_enabled":true,"jetpack_social_post_already_shared":true,"jetpack_social_options":{"image_generator_settings":{"template":"highway","default_image_id":0,"font":"","enabled":false},"version":2}},"categories":[1,39],"tags":[],"class_list":["post-2263","post","type-post","status-publish","format-standard","has-post-thumbnail","hentry","category-https-gazetapernambucana-com-page_id225","category-https-gazetapernambucana-com-page_id221"],"yoast_head":"<!-- This site is optimized with the Yoast SEO plugin v24.5 - https:\/\/yoast.com\/wordpress\/plugins\/seo\/ -->\n<title>O Ex\u00e9rcito Brancoleone. Por CLAUDEMIR GOMES -<\/title>\n<meta name=\"robots\" content=\"index, follow, max-snippet:-1, max-image-preview:large, max-video-preview:-1\" \/>\n<link rel=\"canonical\" href=\"https:\/\/gazetapernambucana.com\/?p=2263\" \/>\n<meta property=\"og:locale\" content=\"pt_BR\" \/>\n<meta property=\"og:type\" content=\"article\" \/>\n<meta property=\"og:title\" content=\"O Ex\u00e9rcito Brancoleone. Por CLAUDEMIR GOMES -\" \/>\n<meta property=\"og:description\" content=\"Por CLAUDEMIR GOMES Ao ver o Sport, seu clube do cora\u00e7\u00e3o, ser transformado num saco de pancadas, o poeta Xico Bizerra avexou-se e deu seu grito de alerta em tom imperativo: &#8220;A coisa da preta, chamem Branquinho!&#8221;. O mensageiro correu desesperado para entregar o recado aos Cardeais rubro-negros. Afinal, o Sport n\u00e3o tem tempo, tem [&hellip;]\" \/>\n<meta property=\"og:url\" content=\"https:\/\/gazetapernambucana.com\/?p=2263\" \/>\n<meta property=\"article:published_time\" content=\"2025-11-28T03:26:11+00:00\" \/>\n<meta property=\"og:image\" content=\"https:\/\/gazetapernambucana.com\/wp-content\/uploads\/2025\/11\/43163348_124416095196984_1643391599985557504_n-1-1-300x300-1-2.jpg\" \/>\n\t<meta property=\"og:image:width\" content=\"300\" \/>\n\t<meta property=\"og:image:height\" content=\"300\" \/>\n\t<meta property=\"og:image:type\" content=\"image\/jpeg\" \/>\n<meta name=\"author\" content=\"GP\" \/>\n<meta name=\"twitter:card\" content=\"summary_large_image\" \/>\n<meta name=\"twitter:label1\" content=\"Escrito por\" \/>\n\t<meta name=\"twitter:data1\" content=\"GP\" \/>\n\t<meta name=\"twitter:label2\" content=\"Est. tempo de leitura\" \/>\n\t<meta name=\"twitter:data2\" content=\"3 minutos\" \/>\n<script type=\"application\/ld+json\" class=\"yoast-schema-graph\">{\"@context\":\"https:\/\/schema.org\",\"@graph\":[{\"@type\":\"WebPage\",\"@id\":\"https:\/\/gazetapernambucana.com\/?p=2263\",\"url\":\"https:\/\/gazetapernambucana.com\/?p=2263\",\"name\":\"O Ex\u00e9rcito Brancoleone. Por CLAUDEMIR GOMES -\",\"isPartOf\":{\"@id\":\"https:\/\/gazetapernambucana.com\/#website\"},\"primaryImageOfPage\":{\"@id\":\"https:\/\/gazetapernambucana.com\/?p=2263#primaryimage\"},\"image\":{\"@id\":\"https:\/\/gazetapernambucana.com\/?p=2263#primaryimage\"},\"thumbnailUrl\":\"https:\/\/gazetapernambucana.com\/wp-content\/uploads\/2025\/11\/43163348_124416095196984_1643391599985557504_n-1-1-300x300-1-2.jpg\",\"datePublished\":\"2025-11-28T03:26:11+00:00\",\"author\":{\"@id\":\"https:\/\/gazetapernambucana.com\/#\/schema\/person\/188dc283325181ac2de4db1e9e987427\"},\"breadcrumb\":{\"@id\":\"https:\/\/gazetapernambucana.com\/?p=2263#breadcrumb\"},\"inLanguage\":\"pt-BR\",\"potentialAction\":[{\"@type\":\"ReadAction\",\"target\":[\"https:\/\/gazetapernambucana.com\/?p=2263\"]}]},{\"@type\":\"ImageObject\",\"inLanguage\":\"pt-BR\",\"@id\":\"https:\/\/gazetapernambucana.com\/?p=2263#primaryimage\",\"url\":\"https:\/\/gazetapernambucana.com\/wp-content\/uploads\/2025\/11\/43163348_124416095196984_1643391599985557504_n-1-1-300x300-1-2.jpg\",\"contentUrl\":\"https:\/\/gazetapernambucana.com\/wp-content\/uploads\/2025\/11\/43163348_124416095196984_1643391599985557504_n-1-1-300x300-1-2.jpg\",\"width\":300,\"height\":300},{\"@type\":\"BreadcrumbList\",\"@id\":\"https:\/\/gazetapernambucana.com\/?p=2263#breadcrumb\",\"itemListElement\":[{\"@type\":\"ListItem\",\"position\":1,\"name\":\"In\u00edcio\",\"item\":\"https:\/\/gazetapernambucana.com\/\"},{\"@type\":\"ListItem\",\"position\":2,\"name\":\"O Ex\u00e9rcito Brancoleone. Por CLAUDEMIR GOMES\"}]},{\"@type\":\"WebSite\",\"@id\":\"https:\/\/gazetapernambucana.com\/#website\",\"url\":\"https:\/\/gazetapernambucana.com\/\",\"name\":\"\",\"description\":\"\",\"potentialAction\":[{\"@type\":\"SearchAction\",\"target\":{\"@type\":\"EntryPoint\",\"urlTemplate\":\"https:\/\/gazetapernambucana.com\/?s={search_term_string}\"},\"query-input\":{\"@type\":\"PropertyValueSpecification\",\"valueRequired\":true,\"valueName\":\"search_term_string\"}}],\"inLanguage\":\"pt-BR\"},{\"@type\":\"Person\",\"@id\":\"https:\/\/gazetapernambucana.com\/#\/schema\/person\/188dc283325181ac2de4db1e9e987427\",\"name\":\"GP\",\"image\":{\"@type\":\"ImageObject\",\"inLanguage\":\"pt-BR\",\"@id\":\"https:\/\/gazetapernambucana.com\/#\/schema\/person\/image\/\",\"url\":\"https:\/\/secure.gravatar.com\/avatar\/9dad78ff9a2d8b5742d11779f8a3f53b052320c550b2e1907882353c067bb111?s=96&d=mm&r=g\",\"contentUrl\":\"https:\/\/secure.gravatar.com\/avatar\/9dad78ff9a2d8b5742d11779f8a3f53b052320c550b2e1907882353c067bb111?s=96&d=mm&r=g\",\"caption\":\"GP\"},\"sameAs\":[\"http:\/\/gazetapernambucana.com\"],\"url\":\"https:\/\/gazetapernambucana.com\/?author=1\"}]}<\/script>\n<!-- \/ Yoast SEO plugin. -->","yoast_head_json":{"title":"O Ex\u00e9rcito Brancoleone. Por CLAUDEMIR GOMES -","robots":{"index":"index","follow":"follow","max-snippet":"max-snippet:-1","max-image-preview":"max-image-preview:large","max-video-preview":"max-video-preview:-1"},"canonical":"https:\/\/gazetapernambucana.com\/?p=2263","og_locale":"pt_BR","og_type":"article","og_title":"O Ex\u00e9rcito Brancoleone. Por CLAUDEMIR GOMES -","og_description":"Por CLAUDEMIR GOMES Ao ver o Sport, seu clube do cora\u00e7\u00e3o, ser transformado num saco de pancadas, o poeta Xico Bizerra avexou-se e deu seu grito de alerta em tom imperativo: &#8220;A coisa da preta, chamem Branquinho!&#8221;. O mensageiro correu desesperado para entregar o recado aos Cardeais rubro-negros. Afinal, o Sport n\u00e3o tem tempo, tem [&hellip;]","og_url":"https:\/\/gazetapernambucana.com\/?p=2263","article_published_time":"2025-11-28T03:26:11+00:00","og_image":[{"width":300,"height":300,"url":"https:\/\/gazetapernambucana.com\/wp-content\/uploads\/2025\/11\/43163348_124416095196984_1643391599985557504_n-1-1-300x300-1-2.jpg","type":"image\/jpeg"}],"author":"GP","twitter_card":"summary_large_image","twitter_misc":{"Escrito por":"GP","Est. tempo de leitura":"3 minutos"},"schema":{"@context":"https:\/\/schema.org","@graph":[{"@type":"WebPage","@id":"https:\/\/gazetapernambucana.com\/?p=2263","url":"https:\/\/gazetapernambucana.com\/?p=2263","name":"O Ex\u00e9rcito Brancoleone. Por CLAUDEMIR GOMES -","isPartOf":{"@id":"https:\/\/gazetapernambucana.com\/#website"},"primaryImageOfPage":{"@id":"https:\/\/gazetapernambucana.com\/?p=2263#primaryimage"},"image":{"@id":"https:\/\/gazetapernambucana.com\/?p=2263#primaryimage"},"thumbnailUrl":"https:\/\/gazetapernambucana.com\/wp-content\/uploads\/2025\/11\/43163348_124416095196984_1643391599985557504_n-1-1-300x300-1-2.jpg","datePublished":"2025-11-28T03:26:11+00:00","author":{"@id":"https:\/\/gazetapernambucana.com\/#\/schema\/person\/188dc283325181ac2de4db1e9e987427"},"breadcrumb":{"@id":"https:\/\/gazetapernambucana.com\/?p=2263#breadcrumb"},"inLanguage":"pt-BR","potentialAction":[{"@type":"ReadAction","target":["https:\/\/gazetapernambucana.com\/?p=2263"]}]},{"@type":"ImageObject","inLanguage":"pt-BR","@id":"https:\/\/gazetapernambucana.com\/?p=2263#primaryimage","url":"https:\/\/gazetapernambucana.com\/wp-content\/uploads\/2025\/11\/43163348_124416095196984_1643391599985557504_n-1-1-300x300-1-2.jpg","contentUrl":"https:\/\/gazetapernambucana.com\/wp-content\/uploads\/2025\/11\/43163348_124416095196984_1643391599985557504_n-1-1-300x300-1-2.jpg","width":300,"height":300},{"@type":"BreadcrumbList","@id":"https:\/\/gazetapernambucana.com\/?p=2263#breadcrumb","itemListElement":[{"@type":"ListItem","position":1,"name":"In\u00edcio","item":"https:\/\/gazetapernambucana.com\/"},{"@type":"ListItem","position":2,"name":"O Ex\u00e9rcito Brancoleone. Por CLAUDEMIR GOMES"}]},{"@type":"WebSite","@id":"https:\/\/gazetapernambucana.com\/#website","url":"https:\/\/gazetapernambucana.com\/","name":"","description":"","potentialAction":[{"@type":"SearchAction","target":{"@type":"EntryPoint","urlTemplate":"https:\/\/gazetapernambucana.com\/?s={search_term_string}"},"query-input":{"@type":"PropertyValueSpecification","valueRequired":true,"valueName":"search_term_string"}}],"inLanguage":"pt-BR"},{"@type":"Person","@id":"https:\/\/gazetapernambucana.com\/#\/schema\/person\/188dc283325181ac2de4db1e9e987427","name":"GP","image":{"@type":"ImageObject","inLanguage":"pt-BR","@id":"https:\/\/gazetapernambucana.com\/#\/schema\/person\/image\/","url":"https:\/\/secure.gravatar.com\/avatar\/9dad78ff9a2d8b5742d11779f8a3f53b052320c550b2e1907882353c067bb111?s=96&d=mm&r=g","contentUrl":"https:\/\/secure.gravatar.com\/avatar\/9dad78ff9a2d8b5742d11779f8a3f53b052320c550b2e1907882353c067bb111?s=96&d=mm&r=g","caption":"GP"},"sameAs":["http:\/\/gazetapernambucana.com"],"url":"https:\/\/gazetapernambucana.com\/?author=1"}]}},"jetpack_publicize_connections":[],"_links":{"self":[{"href":"https:\/\/gazetapernambucana.com\/index.php?rest_route=\/wp\/v2\/posts\/2263","targetHints":{"allow":["GET"]}}],"collection":[{"href":"https:\/\/gazetapernambucana.com\/index.php?rest_route=\/wp\/v2\/posts"}],"about":[{"href":"https:\/\/gazetapernambucana.com\/index.php?rest_route=\/wp\/v2\/types\/post"}],"author":[{"embeddable":true,"href":"https:\/\/gazetapernambucana.com\/index.php?rest_route=\/wp\/v2\/users\/1"}],"replies":[{"embeddable":true,"href":"https:\/\/gazetapernambucana.com\/index.php?rest_route=%2Fwp%2Fv2%2Fcomments&post=2263"}],"version-history":[{"count":1,"href":"https:\/\/gazetapernambucana.com\/index.php?rest_route=\/wp\/v2\/posts\/2263\/revisions"}],"predecessor-version":[{"id":2264,"href":"https:\/\/gazetapernambucana.com\/index.php?rest_route=\/wp\/v2\/posts\/2263\/revisions\/2264"}],"wp:featuredmedia":[{"embeddable":true,"href":"https:\/\/gazetapernambucana.com\/index.php?rest_route=\/wp\/v2\/media\/2236"}],"wp:attachment":[{"href":"https:\/\/gazetapernambucana.com\/index.php?rest_route=%2Fwp%2Fv2%2Fmedia&parent=2263"}],"wp:term":[{"taxonomy":"category","embeddable":true,"href":"https:\/\/gazetapernambucana.com\/index.php?rest_route=%2Fwp%2Fv2%2Fcategories&post=2263"},{"taxonomy":"post_tag","embeddable":true,"href":"https:\/\/gazetapernambucana.com\/index.php?rest_route=%2Fwp%2Fv2%2Ftags&post=2263"}],"curies":[{"name":"wp","href":"https:\/\/api.w.org\/{rel}","templated":true}]}}