{"id":2254,"date":"2025-11-24T22:22:29","date_gmt":"2025-11-25T01:22:29","guid":{"rendered":"https:\/\/gazetapernambucana.com\/?p=2254"},"modified":"2025-11-24T22:22:29","modified_gmt":"2025-11-25T01:22:29","slug":"cupula-do-congresso-rompe-com-lideres-do-governo-e-pesa-clima-na-relacao-com-o-planalto","status":"publish","type":"post","link":"https:\/\/gazetapernambucana.com\/?p=2254","title":{"rendered":"C\u00fapula do Congresso rompe com l\u00edderes do governo e pesa clima na rela\u00e7\u00e3o com o Planalto"},"content":{"rendered":"<div class=\"elementor-element elementor-element-7d2fc729 titulo-post elementor-widget elementor-widget-theme-post-title elementor-page-title elementor-widget-heading\" data-id=\"7d2fc729\" data-element_type=\"widget\" data-widget_type=\"theme-post-title.default\">\n<div class=\"elementor-widget-container\"><\/div>\n<\/div>\n<section class=\"elementor-section elementor-inner-section elementor-element elementor-element-7e25a070 elementor-section-boxed elementor-section-height-default elementor-section-height-default\" data-id=\"7e25a070\" data-element_type=\"section\">\n<div class=\"elementor-container elementor-column-gap-default\">\n<div class=\"elementor-column elementor-col-50 elementor-inner-column elementor-element elementor-element-24f401b5\" data-id=\"24f401b5\" data-element_type=\"column\">\n<div class=\"elementor-widget-wrap elementor-element-populated\">\n<div class=\"elementor-element elementor-element-6b34b66e elementor-share-buttons--view-icon elementor-share-buttons--skin-flat elementor-share-buttons--align-right elementor-share-buttons--shape-square elementor-grid-0 elementor-share-buttons--color-official elementor-widget elementor-widget-share-buttons\" data-id=\"6b34b66e\" data-element_type=\"widget\" data-settings=\"{&quot;share_url&quot;:{&quot;url&quot;:&quot;https:\\\/\\\/blogdomagno.com.br\\\/cupula-do-congresso-rompe-com-lideres-do-governo-e-pesa-clima-na-relacao-com-o-planalto\\\/&quot;,&quot;is_external&quot;:&quot;&quot;,&quot;nofollow&quot;:&quot;&quot;,&quot;custom_attributes&quot;:&quot;&quot;}}\" data-widget_type=\"share-buttons.default\">\n<div class=\"elementor-widget-container\">\n<div class=\"elementor-grid\">\n<div class=\"elementor-grid-item\">\n<div class=\"elementor-share-btn elementor-share-btn_email\" tabindex=\"0\" aria-label=\"Compartilhar no email\">A rela\u00e7\u00e3o entre o Pal\u00e1cio do Planalto e a c\u00fapula do Congresso sofreu um desgaste evidente, hoje, ap\u00f3s declara\u00e7\u00f5es p\u00fablicas de lideran\u00e7as das duas Casas exporem atritos com o governo e entre si. No Senado, o l\u00edder do governo, Jaques Wagner (PT-BA), admitiu que a vota\u00e7\u00e3o da indica\u00e7\u00e3o de Jorge Messias ao Supremo Tribunal Federal (STF) dificilmente ocorrer\u00e1 ainda este ano. Na C\u00e2mara, o presidente da Casa, Hugo Motta (Republicanos-PB), rompeu politicamente com o l\u00edder do PT, deputado Lindbergh Farias (PT-RJ).<\/div>\n<\/div>\n<\/div>\n<\/div>\n<\/div>\n<\/div>\n<\/div>\n<\/div>\n<\/section>\n<div class=\"elementor-element elementor-element-746f5ae4 elementor-widget elementor-widget-theme-post-content\" data-id=\"746f5ae4\" data-element_type=\"widget\" data-widget_type=\"theme-post-content.default\">\n<div class=\"elementor-widget-container\">\n<div id=\"ub-expand-23a19cda-e8e3-47b3-8a74-fa876c512400\" class=\"wp-block-ub-expand ub-expand\" data-scroll-type=\"false\" data-scroll-amount=\"\" data-scroll-target=\"\">\n<div id=\"ub-expand-full-c176e2fb-4461-48ca-bf83-8ffc8c474eb1\" class=\"ub-expand-portion ub-expand-partial wp-block-ub-expand-portion\" tabindex=\"0\" role=\"button\" aria-expanded=\"false\" aria-controls=\"ub-expand-full-c176e2fb-4461-48ca-bf83-8ffc8c474eb1\">\n<p>A soma dos epis\u00f3dios acendeu um alerta no governo Lula sobre a fragilidade da articula\u00e7\u00e3o pol\u00edtica em um momento sens\u00edvel \u2013 com o fim do ano legislativo se aproximando e pautas importantes pendentes de vota\u00e7\u00e3o. No Senado, indica\u00e7\u00e3o de Jorge Messias trava em meio a \u201ctens\u00e3o muito grande\u201d.<\/p>\n<\/div>\n<div id=\"ub-expand-full-c176e2fb-4461-48ca-bf83-8ffc8c474eb1\" class=\"ub-expand-portion ub-expand-full wp-block-ub-expand-portion\" tabindex=\"0\" role=\"button\" aria-expanded=\"false\" aria-controls=\"ub-expand-full-c176e2fb-4461-48ca-bf83-8ffc8c474eb1\">\n<p>Em entrevista \u00e0 GloboNews, Jaques Wagner afirmou que n\u00e3o h\u00e1 condi\u00e7\u00f5es pol\u00edticas nem calend\u00e1rio suficiente para votar a indica\u00e7\u00e3o de Messias em dezembro. \u201cEu acho que n\u00f3s n\u00e3o teremos tempo h\u00e1bil para votar ainda no m\u00eas que se inicia na segunda-feira que vem\u201d, disse o senador.<\/p>\n<p>Wagner listou obst\u00e1culos concretos \u2013 como as apenas quatro semanas \u00fateis at\u00e9 o recesso e a pauta carregada pela tramita\u00e7\u00e3o da LDO e do Or\u00e7amento \u2013, mas admitiu que o fator pol\u00edtico pesa tanto quanto o cronograma.<\/p>\n<p>Segundo ele, o presidente do Senado, Davi Alcolumbre (Uni\u00e3o-AP), ficou \u201cchateado\u201d por n\u00e3o ter sido avisado antecipadamente da escolha de Messias por Lula, o que gerou um clima de \u201ctens\u00e3o muito grande\u201d na Casa. \u201cTem que esperar um pouco, esfriar um pouco essa tens\u00e3o\u201d, afirmou Wagner, sugerindo que a sabatina de Messias pode ficar para 2026.<\/p>\n<p>Apesar do atrito, o l\u00edder do governo defendeu que sempre foi transparente com os colegas e negou ter alimentado expectativas sobre outro nome<\/p>\n<\/div>\n<\/div>\n<\/div>\n<\/div>\n","protected":false},"excerpt":{"rendered":"<p>A rela\u00e7\u00e3o entre o Pal\u00e1cio do Planalto e a c\u00fapula do Congresso sofreu um desgaste evidente, hoje, ap\u00f3s declara\u00e7\u00f5es p\u00fablicas de lideran\u00e7as das duas Casas exporem atritos com o governo e entre si. No Senado, o l\u00edder do governo, Jaques Wagner (PT-BA), admitiu que a vota\u00e7\u00e3o da indica\u00e7\u00e3o de Jorge Messias ao Supremo Tribunal Federal [&hellip;]<\/p>\n","protected":false},"author":1,"featured_media":2255,"comment_status":"open","ping_status":"open","sticky":false,"template":"","format":"standard","meta":{"footnotes":"","jetpack_publicize_message":"","jetpack_publicize_feature_enabled":true,"jetpack_social_post_already_shared":true,"jetpack_social_options":{"image_generator_settings":{"template":"highway","default_image_id":0,"font":"","enabled":false},"version":2}},"categories":[1,65],"tags":[],"class_list":["post-2254","post","type-post","status-publish","format-standard","has-post-thumbnail","hentry","category-https-gazetapernambucana-com-page_id225","category-politica"],"yoast_head":"<!-- This site is optimized with the Yoast SEO plugin v24.5 - https:\/\/yoast.com\/wordpress\/plugins\/seo\/ -->\n<title>C\u00fapula do Congresso rompe com l\u00edderes do governo e pesa clima na rela\u00e7\u00e3o com o Planalto -<\/title>\n<meta name=\"robots\" content=\"index, follow, max-snippet:-1, max-image-preview:large, max-video-preview:-1\" \/>\n<link rel=\"canonical\" href=\"https:\/\/gazetapernambucana.com\/?p=2254\" \/>\n<meta property=\"og:locale\" content=\"pt_BR\" \/>\n<meta property=\"og:type\" content=\"article\" \/>\n<meta property=\"og:title\" content=\"C\u00fapula do Congresso rompe com l\u00edderes do governo e pesa clima na rela\u00e7\u00e3o com o Planalto -\" \/>\n<meta property=\"og:description\" content=\"A rela\u00e7\u00e3o entre o Pal\u00e1cio do Planalto e a c\u00fapula do Congresso sofreu um desgaste evidente, hoje, ap\u00f3s declara\u00e7\u00f5es p\u00fablicas de lideran\u00e7as das duas Casas exporem atritos com o governo e entre si. No Senado, o l\u00edder do governo, Jaques Wagner (PT-BA), admitiu que a vota\u00e7\u00e3o da indica\u00e7\u00e3o de Jorge Messias ao Supremo Tribunal Federal [&hellip;]\" \/>\n<meta property=\"og:url\" content=\"https:\/\/gazetapernambucana.com\/?p=2254\" \/>\n<meta property=\"article:published_time\" content=\"2025-11-25T01:22:29+00:00\" \/>\n<meta property=\"og:image\" content=\"https:\/\/gazetapernambucana.com\/wp-content\/uploads\/2025\/11\/hugo-motta-republicanos-foto-douglas-gomes-22-10-2025.jpg\" \/>\n\t<meta property=\"og:image:width\" content=\"840\" \/>\n\t<meta property=\"og:image:height\" content=\"582\" \/>\n\t<meta property=\"og:image:type\" content=\"image\/jpeg\" \/>\n<meta name=\"author\" content=\"GP\" \/>\n<meta name=\"twitter:card\" content=\"summary_large_image\" \/>\n<meta name=\"twitter:label1\" content=\"Escrito por\" \/>\n\t<meta name=\"twitter:data1\" content=\"GP\" \/>\n\t<meta name=\"twitter:label2\" content=\"Est. tempo de leitura\" \/>\n\t<meta name=\"twitter:data2\" content=\"2 minutos\" \/>\n<script type=\"application\/ld+json\" class=\"yoast-schema-graph\">{\"@context\":\"https:\/\/schema.org\",\"@graph\":[{\"@type\":\"WebPage\",\"@id\":\"https:\/\/gazetapernambucana.com\/?p=2254\",\"url\":\"https:\/\/gazetapernambucana.com\/?p=2254\",\"name\":\"C\u00fapula do Congresso rompe com l\u00edderes do governo e pesa clima na rela\u00e7\u00e3o com o Planalto -\",\"isPartOf\":{\"@id\":\"https:\/\/gazetapernambucana.com\/#website\"},\"primaryImageOfPage\":{\"@id\":\"https:\/\/gazetapernambucana.com\/?p=2254#primaryimage\"},\"image\":{\"@id\":\"https:\/\/gazetapernambucana.com\/?p=2254#primaryimage\"},\"thumbnailUrl\":\"https:\/\/gazetapernambucana.com\/wp-content\/uploads\/2025\/11\/hugo-motta-republicanos-foto-douglas-gomes-22-10-2025.jpg\",\"datePublished\":\"2025-11-25T01:22:29+00:00\",\"author\":{\"@id\":\"https:\/\/gazetapernambucana.com\/#\/schema\/person\/188dc283325181ac2de4db1e9e987427\"},\"breadcrumb\":{\"@id\":\"https:\/\/gazetapernambucana.com\/?p=2254#breadcrumb\"},\"inLanguage\":\"pt-BR\",\"potentialAction\":[{\"@type\":\"ReadAction\",\"target\":[\"https:\/\/gazetapernambucana.com\/?p=2254\"]}]},{\"@type\":\"ImageObject\",\"inLanguage\":\"pt-BR\",\"@id\":\"https:\/\/gazetapernambucana.com\/?p=2254#primaryimage\",\"url\":\"https:\/\/gazetapernambucana.com\/wp-content\/uploads\/2025\/11\/hugo-motta-republicanos-foto-douglas-gomes-22-10-2025.jpg\",\"contentUrl\":\"https:\/\/gazetapernambucana.com\/wp-content\/uploads\/2025\/11\/hugo-motta-republicanos-foto-douglas-gomes-22-10-2025.jpg\",\"width\":840,\"height\":582},{\"@type\":\"BreadcrumbList\",\"@id\":\"https:\/\/gazetapernambucana.com\/?p=2254#breadcrumb\",\"itemListElement\":[{\"@type\":\"ListItem\",\"position\":1,\"name\":\"In\u00edcio\",\"item\":\"https:\/\/gazetapernambucana.com\/\"},{\"@type\":\"ListItem\",\"position\":2,\"name\":\"C\u00fapula do Congresso rompe com l\u00edderes do governo e pesa clima na rela\u00e7\u00e3o com o Planalto\"}]},{\"@type\":\"WebSite\",\"@id\":\"https:\/\/gazetapernambucana.com\/#website\",\"url\":\"https:\/\/gazetapernambucana.com\/\",\"name\":\"\",\"description\":\"\",\"potentialAction\":[{\"@type\":\"SearchAction\",\"target\":{\"@type\":\"EntryPoint\",\"urlTemplate\":\"https:\/\/gazetapernambucana.com\/?s={search_term_string}\"},\"query-input\":{\"@type\":\"PropertyValueSpecification\",\"valueRequired\":true,\"valueName\":\"search_term_string\"}}],\"inLanguage\":\"pt-BR\"},{\"@type\":\"Person\",\"@id\":\"https:\/\/gazetapernambucana.com\/#\/schema\/person\/188dc283325181ac2de4db1e9e987427\",\"name\":\"GP\",\"image\":{\"@type\":\"ImageObject\",\"inLanguage\":\"pt-BR\",\"@id\":\"https:\/\/gazetapernambucana.com\/#\/schema\/person\/image\/\",\"url\":\"https:\/\/secure.gravatar.com\/avatar\/9dad78ff9a2d8b5742d11779f8a3f53b052320c550b2e1907882353c067bb111?s=96&d=mm&r=g\",\"contentUrl\":\"https:\/\/secure.gravatar.com\/avatar\/9dad78ff9a2d8b5742d11779f8a3f53b052320c550b2e1907882353c067bb111?s=96&d=mm&r=g\",\"caption\":\"GP\"},\"sameAs\":[\"http:\/\/gazetapernambucana.com\"],\"url\":\"https:\/\/gazetapernambucana.com\/?author=1\"}]}<\/script>\n<!-- \/ Yoast SEO plugin. -->","yoast_head_json":{"title":"C\u00fapula do Congresso rompe com l\u00edderes do governo e pesa clima na rela\u00e7\u00e3o com o Planalto -","robots":{"index":"index","follow":"follow","max-snippet":"max-snippet:-1","max-image-preview":"max-image-preview:large","max-video-preview":"max-video-preview:-1"},"canonical":"https:\/\/gazetapernambucana.com\/?p=2254","og_locale":"pt_BR","og_type":"article","og_title":"C\u00fapula do Congresso rompe com l\u00edderes do governo e pesa clima na rela\u00e7\u00e3o com o Planalto -","og_description":"A rela\u00e7\u00e3o entre o Pal\u00e1cio do Planalto e a c\u00fapula do Congresso sofreu um desgaste evidente, hoje, ap\u00f3s declara\u00e7\u00f5es p\u00fablicas de lideran\u00e7as das duas Casas exporem atritos com o governo e entre si. No Senado, o l\u00edder do governo, Jaques Wagner (PT-BA), admitiu que a vota\u00e7\u00e3o da indica\u00e7\u00e3o de Jorge Messias ao Supremo Tribunal Federal [&hellip;]","og_url":"https:\/\/gazetapernambucana.com\/?p=2254","article_published_time":"2025-11-25T01:22:29+00:00","og_image":[{"width":840,"height":582,"url":"https:\/\/gazetapernambucana.com\/wp-content\/uploads\/2025\/11\/hugo-motta-republicanos-foto-douglas-gomes-22-10-2025.jpg","type":"image\/jpeg"}],"author":"GP","twitter_card":"summary_large_image","twitter_misc":{"Escrito por":"GP","Est. tempo de leitura":"2 minutos"},"schema":{"@context":"https:\/\/schema.org","@graph":[{"@type":"WebPage","@id":"https:\/\/gazetapernambucana.com\/?p=2254","url":"https:\/\/gazetapernambucana.com\/?p=2254","name":"C\u00fapula do Congresso rompe com l\u00edderes do governo e pesa clima na rela\u00e7\u00e3o com o Planalto -","isPartOf":{"@id":"https:\/\/gazetapernambucana.com\/#website"},"primaryImageOfPage":{"@id":"https:\/\/gazetapernambucana.com\/?p=2254#primaryimage"},"image":{"@id":"https:\/\/gazetapernambucana.com\/?p=2254#primaryimage"},"thumbnailUrl":"https:\/\/gazetapernambucana.com\/wp-content\/uploads\/2025\/11\/hugo-motta-republicanos-foto-douglas-gomes-22-10-2025.jpg","datePublished":"2025-11-25T01:22:29+00:00","author":{"@id":"https:\/\/gazetapernambucana.com\/#\/schema\/person\/188dc283325181ac2de4db1e9e987427"},"breadcrumb":{"@id":"https:\/\/gazetapernambucana.com\/?p=2254#breadcrumb"},"inLanguage":"pt-BR","potentialAction":[{"@type":"ReadAction","target":["https:\/\/gazetapernambucana.com\/?p=2254"]}]},{"@type":"ImageObject","inLanguage":"pt-BR","@id":"https:\/\/gazetapernambucana.com\/?p=2254#primaryimage","url":"https:\/\/gazetapernambucana.com\/wp-content\/uploads\/2025\/11\/hugo-motta-republicanos-foto-douglas-gomes-22-10-2025.jpg","contentUrl":"https:\/\/gazetapernambucana.com\/wp-content\/uploads\/2025\/11\/hugo-motta-republicanos-foto-douglas-gomes-22-10-2025.jpg","width":840,"height":582},{"@type":"BreadcrumbList","@id":"https:\/\/gazetapernambucana.com\/?p=2254#breadcrumb","itemListElement":[{"@type":"ListItem","position":1,"name":"In\u00edcio","item":"https:\/\/gazetapernambucana.com\/"},{"@type":"ListItem","position":2,"name":"C\u00fapula do Congresso rompe com l\u00edderes do governo e pesa clima na rela\u00e7\u00e3o com o Planalto"}]},{"@type":"WebSite","@id":"https:\/\/gazetapernambucana.com\/#website","url":"https:\/\/gazetapernambucana.com\/","name":"","description":"","potentialAction":[{"@type":"SearchAction","target":{"@type":"EntryPoint","urlTemplate":"https:\/\/gazetapernambucana.com\/?s={search_term_string}"},"query-input":{"@type":"PropertyValueSpecification","valueRequired":true,"valueName":"search_term_string"}}],"inLanguage":"pt-BR"},{"@type":"Person","@id":"https:\/\/gazetapernambucana.com\/#\/schema\/person\/188dc283325181ac2de4db1e9e987427","name":"GP","image":{"@type":"ImageObject","inLanguage":"pt-BR","@id":"https:\/\/gazetapernambucana.com\/#\/schema\/person\/image\/","url":"https:\/\/secure.gravatar.com\/avatar\/9dad78ff9a2d8b5742d11779f8a3f53b052320c550b2e1907882353c067bb111?s=96&d=mm&r=g","contentUrl":"https:\/\/secure.gravatar.com\/avatar\/9dad78ff9a2d8b5742d11779f8a3f53b052320c550b2e1907882353c067bb111?s=96&d=mm&r=g","caption":"GP"},"sameAs":["http:\/\/gazetapernambucana.com"],"url":"https:\/\/gazetapernambucana.com\/?author=1"}]}},"jetpack_publicize_connections":[],"_links":{"self":[{"href":"https:\/\/gazetapernambucana.com\/index.php?rest_route=\/wp\/v2\/posts\/2254","targetHints":{"allow":["GET"]}}],"collection":[{"href":"https:\/\/gazetapernambucana.com\/index.php?rest_route=\/wp\/v2\/posts"}],"about":[{"href":"https:\/\/gazetapernambucana.com\/index.php?rest_route=\/wp\/v2\/types\/post"}],"author":[{"embeddable":true,"href":"https:\/\/gazetapernambucana.com\/index.php?rest_route=\/wp\/v2\/users\/1"}],"replies":[{"embeddable":true,"href":"https:\/\/gazetapernambucana.com\/index.php?rest_route=%2Fwp%2Fv2%2Fcomments&post=2254"}],"version-history":[{"count":1,"href":"https:\/\/gazetapernambucana.com\/index.php?rest_route=\/wp\/v2\/posts\/2254\/revisions"}],"predecessor-version":[{"id":2256,"href":"https:\/\/gazetapernambucana.com\/index.php?rest_route=\/wp\/v2\/posts\/2254\/revisions\/2256"}],"wp:featuredmedia":[{"embeddable":true,"href":"https:\/\/gazetapernambucana.com\/index.php?rest_route=\/wp\/v2\/media\/2255"}],"wp:attachment":[{"href":"https:\/\/gazetapernambucana.com\/index.php?rest_route=%2Fwp%2Fv2%2Fmedia&parent=2254"}],"wp:term":[{"taxonomy":"category","embeddable":true,"href":"https:\/\/gazetapernambucana.com\/index.php?rest_route=%2Fwp%2Fv2%2Fcategories&post=2254"},{"taxonomy":"post_tag","embeddable":true,"href":"https:\/\/gazetapernambucana.com\/index.php?rest_route=%2Fwp%2Fv2%2Ftags&post=2254"}],"curies":[{"name":"wp","href":"https:\/\/api.w.org\/{rel}","templated":true}]}}