{"id":2250,"date":"2025-11-24T01:48:01","date_gmt":"2025-11-24T04:48:01","guid":{"rendered":"https:\/\/gazetapernambucana.com\/?p=2250"},"modified":"2025-11-24T01:48:01","modified_gmt":"2025-11-24T04:48:01","slug":"esse-tempo-que-navega-em-desatino-e-o-horizonte-procurando-por-mim-por-flavio-chaves","status":"publish","type":"post","link":"https:\/\/gazetapernambucana.com\/?p=2250","title":{"rendered":"Esse tempo que navega em desatino \u00e9 o horizonte procurando por mim. Por Fl\u00e1vio Chaves"},"content":{"rendered":"<p data-start=\"902\" data-end=\"1284\"><strong>Por Fl\u00e1vio Chaves \u2013 Jornalista, poeta, escritor e membro da Academia Pernambucana de Letras. Foi Delegado Federal\/Minc\u00a0 \u2013<\/strong> \u00a0H\u00e1 dias em que o tempo n\u00e3o passa, ele escorre, escapa, trope\u00e7a nas pr\u00f3prias horas e se perde, como se tamb\u00e9m estivesse \u00e0 procura de alguma coisa esquecida, um nome sussurrado, um olhar antigo, um gesto suspenso no ar antes de se fazer abra\u00e7o. Nesse tempo que n\u00e3o grita, mas pesa, h\u00e1 um rumor surdo, uma aus\u00eancia que se instala devagar, com o pudor das tristezas mansamente eternas.<\/p>\n<p data-start=\"1286\" data-end=\"1676\">Esse tempo que navega em desatino n\u00e3o tem b\u00fassola, n\u00e3o tem cais, \u00e9 um errante que me procura enquanto permane\u00e7o im\u00f3vel, como quem oferece o corpo \u00e0 mar\u00e9. Porque do lado de c\u00e1 da janela h\u00e1 um homem parado, e dentro dele h\u00e1 uma casa vazia onde ainda ecoam vozes que partiram sem fechar a porta. Quem passa na rua acelera o passo, fecha a janela, abre o guarda-chuva. Mas eu paro. Fico. Sinto.<\/p>\n<p data-start=\"1286\" data-end=\"1676\"><img loading=\"lazy\" decoding=\"async\" class=\"size-medium wp-image-2251 aligncenter\" src=\"http:\/\/gazetapernambucana.com\/wp-content\/uploads\/2025\/11\/a22ced4fff28e2129a0503973db5c248-300x209.jpg\" alt=\"\" width=\"300\" height=\"209\" srcset=\"https:\/\/gazetapernambucana.com\/wp-content\/uploads\/2025\/11\/a22ced4fff28e2129a0503973db5c248-300x209.jpg 300w, https:\/\/gazetapernambucana.com\/wp-content\/uploads\/2025\/11\/a22ced4fff28e2129a0503973db5c248.jpg 600w\" sizes=\"auto, (max-width: 300px) 100vw, 300px\" \/><\/p>\n<p data-start=\"1678\" data-end=\"2142\">Ontem, por exemplo, choveu com uma melancolia que n\u00e3o era do c\u00e9u, era da lembran\u00e7a. A chuva parecia me reconhecer. Sentei no banco da pra\u00e7a onde ela, um dia, me esperou com um vestido azul e um cansa\u00e7o no olhar que eu n\u00e3o soube entender. N\u00e3o foi uma cena tr\u00e1gica, nem houve adeus. Apenas o sil\u00eancio entre n\u00f3s cresceu tanto que se tornou presen\u00e7a. E ali, naquele banco agora encharcado, percebi que certos instantes n\u00e3o terminam, apenas se escondem dentro do tempo.<\/p>\n<p data-start=\"2144\" data-end=\"2470\">H\u00e1 uma arte em permanecer enquanto tudo se move, uma esp\u00e9cie de resist\u00eancia \u00edntima contra a pressa do mundo, contra a substitui\u00e7\u00e3o apressada dos sentimentos, contra a morte prematura dos instantes. E talvez seja isso que o tempo, nesse seu navegar tr\u00f4pego, venha buscar em mim: a mem\u00f3ria do que n\u00e3o passou, o eco do que ficou.<\/p>\n<p data-start=\"2472\" data-end=\"2864\">Carrego comigo o abra\u00e7o que n\u00e3o dei, o nome que n\u00e3o chamei, o caminho que deixei para depois. S\u00e3o sombras que n\u00e3o assustam, mas habitam. Pesam como chuva antiga no fundo das roupas, como saudade que ningu\u00e9m nomeia, como um amor que se escondeu para n\u00e3o morrer. \u00c9 o peso de uma vida inteira condensada num gesto n\u00e3o vivido, numa carta que ficou no bolso, numa tarde que n\u00e3o chegou a anoitecer.<\/p>\n<p data-start=\"2866\" data-end=\"3099\">E no entanto, mesmo nessa quietude que se parece com o fim, h\u00e1 um fio de esperan\u00e7a que insiste, t\u00edmido, como quem n\u00e3o quer incomodar. Um quase calor por tr\u00e1s da chama. Um clar\u00e3o contido esperando o instante exato para romper o breu.<\/p>\n<p data-start=\"3101\" data-end=\"3411\">Talvez o horizonte esteja mesmo me procurando, talvez eu seja o ponto im\u00f3vel que ancora o tempo em sua err\u00e2ncia. E nessa espera sem alarde, nesse sil\u00eancio quase prece, descubro que h\u00e1 beleza tamb\u00e9m no estardalha\u00e7o do que n\u00e3o foi. Que viver \u00e9, muitas vezes, escutar o que n\u00e3o se disse e acolher o que ainda d\u00f3i.<\/p>\n<p data-start=\"3413\" data-end=\"3484\">Porque h\u00e1 uma luz que n\u00e3o se apaga, mesmo que \u00e0s vezes apenas tremule.<\/p>\n","protected":false},"excerpt":{"rendered":"<p>Por Fl\u00e1vio Chaves \u2013 Jornalista, poeta, escritor e membro da Academia Pernambucana de Letras. Foi Delegado Federal\/Minc\u00a0 \u2013 \u00a0H\u00e1 dias em que o tempo n\u00e3o passa, ele escorre, escapa, trope\u00e7a nas pr\u00f3prias horas e se perde, como se tamb\u00e9m estivesse \u00e0 procura de alguma coisa esquecida, um nome sussurrado, um olhar antigo, um gesto suspenso [&hellip;]<\/p>\n","protected":false},"author":1,"featured_media":2252,"comment_status":"open","ping_status":"open","sticky":false,"template":"","format":"standard","meta":{"footnotes":"","jetpack_publicize_message":"","jetpack_publicize_feature_enabled":true,"jetpack_social_post_already_shared":true,"jetpack_social_options":{"image_generator_settings":{"template":"highway","default_image_id":0,"font":"","enabled":false},"version":2}},"categories":[1,35,46],"tags":[],"class_list":["post-2250","post","type-post","status-publish","format-standard","has-post-thumbnail","hentry","category-https-gazetapernambucana-com-page_id225","category-https-gazetapernambucana-com-page_id218","category-literatura"],"yoast_head":"<!-- This site is optimized with the Yoast SEO plugin v24.5 - https:\/\/yoast.com\/wordpress\/plugins\/seo\/ -->\n<title>Esse tempo que navega em desatino \u00e9 o horizonte procurando por mim. Por Fl\u00e1vio Chaves -<\/title>\n<meta name=\"robots\" content=\"index, follow, max-snippet:-1, max-image-preview:large, max-video-preview:-1\" \/>\n<link rel=\"canonical\" href=\"https:\/\/gazetapernambucana.com\/?p=2250\" \/>\n<meta property=\"og:locale\" content=\"pt_BR\" \/>\n<meta property=\"og:type\" content=\"article\" \/>\n<meta property=\"og:title\" content=\"Esse tempo que navega em desatino \u00e9 o horizonte procurando por mim. Por Fl\u00e1vio Chaves -\" \/>\n<meta property=\"og:description\" content=\"Por Fl\u00e1vio Chaves \u2013 Jornalista, poeta, escritor e membro da Academia Pernambucana de Letras. Foi Delegado Federal\/Minc\u00a0 \u2013 \u00a0H\u00e1 dias em que o tempo n\u00e3o passa, ele escorre, escapa, trope\u00e7a nas pr\u00f3prias horas e se perde, como se tamb\u00e9m estivesse \u00e0 procura de alguma coisa esquecida, um nome sussurrado, um olhar antigo, um gesto suspenso [&hellip;]\" \/>\n<meta property=\"og:url\" content=\"https:\/\/gazetapernambucana.com\/?p=2250\" \/>\n<meta property=\"article:published_time\" content=\"2025-11-24T04:48:01+00:00\" \/>\n<meta property=\"og:image\" content=\"https:\/\/gazetapernambucana.com\/wp-content\/uploads\/2025\/11\/il_fullxfull.6161880555_rgqr-scaled.webp\" \/>\n\t<meta property=\"og:image:width\" content=\"2560\" \/>\n\t<meta property=\"og:image:height\" content=\"2048\" \/>\n\t<meta property=\"og:image:type\" content=\"image\/webp\" \/>\n<meta name=\"author\" content=\"GP\" \/>\n<meta name=\"twitter:card\" content=\"summary_large_image\" \/>\n<meta name=\"twitter:label1\" content=\"Escrito por\" \/>\n\t<meta name=\"twitter:data1\" content=\"GP\" \/>\n\t<meta name=\"twitter:label2\" content=\"Est. tempo de leitura\" \/>\n\t<meta name=\"twitter:data2\" content=\"4 minutos\" \/>\n<script type=\"application\/ld+json\" class=\"yoast-schema-graph\">{\"@context\":\"https:\/\/schema.org\",\"@graph\":[{\"@type\":\"WebPage\",\"@id\":\"https:\/\/gazetapernambucana.com\/?p=2250\",\"url\":\"https:\/\/gazetapernambucana.com\/?p=2250\",\"name\":\"Esse tempo que navega em desatino \u00e9 o horizonte procurando por mim. Por Fl\u00e1vio Chaves -\",\"isPartOf\":{\"@id\":\"https:\/\/gazetapernambucana.com\/#website\"},\"primaryImageOfPage\":{\"@id\":\"https:\/\/gazetapernambucana.com\/?p=2250#primaryimage\"},\"image\":{\"@id\":\"https:\/\/gazetapernambucana.com\/?p=2250#primaryimage\"},\"thumbnailUrl\":\"https:\/\/gazetapernambucana.com\/wp-content\/uploads\/2025\/11\/il_fullxfull.6161880555_rgqr-scaled.webp\",\"datePublished\":\"2025-11-24T04:48:01+00:00\",\"author\":{\"@id\":\"https:\/\/gazetapernambucana.com\/#\/schema\/person\/188dc283325181ac2de4db1e9e987427\"},\"breadcrumb\":{\"@id\":\"https:\/\/gazetapernambucana.com\/?p=2250#breadcrumb\"},\"inLanguage\":\"pt-BR\",\"potentialAction\":[{\"@type\":\"ReadAction\",\"target\":[\"https:\/\/gazetapernambucana.com\/?p=2250\"]}]},{\"@type\":\"ImageObject\",\"inLanguage\":\"pt-BR\",\"@id\":\"https:\/\/gazetapernambucana.com\/?p=2250#primaryimage\",\"url\":\"https:\/\/gazetapernambucana.com\/wp-content\/uploads\/2025\/11\/il_fullxfull.6161880555_rgqr-scaled.webp\",\"contentUrl\":\"https:\/\/gazetapernambucana.com\/wp-content\/uploads\/2025\/11\/il_fullxfull.6161880555_rgqr-scaled.webp\",\"width\":2560,\"height\":2048},{\"@type\":\"BreadcrumbList\",\"@id\":\"https:\/\/gazetapernambucana.com\/?p=2250#breadcrumb\",\"itemListElement\":[{\"@type\":\"ListItem\",\"position\":1,\"name\":\"In\u00edcio\",\"item\":\"https:\/\/gazetapernambucana.com\/\"},{\"@type\":\"ListItem\",\"position\":2,\"name\":\"Esse tempo que navega em desatino \u00e9 o horizonte procurando por mim. Por Fl\u00e1vio Chaves\"}]},{\"@type\":\"WebSite\",\"@id\":\"https:\/\/gazetapernambucana.com\/#website\",\"url\":\"https:\/\/gazetapernambucana.com\/\",\"name\":\"\",\"description\":\"\",\"potentialAction\":[{\"@type\":\"SearchAction\",\"target\":{\"@type\":\"EntryPoint\",\"urlTemplate\":\"https:\/\/gazetapernambucana.com\/?s={search_term_string}\"},\"query-input\":{\"@type\":\"PropertyValueSpecification\",\"valueRequired\":true,\"valueName\":\"search_term_string\"}}],\"inLanguage\":\"pt-BR\"},{\"@type\":\"Person\",\"@id\":\"https:\/\/gazetapernambucana.com\/#\/schema\/person\/188dc283325181ac2de4db1e9e987427\",\"name\":\"GP\",\"image\":{\"@type\":\"ImageObject\",\"inLanguage\":\"pt-BR\",\"@id\":\"https:\/\/gazetapernambucana.com\/#\/schema\/person\/image\/\",\"url\":\"https:\/\/secure.gravatar.com\/avatar\/9dad78ff9a2d8b5742d11779f8a3f53b052320c550b2e1907882353c067bb111?s=96&d=mm&r=g\",\"contentUrl\":\"https:\/\/secure.gravatar.com\/avatar\/9dad78ff9a2d8b5742d11779f8a3f53b052320c550b2e1907882353c067bb111?s=96&d=mm&r=g\",\"caption\":\"GP\"},\"sameAs\":[\"http:\/\/gazetapernambucana.com\"],\"url\":\"https:\/\/gazetapernambucana.com\/?author=1\"}]}<\/script>\n<!-- \/ Yoast SEO plugin. -->","yoast_head_json":{"title":"Esse tempo que navega em desatino \u00e9 o horizonte procurando por mim. Por Fl\u00e1vio Chaves -","robots":{"index":"index","follow":"follow","max-snippet":"max-snippet:-1","max-image-preview":"max-image-preview:large","max-video-preview":"max-video-preview:-1"},"canonical":"https:\/\/gazetapernambucana.com\/?p=2250","og_locale":"pt_BR","og_type":"article","og_title":"Esse tempo que navega em desatino \u00e9 o horizonte procurando por mim. Por Fl\u00e1vio Chaves -","og_description":"Por Fl\u00e1vio Chaves \u2013 Jornalista, poeta, escritor e membro da Academia Pernambucana de Letras. Foi Delegado Federal\/Minc\u00a0 \u2013 \u00a0H\u00e1 dias em que o tempo n\u00e3o passa, ele escorre, escapa, trope\u00e7a nas pr\u00f3prias horas e se perde, como se tamb\u00e9m estivesse \u00e0 procura de alguma coisa esquecida, um nome sussurrado, um olhar antigo, um gesto suspenso [&hellip;]","og_url":"https:\/\/gazetapernambucana.com\/?p=2250","article_published_time":"2025-11-24T04:48:01+00:00","og_image":[{"width":2560,"height":2048,"url":"https:\/\/gazetapernambucana.com\/wp-content\/uploads\/2025\/11\/il_fullxfull.6161880555_rgqr-scaled.webp","type":"image\/webp"}],"author":"GP","twitter_card":"summary_large_image","twitter_misc":{"Escrito por":"GP","Est. tempo de leitura":"4 minutos"},"schema":{"@context":"https:\/\/schema.org","@graph":[{"@type":"WebPage","@id":"https:\/\/gazetapernambucana.com\/?p=2250","url":"https:\/\/gazetapernambucana.com\/?p=2250","name":"Esse tempo que navega em desatino \u00e9 o horizonte procurando por mim. Por Fl\u00e1vio Chaves -","isPartOf":{"@id":"https:\/\/gazetapernambucana.com\/#website"},"primaryImageOfPage":{"@id":"https:\/\/gazetapernambucana.com\/?p=2250#primaryimage"},"image":{"@id":"https:\/\/gazetapernambucana.com\/?p=2250#primaryimage"},"thumbnailUrl":"https:\/\/gazetapernambucana.com\/wp-content\/uploads\/2025\/11\/il_fullxfull.6161880555_rgqr-scaled.webp","datePublished":"2025-11-24T04:48:01+00:00","author":{"@id":"https:\/\/gazetapernambucana.com\/#\/schema\/person\/188dc283325181ac2de4db1e9e987427"},"breadcrumb":{"@id":"https:\/\/gazetapernambucana.com\/?p=2250#breadcrumb"},"inLanguage":"pt-BR","potentialAction":[{"@type":"ReadAction","target":["https:\/\/gazetapernambucana.com\/?p=2250"]}]},{"@type":"ImageObject","inLanguage":"pt-BR","@id":"https:\/\/gazetapernambucana.com\/?p=2250#primaryimage","url":"https:\/\/gazetapernambucana.com\/wp-content\/uploads\/2025\/11\/il_fullxfull.6161880555_rgqr-scaled.webp","contentUrl":"https:\/\/gazetapernambucana.com\/wp-content\/uploads\/2025\/11\/il_fullxfull.6161880555_rgqr-scaled.webp","width":2560,"height":2048},{"@type":"BreadcrumbList","@id":"https:\/\/gazetapernambucana.com\/?p=2250#breadcrumb","itemListElement":[{"@type":"ListItem","position":1,"name":"In\u00edcio","item":"https:\/\/gazetapernambucana.com\/"},{"@type":"ListItem","position":2,"name":"Esse tempo que navega em desatino \u00e9 o horizonte procurando por mim. Por Fl\u00e1vio Chaves"}]},{"@type":"WebSite","@id":"https:\/\/gazetapernambucana.com\/#website","url":"https:\/\/gazetapernambucana.com\/","name":"","description":"","potentialAction":[{"@type":"SearchAction","target":{"@type":"EntryPoint","urlTemplate":"https:\/\/gazetapernambucana.com\/?s={search_term_string}"},"query-input":{"@type":"PropertyValueSpecification","valueRequired":true,"valueName":"search_term_string"}}],"inLanguage":"pt-BR"},{"@type":"Person","@id":"https:\/\/gazetapernambucana.com\/#\/schema\/person\/188dc283325181ac2de4db1e9e987427","name":"GP","image":{"@type":"ImageObject","inLanguage":"pt-BR","@id":"https:\/\/gazetapernambucana.com\/#\/schema\/person\/image\/","url":"https:\/\/secure.gravatar.com\/avatar\/9dad78ff9a2d8b5742d11779f8a3f53b052320c550b2e1907882353c067bb111?s=96&d=mm&r=g","contentUrl":"https:\/\/secure.gravatar.com\/avatar\/9dad78ff9a2d8b5742d11779f8a3f53b052320c550b2e1907882353c067bb111?s=96&d=mm&r=g","caption":"GP"},"sameAs":["http:\/\/gazetapernambucana.com"],"url":"https:\/\/gazetapernambucana.com\/?author=1"}]}},"jetpack_publicize_connections":[],"_links":{"self":[{"href":"https:\/\/gazetapernambucana.com\/index.php?rest_route=\/wp\/v2\/posts\/2250","targetHints":{"allow":["GET"]}}],"collection":[{"href":"https:\/\/gazetapernambucana.com\/index.php?rest_route=\/wp\/v2\/posts"}],"about":[{"href":"https:\/\/gazetapernambucana.com\/index.php?rest_route=\/wp\/v2\/types\/post"}],"author":[{"embeddable":true,"href":"https:\/\/gazetapernambucana.com\/index.php?rest_route=\/wp\/v2\/users\/1"}],"replies":[{"embeddable":true,"href":"https:\/\/gazetapernambucana.com\/index.php?rest_route=%2Fwp%2Fv2%2Fcomments&post=2250"}],"version-history":[{"count":1,"href":"https:\/\/gazetapernambucana.com\/index.php?rest_route=\/wp\/v2\/posts\/2250\/revisions"}],"predecessor-version":[{"id":2253,"href":"https:\/\/gazetapernambucana.com\/index.php?rest_route=\/wp\/v2\/posts\/2250\/revisions\/2253"}],"wp:featuredmedia":[{"embeddable":true,"href":"https:\/\/gazetapernambucana.com\/index.php?rest_route=\/wp\/v2\/media\/2252"}],"wp:attachment":[{"href":"https:\/\/gazetapernambucana.com\/index.php?rest_route=%2Fwp%2Fv2%2Fmedia&parent=2250"}],"wp:term":[{"taxonomy":"category","embeddable":true,"href":"https:\/\/gazetapernambucana.com\/index.php?rest_route=%2Fwp%2Fv2%2Fcategories&post=2250"},{"taxonomy":"post_tag","embeddable":true,"href":"https:\/\/gazetapernambucana.com\/index.php?rest_route=%2Fwp%2Fv2%2Ftags&post=2250"}],"curies":[{"name":"wp","href":"https:\/\/api.w.org\/{rel}","templated":true}]}}