{"id":2244,"date":"2025-11-23T17:25:28","date_gmt":"2025-11-23T20:25:28","guid":{"rendered":"https:\/\/gazetapernambucana.com\/?p=2244"},"modified":"2025-11-23T17:28:47","modified_gmt":"2025-11-23T20:28:47","slug":"a-cronica-domingueira-por-magno-martins-17","status":"publish","type":"post","link":"https:\/\/gazetapernambucana.com\/?p=2244","title":{"rendered":"A cr\u00f4nica domingueira. Por Magno Martins"},"content":{"rendered":"<div class=\"elementor-element elementor-element-7d2fc729 titulo-post elementor-widget elementor-widget-theme-post-title elementor-page-title elementor-widget-heading\" data-id=\"7d2fc729\" data-element_type=\"widget\" data-widget_type=\"theme-post-title.default\">\n<div class=\"elementor-widget-container\"><strong>Por Magno Martins \u2013 Jornalista, poeta e escritor\u00a0 \u2013 <\/strong>J\u00e1 falei neste espa\u00e7o de reflex\u00f5es sobre a vida do sentimento da inveja. N\u00e3o estou triste, n\u00e3o se trata do meu caso. Pelo contr\u00e1rio, a vida, gra\u00e7as ao meu bom pai celestial, s\u00f3 tem me dado motivos para sorrir. Mas me pediram para escrever sobre este terr\u00edvel sentimento da tristeza.<\/div>\n<\/div>\n<div class=\"elementor-element elementor-element-746f5ae4 elementor-widget elementor-widget-theme-post-content\" data-id=\"746f5ae4\" data-element_type=\"widget\" data-widget_type=\"theme-post-content.default\">\n<div class=\"elementor-widget-container\">\n<div id=\"ub-expand-7af46ceb-f65d-470f-b91d-151c702fdc41\" class=\"wp-block-ub-expand ub-expand\" data-scroll-type=\"false\" data-scroll-amount=\"\" data-scroll-target=\"\">\n<div id=\"ub-expand-full-2d8b5b0a-6e53-482c-8842-3658ef6a01b7\" class=\"ub-expand-portion ub-expand-partial wp-block-ub-expand-portion\" tabindex=\"0\" role=\"button\" aria-expanded=\"false\" aria-controls=\"ub-expand-full-2d8b5b0a-6e53-482c-8842-3658ef6a01b7\">\n<p>Que n\u00e3o deixa de ser atual e importante. De acordo com a Organiza\u00e7\u00e3o Mundial de Sa\u00fade, 12 milh\u00f5es de brasileiros sofrem de uma chamada tristeza cr\u00f4nica. A tristeza \u00e9 uma emo\u00e7\u00e3o natural e ao mesmo tempo complexa, geralmente desencadeada por perdas, frustra\u00e7\u00f5es ou decep\u00e7\u00f5es.<\/p>\n<p><img loading=\"lazy\" decoding=\"async\" class=\"size-medium wp-image-2245 aligncenter\" src=\"http:\/\/gazetapernambucana.com\/wp-content\/uploads\/2025\/11\/istockphoto-485879360-612x612-2-300x200.jpg\" alt=\"\" width=\"300\" height=\"200\" srcset=\"https:\/\/gazetapernambucana.com\/wp-content\/uploads\/2025\/11\/istockphoto-485879360-612x612-2-300x200.jpg 300w, https:\/\/gazetapernambucana.com\/wp-content\/uploads\/2025\/11\/istockphoto-485879360-612x612-2-768x512.jpg 768w, https:\/\/gazetapernambucana.com\/wp-content\/uploads\/2025\/11\/istockphoto-485879360-612x612-2.jpg 800w\" sizes=\"auto, (max-width: 300px) 100vw, 300px\" \/><\/p>\n<\/div>\n<div id=\"ub-expand-full-2d8b5b0a-6e53-482c-8842-3658ef6a01b7\" class=\"ub-expand-portion ub-expand-full wp-block-ub-expand-portion\" tabindex=\"0\" role=\"button\" aria-expanded=\"false\" aria-controls=\"ub-expand-full-2d8b5b0a-6e53-482c-8842-3658ef6a01b7\">\n<p>Manifesta-se pelos sintomas de des\u00e2nimo e melancolia, reflexos da falta de motiva\u00e7\u00e3o, baixa autoestima, ang\u00fastia e solid\u00e3o. Embora seja uma rea\u00e7\u00e3o passageira, \u00e9 fundamental distingui-la da depress\u00e3o, que \u00e9 uma condi\u00e7\u00e3o cl\u00ednica mais grave e persistente.<\/p>\n<p>Tristeza, na verdade, \u00e9 uma emo\u00e7\u00e3o b\u00e1sica universal, como alegria, raiva, medo e nojo. Normalmente, se traduz como resposta a eventos dif\u00edceis, perdas ou frustra\u00e7\u00f5es, sendo uma parte importante do nosso processo de adapta\u00e7\u00e3o e enfrentamento.<\/p>\n<p>Pode ser sentida f\u00edsica e mentalmente, com sintomas como falta de alegria e motiva\u00e7\u00e3o, baixa autoestima, ang\u00fastia e dor. H\u00e1 uma grande diferen\u00e7a entre tristeza e depress\u00e3o. A tristeza, na maioria dos casos, tende a ser passageira e n\u00e3o interfere gravemente nas fun\u00e7\u00f5es di\u00e1rias. A pessoa geralmente se recupera sozinha.<\/p>\n<p>J\u00e1 a depress\u00e3o \u00e9 uma condi\u00e7\u00e3o cl\u00ednica que requer aten\u00e7\u00e3o especial. Pode ser persistente e causar altera\u00e7\u00f5es significativas na vida, como falta de energia para tarefas b\u00e1sicas. \u00c9 importante n\u00e3o reprimir a emo\u00e7\u00e3o, mas sim entender o que est\u00e1 causando a tristeza. Conversar com amigos, familiares ou um profissional pode ajudar.<\/p>\n<p>Uma alimenta\u00e7\u00e3o equilibrada e sono de qualidade podem melhorar o bem-estar e espantar a tristeza. Se a tristeza for persistente e intensa, \u00e9 fundamental procurar um psic\u00f3logo ou m\u00e9dico. Mas h\u00e1 sempre recursos por perto: bons livros, atividades f\u00edsicas, ioga, medita\u00e7\u00e3o e filmes de com\u00e9dia. Um grande amor para dividir as dores e buscar as alegrias dos bons momentos da vida ajuda muito tamb\u00e9m.<\/p>\n<p>A dor de hoje, n\u00e3o tenha d\u00favida, pode ser a hist\u00f3ria de supera\u00e7\u00e3o de amanh\u00e3. Afinal, o que hoje parece dif\u00edcil demais, amanh\u00e3 se torna uma hist\u00f3ria de supera\u00e7\u00e3o. A alegria sempre encontra uma maneira de voltar. N\u00e3o h\u00e1 sombra sem luz, nem luz sem sombra. Viver significa lutar.<\/p>\n<p>Para encontrar for\u00e7a e esperan\u00e7a, basta ter a consci\u00eancia de que somos mais fortes do que imaginamos. Na minha rotina, olho sempre para frente, nunca para o retrovisor. A esperan\u00e7a \u00e9 a luz que me guia atrav\u00e9s das sombras da tristeza. A cada manh\u00e3, olho para o infinito e penso positivo, que posso sempre escalar a montanha, mesmo de pedras, para mudar o curso da hist\u00f3ria da vida.<\/p>\n<p>Se voc\u00ea est\u00e1 triste, reflita comigo: n\u00e3o adianta ficar triste se a vida exige de n\u00f3s que superemos todos os desafios. Supere-se, n\u00e3o d\u00ea lugar \u00e0s mazelas em sua vida. Expulse a tristeza com um belo sorriso, tome um banho de atitudes para acabar com o des\u00e2nimo e prepare-se para um novo tempo. Seja o dono de suas atitudes, fa\u00e7a atividades novas, invente, saia da mesmice \u2014 seu corpo e alma agradecem.<\/p>\n<p>Para levantar o astral da cr\u00f4nica, lembrei-me do \u201cSamba da B\u00ean\u00e7\u00e3o\u201d, interpretada por Maria Beth\u00e2nia, que explora a ess\u00eancia do samba ao destacar o equil\u00edbrio entre alegria e tristeza, refletindo a complexidade da alma brasileira.<\/p>\n<p>A letra afirma: \u201c\u00c9 melhor ser alegre que ser triste\u201d, mas logo acrescenta: \u201cpra fazer um samba com beleza, \u00e9 preciso um bocado de tristeza\u201d. Esses versos mostram que o samba aut\u00eantico nasce da mistura de sentimentos, onde a dor \u00e9 transformada em arte e esperan\u00e7a. A can\u00e7\u00e3o sugere que o samba \u00e9 mais do que entretenimento; \u00e9 uma express\u00e3o profunda, quase sagrada, como indica o trecho: \u201cO bom samba \u00e9 uma forma de ora\u00e7\u00e3o\u201d, e a tristeza \u201ctem sempre uma esperan\u00e7a de um dia n\u00e3o ser mais triste n\u00e3o\u201d.<\/p>\n<\/div>\n<\/div>\n<\/div>\n<\/div>\n","protected":false},"excerpt":{"rendered":"<p>Por Magno Martins \u2013 Jornalista, poeta e escritor\u00a0 \u2013 J\u00e1 falei neste espa\u00e7o de reflex\u00f5es sobre a vida do sentimento da inveja. N\u00e3o estou triste, n\u00e3o se trata do meu caso. Pelo contr\u00e1rio, a vida, gra\u00e7as ao meu bom pai celestial, s\u00f3 tem me dado motivos para sorrir. Mas me pediram para escrever sobre este [&hellip;]<\/p>\n","protected":false},"author":1,"featured_media":2106,"comment_status":"open","ping_status":"open","sticky":false,"template":"","format":"standard","meta":{"footnotes":"","jetpack_publicize_message":"","jetpack_publicize_feature_enabled":true,"jetpack_social_post_already_shared":true,"jetpack_social_options":{"image_generator_settings":{"template":"highway","default_image_id":0,"font":"","enabled":false},"version":2}},"categories":[1,35,46],"tags":[],"class_list":["post-2244","post","type-post","status-publish","format-standard","has-post-thumbnail","hentry","category-https-gazetapernambucana-com-page_id225","category-https-gazetapernambucana-com-page_id218","category-literatura"],"yoast_head":"<!-- This site is optimized with the Yoast SEO plugin v24.5 - https:\/\/yoast.com\/wordpress\/plugins\/seo\/ -->\n<title>A cr\u00f4nica domingueira. Por Magno Martins -<\/title>\n<meta name=\"robots\" content=\"index, follow, max-snippet:-1, max-image-preview:large, max-video-preview:-1\" \/>\n<link rel=\"canonical\" href=\"https:\/\/gazetapernambucana.com\/?p=2244\" \/>\n<meta property=\"og:locale\" content=\"pt_BR\" \/>\n<meta property=\"og:type\" content=\"article\" \/>\n<meta property=\"og:title\" content=\"A cr\u00f4nica domingueira. Por Magno Martins -\" \/>\n<meta property=\"og:description\" content=\"Por Magno Martins \u2013 Jornalista, poeta e escritor\u00a0 \u2013 J\u00e1 falei neste espa\u00e7o de reflex\u00f5es sobre a vida do sentimento da inveja. N\u00e3o estou triste, n\u00e3o se trata do meu caso. Pelo contr\u00e1rio, a vida, gra\u00e7as ao meu bom pai celestial, s\u00f3 tem me dado motivos para sorrir. Mas me pediram para escrever sobre este [&hellip;]\" \/>\n<meta property=\"og:url\" content=\"https:\/\/gazetapernambucana.com\/?p=2244\" \/>\n<meta property=\"article:published_time\" content=\"2025-11-23T20:25:28+00:00\" \/>\n<meta property=\"article:modified_time\" content=\"2025-11-23T20:28:47+00:00\" \/>\n<meta property=\"og:image\" content=\"https:\/\/gazetapernambucana.com\/wp-content\/uploads\/2025\/10\/download-7.jpg\" \/>\n\t<meta property=\"og:image:width\" content=\"369\" \/>\n\t<meta property=\"og:image:height\" content=\"136\" \/>\n\t<meta property=\"og:image:type\" content=\"image\/jpeg\" \/>\n<meta name=\"author\" content=\"GP\" \/>\n<meta name=\"twitter:card\" content=\"summary_large_image\" \/>\n<meta name=\"twitter:label1\" content=\"Escrito por\" \/>\n\t<meta name=\"twitter:data1\" content=\"GP\" \/>\n\t<meta name=\"twitter:label2\" content=\"Est. tempo de leitura\" \/>\n\t<meta name=\"twitter:data2\" content=\"4 minutos\" \/>\n<script type=\"application\/ld+json\" class=\"yoast-schema-graph\">{\"@context\":\"https:\/\/schema.org\",\"@graph\":[{\"@type\":\"WebPage\",\"@id\":\"https:\/\/gazetapernambucana.com\/?p=2244\",\"url\":\"https:\/\/gazetapernambucana.com\/?p=2244\",\"name\":\"A cr\u00f4nica domingueira. Por Magno Martins -\",\"isPartOf\":{\"@id\":\"https:\/\/gazetapernambucana.com\/#website\"},\"primaryImageOfPage\":{\"@id\":\"https:\/\/gazetapernambucana.com\/?p=2244#primaryimage\"},\"image\":{\"@id\":\"https:\/\/gazetapernambucana.com\/?p=2244#primaryimage\"},\"thumbnailUrl\":\"https:\/\/gazetapernambucana.com\/wp-content\/uploads\/2025\/10\/download-7.jpg\",\"datePublished\":\"2025-11-23T20:25:28+00:00\",\"dateModified\":\"2025-11-23T20:28:47+00:00\",\"author\":{\"@id\":\"https:\/\/gazetapernambucana.com\/#\/schema\/person\/188dc283325181ac2de4db1e9e987427\"},\"breadcrumb\":{\"@id\":\"https:\/\/gazetapernambucana.com\/?p=2244#breadcrumb\"},\"inLanguage\":\"pt-BR\",\"potentialAction\":[{\"@type\":\"ReadAction\",\"target\":[\"https:\/\/gazetapernambucana.com\/?p=2244\"]}]},{\"@type\":\"ImageObject\",\"inLanguage\":\"pt-BR\",\"@id\":\"https:\/\/gazetapernambucana.com\/?p=2244#primaryimage\",\"url\":\"https:\/\/gazetapernambucana.com\/wp-content\/uploads\/2025\/10\/download-7.jpg\",\"contentUrl\":\"https:\/\/gazetapernambucana.com\/wp-content\/uploads\/2025\/10\/download-7.jpg\",\"width\":369,\"height\":136},{\"@type\":\"BreadcrumbList\",\"@id\":\"https:\/\/gazetapernambucana.com\/?p=2244#breadcrumb\",\"itemListElement\":[{\"@type\":\"ListItem\",\"position\":1,\"name\":\"In\u00edcio\",\"item\":\"https:\/\/gazetapernambucana.com\/\"},{\"@type\":\"ListItem\",\"position\":2,\"name\":\"A cr\u00f4nica domingueira. Por Magno Martins\"}]},{\"@type\":\"WebSite\",\"@id\":\"https:\/\/gazetapernambucana.com\/#website\",\"url\":\"https:\/\/gazetapernambucana.com\/\",\"name\":\"\",\"description\":\"\",\"potentialAction\":[{\"@type\":\"SearchAction\",\"target\":{\"@type\":\"EntryPoint\",\"urlTemplate\":\"https:\/\/gazetapernambucana.com\/?s={search_term_string}\"},\"query-input\":{\"@type\":\"PropertyValueSpecification\",\"valueRequired\":true,\"valueName\":\"search_term_string\"}}],\"inLanguage\":\"pt-BR\"},{\"@type\":\"Person\",\"@id\":\"https:\/\/gazetapernambucana.com\/#\/schema\/person\/188dc283325181ac2de4db1e9e987427\",\"name\":\"GP\",\"image\":{\"@type\":\"ImageObject\",\"inLanguage\":\"pt-BR\",\"@id\":\"https:\/\/gazetapernambucana.com\/#\/schema\/person\/image\/\",\"url\":\"https:\/\/secure.gravatar.com\/avatar\/9dad78ff9a2d8b5742d11779f8a3f53b052320c550b2e1907882353c067bb111?s=96&d=mm&r=g\",\"contentUrl\":\"https:\/\/secure.gravatar.com\/avatar\/9dad78ff9a2d8b5742d11779f8a3f53b052320c550b2e1907882353c067bb111?s=96&d=mm&r=g\",\"caption\":\"GP\"},\"sameAs\":[\"http:\/\/gazetapernambucana.com\"],\"url\":\"https:\/\/gazetapernambucana.com\/?author=1\"}]}<\/script>\n<!-- \/ Yoast SEO plugin. -->","yoast_head_json":{"title":"A cr\u00f4nica domingueira. Por Magno Martins -","robots":{"index":"index","follow":"follow","max-snippet":"max-snippet:-1","max-image-preview":"max-image-preview:large","max-video-preview":"max-video-preview:-1"},"canonical":"https:\/\/gazetapernambucana.com\/?p=2244","og_locale":"pt_BR","og_type":"article","og_title":"A cr\u00f4nica domingueira. Por Magno Martins -","og_description":"Por Magno Martins \u2013 Jornalista, poeta e escritor\u00a0 \u2013 J\u00e1 falei neste espa\u00e7o de reflex\u00f5es sobre a vida do sentimento da inveja. N\u00e3o estou triste, n\u00e3o se trata do meu caso. Pelo contr\u00e1rio, a vida, gra\u00e7as ao meu bom pai celestial, s\u00f3 tem me dado motivos para sorrir. Mas me pediram para escrever sobre este [&hellip;]","og_url":"https:\/\/gazetapernambucana.com\/?p=2244","article_published_time":"2025-11-23T20:25:28+00:00","article_modified_time":"2025-11-23T20:28:47+00:00","og_image":[{"width":369,"height":136,"url":"https:\/\/gazetapernambucana.com\/wp-content\/uploads\/2025\/10\/download-7.jpg","type":"image\/jpeg"}],"author":"GP","twitter_card":"summary_large_image","twitter_misc":{"Escrito por":"GP","Est. tempo de leitura":"4 minutos"},"schema":{"@context":"https:\/\/schema.org","@graph":[{"@type":"WebPage","@id":"https:\/\/gazetapernambucana.com\/?p=2244","url":"https:\/\/gazetapernambucana.com\/?p=2244","name":"A cr\u00f4nica domingueira. Por Magno Martins -","isPartOf":{"@id":"https:\/\/gazetapernambucana.com\/#website"},"primaryImageOfPage":{"@id":"https:\/\/gazetapernambucana.com\/?p=2244#primaryimage"},"image":{"@id":"https:\/\/gazetapernambucana.com\/?p=2244#primaryimage"},"thumbnailUrl":"https:\/\/gazetapernambucana.com\/wp-content\/uploads\/2025\/10\/download-7.jpg","datePublished":"2025-11-23T20:25:28+00:00","dateModified":"2025-11-23T20:28:47+00:00","author":{"@id":"https:\/\/gazetapernambucana.com\/#\/schema\/person\/188dc283325181ac2de4db1e9e987427"},"breadcrumb":{"@id":"https:\/\/gazetapernambucana.com\/?p=2244#breadcrumb"},"inLanguage":"pt-BR","potentialAction":[{"@type":"ReadAction","target":["https:\/\/gazetapernambucana.com\/?p=2244"]}]},{"@type":"ImageObject","inLanguage":"pt-BR","@id":"https:\/\/gazetapernambucana.com\/?p=2244#primaryimage","url":"https:\/\/gazetapernambucana.com\/wp-content\/uploads\/2025\/10\/download-7.jpg","contentUrl":"https:\/\/gazetapernambucana.com\/wp-content\/uploads\/2025\/10\/download-7.jpg","width":369,"height":136},{"@type":"BreadcrumbList","@id":"https:\/\/gazetapernambucana.com\/?p=2244#breadcrumb","itemListElement":[{"@type":"ListItem","position":1,"name":"In\u00edcio","item":"https:\/\/gazetapernambucana.com\/"},{"@type":"ListItem","position":2,"name":"A cr\u00f4nica domingueira. Por Magno Martins"}]},{"@type":"WebSite","@id":"https:\/\/gazetapernambucana.com\/#website","url":"https:\/\/gazetapernambucana.com\/","name":"","description":"","potentialAction":[{"@type":"SearchAction","target":{"@type":"EntryPoint","urlTemplate":"https:\/\/gazetapernambucana.com\/?s={search_term_string}"},"query-input":{"@type":"PropertyValueSpecification","valueRequired":true,"valueName":"search_term_string"}}],"inLanguage":"pt-BR"},{"@type":"Person","@id":"https:\/\/gazetapernambucana.com\/#\/schema\/person\/188dc283325181ac2de4db1e9e987427","name":"GP","image":{"@type":"ImageObject","inLanguage":"pt-BR","@id":"https:\/\/gazetapernambucana.com\/#\/schema\/person\/image\/","url":"https:\/\/secure.gravatar.com\/avatar\/9dad78ff9a2d8b5742d11779f8a3f53b052320c550b2e1907882353c067bb111?s=96&d=mm&r=g","contentUrl":"https:\/\/secure.gravatar.com\/avatar\/9dad78ff9a2d8b5742d11779f8a3f53b052320c550b2e1907882353c067bb111?s=96&d=mm&r=g","caption":"GP"},"sameAs":["http:\/\/gazetapernambucana.com"],"url":"https:\/\/gazetapernambucana.com\/?author=1"}]}},"jetpack_publicize_connections":[],"_links":{"self":[{"href":"https:\/\/gazetapernambucana.com\/index.php?rest_route=\/wp\/v2\/posts\/2244","targetHints":{"allow":["GET"]}}],"collection":[{"href":"https:\/\/gazetapernambucana.com\/index.php?rest_route=\/wp\/v2\/posts"}],"about":[{"href":"https:\/\/gazetapernambucana.com\/index.php?rest_route=\/wp\/v2\/types\/post"}],"author":[{"embeddable":true,"href":"https:\/\/gazetapernambucana.com\/index.php?rest_route=\/wp\/v2\/users\/1"}],"replies":[{"embeddable":true,"href":"https:\/\/gazetapernambucana.com\/index.php?rest_route=%2Fwp%2Fv2%2Fcomments&post=2244"}],"version-history":[{"count":4,"href":"https:\/\/gazetapernambucana.com\/index.php?rest_route=\/wp\/v2\/posts\/2244\/revisions"}],"predecessor-version":[{"id":2249,"href":"https:\/\/gazetapernambucana.com\/index.php?rest_route=\/wp\/v2\/posts\/2244\/revisions\/2249"}],"wp:featuredmedia":[{"embeddable":true,"href":"https:\/\/gazetapernambucana.com\/index.php?rest_route=\/wp\/v2\/media\/2106"}],"wp:attachment":[{"href":"https:\/\/gazetapernambucana.com\/index.php?rest_route=%2Fwp%2Fv2%2Fmedia&parent=2244"}],"wp:term":[{"taxonomy":"category","embeddable":true,"href":"https:\/\/gazetapernambucana.com\/index.php?rest_route=%2Fwp%2Fv2%2Fcategories&post=2244"},{"taxonomy":"post_tag","embeddable":true,"href":"https:\/\/gazetapernambucana.com\/index.php?rest_route=%2Fwp%2Fv2%2Ftags&post=2244"}],"curies":[{"name":"wp","href":"https:\/\/api.w.org\/{rel}","templated":true}]}}