{"id":2219,"date":"2025-11-09T22:05:55","date_gmt":"2025-11-10T01:05:55","guid":{"rendered":"https:\/\/gazetapernambucana.com\/?p=2219"},"modified":"2025-11-09T22:05:55","modified_gmt":"2025-11-10T01:05:55","slug":"mamae-entre-o-exilio-das-palavras-e-a-luz-do-teu-nome-meu-livro-e-eu-te-esperamos-por-flavio-chaves","status":"publish","type":"post","link":"https:\/\/gazetapernambucana.com\/?p=2219","title":{"rendered":"Mam\u00e3e, entre o ex\u00edlio das palavras e a luz do teu nome, meu livro e eu te esperamos. Por Fl\u00e1vio Chaves"},"content":{"rendered":"<p data-start=\"285\" data-end=\"375\"><strong>Por Fl\u00e1vio Chaves \u2013 Jornalista, poeta, escritor e membro da Academia Pernambucana de Letras. Foi Delegado Federal\/Minc\u00a0 \u2013\u00a0 <\/strong>Mam\u00e3e, luz primeira dos meus olhos ainda fechados, colo onde meu nome aprendeu a respirar,<\/p>\n<p data-start=\"377\" data-end=\"785\">Desde os recantos mais profundos da inf\u00e2ncia, aquele tempo imaculado em que teu abra\u00e7o era a geografia sagrada onde minha alma, ainda tr\u00eamula, se aninhava para nascer \u2014 trago aceso em mim o calor do teu amor, aquele que envolvia minhas manh\u00e3s com sil\u00eancio e ora\u00e7\u00e3o, aquele que me vestia com a f\u00e9 que tu sabias sem esfor\u00e7o, como quem acende uma vela e a entrega ao vento, confiante de que ela n\u00e3o se apagar\u00e1.<\/p>\n<p data-start=\"787\" data-end=\"1376\">Tu foste minha primeira morada, minha primeira terra, meu primeiro c\u00e9u. A mulher que traduziu Deus com gestos e p\u00e3o, com m\u00e3os calejadas e ternura infind\u00e1vel. E mesmo quando partiste, quando teus olhos se cerraram para este mundo e se abriram para aquele onde as dores n\u00e3o mais ardem, eu continuei sentindo tua presen\u00e7a como quem sente um perfume esquecido e, de repente, reconhece a eternidade. Tu n\u00e3o morreste, mam\u00e3e. Apenas atravessaste o rio. Continuas aqui, no fio secreto das horas, na brisa que me visita quando o sil\u00eancio se alarga, na for\u00e7a que me ampara quando o ch\u00e3o se dissolve.<\/p>\n<p data-start=\"1378\" data-end=\"1935\">Escrevo-te agora, n\u00e3o como quem escreve uma carta, mas como quem devolve \u00e0 luz o que nunca deveria ter partido. Quero que saibas que cada palavra que rabisco, cada par\u00e1grafo que ouso construir, carrega um pouco do teu olhar. Tu, que foste a primeira a acreditar na minha voz, \u00e9s tamb\u00e9m a raz\u00e3o pela qual sigo escrevendo mesmo quando o mundo parece afogado em ru\u00eddos. Quando abro o caderno, \u00e9s tu quem me guia a m\u00e3o. Quando hesito, \u00e9 tua lembran\u00e7a que me levanta. Quando a l\u00e1grima amea\u00e7a cair, \u00e9s tu que me enxugas o rosto com dedos invis\u00edveis de eternidade.<\/p>\n<p data-start=\"1937\" data-end=\"2335\">E \u00e9 por isso que venho, com o cora\u00e7\u00e3o aberto como um livro antigo, convidar-te, minha m\u00e3e de luz, para o lan\u00e7amento do meu novo ensaio, intitulado Sheikha Moza Nasser, Hamlet e o Ex\u00edlio. Uma obra tecida com as fibras do pensamento e da emo\u00e7\u00e3o, onde o poder feminino, a dor do desterro e a interroga\u00e7\u00e3o existencial de um pr\u00edncipe se entrela\u00e7am como destinos que se reconhecem no espelho da alma.<\/p>\n<p data-start=\"2337\" data-end=\"2989\">Este livro ser\u00e1 lan\u00e7ado no dia 13 de novembro, \u00e0s 19h, na Academia Pernambucana de Letras, localizada na Avenida Rui Barbosa, n\u00famero 1596, bairro das Gra\u00e7as, Recife,\u00a0tua cidade tamb\u00e9m, teu ch\u00e3o. E mesmo sabendo que teus p\u00e9s n\u00e3o mais tocam o asfalto, pe\u00e7o que estejas comigo. N\u00e3o precisas de corpo, porque teu esp\u00edrito \u00e9 vasto como a noite, e tua presen\u00e7a \u00e9 uma estrela que nunca se apaga. Vem, mam\u00e3e, vem com teus olhos doces, tua f\u00e9 que tudo aben\u00e7oa, teu amor que atravessa os v\u00e9us. Senta-te ao meu lado, em sil\u00eancio, como fazias nas noites em que eu, menino, lia em voz alta meus primeiros escritos, crente de que o mundo cabia no papel.<\/p>\n<p data-start=\"2991\" data-end=\"3286\">Tua presen\u00e7a ser\u00e1 meu talism\u00e3. Tua aus\u00eancia aparente, minha for\u00e7a. Porque todo livro que nasce em mim nasce tamb\u00e9m de ti. Toda ideia germina da semente que plantaste com teus gestos. Toda frase carrega teu sopro. Tu \u00e9s a palavra n\u00e3o escrita, mas sentida. \u00c9s a dedicat\u00f3ria invis\u00edvel em cada obra.<\/p>\n<p data-start=\"3288\" data-end=\"3722\">Prometo, m\u00e3e, que estarei l\u00e1 inteiro. Com minha alma exposta, com meu cora\u00e7\u00e3o vibrando, com minha mem\u00f3ria embebida de ti. Porque ainda te amo, e te amarei em cada noite de lan\u00e7amento, em cada leitura solit\u00e1ria, em cada livro que for abrigo. Que este convite voe at\u00e9 ti como uma ave em ora\u00e7\u00e3o, e que no dia marcado, quando as luzes se acenderem, tu possas sorrir, e dizer em sil\u00eancio: \u201cEu estou aqui, meu filho. Nunca deixei de estar.\u201d<\/p>\n<p data-start=\"3724\" data-end=\"3763\">Com todo o amor que me ensinaste a ter,<\/p>\n<p data-start=\"3765\" data-end=\"3775\" data-is-last-node=\"\" data-is-only-node=\"\">Teu filho.<\/p>\n<p data-start=\"3765\" data-end=\"3775\" data-is-last-node=\"\" data-is-only-node=\"\">Fl\u00e1vio Chaves<\/p>\n","protected":false},"excerpt":{"rendered":"<p>Por Fl\u00e1vio Chaves \u2013 Jornalista, poeta, escritor e membro da Academia Pernambucana de Letras. Foi Delegado Federal\/Minc\u00a0 \u2013\u00a0 Mam\u00e3e, luz primeira dos meus olhos ainda fechados, colo onde meu nome aprendeu a respirar, Desde os recantos mais profundos da inf\u00e2ncia, aquele tempo imaculado em que teu abra\u00e7o era a geografia sagrada onde minha alma, ainda [&hellip;]<\/p>\n","protected":false},"author":1,"featured_media":1284,"comment_status":"open","ping_status":"open","sticky":false,"template":"","format":"standard","meta":{"footnotes":"","jetpack_publicize_message":"","jetpack_publicize_feature_enabled":true,"jetpack_social_post_already_shared":true,"jetpack_social_options":{"image_generator_settings":{"template":"highway","default_image_id":0,"font":"","enabled":false},"version":2}},"categories":[1,35,46],"tags":[],"class_list":["post-2219","post","type-post","status-publish","format-standard","has-post-thumbnail","hentry","category-https-gazetapernambucana-com-page_id225","category-https-gazetapernambucana-com-page_id218","category-literatura"],"yoast_head":"<!-- This site is optimized with the Yoast SEO plugin v24.5 - https:\/\/yoast.com\/wordpress\/plugins\/seo\/ -->\n<title>Mam\u00e3e, entre o ex\u00edlio das palavras e a luz do teu nome, meu livro e eu te esperamos. Por Fl\u00e1vio Chaves -<\/title>\n<meta name=\"robots\" content=\"index, follow, max-snippet:-1, max-image-preview:large, max-video-preview:-1\" \/>\n<link rel=\"canonical\" href=\"https:\/\/gazetapernambucana.com\/?p=2219\" \/>\n<meta property=\"og:locale\" content=\"pt_BR\" \/>\n<meta property=\"og:type\" content=\"article\" \/>\n<meta property=\"og:title\" content=\"Mam\u00e3e, entre o ex\u00edlio das palavras e a luz do teu nome, meu livro e eu te esperamos. Por Fl\u00e1vio Chaves -\" \/>\n<meta property=\"og:description\" content=\"Por Fl\u00e1vio Chaves \u2013 Jornalista, poeta, escritor e membro da Academia Pernambucana de Letras. Foi Delegado Federal\/Minc\u00a0 \u2013\u00a0 Mam\u00e3e, luz primeira dos meus olhos ainda fechados, colo onde meu nome aprendeu a respirar, Desde os recantos mais profundos da inf\u00e2ncia, aquele tempo imaculado em que teu abra\u00e7o era a geografia sagrada onde minha alma, ainda [&hellip;]\" \/>\n<meta property=\"og:url\" content=\"https:\/\/gazetapernambucana.com\/?p=2219\" \/>\n<meta property=\"article:published_time\" content=\"2025-11-10T01:05:55+00:00\" \/>\n<meta property=\"og:image\" content=\"https:\/\/gazetapernambucana.com\/wp-content\/uploads\/2025\/07\/516787470_25047284091523873_183056062188469242_n.jpg\" \/>\n\t<meta property=\"og:image:width\" content=\"1024\" \/>\n\t<meta property=\"og:image:height\" content=\"1024\" \/>\n\t<meta property=\"og:image:type\" content=\"image\/jpeg\" \/>\n<meta name=\"author\" content=\"GP\" \/>\n<meta name=\"twitter:card\" content=\"summary_large_image\" \/>\n<meta name=\"twitter:label1\" content=\"Escrito por\" \/>\n\t<meta name=\"twitter:data1\" content=\"GP\" \/>\n\t<meta name=\"twitter:label2\" content=\"Est. tempo de leitura\" \/>\n\t<meta name=\"twitter:data2\" content=\"4 minutos\" \/>\n<script type=\"application\/ld+json\" class=\"yoast-schema-graph\">{\"@context\":\"https:\/\/schema.org\",\"@graph\":[{\"@type\":\"WebPage\",\"@id\":\"https:\/\/gazetapernambucana.com\/?p=2219\",\"url\":\"https:\/\/gazetapernambucana.com\/?p=2219\",\"name\":\"Mam\u00e3e, entre o ex\u00edlio das palavras e a luz do teu nome, meu livro e eu te esperamos. Por Fl\u00e1vio Chaves -\",\"isPartOf\":{\"@id\":\"https:\/\/gazetapernambucana.com\/#website\"},\"primaryImageOfPage\":{\"@id\":\"https:\/\/gazetapernambucana.com\/?p=2219#primaryimage\"},\"image\":{\"@id\":\"https:\/\/gazetapernambucana.com\/?p=2219#primaryimage\"},\"thumbnailUrl\":\"https:\/\/gazetapernambucana.com\/wp-content\/uploads\/2025\/07\/516787470_25047284091523873_183056062188469242_n.jpg\",\"datePublished\":\"2025-11-10T01:05:55+00:00\",\"author\":{\"@id\":\"https:\/\/gazetapernambucana.com\/#\/schema\/person\/188dc283325181ac2de4db1e9e987427\"},\"breadcrumb\":{\"@id\":\"https:\/\/gazetapernambucana.com\/?p=2219#breadcrumb\"},\"inLanguage\":\"pt-BR\",\"potentialAction\":[{\"@type\":\"ReadAction\",\"target\":[\"https:\/\/gazetapernambucana.com\/?p=2219\"]}]},{\"@type\":\"ImageObject\",\"inLanguage\":\"pt-BR\",\"@id\":\"https:\/\/gazetapernambucana.com\/?p=2219#primaryimage\",\"url\":\"https:\/\/gazetapernambucana.com\/wp-content\/uploads\/2025\/07\/516787470_25047284091523873_183056062188469242_n.jpg\",\"contentUrl\":\"https:\/\/gazetapernambucana.com\/wp-content\/uploads\/2025\/07\/516787470_25047284091523873_183056062188469242_n.jpg\",\"width\":1024,\"height\":1024},{\"@type\":\"BreadcrumbList\",\"@id\":\"https:\/\/gazetapernambucana.com\/?p=2219#breadcrumb\",\"itemListElement\":[{\"@type\":\"ListItem\",\"position\":1,\"name\":\"In\u00edcio\",\"item\":\"https:\/\/gazetapernambucana.com\/\"},{\"@type\":\"ListItem\",\"position\":2,\"name\":\"Mam\u00e3e, entre o ex\u00edlio das palavras e a luz do teu nome, meu livro e eu te esperamos. Por Fl\u00e1vio Chaves\"}]},{\"@type\":\"WebSite\",\"@id\":\"https:\/\/gazetapernambucana.com\/#website\",\"url\":\"https:\/\/gazetapernambucana.com\/\",\"name\":\"\",\"description\":\"\",\"potentialAction\":[{\"@type\":\"SearchAction\",\"target\":{\"@type\":\"EntryPoint\",\"urlTemplate\":\"https:\/\/gazetapernambucana.com\/?s={search_term_string}\"},\"query-input\":{\"@type\":\"PropertyValueSpecification\",\"valueRequired\":true,\"valueName\":\"search_term_string\"}}],\"inLanguage\":\"pt-BR\"},{\"@type\":\"Person\",\"@id\":\"https:\/\/gazetapernambucana.com\/#\/schema\/person\/188dc283325181ac2de4db1e9e987427\",\"name\":\"GP\",\"image\":{\"@type\":\"ImageObject\",\"inLanguage\":\"pt-BR\",\"@id\":\"https:\/\/gazetapernambucana.com\/#\/schema\/person\/image\/\",\"url\":\"https:\/\/secure.gravatar.com\/avatar\/9dad78ff9a2d8b5742d11779f8a3f53b052320c550b2e1907882353c067bb111?s=96&d=mm&r=g\",\"contentUrl\":\"https:\/\/secure.gravatar.com\/avatar\/9dad78ff9a2d8b5742d11779f8a3f53b052320c550b2e1907882353c067bb111?s=96&d=mm&r=g\",\"caption\":\"GP\"},\"sameAs\":[\"http:\/\/gazetapernambucana.com\"],\"url\":\"https:\/\/gazetapernambucana.com\/?author=1\"}]}<\/script>\n<!-- \/ Yoast SEO plugin. -->","yoast_head_json":{"title":"Mam\u00e3e, entre o ex\u00edlio das palavras e a luz do teu nome, meu livro e eu te esperamos. Por Fl\u00e1vio Chaves -","robots":{"index":"index","follow":"follow","max-snippet":"max-snippet:-1","max-image-preview":"max-image-preview:large","max-video-preview":"max-video-preview:-1"},"canonical":"https:\/\/gazetapernambucana.com\/?p=2219","og_locale":"pt_BR","og_type":"article","og_title":"Mam\u00e3e, entre o ex\u00edlio das palavras e a luz do teu nome, meu livro e eu te esperamos. Por Fl\u00e1vio Chaves -","og_description":"Por Fl\u00e1vio Chaves \u2013 Jornalista, poeta, escritor e membro da Academia Pernambucana de Letras. Foi Delegado Federal\/Minc\u00a0 \u2013\u00a0 Mam\u00e3e, luz primeira dos meus olhos ainda fechados, colo onde meu nome aprendeu a respirar, Desde os recantos mais profundos da inf\u00e2ncia, aquele tempo imaculado em que teu abra\u00e7o era a geografia sagrada onde minha alma, ainda [&hellip;]","og_url":"https:\/\/gazetapernambucana.com\/?p=2219","article_published_time":"2025-11-10T01:05:55+00:00","og_image":[{"width":1024,"height":1024,"url":"https:\/\/gazetapernambucana.com\/wp-content\/uploads\/2025\/07\/516787470_25047284091523873_183056062188469242_n.jpg","type":"image\/jpeg"}],"author":"GP","twitter_card":"summary_large_image","twitter_misc":{"Escrito por":"GP","Est. tempo de leitura":"4 minutos"},"schema":{"@context":"https:\/\/schema.org","@graph":[{"@type":"WebPage","@id":"https:\/\/gazetapernambucana.com\/?p=2219","url":"https:\/\/gazetapernambucana.com\/?p=2219","name":"Mam\u00e3e, entre o ex\u00edlio das palavras e a luz do teu nome, meu livro e eu te esperamos. Por Fl\u00e1vio Chaves -","isPartOf":{"@id":"https:\/\/gazetapernambucana.com\/#website"},"primaryImageOfPage":{"@id":"https:\/\/gazetapernambucana.com\/?p=2219#primaryimage"},"image":{"@id":"https:\/\/gazetapernambucana.com\/?p=2219#primaryimage"},"thumbnailUrl":"https:\/\/gazetapernambucana.com\/wp-content\/uploads\/2025\/07\/516787470_25047284091523873_183056062188469242_n.jpg","datePublished":"2025-11-10T01:05:55+00:00","author":{"@id":"https:\/\/gazetapernambucana.com\/#\/schema\/person\/188dc283325181ac2de4db1e9e987427"},"breadcrumb":{"@id":"https:\/\/gazetapernambucana.com\/?p=2219#breadcrumb"},"inLanguage":"pt-BR","potentialAction":[{"@type":"ReadAction","target":["https:\/\/gazetapernambucana.com\/?p=2219"]}]},{"@type":"ImageObject","inLanguage":"pt-BR","@id":"https:\/\/gazetapernambucana.com\/?p=2219#primaryimage","url":"https:\/\/gazetapernambucana.com\/wp-content\/uploads\/2025\/07\/516787470_25047284091523873_183056062188469242_n.jpg","contentUrl":"https:\/\/gazetapernambucana.com\/wp-content\/uploads\/2025\/07\/516787470_25047284091523873_183056062188469242_n.jpg","width":1024,"height":1024},{"@type":"BreadcrumbList","@id":"https:\/\/gazetapernambucana.com\/?p=2219#breadcrumb","itemListElement":[{"@type":"ListItem","position":1,"name":"In\u00edcio","item":"https:\/\/gazetapernambucana.com\/"},{"@type":"ListItem","position":2,"name":"Mam\u00e3e, entre o ex\u00edlio das palavras e a luz do teu nome, meu livro e eu te esperamos. Por Fl\u00e1vio Chaves"}]},{"@type":"WebSite","@id":"https:\/\/gazetapernambucana.com\/#website","url":"https:\/\/gazetapernambucana.com\/","name":"","description":"","potentialAction":[{"@type":"SearchAction","target":{"@type":"EntryPoint","urlTemplate":"https:\/\/gazetapernambucana.com\/?s={search_term_string}"},"query-input":{"@type":"PropertyValueSpecification","valueRequired":true,"valueName":"search_term_string"}}],"inLanguage":"pt-BR"},{"@type":"Person","@id":"https:\/\/gazetapernambucana.com\/#\/schema\/person\/188dc283325181ac2de4db1e9e987427","name":"GP","image":{"@type":"ImageObject","inLanguage":"pt-BR","@id":"https:\/\/gazetapernambucana.com\/#\/schema\/person\/image\/","url":"https:\/\/secure.gravatar.com\/avatar\/9dad78ff9a2d8b5742d11779f8a3f53b052320c550b2e1907882353c067bb111?s=96&d=mm&r=g","contentUrl":"https:\/\/secure.gravatar.com\/avatar\/9dad78ff9a2d8b5742d11779f8a3f53b052320c550b2e1907882353c067bb111?s=96&d=mm&r=g","caption":"GP"},"sameAs":["http:\/\/gazetapernambucana.com"],"url":"https:\/\/gazetapernambucana.com\/?author=1"}]}},"jetpack_publicize_connections":[],"_links":{"self":[{"href":"https:\/\/gazetapernambucana.com\/index.php?rest_route=\/wp\/v2\/posts\/2219","targetHints":{"allow":["GET"]}}],"collection":[{"href":"https:\/\/gazetapernambucana.com\/index.php?rest_route=\/wp\/v2\/posts"}],"about":[{"href":"https:\/\/gazetapernambucana.com\/index.php?rest_route=\/wp\/v2\/types\/post"}],"author":[{"embeddable":true,"href":"https:\/\/gazetapernambucana.com\/index.php?rest_route=\/wp\/v2\/users\/1"}],"replies":[{"embeddable":true,"href":"https:\/\/gazetapernambucana.com\/index.php?rest_route=%2Fwp%2Fv2%2Fcomments&post=2219"}],"version-history":[{"count":1,"href":"https:\/\/gazetapernambucana.com\/index.php?rest_route=\/wp\/v2\/posts\/2219\/revisions"}],"predecessor-version":[{"id":2220,"href":"https:\/\/gazetapernambucana.com\/index.php?rest_route=\/wp\/v2\/posts\/2219\/revisions\/2220"}],"wp:featuredmedia":[{"embeddable":true,"href":"https:\/\/gazetapernambucana.com\/index.php?rest_route=\/wp\/v2\/media\/1284"}],"wp:attachment":[{"href":"https:\/\/gazetapernambucana.com\/index.php?rest_route=%2Fwp%2Fv2%2Fmedia&parent=2219"}],"wp:term":[{"taxonomy":"category","embeddable":true,"href":"https:\/\/gazetapernambucana.com\/index.php?rest_route=%2Fwp%2Fv2%2Fcategories&post=2219"},{"taxonomy":"post_tag","embeddable":true,"href":"https:\/\/gazetapernambucana.com\/index.php?rest_route=%2Fwp%2Fv2%2Ftags&post=2219"}],"curies":[{"name":"wp","href":"https:\/\/api.w.org\/{rel}","templated":true}]}}