{"id":2214,"date":"2025-11-09T14:08:58","date_gmt":"2025-11-09T17:08:58","guid":{"rendered":"https:\/\/gazetapernambucana.com\/?p=2214"},"modified":"2025-11-09T14:11:08","modified_gmt":"2025-11-09T17:11:08","slug":"a-cronica-domingueira-por-magno-martins-15","status":"publish","type":"post","link":"https:\/\/gazetapernambucana.com\/?p=2214","title":{"rendered":"A cr\u00f4nica domingueira. Por Magno Martins"},"content":{"rendered":"<div class=\"elementor-element elementor-element-7d2fc729 titulo-post elementor-widget elementor-widget-theme-post-title elementor-page-title elementor-widget-heading\" data-id=\"7d2fc729\" data-element_type=\"widget\" data-widget_type=\"theme-post-title.default\">\n<div class=\"elementor-widget-container\"><\/div>\n<\/div>\n<section class=\"elementor-section elementor-inner-section elementor-element elementor-element-7e25a070 elementor-section-boxed elementor-section-height-default elementor-section-height-default\" data-id=\"7e25a070\" data-element_type=\"section\">\n<div class=\"elementor-container elementor-column-gap-default\">\n<div class=\"elementor-column elementor-col-50 elementor-inner-column elementor-element elementor-element-24f401b5\" data-id=\"24f401b5\" data-element_type=\"column\">\n<div class=\"elementor-widget-wrap elementor-element-populated\">\n<div class=\"elementor-element elementor-element-6b34b66e elementor-share-buttons--view-icon elementor-share-buttons--skin-flat elementor-share-buttons--align-right elementor-share-buttons--shape-square elementor-grid-0 elementor-share-buttons--color-official elementor-widget elementor-widget-share-buttons\" data-id=\"6b34b66e\" data-element_type=\"widget\" data-settings=\"{&quot;share_url&quot;:{&quot;url&quot;:&quot;https:\\\/\\\/blogdomagno.com.br\\\/a-cronica-domingueira-56\\\/&quot;,&quot;is_external&quot;:&quot;&quot;,&quot;nofollow&quot;:&quot;&quot;,&quot;custom_attributes&quot;:&quot;&quot;}}\" data-widget_type=\"share-buttons.default\">\n<div class=\"elementor-widget-container\">\n<div class=\"elementor-grid\"><strong>Por Magno Martins \u2013 Jornalista, poeta e escritor\u00a0 \u2013\u00a0 <\/strong>A humanidade vive de sentimentos. Os sentimentos s\u00e3o os vetores da vida quando positivos, como o amor, a felicidade e a gratid\u00e3o. Mas existem, infelizmente, os sentimentos negativos, entre eles a inveja, provocada pela prosperidade alheia, acompanhada pelo desejo de ter o que o outro possui.<\/div>\n<\/div>\n<\/div>\n<\/div>\n<\/div>\n<\/div>\n<\/section>\n<div class=\"elementor-element elementor-element-746f5ae4 elementor-widget elementor-widget-theme-post-content\" data-id=\"746f5ae4\" data-element_type=\"widget\" data-widget_type=\"theme-post-content.default\">\n<div class=\"elementor-widget-container\">\n<div id=\"ub-expand-b604f440-0b69-4ef6-b717-c400a1886497\" class=\"wp-block-ub-expand ub-expand\" data-scroll-type=\"false\" data-scroll-amount=\"\" data-scroll-target=\"\">\n<div id=\"ub-expand-full-f5560cb0-5e16-4659-b987-dff53623090c\" class=\"ub-expand-portion ub-expand-partial wp-block-ub-expand-portion\" tabindex=\"0\" role=\"button\" aria-expanded=\"false\" aria-controls=\"ub-expand-full-f5560cb0-5e16-4659-b987-dff53623090c\">\n<p>Embora seja natural, causa sofrimento, se n\u00e3o for bem administrada. Por sua conota\u00e7\u00e3o, poucas pessoas admitem senti-la. Sou um homem feliz, temente a Deus, apegado a fam\u00edlia e desprovido de qualquer sentimento invejoso. Segundo a B\u00edblia, a inveja \u00e9 pior do que a ira e o furor.<\/p>\n<\/div>\n<div id=\"ub-expand-full-f5560cb0-5e16-4659-b987-dff53623090c\" class=\"ub-expand-portion ub-expand-full wp-block-ub-expand-portion\" tabindex=\"0\" role=\"button\" aria-expanded=\"false\" aria-controls=\"ub-expand-full-f5560cb0-5e16-4659-b987-dff53623090c\">\n<p>\u00c9 um sentimento maligno que algumas pessoas nutrem pelas outras. Pe\u00e7o a Deus todos os dias para nunca ser contaminado por esse mal. Mais do que isso, para ser protegido pela sua gra\u00e7a das assombra\u00e7\u00f5es e tenta\u00e7\u00f5es dos invejosos, dos olhos de c\u00e3o.<\/p>\n<p><img loading=\"lazy\" decoding=\"async\" class=\"size-medium wp-image-2215 aligncenter\" src=\"http:\/\/gazetapernambucana.com\/wp-content\/uploads\/2025\/11\/WhatsApp-Image-2025-11-08-at-10.25.3811-300x296.jpeg\" alt=\"\" width=\"300\" height=\"296\" srcset=\"https:\/\/gazetapernambucana.com\/wp-content\/uploads\/2025\/11\/WhatsApp-Image-2025-11-08-at-10.25.3811-300x296.jpeg 300w, https:\/\/gazetapernambucana.com\/wp-content\/uploads\/2025\/11\/WhatsApp-Image-2025-11-08-at-10.25.3811-768x758.jpeg 768w, https:\/\/gazetapernambucana.com\/wp-content\/uploads\/2025\/11\/WhatsApp-Image-2025-11-08-at-10.25.3811.jpeg 1000w\" sizes=\"auto, (max-width: 300px) 100vw, 300px\" \/><\/p>\n<p>A inveja \u00e9 uma doen\u00e7a, vem do maligno, dizia minha m\u00e3e, me aconselhando: \u201cFuja dos que te invejam, dos falsos\u201d. Nunca esqueci seus conselhos e admoesta\u00e7\u00f5es. M\u00e3e \u00e9 anjo sagrado enviado por Deus. Com o tempo, o senhor da raz\u00e3o, fui me convencendo de que a inveja \u00e9 o aplauso silencioso de quem n\u00e3o teve coragem de lutar, de batalhar na vida, sem medo de tempestades.<\/p>\n<p>Quem te inveja, saiba disso com convic\u00e7\u00e3o e experi\u00eancia, te acompanha de longe, porque de perto n\u00e3o aguenta o teu brilho. Cuidado com a inveja! Ela costuma vir disfar\u00e7ada de um tapinha nas costas querendo ser amiga de todo mundo. Se h\u00e1 invejosos, \u00e9 porque o invejado est\u00e1 fazendo algo bem-sucedido.<\/p>\n<p>A inveja \u00e9 t\u00e3o vil e vergonhosa que ningu\u00e9m se atreve a confess\u00e1-la. Dura sempre mais tempo que a felicidade daqueles que invejamos. Aprendi que com intelectualidade pura cria-se invejosos e com o cora\u00e7\u00e3o, amigos. Quem vive comparando a vida dos outros, esquece de viver a sua.<\/p>\n<p>O invejoso n\u00e3o quer apenas o alheio, ele n\u00e3o suporta ver ao seu redor quem conquistou bonan\u00e7as, quem subiu a montanha de pedras sem esmorecer um s\u00f3 instante. Os invejosos zombam do que haviam de admirar, e fazem farsa do que deviam aplaudir.<\/p>\n<p>A inveja n\u00e3o rouba nossa luz, s\u00f3 revela quem nunca soube brilhar. Os invejosos est\u00e3o em todos os cantos, disseminando o mal. H\u00e1 conselhos que minha m\u00e3e me ensinou para escapar das garras dos invejosos. Para n\u00e3o despertar tanta inveja nos outros, me aconselhava a evitar contar vit\u00f3rias retumbantes, apenas revelar nossas lutas di\u00e1rias para sobreviver.<\/p>\n<p>A B\u00edblia nos adverte com firmeza: \u201cO cora\u00e7\u00e3o em paz d\u00e1 vida ao corpo, mas a inveja \u00e9 podrid\u00e3o dos ossos\u201d (Prov\u00e9rbios 14,30). E S\u00e3o Tiago acrescenta: \u201cOnde h\u00e1 inveja e ambi\u00e7\u00e3o ego\u00edsta, a\u00ed h\u00e1 confus\u00e3o e toda esp\u00e9cie de males\u201d (Tiago 3,16). O vers\u00edculo descreve a inveja como a raiz de muitos problemas, pois gera desordem, perturba\u00e7\u00e3o e uma s\u00e9rie de a\u00e7\u00f5es perversas.<\/p>\n<p>J\u00e1 a sabedoria que vem do c\u00e9u \u00e9 pura, pac\u00edfica, am\u00e1vel e cheia de miseric\u00f3rdia e boas obras, mostrando que a inveja \u00e9 um oposto da sabedoria divina. A inveja, como um fato cl\u00ednico, \u00e9 origin\u00e1ria da intensifica\u00e7\u00e3o do \u00f3dio, sendo mobilizada pela puls\u00e3o de morte voltada contra o pr\u00f3prio sujeito invejoso.<\/p>\n<p>A inveja \u00e9 um tipo de dor psicol\u00f3gica sentida quando, ao nos compararmos a outros, avaliamos que nosso valor, nossa autoestima e nosso autorrespeito est\u00e3o diminu\u00eddos. Inveja \u00e9 a dolorosa observa\u00e7\u00e3o daquilo que nos falta.<\/p>\n<p>Sentimos inveja quando outra pessoa tem caracter\u00edsticas superiores \u00e0s nossas. Para quebrar a inveja, \u00e9 poss\u00edvel adotar pr\u00e1ticas espirituais e comportamentais, como o desenvolvimento pessoal e da gratid\u00e3o, al\u00e9m de ora\u00e7\u00f5es. A neutraliza\u00e7\u00e3o da inveja tamb\u00e9m envolve o autocuidado, o fortalecimento interno, a busca por ambientes positivos e o afastamento de pessoas invejosas.<\/p>\n<p>A maior arma contra a inveja alheia \u00e9 ser incondicionalmente feliz. Quem vive bem resolvido no amor, no trabalho, na fam\u00edlia, entre amigos, enfim, n\u00e3o inveja a ningu\u00e9m.<\/p>\n<p>Pense nisso! N\u00e3o adianta torcer contra ou invejar. Quem tem Deus no cora\u00e7\u00e3o n\u00e3o h\u00e1 maldade que atinja. \u2060Sorria! A felicidade \u00e9 nosso maior escudo contra a inveja alheia. \u2060A maior arma contra a inveja, mau-olhado e \u00f3dio \u00e9 a bondade, a paz e a felicidade. Ent\u00e3o, n\u00e3o deixe nenhum mau-olhado ofuscar seu brilho, pois essa \u00e9 a lei da vida.<\/p>\n<\/div>\n<\/div>\n<\/div>\n<\/div>\n","protected":false},"excerpt":{"rendered":"<p>Por Magno Martins \u2013 Jornalista, poeta e escritor\u00a0 \u2013\u00a0 A humanidade vive de sentimentos. Os sentimentos s\u00e3o os vetores da vida quando positivos, como o amor, a felicidade e a gratid\u00e3o. Mas existem, infelizmente, os sentimentos negativos, entre eles a inveja, provocada pela prosperidade alheia, acompanhada pelo desejo de ter o que o outro possui. [&hellip;]<\/p>\n","protected":false},"author":1,"featured_media":2106,"comment_status":"open","ping_status":"open","sticky":false,"template":"","format":"standard","meta":{"footnotes":"","jetpack_publicize_message":"","jetpack_publicize_feature_enabled":true,"jetpack_social_post_already_shared":true,"jetpack_social_options":{"image_generator_settings":{"template":"highway","default_image_id":0,"font":"","enabled":false},"version":2}},"categories":[1,35,46],"tags":[],"class_list":["post-2214","post","type-post","status-publish","format-standard","has-post-thumbnail","hentry","category-https-gazetapernambucana-com-page_id225","category-https-gazetapernambucana-com-page_id218","category-literatura"],"yoast_head":"<!-- This site is optimized with the Yoast SEO plugin v24.5 - https:\/\/yoast.com\/wordpress\/plugins\/seo\/ -->\n<title>A cr\u00f4nica domingueira. Por Magno Martins -<\/title>\n<meta name=\"robots\" content=\"index, follow, max-snippet:-1, max-image-preview:large, max-video-preview:-1\" \/>\n<link rel=\"canonical\" href=\"https:\/\/gazetapernambucana.com\/?p=2214\" \/>\n<meta property=\"og:locale\" content=\"pt_BR\" \/>\n<meta property=\"og:type\" content=\"article\" \/>\n<meta property=\"og:title\" content=\"A cr\u00f4nica domingueira. Por Magno Martins -\" \/>\n<meta property=\"og:description\" content=\"Por Magno Martins \u2013 Jornalista, poeta e escritor\u00a0 \u2013\u00a0 A humanidade vive de sentimentos. Os sentimentos s\u00e3o os vetores da vida quando positivos, como o amor, a felicidade e a gratid\u00e3o. Mas existem, infelizmente, os sentimentos negativos, entre eles a inveja, provocada pela prosperidade alheia, acompanhada pelo desejo de ter o que o outro possui. [&hellip;]\" \/>\n<meta property=\"og:url\" content=\"https:\/\/gazetapernambucana.com\/?p=2214\" \/>\n<meta property=\"article:published_time\" content=\"2025-11-09T17:08:58+00:00\" \/>\n<meta property=\"article:modified_time\" content=\"2025-11-09T17:11:08+00:00\" \/>\n<meta property=\"og:image\" content=\"https:\/\/gazetapernambucana.com\/wp-content\/uploads\/2025\/10\/download-7.jpg\" \/>\n\t<meta property=\"og:image:width\" content=\"369\" \/>\n\t<meta property=\"og:image:height\" content=\"136\" \/>\n\t<meta property=\"og:image:type\" content=\"image\/jpeg\" \/>\n<meta name=\"author\" content=\"GP\" \/>\n<meta name=\"twitter:card\" content=\"summary_large_image\" \/>\n<meta name=\"twitter:label1\" content=\"Escrito por\" \/>\n\t<meta name=\"twitter:data1\" content=\"GP\" \/>\n\t<meta name=\"twitter:label2\" content=\"Est. tempo de leitura\" \/>\n\t<meta name=\"twitter:data2\" content=\"5 minutos\" \/>\n<script type=\"application\/ld+json\" class=\"yoast-schema-graph\">{\"@context\":\"https:\/\/schema.org\",\"@graph\":[{\"@type\":\"WebPage\",\"@id\":\"https:\/\/gazetapernambucana.com\/?p=2214\",\"url\":\"https:\/\/gazetapernambucana.com\/?p=2214\",\"name\":\"A cr\u00f4nica domingueira. Por Magno Martins -\",\"isPartOf\":{\"@id\":\"https:\/\/gazetapernambucana.com\/#website\"},\"primaryImageOfPage\":{\"@id\":\"https:\/\/gazetapernambucana.com\/?p=2214#primaryimage\"},\"image\":{\"@id\":\"https:\/\/gazetapernambucana.com\/?p=2214#primaryimage\"},\"thumbnailUrl\":\"https:\/\/gazetapernambucana.com\/wp-content\/uploads\/2025\/10\/download-7.jpg\",\"datePublished\":\"2025-11-09T17:08:58+00:00\",\"dateModified\":\"2025-11-09T17:11:08+00:00\",\"author\":{\"@id\":\"https:\/\/gazetapernambucana.com\/#\/schema\/person\/188dc283325181ac2de4db1e9e987427\"},\"breadcrumb\":{\"@id\":\"https:\/\/gazetapernambucana.com\/?p=2214#breadcrumb\"},\"inLanguage\":\"pt-BR\",\"potentialAction\":[{\"@type\":\"ReadAction\",\"target\":[\"https:\/\/gazetapernambucana.com\/?p=2214\"]}]},{\"@type\":\"ImageObject\",\"inLanguage\":\"pt-BR\",\"@id\":\"https:\/\/gazetapernambucana.com\/?p=2214#primaryimage\",\"url\":\"https:\/\/gazetapernambucana.com\/wp-content\/uploads\/2025\/10\/download-7.jpg\",\"contentUrl\":\"https:\/\/gazetapernambucana.com\/wp-content\/uploads\/2025\/10\/download-7.jpg\",\"width\":369,\"height\":136},{\"@type\":\"BreadcrumbList\",\"@id\":\"https:\/\/gazetapernambucana.com\/?p=2214#breadcrumb\",\"itemListElement\":[{\"@type\":\"ListItem\",\"position\":1,\"name\":\"In\u00edcio\",\"item\":\"https:\/\/gazetapernambucana.com\/\"},{\"@type\":\"ListItem\",\"position\":2,\"name\":\"A cr\u00f4nica domingueira. Por Magno Martins\"}]},{\"@type\":\"WebSite\",\"@id\":\"https:\/\/gazetapernambucana.com\/#website\",\"url\":\"https:\/\/gazetapernambucana.com\/\",\"name\":\"\",\"description\":\"\",\"potentialAction\":[{\"@type\":\"SearchAction\",\"target\":{\"@type\":\"EntryPoint\",\"urlTemplate\":\"https:\/\/gazetapernambucana.com\/?s={search_term_string}\"},\"query-input\":{\"@type\":\"PropertyValueSpecification\",\"valueRequired\":true,\"valueName\":\"search_term_string\"}}],\"inLanguage\":\"pt-BR\"},{\"@type\":\"Person\",\"@id\":\"https:\/\/gazetapernambucana.com\/#\/schema\/person\/188dc283325181ac2de4db1e9e987427\",\"name\":\"GP\",\"image\":{\"@type\":\"ImageObject\",\"inLanguage\":\"pt-BR\",\"@id\":\"https:\/\/gazetapernambucana.com\/#\/schema\/person\/image\/\",\"url\":\"https:\/\/secure.gravatar.com\/avatar\/9dad78ff9a2d8b5742d11779f8a3f53b052320c550b2e1907882353c067bb111?s=96&d=mm&r=g\",\"contentUrl\":\"https:\/\/secure.gravatar.com\/avatar\/9dad78ff9a2d8b5742d11779f8a3f53b052320c550b2e1907882353c067bb111?s=96&d=mm&r=g\",\"caption\":\"GP\"},\"sameAs\":[\"http:\/\/gazetapernambucana.com\"],\"url\":\"https:\/\/gazetapernambucana.com\/?author=1\"}]}<\/script>\n<!-- \/ Yoast SEO plugin. -->","yoast_head_json":{"title":"A cr\u00f4nica domingueira. Por Magno Martins -","robots":{"index":"index","follow":"follow","max-snippet":"max-snippet:-1","max-image-preview":"max-image-preview:large","max-video-preview":"max-video-preview:-1"},"canonical":"https:\/\/gazetapernambucana.com\/?p=2214","og_locale":"pt_BR","og_type":"article","og_title":"A cr\u00f4nica domingueira. Por Magno Martins -","og_description":"Por Magno Martins \u2013 Jornalista, poeta e escritor\u00a0 \u2013\u00a0 A humanidade vive de sentimentos. Os sentimentos s\u00e3o os vetores da vida quando positivos, como o amor, a felicidade e a gratid\u00e3o. Mas existem, infelizmente, os sentimentos negativos, entre eles a inveja, provocada pela prosperidade alheia, acompanhada pelo desejo de ter o que o outro possui. [&hellip;]","og_url":"https:\/\/gazetapernambucana.com\/?p=2214","article_published_time":"2025-11-09T17:08:58+00:00","article_modified_time":"2025-11-09T17:11:08+00:00","og_image":[{"width":369,"height":136,"url":"https:\/\/gazetapernambucana.com\/wp-content\/uploads\/2025\/10\/download-7.jpg","type":"image\/jpeg"}],"author":"GP","twitter_card":"summary_large_image","twitter_misc":{"Escrito por":"GP","Est. tempo de leitura":"5 minutos"},"schema":{"@context":"https:\/\/schema.org","@graph":[{"@type":"WebPage","@id":"https:\/\/gazetapernambucana.com\/?p=2214","url":"https:\/\/gazetapernambucana.com\/?p=2214","name":"A cr\u00f4nica domingueira. Por Magno Martins -","isPartOf":{"@id":"https:\/\/gazetapernambucana.com\/#website"},"primaryImageOfPage":{"@id":"https:\/\/gazetapernambucana.com\/?p=2214#primaryimage"},"image":{"@id":"https:\/\/gazetapernambucana.com\/?p=2214#primaryimage"},"thumbnailUrl":"https:\/\/gazetapernambucana.com\/wp-content\/uploads\/2025\/10\/download-7.jpg","datePublished":"2025-11-09T17:08:58+00:00","dateModified":"2025-11-09T17:11:08+00:00","author":{"@id":"https:\/\/gazetapernambucana.com\/#\/schema\/person\/188dc283325181ac2de4db1e9e987427"},"breadcrumb":{"@id":"https:\/\/gazetapernambucana.com\/?p=2214#breadcrumb"},"inLanguage":"pt-BR","potentialAction":[{"@type":"ReadAction","target":["https:\/\/gazetapernambucana.com\/?p=2214"]}]},{"@type":"ImageObject","inLanguage":"pt-BR","@id":"https:\/\/gazetapernambucana.com\/?p=2214#primaryimage","url":"https:\/\/gazetapernambucana.com\/wp-content\/uploads\/2025\/10\/download-7.jpg","contentUrl":"https:\/\/gazetapernambucana.com\/wp-content\/uploads\/2025\/10\/download-7.jpg","width":369,"height":136},{"@type":"BreadcrumbList","@id":"https:\/\/gazetapernambucana.com\/?p=2214#breadcrumb","itemListElement":[{"@type":"ListItem","position":1,"name":"In\u00edcio","item":"https:\/\/gazetapernambucana.com\/"},{"@type":"ListItem","position":2,"name":"A cr\u00f4nica domingueira. Por Magno Martins"}]},{"@type":"WebSite","@id":"https:\/\/gazetapernambucana.com\/#website","url":"https:\/\/gazetapernambucana.com\/","name":"","description":"","potentialAction":[{"@type":"SearchAction","target":{"@type":"EntryPoint","urlTemplate":"https:\/\/gazetapernambucana.com\/?s={search_term_string}"},"query-input":{"@type":"PropertyValueSpecification","valueRequired":true,"valueName":"search_term_string"}}],"inLanguage":"pt-BR"},{"@type":"Person","@id":"https:\/\/gazetapernambucana.com\/#\/schema\/person\/188dc283325181ac2de4db1e9e987427","name":"GP","image":{"@type":"ImageObject","inLanguage":"pt-BR","@id":"https:\/\/gazetapernambucana.com\/#\/schema\/person\/image\/","url":"https:\/\/secure.gravatar.com\/avatar\/9dad78ff9a2d8b5742d11779f8a3f53b052320c550b2e1907882353c067bb111?s=96&d=mm&r=g","contentUrl":"https:\/\/secure.gravatar.com\/avatar\/9dad78ff9a2d8b5742d11779f8a3f53b052320c550b2e1907882353c067bb111?s=96&d=mm&r=g","caption":"GP"},"sameAs":["http:\/\/gazetapernambucana.com"],"url":"https:\/\/gazetapernambucana.com\/?author=1"}]}},"jetpack_publicize_connections":[],"_links":{"self":[{"href":"https:\/\/gazetapernambucana.com\/index.php?rest_route=\/wp\/v2\/posts\/2214","targetHints":{"allow":["GET"]}}],"collection":[{"href":"https:\/\/gazetapernambucana.com\/index.php?rest_route=\/wp\/v2\/posts"}],"about":[{"href":"https:\/\/gazetapernambucana.com\/index.php?rest_route=\/wp\/v2\/types\/post"}],"author":[{"embeddable":true,"href":"https:\/\/gazetapernambucana.com\/index.php?rest_route=\/wp\/v2\/users\/1"}],"replies":[{"embeddable":true,"href":"https:\/\/gazetapernambucana.com\/index.php?rest_route=%2Fwp%2Fv2%2Fcomments&post=2214"}],"version-history":[{"count":3,"href":"https:\/\/gazetapernambucana.com\/index.php?rest_route=\/wp\/v2\/posts\/2214\/revisions"}],"predecessor-version":[{"id":2218,"href":"https:\/\/gazetapernambucana.com\/index.php?rest_route=\/wp\/v2\/posts\/2214\/revisions\/2218"}],"wp:featuredmedia":[{"embeddable":true,"href":"https:\/\/gazetapernambucana.com\/index.php?rest_route=\/wp\/v2\/media\/2106"}],"wp:attachment":[{"href":"https:\/\/gazetapernambucana.com\/index.php?rest_route=%2Fwp%2Fv2%2Fmedia&parent=2214"}],"wp:term":[{"taxonomy":"category","embeddable":true,"href":"https:\/\/gazetapernambucana.com\/index.php?rest_route=%2Fwp%2Fv2%2Fcategories&post=2214"},{"taxonomy":"post_tag","embeddable":true,"href":"https:\/\/gazetapernambucana.com\/index.php?rest_route=%2Fwp%2Fv2%2Ftags&post=2214"}],"curies":[{"name":"wp","href":"https:\/\/api.w.org\/{rel}","templated":true}]}}