{"id":2212,"date":"2025-11-08T23:49:51","date_gmt":"2025-11-09T02:49:51","guid":{"rendered":"https:\/\/gazetapernambucana.com\/?p=2212"},"modified":"2025-11-08T23:49:51","modified_gmt":"2025-11-09T02:49:51","slug":"leao-ferido-por-claudemir-gomes","status":"publish","type":"post","link":"https:\/\/gazetapernambucana.com\/?p=2212","title":{"rendered":"Le\u00e3o Ferido. Por CLAUDEMIR GOMES"},"content":{"rendered":"<p><strong>Por CLAUDEMIR GOMES\u00a0 &#8211;\u00a0<\/strong><strong>\u00a0<\/strong>O futebol \u00e9 movido a paix\u00e3o. Isto \u00e9 fato. E nada \u00e9 mais torturante para o torcedor do que perceber que seu time n\u00e3o est\u00e1 correspondendo ao seu amor. Este \u00e9 o sentimento da torcida do Sport ao ver o rubro-negro pernambucano amargar a 19\u00aa derrota no Brasileiro da S\u00e9rie A. O carrasco da vez foi o Atl\u00e9tico Mineiro, e o palco, a Ilha do Retiro, que se transformou na casa dos festejos para os advers\u00e1rios que nela enfrentam o dono da casa.<\/p>\n<p>Enquanto aguardava o jogo &#8211; Sport x Atl\u00e9tico\/MG &#8211; sintonizo o r\u00e1dio na Tribuna FM e me delicio com a m\u00fasica &#8211; Le\u00e3o Ferido &#8211; de Biafra.<\/p>\n<p>&#8220;A verdade d\u00f3i demais em mim \/ Tenho que ser bandido \/ Tenho que ser cruel \/ Um le\u00e3o ferido, feroz&#8230;&#8221;.<\/p>\n<p>O Atl\u00e9tico Mineiro iniciou a partida com uma equipe alternativa. O Sport encaixou um contra-ataque e abriu o placar: 1&#215;0. Apesar da desvantagem, o Galo se movimentava melhor, e tinha o controle do jogo. Mas o Le\u00e3o segurava a vantagem e chegou ao segundo gol. Tudo conspirava para que a torcida rubro-negra saboreasse a terceira vit\u00f3ria do time na competi\u00e7\u00e3o.<\/p>\n<p>Mas o alvinegro mineiro tinha no banco o que falta ao rubro-negro pernambucano: jogadores de qualidade, com potencial para mudarem o rumo da hist\u00f3ria. Foi justamente que aconteceu. Quando o t\u00e9cnico Jorge Sampaoli promoveu as mudan\u00e7as necess\u00e1rias no Atl\u00e9tico\/MG, os gols sa\u00edram de forma natural.\u00a0\u00a0Est\u00e1tico, o treinador interino do Sport, C\u00e9sar Lucena, com seu comportamento traduzia a impot\u00eancia do grupo que comanda. No final, o placar de 4&#215;2 a favor dos visitantes foi mais uma frustra\u00e7\u00e3o imposta aos amantes do Sport.<\/p>\n<p>Um outro trecho da m\u00fasica do Biafra &#8211; Le\u00e3o Ferido &#8211; ocupa meu pensamento enquanto observo a torcida leonina deixar o est\u00e1dio da Ilha do Retiro cabisbaixa, como se estivesse carregando o peso do mundo nos seus ombros.<\/p>\n<p>&#8220;Sou um her\u00f3i vencido \/ Anjo que fere o c\u00e9u \/ Grito de amor, sumido \/ Na voz, que voz&#8230;&#8221;.<\/p>\n<p>O Brasileiro da S\u00e9rie A \u00e9 composto de 38 rodadas, divididas em dois turnos com 19 jogos de ida, e 19 jogos de volta. Ao alcan\u00e7ar a marca de 19 derrotas \u00e9 poss\u00edvel afirmar que o quantitativo \u00e9 igual ao n\u00famero de partidas de um turno.<\/p>\n<p>Ligo para um amigo rubro-negro que \u00e9 bem-informado sobre as coisas que acontecem nos bastidores, e pergunto se existe a possibilidade da diretoria do Sport renunciar. Ele me respondeu com uma met\u00e1fora:<\/p>\n<p>&#8220;Quando Lampi\u00e3o foi visitar o Padre C\u00edcero, em Juazeiro do Norte, no Cear\u00e1, andou livre pela cidade. Um rep\u00f3rter foi entrevist\u00e1-lo e perguntou se ap\u00f3s o encontro com o Padim Ci\u00e7o ele deixaria a vida de bandido. Lampi\u00e3o respondeu com outra pergunta: Se voc\u00ea tem\u00a0\u00a0um neg\u00f3cio rent\u00e1vel, voc\u00ea se desfaz dele?&#8221;.<\/p>\n<p>C&#8217;est la vie!<\/p>\n","protected":false},"excerpt":{"rendered":"<p>Por CLAUDEMIR GOMES\u00a0 &#8211;\u00a0\u00a0O futebol \u00e9 movido a paix\u00e3o. Isto \u00e9 fato. E nada \u00e9 mais torturante para o torcedor do que perceber que seu time n\u00e3o est\u00e1 correspondendo ao seu amor. Este \u00e9 o sentimento da torcida do Sport ao ver o rubro-negro pernambucano amargar a 19\u00aa derrota no Brasileiro da S\u00e9rie A. O [&hellip;]<\/p>\n","protected":false},"author":1,"featured_media":1250,"comment_status":"open","ping_status":"open","sticky":false,"template":"","format":"standard","meta":{"footnotes":"","jetpack_publicize_message":"","jetpack_publicize_feature_enabled":true,"jetpack_social_post_already_shared":true,"jetpack_social_options":{"image_generator_settings":{"template":"highway","default_image_id":0,"font":"","enabled":false},"version":2}},"categories":[1,39],"tags":[],"class_list":["post-2212","post","type-post","status-publish","format-standard","has-post-thumbnail","hentry","category-https-gazetapernambucana-com-page_id225","category-https-gazetapernambucana-com-page_id221"],"yoast_head":"<!-- This site is optimized with the Yoast SEO plugin v24.5 - https:\/\/yoast.com\/wordpress\/plugins\/seo\/ -->\n<title>Le\u00e3o Ferido. Por CLAUDEMIR GOMES -<\/title>\n<meta name=\"robots\" content=\"index, follow, max-snippet:-1, max-image-preview:large, max-video-preview:-1\" \/>\n<link rel=\"canonical\" href=\"https:\/\/gazetapernambucana.com\/?p=2212\" \/>\n<meta property=\"og:locale\" content=\"pt_BR\" \/>\n<meta property=\"og:type\" content=\"article\" \/>\n<meta property=\"og:title\" content=\"Le\u00e3o Ferido. Por CLAUDEMIR GOMES -\" \/>\n<meta property=\"og:description\" content=\"Por CLAUDEMIR GOMES\u00a0 &#8211;\u00a0\u00a0O futebol \u00e9 movido a paix\u00e3o. Isto \u00e9 fato. E nada \u00e9 mais torturante para o torcedor do que perceber que seu time n\u00e3o est\u00e1 correspondendo ao seu amor. Este \u00e9 o sentimento da torcida do Sport ao ver o rubro-negro pernambucano amargar a 19\u00aa derrota no Brasileiro da S\u00e9rie A. O [&hellip;]\" \/>\n<meta property=\"og:url\" content=\"https:\/\/gazetapernambucana.com\/?p=2212\" \/>\n<meta property=\"article:published_time\" content=\"2025-11-09T02:49:51+00:00\" \/>\n<meta property=\"og:image\" content=\"https:\/\/gazetapernambucana.com\/wp-content\/uploads\/2025\/07\/43163348_124416095196984_1643391599985557504_n-1-1-300x300-1.jpg\" \/>\n\t<meta property=\"og:image:width\" content=\"300\" \/>\n\t<meta property=\"og:image:height\" content=\"300\" \/>\n\t<meta property=\"og:image:type\" content=\"image\/jpeg\" \/>\n<meta name=\"author\" content=\"GP\" \/>\n<meta name=\"twitter:card\" content=\"summary_large_image\" \/>\n<meta name=\"twitter:label1\" content=\"Escrito por\" \/>\n\t<meta name=\"twitter:data1\" content=\"GP\" \/>\n\t<meta name=\"twitter:label2\" content=\"Est. tempo de leitura\" \/>\n\t<meta name=\"twitter:data2\" content=\"3 minutos\" \/>\n<script type=\"application\/ld+json\" class=\"yoast-schema-graph\">{\"@context\":\"https:\/\/schema.org\",\"@graph\":[{\"@type\":\"WebPage\",\"@id\":\"https:\/\/gazetapernambucana.com\/?p=2212\",\"url\":\"https:\/\/gazetapernambucana.com\/?p=2212\",\"name\":\"Le\u00e3o Ferido. Por CLAUDEMIR GOMES -\",\"isPartOf\":{\"@id\":\"https:\/\/gazetapernambucana.com\/#website\"},\"primaryImageOfPage\":{\"@id\":\"https:\/\/gazetapernambucana.com\/?p=2212#primaryimage\"},\"image\":{\"@id\":\"https:\/\/gazetapernambucana.com\/?p=2212#primaryimage\"},\"thumbnailUrl\":\"https:\/\/gazetapernambucana.com\/wp-content\/uploads\/2025\/07\/43163348_124416095196984_1643391599985557504_n-1-1-300x300-1.jpg\",\"datePublished\":\"2025-11-09T02:49:51+00:00\",\"author\":{\"@id\":\"https:\/\/gazetapernambucana.com\/#\/schema\/person\/188dc283325181ac2de4db1e9e987427\"},\"breadcrumb\":{\"@id\":\"https:\/\/gazetapernambucana.com\/?p=2212#breadcrumb\"},\"inLanguage\":\"pt-BR\",\"potentialAction\":[{\"@type\":\"ReadAction\",\"target\":[\"https:\/\/gazetapernambucana.com\/?p=2212\"]}]},{\"@type\":\"ImageObject\",\"inLanguage\":\"pt-BR\",\"@id\":\"https:\/\/gazetapernambucana.com\/?p=2212#primaryimage\",\"url\":\"https:\/\/gazetapernambucana.com\/wp-content\/uploads\/2025\/07\/43163348_124416095196984_1643391599985557504_n-1-1-300x300-1.jpg\",\"contentUrl\":\"https:\/\/gazetapernambucana.com\/wp-content\/uploads\/2025\/07\/43163348_124416095196984_1643391599985557504_n-1-1-300x300-1.jpg\",\"width\":300,\"height\":300},{\"@type\":\"BreadcrumbList\",\"@id\":\"https:\/\/gazetapernambucana.com\/?p=2212#breadcrumb\",\"itemListElement\":[{\"@type\":\"ListItem\",\"position\":1,\"name\":\"In\u00edcio\",\"item\":\"https:\/\/gazetapernambucana.com\/\"},{\"@type\":\"ListItem\",\"position\":2,\"name\":\"Le\u00e3o Ferido. Por CLAUDEMIR GOMES\"}]},{\"@type\":\"WebSite\",\"@id\":\"https:\/\/gazetapernambucana.com\/#website\",\"url\":\"https:\/\/gazetapernambucana.com\/\",\"name\":\"\",\"description\":\"\",\"potentialAction\":[{\"@type\":\"SearchAction\",\"target\":{\"@type\":\"EntryPoint\",\"urlTemplate\":\"https:\/\/gazetapernambucana.com\/?s={search_term_string}\"},\"query-input\":{\"@type\":\"PropertyValueSpecification\",\"valueRequired\":true,\"valueName\":\"search_term_string\"}}],\"inLanguage\":\"pt-BR\"},{\"@type\":\"Person\",\"@id\":\"https:\/\/gazetapernambucana.com\/#\/schema\/person\/188dc283325181ac2de4db1e9e987427\",\"name\":\"GP\",\"image\":{\"@type\":\"ImageObject\",\"inLanguage\":\"pt-BR\",\"@id\":\"https:\/\/gazetapernambucana.com\/#\/schema\/person\/image\/\",\"url\":\"https:\/\/secure.gravatar.com\/avatar\/9dad78ff9a2d8b5742d11779f8a3f53b052320c550b2e1907882353c067bb111?s=96&d=mm&r=g\",\"contentUrl\":\"https:\/\/secure.gravatar.com\/avatar\/9dad78ff9a2d8b5742d11779f8a3f53b052320c550b2e1907882353c067bb111?s=96&d=mm&r=g\",\"caption\":\"GP\"},\"sameAs\":[\"http:\/\/gazetapernambucana.com\"],\"url\":\"https:\/\/gazetapernambucana.com\/?author=1\"}]}<\/script>\n<!-- \/ Yoast SEO plugin. -->","yoast_head_json":{"title":"Le\u00e3o Ferido. Por CLAUDEMIR GOMES -","robots":{"index":"index","follow":"follow","max-snippet":"max-snippet:-1","max-image-preview":"max-image-preview:large","max-video-preview":"max-video-preview:-1"},"canonical":"https:\/\/gazetapernambucana.com\/?p=2212","og_locale":"pt_BR","og_type":"article","og_title":"Le\u00e3o Ferido. Por CLAUDEMIR GOMES -","og_description":"Por CLAUDEMIR GOMES\u00a0 &#8211;\u00a0\u00a0O futebol \u00e9 movido a paix\u00e3o. Isto \u00e9 fato. E nada \u00e9 mais torturante para o torcedor do que perceber que seu time n\u00e3o est\u00e1 correspondendo ao seu amor. Este \u00e9 o sentimento da torcida do Sport ao ver o rubro-negro pernambucano amargar a 19\u00aa derrota no Brasileiro da S\u00e9rie A. O [&hellip;]","og_url":"https:\/\/gazetapernambucana.com\/?p=2212","article_published_time":"2025-11-09T02:49:51+00:00","og_image":[{"width":300,"height":300,"url":"https:\/\/gazetapernambucana.com\/wp-content\/uploads\/2025\/07\/43163348_124416095196984_1643391599985557504_n-1-1-300x300-1.jpg","type":"image\/jpeg"}],"author":"GP","twitter_card":"summary_large_image","twitter_misc":{"Escrito por":"GP","Est. tempo de leitura":"3 minutos"},"schema":{"@context":"https:\/\/schema.org","@graph":[{"@type":"WebPage","@id":"https:\/\/gazetapernambucana.com\/?p=2212","url":"https:\/\/gazetapernambucana.com\/?p=2212","name":"Le\u00e3o Ferido. Por CLAUDEMIR GOMES -","isPartOf":{"@id":"https:\/\/gazetapernambucana.com\/#website"},"primaryImageOfPage":{"@id":"https:\/\/gazetapernambucana.com\/?p=2212#primaryimage"},"image":{"@id":"https:\/\/gazetapernambucana.com\/?p=2212#primaryimage"},"thumbnailUrl":"https:\/\/gazetapernambucana.com\/wp-content\/uploads\/2025\/07\/43163348_124416095196984_1643391599985557504_n-1-1-300x300-1.jpg","datePublished":"2025-11-09T02:49:51+00:00","author":{"@id":"https:\/\/gazetapernambucana.com\/#\/schema\/person\/188dc283325181ac2de4db1e9e987427"},"breadcrumb":{"@id":"https:\/\/gazetapernambucana.com\/?p=2212#breadcrumb"},"inLanguage":"pt-BR","potentialAction":[{"@type":"ReadAction","target":["https:\/\/gazetapernambucana.com\/?p=2212"]}]},{"@type":"ImageObject","inLanguage":"pt-BR","@id":"https:\/\/gazetapernambucana.com\/?p=2212#primaryimage","url":"https:\/\/gazetapernambucana.com\/wp-content\/uploads\/2025\/07\/43163348_124416095196984_1643391599985557504_n-1-1-300x300-1.jpg","contentUrl":"https:\/\/gazetapernambucana.com\/wp-content\/uploads\/2025\/07\/43163348_124416095196984_1643391599985557504_n-1-1-300x300-1.jpg","width":300,"height":300},{"@type":"BreadcrumbList","@id":"https:\/\/gazetapernambucana.com\/?p=2212#breadcrumb","itemListElement":[{"@type":"ListItem","position":1,"name":"In\u00edcio","item":"https:\/\/gazetapernambucana.com\/"},{"@type":"ListItem","position":2,"name":"Le\u00e3o Ferido. Por CLAUDEMIR GOMES"}]},{"@type":"WebSite","@id":"https:\/\/gazetapernambucana.com\/#website","url":"https:\/\/gazetapernambucana.com\/","name":"","description":"","potentialAction":[{"@type":"SearchAction","target":{"@type":"EntryPoint","urlTemplate":"https:\/\/gazetapernambucana.com\/?s={search_term_string}"},"query-input":{"@type":"PropertyValueSpecification","valueRequired":true,"valueName":"search_term_string"}}],"inLanguage":"pt-BR"},{"@type":"Person","@id":"https:\/\/gazetapernambucana.com\/#\/schema\/person\/188dc283325181ac2de4db1e9e987427","name":"GP","image":{"@type":"ImageObject","inLanguage":"pt-BR","@id":"https:\/\/gazetapernambucana.com\/#\/schema\/person\/image\/","url":"https:\/\/secure.gravatar.com\/avatar\/9dad78ff9a2d8b5742d11779f8a3f53b052320c550b2e1907882353c067bb111?s=96&d=mm&r=g","contentUrl":"https:\/\/secure.gravatar.com\/avatar\/9dad78ff9a2d8b5742d11779f8a3f53b052320c550b2e1907882353c067bb111?s=96&d=mm&r=g","caption":"GP"},"sameAs":["http:\/\/gazetapernambucana.com"],"url":"https:\/\/gazetapernambucana.com\/?author=1"}]}},"jetpack_publicize_connections":[],"_links":{"self":[{"href":"https:\/\/gazetapernambucana.com\/index.php?rest_route=\/wp\/v2\/posts\/2212","targetHints":{"allow":["GET"]}}],"collection":[{"href":"https:\/\/gazetapernambucana.com\/index.php?rest_route=\/wp\/v2\/posts"}],"about":[{"href":"https:\/\/gazetapernambucana.com\/index.php?rest_route=\/wp\/v2\/types\/post"}],"author":[{"embeddable":true,"href":"https:\/\/gazetapernambucana.com\/index.php?rest_route=\/wp\/v2\/users\/1"}],"replies":[{"embeddable":true,"href":"https:\/\/gazetapernambucana.com\/index.php?rest_route=%2Fwp%2Fv2%2Fcomments&post=2212"}],"version-history":[{"count":1,"href":"https:\/\/gazetapernambucana.com\/index.php?rest_route=\/wp\/v2\/posts\/2212\/revisions"}],"predecessor-version":[{"id":2213,"href":"https:\/\/gazetapernambucana.com\/index.php?rest_route=\/wp\/v2\/posts\/2212\/revisions\/2213"}],"wp:featuredmedia":[{"embeddable":true,"href":"https:\/\/gazetapernambucana.com\/index.php?rest_route=\/wp\/v2\/media\/1250"}],"wp:attachment":[{"href":"https:\/\/gazetapernambucana.com\/index.php?rest_route=%2Fwp%2Fv2%2Fmedia&parent=2212"}],"wp:term":[{"taxonomy":"category","embeddable":true,"href":"https:\/\/gazetapernambucana.com\/index.php?rest_route=%2Fwp%2Fv2%2Fcategories&post=2212"},{"taxonomy":"post_tag","embeddable":true,"href":"https:\/\/gazetapernambucana.com\/index.php?rest_route=%2Fwp%2Fv2%2Ftags&post=2212"}],"curies":[{"name":"wp","href":"https:\/\/api.w.org\/{rel}","templated":true}]}}