{"id":2201,"date":"2025-11-05T11:55:42","date_gmt":"2025-11-05T14:55:42","guid":{"rendered":"https:\/\/gazetapernambucana.com\/?p=2201"},"modified":"2025-11-05T11:55:42","modified_gmt":"2025-11-05T14:55:42","slug":"pedro-campos-cobra-gratuidade-no-transporte-publico-em-pe-durante-o-enem","status":"publish","type":"post","link":"https:\/\/gazetapernambucana.com\/?p=2201","title":{"rendered":"Pedro Campos cobra gratuidade no transporte p\u00fablico em PE durante o Enem"},"content":{"rendered":"<div class=\"post_title\"><\/div>\n<div class=\"b-author mb-3\">\n<div class=\"b-info\"><\/div>\n<\/div>\n<div class=\"entry\">\n<figure class=\"wp-block-image size-large\"><img loading=\"lazy\" decoding=\"async\" class=\"wp-image-159196\" src=\"https:\/\/blogcenario.com.br\/wp-content\/uploads\/2025\/11\/IMG_1258-edited.jpeg\" sizes=\"auto, (max-width: 1834px) 100vw, 1834px\" srcset=\"https:\/\/blogcenario.com.br\/wp-content\/uploads\/2025\/11\/IMG_1258-edited.jpeg 1834w, https:\/\/blogcenario.com.br\/wp-content\/uploads\/2025\/11\/IMG_1258-edited-300x200.jpeg 300w, https:\/\/blogcenario.com.br\/wp-content\/uploads\/2025\/11\/IMG_1258-edited-1024x683.jpeg 1024w, https:\/\/blogcenario.com.br\/wp-content\/uploads\/2025\/11\/IMG_1258-edited-768x512.jpeg 768w, https:\/\/blogcenario.com.br\/wp-content\/uploads\/2025\/11\/IMG_1258-edited-1536x1024.jpeg 1536w, https:\/\/blogcenario.com.br\/wp-content\/uploads\/2025\/11\/IMG_1258-edited-220x147.jpeg 220w\" alt=\"\" width=\"1834\" height=\"1223\" \/><figcaption class=\"wp-element-caption\">Foto: Bruno Spada<\/figcaption><\/figure>\n<p>O deputado federal Pedro Campos (PSB) cobrou ao Governo de Pernambuco a gratuidade no transporte p\u00fablico durante os dias de aplica\u00e7\u00e3o do Exame Nacional do Ensino M\u00e9dio (Enem), que acontecem no pr\u00f3ximo final de semana.<\/p>\n<p>O parlamentar enviou, nesta ter\u00e7a (4), of\u00edcio \u00e0 governadora Raquel Lyra (PSD) solicitando que o Estado adote a medida para garantir que nenhum estudante deixe de fazer a prova por falta de condi\u00e7\u00f5es de deslocamento.<\/p>\n<p>O parlamentar destacou que o Enem \u00e9 uma das principais portas de entrada para o ensino superior no Brasil e que o poder p\u00fablico deve criar condi\u00e7\u00f5es para que todos os jovens tenham igualdade de acesso.<\/p>\n<p>\u201c<em>O Enem \u00e9 um momento decisivo na vida de milh\u00f5es de estudantes. \u00c9 fundamental que o Estado garanta transporte gratuito nesses dias, para que nenhum pernambucano ou pernambucana deixe de sonhar com a universidade por falta de passagem<\/em>\u201d, afirmou o deputado.<\/p>\n<p>A medida, segundo Pedro, j\u00e1 foi adotada em anos anteriores por diversos estados e munic\u00edpios, e representa um gesto simples, mas de grande impacto social. \u201c<em>Muitos jovens v\u00eam de fam\u00edlias de baixa renda e moram longe dos locais de prova. A gratuidade no transporte \u00e9 uma forma concreta de apoiar a educa\u00e7\u00e3o e reduzir desigualdades<\/em>\u201d, completou.<\/p>\n<p>O parlamentar ressaltou ainda que a solicita\u00e7\u00e3o foi feita em car\u00e1ter emergencial, considerando a proximidade das provas, e refor\u00e7ou que o governo estadual tem instrumentos legais e log\u00edsticos para garantir o benef\u00edcio.<\/p>\n<p>O Enem ser\u00e1 aplicado nos dias 9 e 16 de novembro, em todo o pa\u00eds, e deve reunir mais de 300 mil inscritos em Pernambuco.<\/p>\n<\/div>\n","protected":false},"excerpt":{"rendered":"<p>Foto: Bruno Spada O deputado federal Pedro Campos (PSB) cobrou ao Governo de Pernambuco a gratuidade no transporte p\u00fablico durante os dias de aplica\u00e7\u00e3o do Exame Nacional do Ensino M\u00e9dio (Enem), que acontecem no pr\u00f3ximo final de semana. O parlamentar enviou, nesta ter\u00e7a (4), of\u00edcio \u00e0 governadora Raquel Lyra (PSD) solicitando que o Estado adote [&hellip;]<\/p>\n","protected":false},"author":1,"featured_media":2202,"comment_status":"open","ping_status":"open","sticky":false,"template":"","format":"standard","meta":{"footnotes":"","jetpack_publicize_message":"","jetpack_publicize_feature_enabled":true,"jetpack_social_post_already_shared":true,"jetpack_social_options":{"image_generator_settings":{"template":"highway","default_image_id":0,"font":"","enabled":false},"version":2}},"categories":[1,65],"tags":[],"class_list":["post-2201","post","type-post","status-publish","format-standard","has-post-thumbnail","hentry","category-https-gazetapernambucana-com-page_id225","category-politica"],"yoast_head":"<!-- This site is optimized with the Yoast SEO plugin v24.5 - https:\/\/yoast.com\/wordpress\/plugins\/seo\/ -->\n<title>Pedro Campos cobra gratuidade no transporte p\u00fablico em PE durante o Enem -<\/title>\n<meta name=\"robots\" content=\"index, follow, max-snippet:-1, max-image-preview:large, max-video-preview:-1\" \/>\n<link rel=\"canonical\" href=\"https:\/\/gazetapernambucana.com\/?p=2201\" \/>\n<meta property=\"og:locale\" content=\"pt_BR\" \/>\n<meta property=\"og:type\" content=\"article\" \/>\n<meta property=\"og:title\" content=\"Pedro Campos cobra gratuidade no transporte p\u00fablico em PE durante o Enem -\" \/>\n<meta property=\"og:description\" content=\"Foto: Bruno Spada O deputado federal Pedro Campos (PSB) cobrou ao Governo de Pernambuco a gratuidade no transporte p\u00fablico durante os dias de aplica\u00e7\u00e3o do Exame Nacional do Ensino M\u00e9dio (Enem), que acontecem no pr\u00f3ximo final de semana. O parlamentar enviou, nesta ter\u00e7a (4), of\u00edcio \u00e0 governadora Raquel Lyra (PSD) solicitando que o Estado adote [&hellip;]\" \/>\n<meta property=\"og:url\" content=\"https:\/\/gazetapernambucana.com\/?p=2201\" \/>\n<meta property=\"article:published_time\" content=\"2025-11-05T14:55:42+00:00\" \/>\n<meta property=\"og:image\" content=\"https:\/\/gazetapernambucana.com\/wp-content\/uploads\/2025\/11\/IMG_1258-edited-1536x1024-1.jpeg\" \/>\n\t<meta property=\"og:image:width\" content=\"1536\" \/>\n\t<meta property=\"og:image:height\" content=\"1024\" \/>\n\t<meta property=\"og:image:type\" content=\"image\/jpeg\" \/>\n<meta name=\"author\" content=\"GP\" \/>\n<meta name=\"twitter:card\" content=\"summary_large_image\" \/>\n<meta name=\"twitter:label1\" content=\"Escrito por\" \/>\n\t<meta name=\"twitter:data1\" content=\"GP\" \/>\n\t<meta name=\"twitter:label2\" content=\"Est. tempo de leitura\" \/>\n\t<meta name=\"twitter:data2\" content=\"2 minutos\" \/>\n<script type=\"application\/ld+json\" class=\"yoast-schema-graph\">{\"@context\":\"https:\/\/schema.org\",\"@graph\":[{\"@type\":\"WebPage\",\"@id\":\"https:\/\/gazetapernambucana.com\/?p=2201\",\"url\":\"https:\/\/gazetapernambucana.com\/?p=2201\",\"name\":\"Pedro Campos cobra gratuidade no transporte p\u00fablico em PE durante o Enem -\",\"isPartOf\":{\"@id\":\"https:\/\/gazetapernambucana.com\/#website\"},\"primaryImageOfPage\":{\"@id\":\"https:\/\/gazetapernambucana.com\/?p=2201#primaryimage\"},\"image\":{\"@id\":\"https:\/\/gazetapernambucana.com\/?p=2201#primaryimage\"},\"thumbnailUrl\":\"https:\/\/gazetapernambucana.com\/wp-content\/uploads\/2025\/11\/IMG_1258-edited-1536x1024-1.jpeg\",\"datePublished\":\"2025-11-05T14:55:42+00:00\",\"author\":{\"@id\":\"https:\/\/gazetapernambucana.com\/#\/schema\/person\/188dc283325181ac2de4db1e9e987427\"},\"breadcrumb\":{\"@id\":\"https:\/\/gazetapernambucana.com\/?p=2201#breadcrumb\"},\"inLanguage\":\"pt-BR\",\"potentialAction\":[{\"@type\":\"ReadAction\",\"target\":[\"https:\/\/gazetapernambucana.com\/?p=2201\"]}]},{\"@type\":\"ImageObject\",\"inLanguage\":\"pt-BR\",\"@id\":\"https:\/\/gazetapernambucana.com\/?p=2201#primaryimage\",\"url\":\"https:\/\/gazetapernambucana.com\/wp-content\/uploads\/2025\/11\/IMG_1258-edited-1536x1024-1.jpeg\",\"contentUrl\":\"https:\/\/gazetapernambucana.com\/wp-content\/uploads\/2025\/11\/IMG_1258-edited-1536x1024-1.jpeg\",\"width\":1536,\"height\":1024},{\"@type\":\"BreadcrumbList\",\"@id\":\"https:\/\/gazetapernambucana.com\/?p=2201#breadcrumb\",\"itemListElement\":[{\"@type\":\"ListItem\",\"position\":1,\"name\":\"In\u00edcio\",\"item\":\"https:\/\/gazetapernambucana.com\/\"},{\"@type\":\"ListItem\",\"position\":2,\"name\":\"Pedro Campos cobra gratuidade no transporte p\u00fablico em PE durante o Enem\"}]},{\"@type\":\"WebSite\",\"@id\":\"https:\/\/gazetapernambucana.com\/#website\",\"url\":\"https:\/\/gazetapernambucana.com\/\",\"name\":\"\",\"description\":\"\",\"potentialAction\":[{\"@type\":\"SearchAction\",\"target\":{\"@type\":\"EntryPoint\",\"urlTemplate\":\"https:\/\/gazetapernambucana.com\/?s={search_term_string}\"},\"query-input\":{\"@type\":\"PropertyValueSpecification\",\"valueRequired\":true,\"valueName\":\"search_term_string\"}}],\"inLanguage\":\"pt-BR\"},{\"@type\":\"Person\",\"@id\":\"https:\/\/gazetapernambucana.com\/#\/schema\/person\/188dc283325181ac2de4db1e9e987427\",\"name\":\"GP\",\"image\":{\"@type\":\"ImageObject\",\"inLanguage\":\"pt-BR\",\"@id\":\"https:\/\/gazetapernambucana.com\/#\/schema\/person\/image\/\",\"url\":\"https:\/\/secure.gravatar.com\/avatar\/9dad78ff9a2d8b5742d11779f8a3f53b052320c550b2e1907882353c067bb111?s=96&d=mm&r=g\",\"contentUrl\":\"https:\/\/secure.gravatar.com\/avatar\/9dad78ff9a2d8b5742d11779f8a3f53b052320c550b2e1907882353c067bb111?s=96&d=mm&r=g\",\"caption\":\"GP\"},\"sameAs\":[\"http:\/\/gazetapernambucana.com\"],\"url\":\"https:\/\/gazetapernambucana.com\/?author=1\"}]}<\/script>\n<!-- \/ Yoast SEO plugin. -->","yoast_head_json":{"title":"Pedro Campos cobra gratuidade no transporte p\u00fablico em PE durante o Enem -","robots":{"index":"index","follow":"follow","max-snippet":"max-snippet:-1","max-image-preview":"max-image-preview:large","max-video-preview":"max-video-preview:-1"},"canonical":"https:\/\/gazetapernambucana.com\/?p=2201","og_locale":"pt_BR","og_type":"article","og_title":"Pedro Campos cobra gratuidade no transporte p\u00fablico em PE durante o Enem -","og_description":"Foto: Bruno Spada O deputado federal Pedro Campos (PSB) cobrou ao Governo de Pernambuco a gratuidade no transporte p\u00fablico durante os dias de aplica\u00e7\u00e3o do Exame Nacional do Ensino M\u00e9dio (Enem), que acontecem no pr\u00f3ximo final de semana. O parlamentar enviou, nesta ter\u00e7a (4), of\u00edcio \u00e0 governadora Raquel Lyra (PSD) solicitando que o Estado adote [&hellip;]","og_url":"https:\/\/gazetapernambucana.com\/?p=2201","article_published_time":"2025-11-05T14:55:42+00:00","og_image":[{"width":1536,"height":1024,"url":"https:\/\/gazetapernambucana.com\/wp-content\/uploads\/2025\/11\/IMG_1258-edited-1536x1024-1.jpeg","type":"image\/jpeg"}],"author":"GP","twitter_card":"summary_large_image","twitter_misc":{"Escrito por":"GP","Est. tempo de leitura":"2 minutos"},"schema":{"@context":"https:\/\/schema.org","@graph":[{"@type":"WebPage","@id":"https:\/\/gazetapernambucana.com\/?p=2201","url":"https:\/\/gazetapernambucana.com\/?p=2201","name":"Pedro Campos cobra gratuidade no transporte p\u00fablico em PE durante o Enem -","isPartOf":{"@id":"https:\/\/gazetapernambucana.com\/#website"},"primaryImageOfPage":{"@id":"https:\/\/gazetapernambucana.com\/?p=2201#primaryimage"},"image":{"@id":"https:\/\/gazetapernambucana.com\/?p=2201#primaryimage"},"thumbnailUrl":"https:\/\/gazetapernambucana.com\/wp-content\/uploads\/2025\/11\/IMG_1258-edited-1536x1024-1.jpeg","datePublished":"2025-11-05T14:55:42+00:00","author":{"@id":"https:\/\/gazetapernambucana.com\/#\/schema\/person\/188dc283325181ac2de4db1e9e987427"},"breadcrumb":{"@id":"https:\/\/gazetapernambucana.com\/?p=2201#breadcrumb"},"inLanguage":"pt-BR","potentialAction":[{"@type":"ReadAction","target":["https:\/\/gazetapernambucana.com\/?p=2201"]}]},{"@type":"ImageObject","inLanguage":"pt-BR","@id":"https:\/\/gazetapernambucana.com\/?p=2201#primaryimage","url":"https:\/\/gazetapernambucana.com\/wp-content\/uploads\/2025\/11\/IMG_1258-edited-1536x1024-1.jpeg","contentUrl":"https:\/\/gazetapernambucana.com\/wp-content\/uploads\/2025\/11\/IMG_1258-edited-1536x1024-1.jpeg","width":1536,"height":1024},{"@type":"BreadcrumbList","@id":"https:\/\/gazetapernambucana.com\/?p=2201#breadcrumb","itemListElement":[{"@type":"ListItem","position":1,"name":"In\u00edcio","item":"https:\/\/gazetapernambucana.com\/"},{"@type":"ListItem","position":2,"name":"Pedro Campos cobra gratuidade no transporte p\u00fablico em PE durante o Enem"}]},{"@type":"WebSite","@id":"https:\/\/gazetapernambucana.com\/#website","url":"https:\/\/gazetapernambucana.com\/","name":"","description":"","potentialAction":[{"@type":"SearchAction","target":{"@type":"EntryPoint","urlTemplate":"https:\/\/gazetapernambucana.com\/?s={search_term_string}"},"query-input":{"@type":"PropertyValueSpecification","valueRequired":true,"valueName":"search_term_string"}}],"inLanguage":"pt-BR"},{"@type":"Person","@id":"https:\/\/gazetapernambucana.com\/#\/schema\/person\/188dc283325181ac2de4db1e9e987427","name":"GP","image":{"@type":"ImageObject","inLanguage":"pt-BR","@id":"https:\/\/gazetapernambucana.com\/#\/schema\/person\/image\/","url":"https:\/\/secure.gravatar.com\/avatar\/9dad78ff9a2d8b5742d11779f8a3f53b052320c550b2e1907882353c067bb111?s=96&d=mm&r=g","contentUrl":"https:\/\/secure.gravatar.com\/avatar\/9dad78ff9a2d8b5742d11779f8a3f53b052320c550b2e1907882353c067bb111?s=96&d=mm&r=g","caption":"GP"},"sameAs":["http:\/\/gazetapernambucana.com"],"url":"https:\/\/gazetapernambucana.com\/?author=1"}]}},"jetpack_publicize_connections":[],"_links":{"self":[{"href":"https:\/\/gazetapernambucana.com\/index.php?rest_route=\/wp\/v2\/posts\/2201","targetHints":{"allow":["GET"]}}],"collection":[{"href":"https:\/\/gazetapernambucana.com\/index.php?rest_route=\/wp\/v2\/posts"}],"about":[{"href":"https:\/\/gazetapernambucana.com\/index.php?rest_route=\/wp\/v2\/types\/post"}],"author":[{"embeddable":true,"href":"https:\/\/gazetapernambucana.com\/index.php?rest_route=\/wp\/v2\/users\/1"}],"replies":[{"embeddable":true,"href":"https:\/\/gazetapernambucana.com\/index.php?rest_route=%2Fwp%2Fv2%2Fcomments&post=2201"}],"version-history":[{"count":1,"href":"https:\/\/gazetapernambucana.com\/index.php?rest_route=\/wp\/v2\/posts\/2201\/revisions"}],"predecessor-version":[{"id":2203,"href":"https:\/\/gazetapernambucana.com\/index.php?rest_route=\/wp\/v2\/posts\/2201\/revisions\/2203"}],"wp:featuredmedia":[{"embeddable":true,"href":"https:\/\/gazetapernambucana.com\/index.php?rest_route=\/wp\/v2\/media\/2202"}],"wp:attachment":[{"href":"https:\/\/gazetapernambucana.com\/index.php?rest_route=%2Fwp%2Fv2%2Fmedia&parent=2201"}],"wp:term":[{"taxonomy":"category","embeddable":true,"href":"https:\/\/gazetapernambucana.com\/index.php?rest_route=%2Fwp%2Fv2%2Fcategories&post=2201"},{"taxonomy":"post_tag","embeddable":true,"href":"https:\/\/gazetapernambucana.com\/index.php?rest_route=%2Fwp%2Fv2%2Ftags&post=2201"}],"curies":[{"name":"wp","href":"https:\/\/api.w.org\/{rel}","templated":true}]}}