{"id":2197,"date":"2025-11-05T02:56:14","date_gmt":"2025-11-05T05:56:14","guid":{"rendered":"https:\/\/gazetapernambucana.com\/?p=2197"},"modified":"2025-11-05T02:56:14","modified_gmt":"2025-11-05T05:56:14","slug":"senadora-teresa-leitao-sofre-queda-no-plenario-e-sessao-do-senado-e-suspensa-veja-o-video","status":"publish","type":"post","link":"https:\/\/gazetapernambucana.com\/?p=2197","title":{"rendered":"Senadora Teresa Leit\u00e3o sofre queda no plen\u00e1rio e sess\u00e3o do Senado \u00e9 suspensa; veja o v\u00eddeo"},"content":{"rendered":"<p data-start=\"285\" data-end=\"661\"><strong data-start=\"285\" data-end=\"322\">Bras\u00edlia \u2013<\/strong>\u00a0Uma cena de apreens\u00e3o marcou a sess\u00e3o plen\u00e1ria do Senado nesta ter\u00e7a-feira. A senadora Teresa Leit\u00e3o (PT\u2011PE), de 74 anos, trope\u00e7ou ao lado de sua cadeira no plen\u00e1rio e caiu, batendo a cabe\u00e7a e sofrendo um corte no superc\u00edlio esquerdo. O incidente ocorreu por volta das 17h15 e interrompeu os trabalhos legislativos por alguns minutos.<\/p>\n<p data-start=\"663\" data-end=\"1063\">Segundo relatos de parlamentares e imagens da transmiss\u00e3o oficial da TV Senado, a queda aconteceu de forma repentina. Teresa Leit\u00e3o foi prontamente socorrida por senadores presentes \u2014 entre eles m\u00e9dicos, como Otto Alencar (PSD\u2011BA) \u2014 e por brigadistas da Casa. A parlamentar permaneceu l\u00facida e consciente durante todo o atendimento, mas apresentava sangramento na testa e queixava-se de dores na m\u00e3o.<\/p>\n<p data-start=\"1065\" data-end=\"1395\">Com vis\u00edvel preocupa\u00e7\u00e3o, o presidente da sess\u00e3o, Davi Alcolumbre (Uni\u00e3o Brasil\u2011AP), suspendeu temporariamente os trabalhos ao perceber a movimenta\u00e7\u00e3o ao redor da senadora. Pouco depois, Teresa deixou o plen\u00e1rio em uma cadeira de rodas, com curativo sobre o olho esquerdo, sendo encaminhada a um hospital para exames de imagem.<\/p>\n<p data-start=\"1397\" data-end=\"1637\">A assessoria do gabinete confirmou que a senadora passa bem, encontra-se orientada e est\u00e1 sob acompanhamento m\u00e9dico. At\u00e9 o fechamento desta edi\u00e7\u00e3o, ainda n\u00e3o havia confirma\u00e7\u00e3o sobre necessidade de afastamento ou aus\u00eancia em sess\u00f5es futuras.<\/p>\n<p data-start=\"1668\" data-end=\"1970\">O epis\u00f3dio repercutiu entre os parlamentares presentes, que demonstraram solidariedade \u00e0 colega pernambucana. A cena tamb\u00e9m reacende o debate sobre infraestrutura, acessibilidade e seguran\u00e7a no plen\u00e1rio do Senado, especialmente diante da presen\u00e7a de parlamentares idosos ou com mobilidade reduzida.<\/p>\n<p data-start=\"1972\" data-end=\"2291\">Figura hist\u00f3rica da educa\u00e7\u00e3o e do sindicalismo em Pernambuco, Teresa Leit\u00e3o \u00e9 a primeira mulher eleita senadora pelo estado. Sua atua\u00e7\u00e3o firme e respeitada no Congresso Nacional refor\u00e7a o impacto simb\u00f3lico do epis\u00f3dio, que evidenciou a vulnerabilidade f\u00edsica dos parlamentares em meio ao ambiente austero do Parlamento.<\/p>\n<p data-start=\"2314\" data-end=\"2562\">A transmiss\u00e3o da TV Senado registrou o momento da queda e a movimenta\u00e7\u00e3o no plen\u00e1rio. Portais como Terra, Metr\u00f3poles e IG disponibilizaram trechos em v\u00eddeo, nos quais \u00e9 poss\u00edvel acompanhar o instante da queda, o atendimento e a suspens\u00e3o da sess\u00e3o.<\/p>\n<blockquote data-start=\"2564\" data-end=\"2728\">\n<p data-start=\"2566\" data-end=\"2728\">\ud83c\udfa5VEJA O VIDEO:<\/p>\n<div style=\"width: 640px;\" class=\"wp-video\"><video class=\"wp-video-shortcode\" id=\"video-2197-1\" width=\"640\" height=\"1138\" preload=\"metadata\" controls=\"controls\"><source type=\"video\/mp4\" src=\"http:\/\/gazetapernambucana.com\/wp-content\/uploads\/2025\/11\/SnapInsta.to_AQPncy8f9WpNqNL-5qEMzn6tB0YtnaKgw7-3TWh1tyr5dOCsIG4djEQilGZusgIXIWDYo12lCBs5YV2c0SlUbGjhhRpocZQATg66R38.mp4?_=1\" \/><a href=\"http:\/\/gazetapernambucana.com\/wp-content\/uploads\/2025\/11\/SnapInsta.to_AQPncy8f9WpNqNL-5qEMzn6tB0YtnaKgw7-3TWh1tyr5dOCsIG4djEQilGZusgIXIWDYo12lCBs5YV2c0SlUbGjhhRpocZQATg66R38.mp4\">http:\/\/gazetapernambucana.com\/wp-content\/uploads\/2025\/11\/SnapInsta.to_AQPncy8f9WpNqNL-5qEMzn6tB0YtnaKgw7-3TWh1tyr5dOCsIG4djEQilGZusgIXIWDYo12lCBs5YV2c0SlUbGjhhRpocZQATg66R38.mp4<\/a><\/video><\/div><\/blockquote>\n","protected":false},"excerpt":{"rendered":"<p>Bras\u00edlia \u2013\u00a0Uma cena de apreens\u00e3o marcou a sess\u00e3o plen\u00e1ria do Senado nesta ter\u00e7a-feira. A senadora Teresa Leit\u00e3o (PT\u2011PE), de 74 anos, trope\u00e7ou ao lado de sua cadeira no plen\u00e1rio e caiu, batendo a cabe\u00e7a e sofrendo um corte no superc\u00edlio esquerdo. O incidente ocorreu por volta das 17h15 e interrompeu os trabalhos legislativos por alguns [&hellip;]<\/p>\n","protected":false},"author":1,"featured_media":2199,"comment_status":"open","ping_status":"open","sticky":false,"template":"","format":"standard","meta":{"footnotes":"","jetpack_publicize_message":"","jetpack_publicize_feature_enabled":true,"jetpack_social_post_already_shared":true,"jetpack_social_options":{"image_generator_settings":{"template":"highway","default_image_id":0,"font":"","enabled":false},"version":2}},"categories":[1],"tags":[],"class_list":["post-2197","post","type-post","status-publish","format-standard","has-post-thumbnail","hentry","category-https-gazetapernambucana-com-page_id225"],"yoast_head":"<!-- This site is optimized with the Yoast SEO plugin v24.5 - https:\/\/yoast.com\/wordpress\/plugins\/seo\/ -->\n<title>Senadora Teresa Leit\u00e3o sofre queda no plen\u00e1rio e sess\u00e3o do Senado \u00e9 suspensa; veja o v\u00eddeo -<\/title>\n<meta name=\"robots\" content=\"index, follow, max-snippet:-1, max-image-preview:large, max-video-preview:-1\" \/>\n<link rel=\"canonical\" href=\"https:\/\/gazetapernambucana.com\/?p=2197\" \/>\n<meta property=\"og:locale\" content=\"pt_BR\" \/>\n<meta property=\"og:type\" content=\"article\" \/>\n<meta property=\"og:title\" content=\"Senadora Teresa Leit\u00e3o sofre queda no plen\u00e1rio e sess\u00e3o do Senado \u00e9 suspensa; veja o v\u00eddeo -\" \/>\n<meta property=\"og:description\" content=\"Bras\u00edlia \u2013\u00a0Uma cena de apreens\u00e3o marcou a sess\u00e3o plen\u00e1ria do Senado nesta ter\u00e7a-feira. A senadora Teresa Leit\u00e3o (PT\u2011PE), de 74 anos, trope\u00e7ou ao lado de sua cadeira no plen\u00e1rio e caiu, batendo a cabe\u00e7a e sofrendo um corte no superc\u00edlio esquerdo. O incidente ocorreu por volta das 17h15 e interrompeu os trabalhos legislativos por alguns [&hellip;]\" \/>\n<meta property=\"og:url\" content=\"https:\/\/gazetapernambucana.com\/?p=2197\" \/>\n<meta property=\"article:published_time\" content=\"2025-11-05T05:56:14+00:00\" \/>\n<meta property=\"og:image\" content=\"https:\/\/gazetapernambucana.com\/wp-content\/uploads\/2025\/11\/69jd9vw2ht8r12bfxsaga0hy9.jpg\" \/>\n\t<meta property=\"og:image:width\" content=\"906\" \/>\n\t<meta property=\"og:image:height\" content=\"509\" \/>\n\t<meta property=\"og:image:type\" content=\"image\/jpeg\" \/>\n<meta name=\"author\" content=\"GP\" \/>\n<meta name=\"twitter:card\" content=\"summary_large_image\" \/>\n<meta name=\"twitter:label1\" content=\"Escrito por\" \/>\n\t<meta name=\"twitter:data1\" content=\"GP\" \/>\n\t<meta name=\"twitter:label2\" content=\"Est. tempo de leitura\" \/>\n\t<meta name=\"twitter:data2\" content=\"3 minutos\" \/>\n<script type=\"application\/ld+json\" class=\"yoast-schema-graph\">{\"@context\":\"https:\/\/schema.org\",\"@graph\":[{\"@type\":\"WebPage\",\"@id\":\"https:\/\/gazetapernambucana.com\/?p=2197\",\"url\":\"https:\/\/gazetapernambucana.com\/?p=2197\",\"name\":\"Senadora Teresa Leit\u00e3o sofre queda no plen\u00e1rio e sess\u00e3o do Senado \u00e9 suspensa; veja o v\u00eddeo -\",\"isPartOf\":{\"@id\":\"https:\/\/gazetapernambucana.com\/#website\"},\"primaryImageOfPage\":{\"@id\":\"https:\/\/gazetapernambucana.com\/?p=2197#primaryimage\"},\"image\":{\"@id\":\"https:\/\/gazetapernambucana.com\/?p=2197#primaryimage\"},\"thumbnailUrl\":\"https:\/\/gazetapernambucana.com\/wp-content\/uploads\/2025\/11\/69jd9vw2ht8r12bfxsaga0hy9.jpg\",\"datePublished\":\"2025-11-05T05:56:14+00:00\",\"author\":{\"@id\":\"https:\/\/gazetapernambucana.com\/#\/schema\/person\/188dc283325181ac2de4db1e9e987427\"},\"breadcrumb\":{\"@id\":\"https:\/\/gazetapernambucana.com\/?p=2197#breadcrumb\"},\"inLanguage\":\"pt-BR\",\"potentialAction\":[{\"@type\":\"ReadAction\",\"target\":[\"https:\/\/gazetapernambucana.com\/?p=2197\"]}]},{\"@type\":\"ImageObject\",\"inLanguage\":\"pt-BR\",\"@id\":\"https:\/\/gazetapernambucana.com\/?p=2197#primaryimage\",\"url\":\"https:\/\/gazetapernambucana.com\/wp-content\/uploads\/2025\/11\/69jd9vw2ht8r12bfxsaga0hy9.jpg\",\"contentUrl\":\"https:\/\/gazetapernambucana.com\/wp-content\/uploads\/2025\/11\/69jd9vw2ht8r12bfxsaga0hy9.jpg\",\"width\":906,\"height\":509},{\"@type\":\"BreadcrumbList\",\"@id\":\"https:\/\/gazetapernambucana.com\/?p=2197#breadcrumb\",\"itemListElement\":[{\"@type\":\"ListItem\",\"position\":1,\"name\":\"In\u00edcio\",\"item\":\"https:\/\/gazetapernambucana.com\/\"},{\"@type\":\"ListItem\",\"position\":2,\"name\":\"Senadora Teresa Leit\u00e3o sofre queda no plen\u00e1rio e sess\u00e3o do Senado \u00e9 suspensa; veja o v\u00eddeo\"}]},{\"@type\":\"WebSite\",\"@id\":\"https:\/\/gazetapernambucana.com\/#website\",\"url\":\"https:\/\/gazetapernambucana.com\/\",\"name\":\"\",\"description\":\"\",\"potentialAction\":[{\"@type\":\"SearchAction\",\"target\":{\"@type\":\"EntryPoint\",\"urlTemplate\":\"https:\/\/gazetapernambucana.com\/?s={search_term_string}\"},\"query-input\":{\"@type\":\"PropertyValueSpecification\",\"valueRequired\":true,\"valueName\":\"search_term_string\"}}],\"inLanguage\":\"pt-BR\"},{\"@type\":\"Person\",\"@id\":\"https:\/\/gazetapernambucana.com\/#\/schema\/person\/188dc283325181ac2de4db1e9e987427\",\"name\":\"GP\",\"image\":{\"@type\":\"ImageObject\",\"inLanguage\":\"pt-BR\",\"@id\":\"https:\/\/gazetapernambucana.com\/#\/schema\/person\/image\/\",\"url\":\"https:\/\/secure.gravatar.com\/avatar\/9dad78ff9a2d8b5742d11779f8a3f53b052320c550b2e1907882353c067bb111?s=96&d=mm&r=g\",\"contentUrl\":\"https:\/\/secure.gravatar.com\/avatar\/9dad78ff9a2d8b5742d11779f8a3f53b052320c550b2e1907882353c067bb111?s=96&d=mm&r=g\",\"caption\":\"GP\"},\"sameAs\":[\"http:\/\/gazetapernambucana.com\"],\"url\":\"https:\/\/gazetapernambucana.com\/?author=1\"}]}<\/script>\n<!-- \/ Yoast SEO plugin. -->","yoast_head_json":{"title":"Senadora Teresa Leit\u00e3o sofre queda no plen\u00e1rio e sess\u00e3o do Senado \u00e9 suspensa; veja o v\u00eddeo -","robots":{"index":"index","follow":"follow","max-snippet":"max-snippet:-1","max-image-preview":"max-image-preview:large","max-video-preview":"max-video-preview:-1"},"canonical":"https:\/\/gazetapernambucana.com\/?p=2197","og_locale":"pt_BR","og_type":"article","og_title":"Senadora Teresa Leit\u00e3o sofre queda no plen\u00e1rio e sess\u00e3o do Senado \u00e9 suspensa; veja o v\u00eddeo -","og_description":"Bras\u00edlia \u2013\u00a0Uma cena de apreens\u00e3o marcou a sess\u00e3o plen\u00e1ria do Senado nesta ter\u00e7a-feira. A senadora Teresa Leit\u00e3o (PT\u2011PE), de 74 anos, trope\u00e7ou ao lado de sua cadeira no plen\u00e1rio e caiu, batendo a cabe\u00e7a e sofrendo um corte no superc\u00edlio esquerdo. O incidente ocorreu por volta das 17h15 e interrompeu os trabalhos legislativos por alguns [&hellip;]","og_url":"https:\/\/gazetapernambucana.com\/?p=2197","article_published_time":"2025-11-05T05:56:14+00:00","og_image":[{"width":906,"height":509,"url":"https:\/\/gazetapernambucana.com\/wp-content\/uploads\/2025\/11\/69jd9vw2ht8r12bfxsaga0hy9.jpg","type":"image\/jpeg"}],"author":"GP","twitter_card":"summary_large_image","twitter_misc":{"Escrito por":"GP","Est. tempo de leitura":"3 minutos"},"schema":{"@context":"https:\/\/schema.org","@graph":[{"@type":"WebPage","@id":"https:\/\/gazetapernambucana.com\/?p=2197","url":"https:\/\/gazetapernambucana.com\/?p=2197","name":"Senadora Teresa Leit\u00e3o sofre queda no plen\u00e1rio e sess\u00e3o do Senado \u00e9 suspensa; veja o v\u00eddeo -","isPartOf":{"@id":"https:\/\/gazetapernambucana.com\/#website"},"primaryImageOfPage":{"@id":"https:\/\/gazetapernambucana.com\/?p=2197#primaryimage"},"image":{"@id":"https:\/\/gazetapernambucana.com\/?p=2197#primaryimage"},"thumbnailUrl":"https:\/\/gazetapernambucana.com\/wp-content\/uploads\/2025\/11\/69jd9vw2ht8r12bfxsaga0hy9.jpg","datePublished":"2025-11-05T05:56:14+00:00","author":{"@id":"https:\/\/gazetapernambucana.com\/#\/schema\/person\/188dc283325181ac2de4db1e9e987427"},"breadcrumb":{"@id":"https:\/\/gazetapernambucana.com\/?p=2197#breadcrumb"},"inLanguage":"pt-BR","potentialAction":[{"@type":"ReadAction","target":["https:\/\/gazetapernambucana.com\/?p=2197"]}]},{"@type":"ImageObject","inLanguage":"pt-BR","@id":"https:\/\/gazetapernambucana.com\/?p=2197#primaryimage","url":"https:\/\/gazetapernambucana.com\/wp-content\/uploads\/2025\/11\/69jd9vw2ht8r12bfxsaga0hy9.jpg","contentUrl":"https:\/\/gazetapernambucana.com\/wp-content\/uploads\/2025\/11\/69jd9vw2ht8r12bfxsaga0hy9.jpg","width":906,"height":509},{"@type":"BreadcrumbList","@id":"https:\/\/gazetapernambucana.com\/?p=2197#breadcrumb","itemListElement":[{"@type":"ListItem","position":1,"name":"In\u00edcio","item":"https:\/\/gazetapernambucana.com\/"},{"@type":"ListItem","position":2,"name":"Senadora Teresa Leit\u00e3o sofre queda no plen\u00e1rio e sess\u00e3o do Senado \u00e9 suspensa; veja o v\u00eddeo"}]},{"@type":"WebSite","@id":"https:\/\/gazetapernambucana.com\/#website","url":"https:\/\/gazetapernambucana.com\/","name":"","description":"","potentialAction":[{"@type":"SearchAction","target":{"@type":"EntryPoint","urlTemplate":"https:\/\/gazetapernambucana.com\/?s={search_term_string}"},"query-input":{"@type":"PropertyValueSpecification","valueRequired":true,"valueName":"search_term_string"}}],"inLanguage":"pt-BR"},{"@type":"Person","@id":"https:\/\/gazetapernambucana.com\/#\/schema\/person\/188dc283325181ac2de4db1e9e987427","name":"GP","image":{"@type":"ImageObject","inLanguage":"pt-BR","@id":"https:\/\/gazetapernambucana.com\/#\/schema\/person\/image\/","url":"https:\/\/secure.gravatar.com\/avatar\/9dad78ff9a2d8b5742d11779f8a3f53b052320c550b2e1907882353c067bb111?s=96&d=mm&r=g","contentUrl":"https:\/\/secure.gravatar.com\/avatar\/9dad78ff9a2d8b5742d11779f8a3f53b052320c550b2e1907882353c067bb111?s=96&d=mm&r=g","caption":"GP"},"sameAs":["http:\/\/gazetapernambucana.com"],"url":"https:\/\/gazetapernambucana.com\/?author=1"}]}},"jetpack_publicize_connections":[],"_links":{"self":[{"href":"https:\/\/gazetapernambucana.com\/index.php?rest_route=\/wp\/v2\/posts\/2197","targetHints":{"allow":["GET"]}}],"collection":[{"href":"https:\/\/gazetapernambucana.com\/index.php?rest_route=\/wp\/v2\/posts"}],"about":[{"href":"https:\/\/gazetapernambucana.com\/index.php?rest_route=\/wp\/v2\/types\/post"}],"author":[{"embeddable":true,"href":"https:\/\/gazetapernambucana.com\/index.php?rest_route=\/wp\/v2\/users\/1"}],"replies":[{"embeddable":true,"href":"https:\/\/gazetapernambucana.com\/index.php?rest_route=%2Fwp%2Fv2%2Fcomments&post=2197"}],"version-history":[{"count":1,"href":"https:\/\/gazetapernambucana.com\/index.php?rest_route=\/wp\/v2\/posts\/2197\/revisions"}],"predecessor-version":[{"id":2200,"href":"https:\/\/gazetapernambucana.com\/index.php?rest_route=\/wp\/v2\/posts\/2197\/revisions\/2200"}],"wp:featuredmedia":[{"embeddable":true,"href":"https:\/\/gazetapernambucana.com\/index.php?rest_route=\/wp\/v2\/media\/2199"}],"wp:attachment":[{"href":"https:\/\/gazetapernambucana.com\/index.php?rest_route=%2Fwp%2Fv2%2Fmedia&parent=2197"}],"wp:term":[{"taxonomy":"category","embeddable":true,"href":"https:\/\/gazetapernambucana.com\/index.php?rest_route=%2Fwp%2Fv2%2Fcategories&post=2197"},{"taxonomy":"post_tag","embeddable":true,"href":"https:\/\/gazetapernambucana.com\/index.php?rest_route=%2Fwp%2Fv2%2Ftags&post=2197"}],"curies":[{"name":"wp","href":"https:\/\/api.w.org\/{rel}","templated":true}]}}