{"id":2190,"date":"2025-11-05T00:09:36","date_gmt":"2025-11-05T03:09:36","guid":{"rendered":"https:\/\/gazetapernambucana.com\/?p=2190"},"modified":"2025-11-05T00:10:26","modified_gmt":"2025-11-05T03:10:26","slug":"o-barco-flutuante-da-indiferenca-na-cop30-o-conforto-blindado-de-lula-e-o-caos-em-belem-veja-o-video","status":"publish","type":"post","link":"https:\/\/gazetapernambucana.com\/?p=2190","title":{"rendered":"O barco flutuando na indiferen\u00e7a na COP30: O Conforto Blindado de Lula e o Caos em Bel\u00e9m; veja o v\u00eddeo"},"content":{"rendered":"<div class=\"_4f9bf79 _43c05b5\">\n<div class=\"ds-message _63c77b1\">\n<div class=\"ds-markdown\">\n<p class=\"ds-markdown-paragraph\"><strong>Enquanto Bel\u00e9m sofre com um colapso log\u00edstico hist\u00f3rico, a escolha presidencial por um barco-hotel de luxo simboliza o abismo entre o discurso de justi\u00e7a clim\u00e1tica e a pr\u00e1tica de um conforto seletivo e blindado.<\/strong><\/p>\n<p class=\"ds-markdown-paragraph\">Enquanto Bel\u00e9m enfrenta o colapso log\u00edstico de sua hist\u00f3ria, com hot\u00e9is superlotados, di\u00e1rias mais caras que Nova York e moradores transformando suas casas em hospedagens de emerg\u00eancia, o presidente Luiz In\u00e1cio Lula da Silva e a primeira-dama Janja escolheram um ref\u00fagio distante da realidade paraense: o Iana III, um barco-hotel de luxo fretado exclusivamente para sua comitiva e atracado na segura Base Naval de Val-de-Cans. A imagem do casal presidencial em seu deck privativo \u2013 ele em conversas descontra\u00eddas, ela dan\u00e7ando, enquanto a cidade sofre para acomodar delega\u00e7\u00f5es internacionais e jornalistas, tornou-se o s\u00edmbolo mais eloquente do abismo entre o discurso de justi\u00e7a clim\u00e1tica e a pr\u00e1tica do privil\u00e9gio. A justificativa oficial de &#8220;seguran\u00e7a, pre\u00e7o e conforto&#8221; soa como uma ironia diante do cen\u00e1rio ca\u00f3tico que levou pa\u00edses a amea\u00e7arem boicote e os Estados Unidos a evitarem o envio de representantes de alto escal\u00e3o.<\/p>\n<p class=\"ds-markdown-paragraph\">A seguran\u00e7a presidencial, ainda que compreens\u00edvel, transformou-se aqui em um isolamento simb\u00f3lico. Enquanto a popula\u00e7\u00e3o enfrenta bloqueios vi\u00e1rios e restri\u00e7\u00f5es de circula\u00e7\u00e3o devido \u00e0 Garantia da Lei e da Ordem (GLO), medida negada ao Rio de Janeiro durante sua crise recente, o presidente observa a cidade de um enclave inacess\u00edvel. Essa n\u00e3o \u00e9 apenas uma prote\u00e7\u00e3o f\u00edsica, mas uma barreira contra a constrangedora realidade de uma confer\u00eancia clim\u00e1tica que n\u00e3o consegue lidar com sua pr\u00f3pria log\u00edstica. A alega\u00e7\u00e3o de &#8220;pre\u00e7o vantajoso&#8221; no fretamento do barco perde completamente o sentido quando examinada sob a luz do Tribunal de Contas da Uni\u00e3o, que identificou ind\u00edcios de superfaturamento de at\u00e9 1.000% em contratos da COP30. Num evento marcado por den\u00fancias de gastos inflados, a transpar\u00eancia sobre os valores reais do aluguel do Iana III torna-se quest\u00e3o de legitimidade.<\/p>\n<p class=\"ds-markdown-paragraph\">O conforto presidencial, portanto, vai muito al\u00e9m do bem-estar f\u00edsico, converte-se em uma afronta \u00e0 coer\u00eancia. Como pode o Brasil liderar discursos sobre justi\u00e7a clim\u00e1tica e transi\u00e7\u00e3o ecol\u00f3gica justa quando seu principal representante se hospeda em um o\u00e1sis de luxo flutuante, distante dos cidad\u00e3os comuns que enfrentam transporte prec\u00e1rio e hospedagem improvisada? A cena do barco-hotel particular ecoa o pior do simbolismo pol\u00edtico: enquanto Lula fala em proteger a Amaz\u00f4nia e seus povos, sua escolha de hospedagem envia a mensagem clara de que alguns est\u00e3o acima das dificuldades que afetam todos os demais. Esta COP30, que deveria ser o palco da reconcilia\u00e7\u00e3o entre humanidade e natureza, come\u00e7a com a imagem marcante de seus anfitri\u00f5es navegando em \u00e1guas tranquilas, enquanto Bel\u00e9m naufraga no descaso.<\/p>\n<p>V\u00cdDEO:<\/p>\n<div style=\"width: 640px;\" class=\"wp-video\"><video class=\"wp-video-shortcode\" id=\"video-2190-1\" width=\"640\" height=\"800\" preload=\"metadata\" controls=\"controls\"><source type=\"video\/mp4\" src=\"http:\/\/gazetapernambucana.com\/wp-content\/uploads\/2025\/11\/FSaver.com_AQPXkL5lRuj3UKYsEEHW1lU4AURs7SN7WHi0lz1H6rrapFmledVNwo-xcFLu8PEQJCRQ1e5rC59cky5ysfu3Sga-YZyle_KWOBm8_kQexXJAlQ_720p_HD-1.mp4?_=1\" \/><a href=\"http:\/\/gazetapernambucana.com\/wp-content\/uploads\/2025\/11\/FSaver.com_AQPXkL5lRuj3UKYsEEHW1lU4AURs7SN7WHi0lz1H6rrapFmledVNwo-xcFLu8PEQJCRQ1e5rC59cky5ysfu3Sga-YZyle_KWOBm8_kQexXJAlQ_720p_HD-1.mp4\">http:\/\/gazetapernambucana.com\/wp-content\/uploads\/2025\/11\/FSaver.com_AQPXkL5lRuj3UKYsEEHW1lU4AURs7SN7WHi0lz1H6rrapFmledVNwo-xcFLu8PEQJCRQ1e5rC59cky5ysfu3Sga-YZyle_KWOBm8_kQexXJAlQ_720p_HD-1.mp4<\/a><\/video><\/div>\n<\/div>\n<\/div>\n<\/div>\n","protected":false},"excerpt":{"rendered":"<p>Enquanto Bel\u00e9m sofre com um colapso log\u00edstico hist\u00f3rico, a escolha presidencial por um barco-hotel de luxo simboliza o abismo entre o discurso de justi\u00e7a clim\u00e1tica e a pr\u00e1tica de um conforto seletivo e blindado. Enquanto Bel\u00e9m enfrenta o colapso log\u00edstico de sua hist\u00f3ria, com hot\u00e9is superlotados, di\u00e1rias mais caras que Nova York e moradores transformando [&hellip;]<\/p>\n","protected":false},"author":1,"featured_media":2192,"comment_status":"open","ping_status":"open","sticky":false,"template":"","format":"standard","meta":{"footnotes":"","jetpack_publicize_message":"","jetpack_publicize_feature_enabled":true,"jetpack_social_post_already_shared":true,"jetpack_social_options":{"image_generator_settings":{"template":"highway","default_image_id":0,"font":"","enabled":false},"version":2}},"categories":[37,1,69,65],"tags":[],"class_list":["post-2190","post","type-post","status-publish","format-standard","has-post-thumbnail","hentry","category-https-gazetapernambucana-com-page_id212","category-https-gazetapernambucana-com-page_id225","category-meio-ambiente","category-politica"],"yoast_head":"<!-- This site is optimized with the Yoast SEO plugin v24.5 - https:\/\/yoast.com\/wordpress\/plugins\/seo\/ -->\n<title>O barco flutuando na indiferen\u00e7a na COP30: O Conforto Blindado de Lula e o Caos em Bel\u00e9m; veja o v\u00eddeo -<\/title>\n<meta name=\"robots\" content=\"index, follow, max-snippet:-1, max-image-preview:large, max-video-preview:-1\" \/>\n<link rel=\"canonical\" href=\"https:\/\/gazetapernambucana.com\/?p=2190\" \/>\n<meta property=\"og:locale\" content=\"pt_BR\" \/>\n<meta property=\"og:type\" content=\"article\" \/>\n<meta property=\"og:title\" content=\"O barco flutuando na indiferen\u00e7a na COP30: O Conforto Blindado de Lula e o Caos em Bel\u00e9m; veja o v\u00eddeo -\" \/>\n<meta property=\"og:description\" content=\"Enquanto Bel\u00e9m sofre com um colapso log\u00edstico hist\u00f3rico, a escolha presidencial por um barco-hotel de luxo simboliza o abismo entre o discurso de justi\u00e7a clim\u00e1tica e a pr\u00e1tica de um conforto seletivo e blindado. Enquanto Bel\u00e9m enfrenta o colapso log\u00edstico de sua hist\u00f3ria, com hot\u00e9is superlotados, di\u00e1rias mais caras que Nova York e moradores transformando [&hellip;]\" \/>\n<meta property=\"og:url\" content=\"https:\/\/gazetapernambucana.com\/?p=2190\" \/>\n<meta property=\"article:published_time\" content=\"2025-11-05T03:09:36+00:00\" \/>\n<meta property=\"article:modified_time\" content=\"2025-11-05T03:10:26+00:00\" \/>\n<meta property=\"og:image\" content=\"https:\/\/gazetapernambucana.com\/wp-content\/uploads\/2025\/11\/lula-em-belem-4.webp\" \/>\n\t<meta property=\"og:image:width\" content=\"750\" \/>\n\t<meta property=\"og:image:height\" content=\"375\" \/>\n\t<meta property=\"og:image:type\" content=\"image\/webp\" \/>\n<meta name=\"author\" content=\"GP\" \/>\n<meta name=\"twitter:card\" content=\"summary_large_image\" \/>\n<meta name=\"twitter:label1\" content=\"Escrito por\" \/>\n\t<meta name=\"twitter:data1\" content=\"GP\" \/>\n\t<meta name=\"twitter:label2\" content=\"Est. tempo de leitura\" \/>\n\t<meta name=\"twitter:data2\" content=\"3 minutos\" \/>\n<script type=\"application\/ld+json\" class=\"yoast-schema-graph\">{\"@context\":\"https:\/\/schema.org\",\"@graph\":[{\"@type\":\"WebPage\",\"@id\":\"https:\/\/gazetapernambucana.com\/?p=2190\",\"url\":\"https:\/\/gazetapernambucana.com\/?p=2190\",\"name\":\"O barco flutuando na indiferen\u00e7a na COP30: O Conforto Blindado de Lula e o Caos em Bel\u00e9m; veja o v\u00eddeo -\",\"isPartOf\":{\"@id\":\"https:\/\/gazetapernambucana.com\/#website\"},\"primaryImageOfPage\":{\"@id\":\"https:\/\/gazetapernambucana.com\/?p=2190#primaryimage\"},\"image\":{\"@id\":\"https:\/\/gazetapernambucana.com\/?p=2190#primaryimage\"},\"thumbnailUrl\":\"https:\/\/gazetapernambucana.com\/wp-content\/uploads\/2025\/11\/lula-em-belem-4.webp\",\"datePublished\":\"2025-11-05T03:09:36+00:00\",\"dateModified\":\"2025-11-05T03:10:26+00:00\",\"author\":{\"@id\":\"https:\/\/gazetapernambucana.com\/#\/schema\/person\/188dc283325181ac2de4db1e9e987427\"},\"breadcrumb\":{\"@id\":\"https:\/\/gazetapernambucana.com\/?p=2190#breadcrumb\"},\"inLanguage\":\"pt-BR\",\"potentialAction\":[{\"@type\":\"ReadAction\",\"target\":[\"https:\/\/gazetapernambucana.com\/?p=2190\"]}]},{\"@type\":\"ImageObject\",\"inLanguage\":\"pt-BR\",\"@id\":\"https:\/\/gazetapernambucana.com\/?p=2190#primaryimage\",\"url\":\"https:\/\/gazetapernambucana.com\/wp-content\/uploads\/2025\/11\/lula-em-belem-4.webp\",\"contentUrl\":\"https:\/\/gazetapernambucana.com\/wp-content\/uploads\/2025\/11\/lula-em-belem-4.webp\",\"width\":750,\"height\":375},{\"@type\":\"BreadcrumbList\",\"@id\":\"https:\/\/gazetapernambucana.com\/?p=2190#breadcrumb\",\"itemListElement\":[{\"@type\":\"ListItem\",\"position\":1,\"name\":\"In\u00edcio\",\"item\":\"https:\/\/gazetapernambucana.com\/\"},{\"@type\":\"ListItem\",\"position\":2,\"name\":\"O barco flutuando na indiferen\u00e7a na COP30: O Conforto Blindado de Lula e o Caos em Bel\u00e9m; veja o v\u00eddeo\"}]},{\"@type\":\"WebSite\",\"@id\":\"https:\/\/gazetapernambucana.com\/#website\",\"url\":\"https:\/\/gazetapernambucana.com\/\",\"name\":\"\",\"description\":\"\",\"potentialAction\":[{\"@type\":\"SearchAction\",\"target\":{\"@type\":\"EntryPoint\",\"urlTemplate\":\"https:\/\/gazetapernambucana.com\/?s={search_term_string}\"},\"query-input\":{\"@type\":\"PropertyValueSpecification\",\"valueRequired\":true,\"valueName\":\"search_term_string\"}}],\"inLanguage\":\"pt-BR\"},{\"@type\":\"Person\",\"@id\":\"https:\/\/gazetapernambucana.com\/#\/schema\/person\/188dc283325181ac2de4db1e9e987427\",\"name\":\"GP\",\"image\":{\"@type\":\"ImageObject\",\"inLanguage\":\"pt-BR\",\"@id\":\"https:\/\/gazetapernambucana.com\/#\/schema\/person\/image\/\",\"url\":\"https:\/\/secure.gravatar.com\/avatar\/9dad78ff9a2d8b5742d11779f8a3f53b052320c550b2e1907882353c067bb111?s=96&d=mm&r=g\",\"contentUrl\":\"https:\/\/secure.gravatar.com\/avatar\/9dad78ff9a2d8b5742d11779f8a3f53b052320c550b2e1907882353c067bb111?s=96&d=mm&r=g\",\"caption\":\"GP\"},\"sameAs\":[\"http:\/\/gazetapernambucana.com\"],\"url\":\"https:\/\/gazetapernambucana.com\/?author=1\"}]}<\/script>\n<!-- \/ Yoast SEO plugin. -->","yoast_head_json":{"title":"O barco flutuando na indiferen\u00e7a na COP30: O Conforto Blindado de Lula e o Caos em Bel\u00e9m; veja o v\u00eddeo -","robots":{"index":"index","follow":"follow","max-snippet":"max-snippet:-1","max-image-preview":"max-image-preview:large","max-video-preview":"max-video-preview:-1"},"canonical":"https:\/\/gazetapernambucana.com\/?p=2190","og_locale":"pt_BR","og_type":"article","og_title":"O barco flutuando na indiferen\u00e7a na COP30: O Conforto Blindado de Lula e o Caos em Bel\u00e9m; veja o v\u00eddeo -","og_description":"Enquanto Bel\u00e9m sofre com um colapso log\u00edstico hist\u00f3rico, a escolha presidencial por um barco-hotel de luxo simboliza o abismo entre o discurso de justi\u00e7a clim\u00e1tica e a pr\u00e1tica de um conforto seletivo e blindado. Enquanto Bel\u00e9m enfrenta o colapso log\u00edstico de sua hist\u00f3ria, com hot\u00e9is superlotados, di\u00e1rias mais caras que Nova York e moradores transformando [&hellip;]","og_url":"https:\/\/gazetapernambucana.com\/?p=2190","article_published_time":"2025-11-05T03:09:36+00:00","article_modified_time":"2025-11-05T03:10:26+00:00","og_image":[{"width":750,"height":375,"url":"https:\/\/gazetapernambucana.com\/wp-content\/uploads\/2025\/11\/lula-em-belem-4.webp","type":"image\/webp"}],"author":"GP","twitter_card":"summary_large_image","twitter_misc":{"Escrito por":"GP","Est. tempo de leitura":"3 minutos"},"schema":{"@context":"https:\/\/schema.org","@graph":[{"@type":"WebPage","@id":"https:\/\/gazetapernambucana.com\/?p=2190","url":"https:\/\/gazetapernambucana.com\/?p=2190","name":"O barco flutuando na indiferen\u00e7a na COP30: O Conforto Blindado de Lula e o Caos em Bel\u00e9m; veja o v\u00eddeo -","isPartOf":{"@id":"https:\/\/gazetapernambucana.com\/#website"},"primaryImageOfPage":{"@id":"https:\/\/gazetapernambucana.com\/?p=2190#primaryimage"},"image":{"@id":"https:\/\/gazetapernambucana.com\/?p=2190#primaryimage"},"thumbnailUrl":"https:\/\/gazetapernambucana.com\/wp-content\/uploads\/2025\/11\/lula-em-belem-4.webp","datePublished":"2025-11-05T03:09:36+00:00","dateModified":"2025-11-05T03:10:26+00:00","author":{"@id":"https:\/\/gazetapernambucana.com\/#\/schema\/person\/188dc283325181ac2de4db1e9e987427"},"breadcrumb":{"@id":"https:\/\/gazetapernambucana.com\/?p=2190#breadcrumb"},"inLanguage":"pt-BR","potentialAction":[{"@type":"ReadAction","target":["https:\/\/gazetapernambucana.com\/?p=2190"]}]},{"@type":"ImageObject","inLanguage":"pt-BR","@id":"https:\/\/gazetapernambucana.com\/?p=2190#primaryimage","url":"https:\/\/gazetapernambucana.com\/wp-content\/uploads\/2025\/11\/lula-em-belem-4.webp","contentUrl":"https:\/\/gazetapernambucana.com\/wp-content\/uploads\/2025\/11\/lula-em-belem-4.webp","width":750,"height":375},{"@type":"BreadcrumbList","@id":"https:\/\/gazetapernambucana.com\/?p=2190#breadcrumb","itemListElement":[{"@type":"ListItem","position":1,"name":"In\u00edcio","item":"https:\/\/gazetapernambucana.com\/"},{"@type":"ListItem","position":2,"name":"O barco flutuando na indiferen\u00e7a na COP30: O Conforto Blindado de Lula e o Caos em Bel\u00e9m; veja o v\u00eddeo"}]},{"@type":"WebSite","@id":"https:\/\/gazetapernambucana.com\/#website","url":"https:\/\/gazetapernambucana.com\/","name":"","description":"","potentialAction":[{"@type":"SearchAction","target":{"@type":"EntryPoint","urlTemplate":"https:\/\/gazetapernambucana.com\/?s={search_term_string}"},"query-input":{"@type":"PropertyValueSpecification","valueRequired":true,"valueName":"search_term_string"}}],"inLanguage":"pt-BR"},{"@type":"Person","@id":"https:\/\/gazetapernambucana.com\/#\/schema\/person\/188dc283325181ac2de4db1e9e987427","name":"GP","image":{"@type":"ImageObject","inLanguage":"pt-BR","@id":"https:\/\/gazetapernambucana.com\/#\/schema\/person\/image\/","url":"https:\/\/secure.gravatar.com\/avatar\/9dad78ff9a2d8b5742d11779f8a3f53b052320c550b2e1907882353c067bb111?s=96&d=mm&r=g","contentUrl":"https:\/\/secure.gravatar.com\/avatar\/9dad78ff9a2d8b5742d11779f8a3f53b052320c550b2e1907882353c067bb111?s=96&d=mm&r=g","caption":"GP"},"sameAs":["http:\/\/gazetapernambucana.com"],"url":"https:\/\/gazetapernambucana.com\/?author=1"}]}},"jetpack_publicize_connections":[],"_links":{"self":[{"href":"https:\/\/gazetapernambucana.com\/index.php?rest_route=\/wp\/v2\/posts\/2190","targetHints":{"allow":["GET"]}}],"collection":[{"href":"https:\/\/gazetapernambucana.com\/index.php?rest_route=\/wp\/v2\/posts"}],"about":[{"href":"https:\/\/gazetapernambucana.com\/index.php?rest_route=\/wp\/v2\/types\/post"}],"author":[{"embeddable":true,"href":"https:\/\/gazetapernambucana.com\/index.php?rest_route=\/wp\/v2\/users\/1"}],"replies":[{"embeddable":true,"href":"https:\/\/gazetapernambucana.com\/index.php?rest_route=%2Fwp%2Fv2%2Fcomments&post=2190"}],"version-history":[{"count":2,"href":"https:\/\/gazetapernambucana.com\/index.php?rest_route=\/wp\/v2\/posts\/2190\/revisions"}],"predecessor-version":[{"id":2194,"href":"https:\/\/gazetapernambucana.com\/index.php?rest_route=\/wp\/v2\/posts\/2190\/revisions\/2194"}],"wp:featuredmedia":[{"embeddable":true,"href":"https:\/\/gazetapernambucana.com\/index.php?rest_route=\/wp\/v2\/media\/2192"}],"wp:attachment":[{"href":"https:\/\/gazetapernambucana.com\/index.php?rest_route=%2Fwp%2Fv2%2Fmedia&parent=2190"}],"wp:term":[{"taxonomy":"category","embeddable":true,"href":"https:\/\/gazetapernambucana.com\/index.php?rest_route=%2Fwp%2Fv2%2Fcategories&post=2190"},{"taxonomy":"post_tag","embeddable":true,"href":"https:\/\/gazetapernambucana.com\/index.php?rest_route=%2Fwp%2Fv2%2Ftags&post=2190"}],"curies":[{"name":"wp","href":"https:\/\/api.w.org\/{rel}","templated":true}]}}