{"id":2185,"date":"2025-11-04T18:05:19","date_gmt":"2025-11-04T21:05:19","guid":{"rendered":"https:\/\/gazetapernambucana.com\/?p=2185"},"modified":"2025-11-04T18:05:19","modified_gmt":"2025-11-04T21:05:19","slug":"amor-que-transcende-a-vida-noiva-emociona-ao-homenagear-pai-falecido-em-entrada-historica-na-igreja-veja-o-video","status":"publish","type":"post","link":"https:\/\/gazetapernambucana.com\/?p=2185","title":{"rendered":"Amor que Transcende a Vida: Noiva emociona ao homenagear pai falecido em entrada hist\u00f3rica na igreja; veja o v\u00eddeo."},"content":{"rendered":"<p class=\"ds-markdown-paragraph\"><strong>Com um bal\u00e3o branco em forma de cora\u00e7\u00e3o, ela transformou um momento de saudade em um s\u00edmbolo eterno de amor paterno, comovendo todos os convidados.<\/strong><\/p>\n<p class=\"ds-markdown-paragraph\">No dia que marca o in\u00edcio de uma nova jornada, o cora\u00e7\u00e3o de uma noiva carrega n\u00e3o apenas os sonhos do futuro, mas tamb\u00e9m a saudade do passado. Foi transformando essa saudade em uma homenagem pura e tocante que uma noiva conquistense (ou pernambucana, adapte conforme a localiza\u00e7\u00e3o real do fato) roubou l\u00e1grimas e aqueceu cora\u00e7\u00f5es durante sua entrada na igreja, em um momento que ficar\u00e1 gravado para sempre na mem\u00f3ria de todos os presentes.<\/p>\n<p class=\"ds-markdown-paragraph\">Com o pai j\u00e1 falecido, a jovem enfrentava o dilema de como viver um dos momentos mais simb\u00f3licos da cerim\u00f4nia \u2013 a caminhada at\u00e9 o altar \u2013 sem a figura que tradicionalmente a acompanharia. Em vez de deixar que a aus\u00eancia fosse apenas um vazio, ela escolheu preench\u00ea-la com amor, simbolismo e uma dose de pura poesia.<\/p>\n<p class=\"ds-markdown-paragraph\">A cena foi de rara emo\u00e7\u00e3o. Ao inv\u00e9s do bra\u00e7o do pai, ela entrou segurando, com todo o cuidado e carinho, um delicado bal\u00e3o branco, inflado em perfeito formato de cora\u00e7\u00e3o. Nele, uma \u00fanica palavra, por\u00e9m a mais significativa: &#8220;Papai&#8221;. Cada passo era um passo partilhado com a mem\u00f3ria; cada olhar para o bal\u00e3o era um silencioso e poderoso di\u00e1logo de amor que ultrapassava a barreira do tempo e da vida.<\/p>\n<p class=\"ds-markdown-paragraph\">Os convidados, que aguardavam a cerim\u00f4nia em reverente sil\u00eancio, n\u00e3o conseguiram conter as l\u00e1grimas. A imagem da noiva, serena e decidida, carregando aquele s\u00edmbolo et\u00e9reo e paterno, criou uma atmosfera indescrit\u00edvel de comunh\u00e3o e emo\u00e7\u00e3o. O bal\u00e3o branco n\u00e3o era um objeto, mas uma representa\u00e7\u00e3o viva do abra\u00e7o, da b\u00ean\u00e7\u00e3o e da presen\u00e7a do pai, que, de alguma forma, estava ali, conduzindo sua filha para o novo cap\u00edtulo de sua vida.<\/p>\n<p class=\"ds-markdown-paragraph\">O v\u00eddeo, que rapidamente se popularizou nas redes sociais, \u00e9 um testemunho desse amor incondicional. Os coment\u00e1rios se enchem de frases como &#8220;Que lindo!&#8221;, &#8220;Ele estava l\u00e1, com certeza&#8221; e &#8220;Isso \u00e9 o verdadeiro amor&#8221;, demonstrando como a atitude da noiva ressoa com o sentimento de todos que, de alguma forma, tamb\u00e9m carregam saudades de entes queridos em seus momentos especiais.<\/p>\n<p class=\"ds-markdown-paragraph\">Mais do que uma simples entrada, foi uma li\u00e7\u00e3o. Uma li\u00e7\u00e3o de que o amor verdadeiro nunca morre, de que a saudade pode ser transformada em for\u00e7a e de que as homenagens mais belas s\u00e3o aquelas que falam diretamente ao cora\u00e7\u00e3o. Aquela noiva, ao optar pela sensibilidade em um dia t\u00e3o esperado, n\u00e3o s\u00f3 homenageou seu pai, mas tamb\u00e9m nos lembrou que o amor \u00e9 a \u00fanica coisa que podemos levar conosco, para sempre.<\/p>\n<p>Veja o V\u00eddeo:<\/p>\n<div style=\"width: 640px;\" class=\"wp-video\"><video class=\"wp-video-shortcode\" id=\"video-2185-1\" width=\"640\" height=\"1138\" preload=\"metadata\" controls=\"controls\"><source type=\"video\/mp4\" src=\"http:\/\/gazetapernambucana.com\/wp-content\/uploads\/2025\/11\/SnapInsta.to_AQMlmqIIZ67xZHrFOY5cO2FQrSUbzXsYm9D2arfRwFGGbUEz6OHtTwClMjSoix6GH4Zpw5DisVSnOTcmiGaIWhZ4jtnNq1Dn26W6210.mp4?_=1\" \/><a href=\"http:\/\/gazetapernambucana.com\/wp-content\/uploads\/2025\/11\/SnapInsta.to_AQMlmqIIZ67xZHrFOY5cO2FQrSUbzXsYm9D2arfRwFGGbUEz6OHtTwClMjSoix6GH4Zpw5DisVSnOTcmiGaIWhZ4jtnNq1Dn26W6210.mp4\">http:\/\/gazetapernambucana.com\/wp-content\/uploads\/2025\/11\/SnapInsta.to_AQMlmqIIZ67xZHrFOY5cO2FQrSUbzXsYm9D2arfRwFGGbUEz6OHtTwClMjSoix6GH4Zpw5DisVSnOTcmiGaIWhZ4jtnNq1Dn26W6210.mp4<\/a><\/video><\/div>\n","protected":false},"excerpt":{"rendered":"<p>Com um bal\u00e3o branco em forma de cora\u00e7\u00e3o, ela transformou um momento de saudade em um s\u00edmbolo eterno de amor paterno, comovendo todos os convidados. No dia que marca o in\u00edcio de uma nova jornada, o cora\u00e7\u00e3o de uma noiva carrega n\u00e3o apenas os sonhos do futuro, mas tamb\u00e9m a saudade do passado. Foi transformando [&hellip;]<\/p>\n","protected":false},"author":1,"featured_media":2187,"comment_status":"open","ping_status":"open","sticky":false,"template":"","format":"standard","meta":{"footnotes":"","jetpack_publicize_message":"","jetpack_publicize_feature_enabled":true,"jetpack_social_post_already_shared":true,"jetpack_social_options":{"image_generator_settings":{"template":"highway","default_image_id":0,"font":"","enabled":false},"version":2}},"categories":[1],"tags":[],"class_list":["post-2185","post","type-post","status-publish","format-standard","has-post-thumbnail","hentry","category-https-gazetapernambucana-com-page_id225"],"yoast_head":"<!-- This site is optimized with the Yoast SEO plugin v24.5 - https:\/\/yoast.com\/wordpress\/plugins\/seo\/ -->\n<title>Amor que Transcende a Vida: Noiva emociona ao homenagear pai falecido em entrada hist\u00f3rica na igreja; veja o v\u00eddeo. -<\/title>\n<meta name=\"robots\" content=\"index, follow, max-snippet:-1, max-image-preview:large, max-video-preview:-1\" \/>\n<link rel=\"canonical\" href=\"https:\/\/gazetapernambucana.com\/?p=2185\" \/>\n<meta property=\"og:locale\" content=\"pt_BR\" \/>\n<meta property=\"og:type\" content=\"article\" \/>\n<meta property=\"og:title\" content=\"Amor que Transcende a Vida: Noiva emociona ao homenagear pai falecido em entrada hist\u00f3rica na igreja; veja o v\u00eddeo. -\" \/>\n<meta property=\"og:description\" content=\"Com um bal\u00e3o branco em forma de cora\u00e7\u00e3o, ela transformou um momento de saudade em um s\u00edmbolo eterno de amor paterno, comovendo todos os convidados. No dia que marca o in\u00edcio de uma nova jornada, o cora\u00e7\u00e3o de uma noiva carrega n\u00e3o apenas os sonhos do futuro, mas tamb\u00e9m a saudade do passado. Foi transformando [&hellip;]\" \/>\n<meta property=\"og:url\" content=\"https:\/\/gazetapernambucana.com\/?p=2185\" \/>\n<meta property=\"article:published_time\" content=\"2025-11-04T21:05:19+00:00\" \/>\n<meta property=\"og:image\" content=\"https:\/\/gazetapernambucana.com\/wp-content\/uploads\/2025\/11\/download-14.jpg\" \/>\n\t<meta property=\"og:image:width\" content=\"168\" \/>\n\t<meta property=\"og:image:height\" content=\"244\" \/>\n\t<meta property=\"og:image:type\" content=\"image\/jpeg\" \/>\n<meta name=\"author\" content=\"GP\" \/>\n<meta name=\"twitter:card\" content=\"summary_large_image\" \/>\n<meta name=\"twitter:label1\" content=\"Escrito por\" \/>\n\t<meta name=\"twitter:data1\" content=\"GP\" \/>\n\t<meta name=\"twitter:label2\" content=\"Est. tempo de leitura\" \/>\n\t<meta name=\"twitter:data2\" content=\"3 minutos\" \/>\n<script type=\"application\/ld+json\" class=\"yoast-schema-graph\">{\"@context\":\"https:\/\/schema.org\",\"@graph\":[{\"@type\":\"WebPage\",\"@id\":\"https:\/\/gazetapernambucana.com\/?p=2185\",\"url\":\"https:\/\/gazetapernambucana.com\/?p=2185\",\"name\":\"Amor que Transcende a Vida: Noiva emociona ao homenagear pai falecido em entrada hist\u00f3rica na igreja; veja o v\u00eddeo. -\",\"isPartOf\":{\"@id\":\"https:\/\/gazetapernambucana.com\/#website\"},\"primaryImageOfPage\":{\"@id\":\"https:\/\/gazetapernambucana.com\/?p=2185#primaryimage\"},\"image\":{\"@id\":\"https:\/\/gazetapernambucana.com\/?p=2185#primaryimage\"},\"thumbnailUrl\":\"https:\/\/gazetapernambucana.com\/wp-content\/uploads\/2025\/11\/download-14.jpg\",\"datePublished\":\"2025-11-04T21:05:19+00:00\",\"author\":{\"@id\":\"https:\/\/gazetapernambucana.com\/#\/schema\/person\/188dc283325181ac2de4db1e9e987427\"},\"breadcrumb\":{\"@id\":\"https:\/\/gazetapernambucana.com\/?p=2185#breadcrumb\"},\"inLanguage\":\"pt-BR\",\"potentialAction\":[{\"@type\":\"ReadAction\",\"target\":[\"https:\/\/gazetapernambucana.com\/?p=2185\"]}]},{\"@type\":\"ImageObject\",\"inLanguage\":\"pt-BR\",\"@id\":\"https:\/\/gazetapernambucana.com\/?p=2185#primaryimage\",\"url\":\"https:\/\/gazetapernambucana.com\/wp-content\/uploads\/2025\/11\/download-14.jpg\",\"contentUrl\":\"https:\/\/gazetapernambucana.com\/wp-content\/uploads\/2025\/11\/download-14.jpg\",\"width\":168,\"height\":244},{\"@type\":\"BreadcrumbList\",\"@id\":\"https:\/\/gazetapernambucana.com\/?p=2185#breadcrumb\",\"itemListElement\":[{\"@type\":\"ListItem\",\"position\":1,\"name\":\"In\u00edcio\",\"item\":\"https:\/\/gazetapernambucana.com\/\"},{\"@type\":\"ListItem\",\"position\":2,\"name\":\"Amor que Transcende a Vida: Noiva emociona ao homenagear pai falecido em entrada hist\u00f3rica na igreja; veja o v\u00eddeo.\"}]},{\"@type\":\"WebSite\",\"@id\":\"https:\/\/gazetapernambucana.com\/#website\",\"url\":\"https:\/\/gazetapernambucana.com\/\",\"name\":\"\",\"description\":\"\",\"potentialAction\":[{\"@type\":\"SearchAction\",\"target\":{\"@type\":\"EntryPoint\",\"urlTemplate\":\"https:\/\/gazetapernambucana.com\/?s={search_term_string}\"},\"query-input\":{\"@type\":\"PropertyValueSpecification\",\"valueRequired\":true,\"valueName\":\"search_term_string\"}}],\"inLanguage\":\"pt-BR\"},{\"@type\":\"Person\",\"@id\":\"https:\/\/gazetapernambucana.com\/#\/schema\/person\/188dc283325181ac2de4db1e9e987427\",\"name\":\"GP\",\"image\":{\"@type\":\"ImageObject\",\"inLanguage\":\"pt-BR\",\"@id\":\"https:\/\/gazetapernambucana.com\/#\/schema\/person\/image\/\",\"url\":\"https:\/\/secure.gravatar.com\/avatar\/9dad78ff9a2d8b5742d11779f8a3f53b052320c550b2e1907882353c067bb111?s=96&d=mm&r=g\",\"contentUrl\":\"https:\/\/secure.gravatar.com\/avatar\/9dad78ff9a2d8b5742d11779f8a3f53b052320c550b2e1907882353c067bb111?s=96&d=mm&r=g\",\"caption\":\"GP\"},\"sameAs\":[\"http:\/\/gazetapernambucana.com\"],\"url\":\"https:\/\/gazetapernambucana.com\/?author=1\"}]}<\/script>\n<!-- \/ Yoast SEO plugin. -->","yoast_head_json":{"title":"Amor que Transcende a Vida: Noiva emociona ao homenagear pai falecido em entrada hist\u00f3rica na igreja; veja o v\u00eddeo. -","robots":{"index":"index","follow":"follow","max-snippet":"max-snippet:-1","max-image-preview":"max-image-preview:large","max-video-preview":"max-video-preview:-1"},"canonical":"https:\/\/gazetapernambucana.com\/?p=2185","og_locale":"pt_BR","og_type":"article","og_title":"Amor que Transcende a Vida: Noiva emociona ao homenagear pai falecido em entrada hist\u00f3rica na igreja; veja o v\u00eddeo. -","og_description":"Com um bal\u00e3o branco em forma de cora\u00e7\u00e3o, ela transformou um momento de saudade em um s\u00edmbolo eterno de amor paterno, comovendo todos os convidados. No dia que marca o in\u00edcio de uma nova jornada, o cora\u00e7\u00e3o de uma noiva carrega n\u00e3o apenas os sonhos do futuro, mas tamb\u00e9m a saudade do passado. Foi transformando [&hellip;]","og_url":"https:\/\/gazetapernambucana.com\/?p=2185","article_published_time":"2025-11-04T21:05:19+00:00","og_image":[{"width":168,"height":244,"url":"https:\/\/gazetapernambucana.com\/wp-content\/uploads\/2025\/11\/download-14.jpg","type":"image\/jpeg"}],"author":"GP","twitter_card":"summary_large_image","twitter_misc":{"Escrito por":"GP","Est. tempo de leitura":"3 minutos"},"schema":{"@context":"https:\/\/schema.org","@graph":[{"@type":"WebPage","@id":"https:\/\/gazetapernambucana.com\/?p=2185","url":"https:\/\/gazetapernambucana.com\/?p=2185","name":"Amor que Transcende a Vida: Noiva emociona ao homenagear pai falecido em entrada hist\u00f3rica na igreja; veja o v\u00eddeo. -","isPartOf":{"@id":"https:\/\/gazetapernambucana.com\/#website"},"primaryImageOfPage":{"@id":"https:\/\/gazetapernambucana.com\/?p=2185#primaryimage"},"image":{"@id":"https:\/\/gazetapernambucana.com\/?p=2185#primaryimage"},"thumbnailUrl":"https:\/\/gazetapernambucana.com\/wp-content\/uploads\/2025\/11\/download-14.jpg","datePublished":"2025-11-04T21:05:19+00:00","author":{"@id":"https:\/\/gazetapernambucana.com\/#\/schema\/person\/188dc283325181ac2de4db1e9e987427"},"breadcrumb":{"@id":"https:\/\/gazetapernambucana.com\/?p=2185#breadcrumb"},"inLanguage":"pt-BR","potentialAction":[{"@type":"ReadAction","target":["https:\/\/gazetapernambucana.com\/?p=2185"]}]},{"@type":"ImageObject","inLanguage":"pt-BR","@id":"https:\/\/gazetapernambucana.com\/?p=2185#primaryimage","url":"https:\/\/gazetapernambucana.com\/wp-content\/uploads\/2025\/11\/download-14.jpg","contentUrl":"https:\/\/gazetapernambucana.com\/wp-content\/uploads\/2025\/11\/download-14.jpg","width":168,"height":244},{"@type":"BreadcrumbList","@id":"https:\/\/gazetapernambucana.com\/?p=2185#breadcrumb","itemListElement":[{"@type":"ListItem","position":1,"name":"In\u00edcio","item":"https:\/\/gazetapernambucana.com\/"},{"@type":"ListItem","position":2,"name":"Amor que Transcende a Vida: Noiva emociona ao homenagear pai falecido em entrada hist\u00f3rica na igreja; veja o v\u00eddeo."}]},{"@type":"WebSite","@id":"https:\/\/gazetapernambucana.com\/#website","url":"https:\/\/gazetapernambucana.com\/","name":"","description":"","potentialAction":[{"@type":"SearchAction","target":{"@type":"EntryPoint","urlTemplate":"https:\/\/gazetapernambucana.com\/?s={search_term_string}"},"query-input":{"@type":"PropertyValueSpecification","valueRequired":true,"valueName":"search_term_string"}}],"inLanguage":"pt-BR"},{"@type":"Person","@id":"https:\/\/gazetapernambucana.com\/#\/schema\/person\/188dc283325181ac2de4db1e9e987427","name":"GP","image":{"@type":"ImageObject","inLanguage":"pt-BR","@id":"https:\/\/gazetapernambucana.com\/#\/schema\/person\/image\/","url":"https:\/\/secure.gravatar.com\/avatar\/9dad78ff9a2d8b5742d11779f8a3f53b052320c550b2e1907882353c067bb111?s=96&d=mm&r=g","contentUrl":"https:\/\/secure.gravatar.com\/avatar\/9dad78ff9a2d8b5742d11779f8a3f53b052320c550b2e1907882353c067bb111?s=96&d=mm&r=g","caption":"GP"},"sameAs":["http:\/\/gazetapernambucana.com"],"url":"https:\/\/gazetapernambucana.com\/?author=1"}]}},"jetpack_publicize_connections":[],"_links":{"self":[{"href":"https:\/\/gazetapernambucana.com\/index.php?rest_route=\/wp\/v2\/posts\/2185","targetHints":{"allow":["GET"]}}],"collection":[{"href":"https:\/\/gazetapernambucana.com\/index.php?rest_route=\/wp\/v2\/posts"}],"about":[{"href":"https:\/\/gazetapernambucana.com\/index.php?rest_route=\/wp\/v2\/types\/post"}],"author":[{"embeddable":true,"href":"https:\/\/gazetapernambucana.com\/index.php?rest_route=\/wp\/v2\/users\/1"}],"replies":[{"embeddable":true,"href":"https:\/\/gazetapernambucana.com\/index.php?rest_route=%2Fwp%2Fv2%2Fcomments&post=2185"}],"version-history":[{"count":1,"href":"https:\/\/gazetapernambucana.com\/index.php?rest_route=\/wp\/v2\/posts\/2185\/revisions"}],"predecessor-version":[{"id":2188,"href":"https:\/\/gazetapernambucana.com\/index.php?rest_route=\/wp\/v2\/posts\/2185\/revisions\/2188"}],"wp:featuredmedia":[{"embeddable":true,"href":"https:\/\/gazetapernambucana.com\/index.php?rest_route=\/wp\/v2\/media\/2187"}],"wp:attachment":[{"href":"https:\/\/gazetapernambucana.com\/index.php?rest_route=%2Fwp%2Fv2%2Fmedia&parent=2185"}],"wp:term":[{"taxonomy":"category","embeddable":true,"href":"https:\/\/gazetapernambucana.com\/index.php?rest_route=%2Fwp%2Fv2%2Fcategories&post=2185"},{"taxonomy":"post_tag","embeddable":true,"href":"https:\/\/gazetapernambucana.com\/index.php?rest_route=%2Fwp%2Fv2%2Ftags&post=2185"}],"curies":[{"name":"wp","href":"https:\/\/api.w.org\/{rel}","templated":true}]}}