{"id":2180,"date":"2025-11-04T15:11:53","date_gmt":"2025-11-04T18:11:53","guid":{"rendered":"https:\/\/gazetapernambucana.com\/?p=2180"},"modified":"2025-11-04T15:12:33","modified_gmt":"2025-11-04T18:12:33","slug":"recife-converte-sua-historia-em-tela-a-ceu-aberto-com-projeto-de-megamurais","status":"publish","type":"post","link":"https:\/\/gazetapernambucana.com\/?p=2180","title":{"rendered":"Recife converte sua hist\u00f3ria em tela a c\u00e9u aberto com Projeto de Megamurais. Por Fl\u00e1vio Chaves"},"content":{"rendered":"<p class=\"ds-markdown-paragraph\"><strong>Por Fl\u00e1vio Chaves \u2013 Jornalista, poeta, escritor e membro da Academia Pernambucana de Letras. Foi Delegado Federal\/Minc\u00a0 \u2013 <\/strong>\u00a0O centro hist\u00f3rico do Recife, ber\u00e7o da coloniza\u00e7\u00e3o portuguesa no Nordeste, est\u00e1 passando por uma transforma\u00e7\u00e3o silenciosa e monumental. Nas fachadas de edif\u00edcios secularmente envelhecidos, uma nova camada de hist\u00f3ria est\u00e1 sendo pintada, n\u00e3o com a t\u00eampera do passado, mas com a tinta vibrante da contemporaneidade. A iniciativa \u00e9 o projeto Megamurais, uma pol\u00edtica p\u00fablica de urbanismo criativo que est\u00e1 convertendo a cidade em uma galeria de arte a c\u00e9u aberto, fundindo patrim\u00f4nio material e imaterial em grandes pain\u00e9is de express\u00e3o cultural.<\/p>\n<p class=\"ds-markdown-paragraph\">Articulada pelo Gabinete de Inova\u00e7\u00e3o Urbana (GIURB) no \u00e2mbito do programa\u00a0Recentro, a a\u00e7\u00e3o vai al\u00e9m do embelezamento est\u00e9tico. Trata-se de uma estrat\u00e9gia planejada de requalifica\u00e7\u00e3o urbana que utiliza a arte como ferramenta de ativa\u00e7\u00e3o social e econ\u00f4mica. At\u00e9 o momento, o investimento p\u00fablico direcionado \u00e0 iniciativa soma aproximadamente\u00a0R$ 675 mil, recursos que financiaram a conclus\u00e3o de nove murais e a execu\u00e7\u00e3o de mais dois, com cada obra recebendo um aporte individual de R$ 75 mil, conforme estabelecido em edital p\u00fablico.<\/p>\n<p class=\"ds-markdown-paragraph\">A face mais emblem\u00e1tica desta revolu\u00e7\u00e3o pict\u00f3rica \u00e9 o mural\u00a0&#8220;Nan\u00e3 de Nan\u00e1&#8221;, do artista pernambucano Manoel Quit\u00e9rio. Com imponentes\u00a0256 metros quadrados, a obra recobre a lateral do Edif\u00edcio Alian\u00e7a, no cora\u00e7\u00e3o do Recife Antigo. Mais do que uma pintura, \u00e9 uma narrativa visual que homenageia o genial percussionista\u00a0Nan\u00e1 Vasconcelos, celebrando as matrizes afro-brasileiras, a espiritualidade ancestral e a pot\u00eancia r\u00edtmica que consagrou o m\u00fasico mundialmente.<\/p>\n<p class=\"ds-markdown-paragraph\">A escolha do local \u00e9 carregada de simbolismo: foi precisamente naquela regi\u00e3o que, por anos, Nan\u00e1 deu in\u00edcio ao Carnaval do Recife, num ritual que sincronizava a cidade em um \u00fanico compasso. A obra de Quit\u00e9rio n\u00e3o apenas imortaliza esse legado, mas tamb\u00e9m marca um precedente significativo: \u00e9 a primeira interven\u00e7\u00e3o art\u00edstica de tal magnitude em um conjunto arquitet\u00f4nico tombado como patrim\u00f4nio hist\u00f3rico da cidade, sinalizando uma vis\u00e3o que entende a preserva\u00e7\u00e3o n\u00e3o como mumifica\u00e7\u00e3o, mas como um di\u00e1logo constante entre eras.<\/p>\n<p class=\"ds-markdown-paragraph\">Os Megamurais, no entanto, n\u00e3o se restringem a um \u00fanico \u00edcone. O edital que os rege foi concebido como um mecanismo duplo: \u00e9, ao mesmo tempo, um incentivo substantivo \u00e0 cadeia produtiva das artes visuais e um catalisador para a revitaliza\u00e7\u00e3o de espa\u00e7os urbanos degradados. Ao ocupar empenas cegas e fachadas ociosas, esses gigantes coloridos geram engajamento comunit\u00e1rio, ressignificam a paisagem e fortalecem o sentimento de pertencimento e identidade cultural na popula\u00e7\u00e3o.<\/p>\n<p class=\"ds-markdown-paragraph\">Este movimento ganha contornos ainda mais estrat\u00e9gicos com o reconhecimento do Recife como\u00a0&#8220;Cidade Criativa da M\u00fasica&#8221;\u00a0pela UNESCO. Os murais funcionam como uma tradu\u00e7\u00e3o visual dessa identidade s\u00f4nica \u00fanica, materializando em formas e cores o esp\u00edrito coletivo e espiritual que pulsa na soundscape pernambucana. A expans\u00e3o planejada deste circuito art\u00edstico promete consolidar a pol\u00edtica n\u00e3o como um projeto pontual, mas como um dos programas de arte urbana p\u00fablica mais vision\u00e1rios e bem-sucedidos do pa\u00eds, provando que as paredes da cidade podem ser as p\u00e1ginas de sua hist\u00f3ria viva.<\/p>\n","protected":false},"excerpt":{"rendered":"<p>Por Fl\u00e1vio Chaves \u2013 Jornalista, poeta, escritor e membro da Academia Pernambucana de Letras. Foi Delegado Federal\/Minc\u00a0 \u2013 \u00a0O centro hist\u00f3rico do Recife, ber\u00e7o da coloniza\u00e7\u00e3o portuguesa no Nordeste, est\u00e1 passando por uma transforma\u00e7\u00e3o silenciosa e monumental. Nas fachadas de edif\u00edcios secularmente envelhecidos, uma nova camada de hist\u00f3ria est\u00e1 sendo pintada, n\u00e3o com a t\u00eampera [&hellip;]<\/p>\n","protected":false},"author":1,"featured_media":2181,"comment_status":"open","ping_status":"open","sticky":false,"template":"","format":"standard","meta":{"footnotes":"","jetpack_publicize_message":"","jetpack_publicize_feature_enabled":true,"jetpack_social_post_already_shared":true,"jetpack_social_options":{"image_generator_settings":{"template":"highway","default_image_id":0,"font":"","enabled":false},"version":2}},"categories":[66,1,35],"tags":[],"class_list":["post-2180","post","type-post","status-publish","format-standard","has-post-thumbnail","hentry","category-cidades","category-https-gazetapernambucana-com-page_id225","category-https-gazetapernambucana-com-page_id218"],"yoast_head":"<!-- This site is optimized with the Yoast SEO plugin v24.5 - https:\/\/yoast.com\/wordpress\/plugins\/seo\/ -->\n<title>Recife converte sua hist\u00f3ria em tela a c\u00e9u aberto com Projeto de Megamurais. Por Fl\u00e1vio Chaves -<\/title>\n<meta name=\"robots\" content=\"index, follow, max-snippet:-1, max-image-preview:large, max-video-preview:-1\" \/>\n<link rel=\"canonical\" href=\"https:\/\/gazetapernambucana.com\/?p=2180\" \/>\n<meta property=\"og:locale\" content=\"pt_BR\" \/>\n<meta property=\"og:type\" content=\"article\" \/>\n<meta property=\"og:title\" content=\"Recife converte sua hist\u00f3ria em tela a c\u00e9u aberto com Projeto de Megamurais. Por Fl\u00e1vio Chaves -\" \/>\n<meta property=\"og:description\" content=\"Por Fl\u00e1vio Chaves \u2013 Jornalista, poeta, escritor e membro da Academia Pernambucana de Letras. Foi Delegado Federal\/Minc\u00a0 \u2013 \u00a0O centro hist\u00f3rico do Recife, ber\u00e7o da coloniza\u00e7\u00e3o portuguesa no Nordeste, est\u00e1 passando por uma transforma\u00e7\u00e3o silenciosa e monumental. Nas fachadas de edif\u00edcios secularmente envelhecidos, uma nova camada de hist\u00f3ria est\u00e1 sendo pintada, n\u00e3o com a t\u00eampera [&hellip;]\" \/>\n<meta property=\"og:url\" content=\"https:\/\/gazetapernambucana.com\/?p=2180\" \/>\n<meta property=\"article:published_time\" content=\"2025-11-04T18:11:53+00:00\" \/>\n<meta property=\"article:modified_time\" content=\"2025-11-04T18:12:33+00:00\" \/>\n<meta property=\"og:image\" content=\"https:\/\/gazetapernambucana.com\/wp-content\/uploads\/2025\/11\/f24e6d75-47b1-45d9-b8c1-2c3aa7b0d200.jpeg\" \/>\n\t<meta property=\"og:image:width\" content=\"1280\" \/>\n\t<meta property=\"og:image:height\" content=\"854\" \/>\n\t<meta property=\"og:image:type\" content=\"image\/jpeg\" \/>\n<meta name=\"author\" content=\"GP\" \/>\n<meta name=\"twitter:card\" content=\"summary_large_image\" \/>\n<meta name=\"twitter:label1\" content=\"Escrito por\" \/>\n\t<meta name=\"twitter:data1\" content=\"GP\" \/>\n\t<meta name=\"twitter:label2\" content=\"Est. tempo de leitura\" \/>\n\t<meta name=\"twitter:data2\" content=\"3 minutos\" \/>\n<script type=\"application\/ld+json\" class=\"yoast-schema-graph\">{\"@context\":\"https:\/\/schema.org\",\"@graph\":[{\"@type\":\"WebPage\",\"@id\":\"https:\/\/gazetapernambucana.com\/?p=2180\",\"url\":\"https:\/\/gazetapernambucana.com\/?p=2180\",\"name\":\"Recife converte sua hist\u00f3ria em tela a c\u00e9u aberto com Projeto de Megamurais. Por Fl\u00e1vio Chaves -\",\"isPartOf\":{\"@id\":\"https:\/\/gazetapernambucana.com\/#website\"},\"primaryImageOfPage\":{\"@id\":\"https:\/\/gazetapernambucana.com\/?p=2180#primaryimage\"},\"image\":{\"@id\":\"https:\/\/gazetapernambucana.com\/?p=2180#primaryimage\"},\"thumbnailUrl\":\"https:\/\/gazetapernambucana.com\/wp-content\/uploads\/2025\/11\/f24e6d75-47b1-45d9-b8c1-2c3aa7b0d200.jpeg\",\"datePublished\":\"2025-11-04T18:11:53+00:00\",\"dateModified\":\"2025-11-04T18:12:33+00:00\",\"author\":{\"@id\":\"https:\/\/gazetapernambucana.com\/#\/schema\/person\/188dc283325181ac2de4db1e9e987427\"},\"breadcrumb\":{\"@id\":\"https:\/\/gazetapernambucana.com\/?p=2180#breadcrumb\"},\"inLanguage\":\"pt-BR\",\"potentialAction\":[{\"@type\":\"ReadAction\",\"target\":[\"https:\/\/gazetapernambucana.com\/?p=2180\"]}]},{\"@type\":\"ImageObject\",\"inLanguage\":\"pt-BR\",\"@id\":\"https:\/\/gazetapernambucana.com\/?p=2180#primaryimage\",\"url\":\"https:\/\/gazetapernambucana.com\/wp-content\/uploads\/2025\/11\/f24e6d75-47b1-45d9-b8c1-2c3aa7b0d200.jpeg\",\"contentUrl\":\"https:\/\/gazetapernambucana.com\/wp-content\/uploads\/2025\/11\/f24e6d75-47b1-45d9-b8c1-2c3aa7b0d200.jpeg\",\"width\":1280,\"height\":854},{\"@type\":\"BreadcrumbList\",\"@id\":\"https:\/\/gazetapernambucana.com\/?p=2180#breadcrumb\",\"itemListElement\":[{\"@type\":\"ListItem\",\"position\":1,\"name\":\"In\u00edcio\",\"item\":\"https:\/\/gazetapernambucana.com\/\"},{\"@type\":\"ListItem\",\"position\":2,\"name\":\"Recife converte sua hist\u00f3ria em tela a c\u00e9u aberto com Projeto de Megamurais. Por Fl\u00e1vio Chaves\"}]},{\"@type\":\"WebSite\",\"@id\":\"https:\/\/gazetapernambucana.com\/#website\",\"url\":\"https:\/\/gazetapernambucana.com\/\",\"name\":\"\",\"description\":\"\",\"potentialAction\":[{\"@type\":\"SearchAction\",\"target\":{\"@type\":\"EntryPoint\",\"urlTemplate\":\"https:\/\/gazetapernambucana.com\/?s={search_term_string}\"},\"query-input\":{\"@type\":\"PropertyValueSpecification\",\"valueRequired\":true,\"valueName\":\"search_term_string\"}}],\"inLanguage\":\"pt-BR\"},{\"@type\":\"Person\",\"@id\":\"https:\/\/gazetapernambucana.com\/#\/schema\/person\/188dc283325181ac2de4db1e9e987427\",\"name\":\"GP\",\"image\":{\"@type\":\"ImageObject\",\"inLanguage\":\"pt-BR\",\"@id\":\"https:\/\/gazetapernambucana.com\/#\/schema\/person\/image\/\",\"url\":\"https:\/\/secure.gravatar.com\/avatar\/9dad78ff9a2d8b5742d11779f8a3f53b052320c550b2e1907882353c067bb111?s=96&d=mm&r=g\",\"contentUrl\":\"https:\/\/secure.gravatar.com\/avatar\/9dad78ff9a2d8b5742d11779f8a3f53b052320c550b2e1907882353c067bb111?s=96&d=mm&r=g\",\"caption\":\"GP\"},\"sameAs\":[\"http:\/\/gazetapernambucana.com\"],\"url\":\"https:\/\/gazetapernambucana.com\/?author=1\"}]}<\/script>\n<!-- \/ Yoast SEO plugin. -->","yoast_head_json":{"title":"Recife converte sua hist\u00f3ria em tela a c\u00e9u aberto com Projeto de Megamurais. Por Fl\u00e1vio Chaves -","robots":{"index":"index","follow":"follow","max-snippet":"max-snippet:-1","max-image-preview":"max-image-preview:large","max-video-preview":"max-video-preview:-1"},"canonical":"https:\/\/gazetapernambucana.com\/?p=2180","og_locale":"pt_BR","og_type":"article","og_title":"Recife converte sua hist\u00f3ria em tela a c\u00e9u aberto com Projeto de Megamurais. Por Fl\u00e1vio Chaves -","og_description":"Por Fl\u00e1vio Chaves \u2013 Jornalista, poeta, escritor e membro da Academia Pernambucana de Letras. Foi Delegado Federal\/Minc\u00a0 \u2013 \u00a0O centro hist\u00f3rico do Recife, ber\u00e7o da coloniza\u00e7\u00e3o portuguesa no Nordeste, est\u00e1 passando por uma transforma\u00e7\u00e3o silenciosa e monumental. Nas fachadas de edif\u00edcios secularmente envelhecidos, uma nova camada de hist\u00f3ria est\u00e1 sendo pintada, n\u00e3o com a t\u00eampera [&hellip;]","og_url":"https:\/\/gazetapernambucana.com\/?p=2180","article_published_time":"2025-11-04T18:11:53+00:00","article_modified_time":"2025-11-04T18:12:33+00:00","og_image":[{"width":1280,"height":854,"url":"https:\/\/gazetapernambucana.com\/wp-content\/uploads\/2025\/11\/f24e6d75-47b1-45d9-b8c1-2c3aa7b0d200.jpeg","type":"image\/jpeg"}],"author":"GP","twitter_card":"summary_large_image","twitter_misc":{"Escrito por":"GP","Est. tempo de leitura":"3 minutos"},"schema":{"@context":"https:\/\/schema.org","@graph":[{"@type":"WebPage","@id":"https:\/\/gazetapernambucana.com\/?p=2180","url":"https:\/\/gazetapernambucana.com\/?p=2180","name":"Recife converte sua hist\u00f3ria em tela a c\u00e9u aberto com Projeto de Megamurais. Por Fl\u00e1vio Chaves -","isPartOf":{"@id":"https:\/\/gazetapernambucana.com\/#website"},"primaryImageOfPage":{"@id":"https:\/\/gazetapernambucana.com\/?p=2180#primaryimage"},"image":{"@id":"https:\/\/gazetapernambucana.com\/?p=2180#primaryimage"},"thumbnailUrl":"https:\/\/gazetapernambucana.com\/wp-content\/uploads\/2025\/11\/f24e6d75-47b1-45d9-b8c1-2c3aa7b0d200.jpeg","datePublished":"2025-11-04T18:11:53+00:00","dateModified":"2025-11-04T18:12:33+00:00","author":{"@id":"https:\/\/gazetapernambucana.com\/#\/schema\/person\/188dc283325181ac2de4db1e9e987427"},"breadcrumb":{"@id":"https:\/\/gazetapernambucana.com\/?p=2180#breadcrumb"},"inLanguage":"pt-BR","potentialAction":[{"@type":"ReadAction","target":["https:\/\/gazetapernambucana.com\/?p=2180"]}]},{"@type":"ImageObject","inLanguage":"pt-BR","@id":"https:\/\/gazetapernambucana.com\/?p=2180#primaryimage","url":"https:\/\/gazetapernambucana.com\/wp-content\/uploads\/2025\/11\/f24e6d75-47b1-45d9-b8c1-2c3aa7b0d200.jpeg","contentUrl":"https:\/\/gazetapernambucana.com\/wp-content\/uploads\/2025\/11\/f24e6d75-47b1-45d9-b8c1-2c3aa7b0d200.jpeg","width":1280,"height":854},{"@type":"BreadcrumbList","@id":"https:\/\/gazetapernambucana.com\/?p=2180#breadcrumb","itemListElement":[{"@type":"ListItem","position":1,"name":"In\u00edcio","item":"https:\/\/gazetapernambucana.com\/"},{"@type":"ListItem","position":2,"name":"Recife converte sua hist\u00f3ria em tela a c\u00e9u aberto com Projeto de Megamurais. Por Fl\u00e1vio Chaves"}]},{"@type":"WebSite","@id":"https:\/\/gazetapernambucana.com\/#website","url":"https:\/\/gazetapernambucana.com\/","name":"","description":"","potentialAction":[{"@type":"SearchAction","target":{"@type":"EntryPoint","urlTemplate":"https:\/\/gazetapernambucana.com\/?s={search_term_string}"},"query-input":{"@type":"PropertyValueSpecification","valueRequired":true,"valueName":"search_term_string"}}],"inLanguage":"pt-BR"},{"@type":"Person","@id":"https:\/\/gazetapernambucana.com\/#\/schema\/person\/188dc283325181ac2de4db1e9e987427","name":"GP","image":{"@type":"ImageObject","inLanguage":"pt-BR","@id":"https:\/\/gazetapernambucana.com\/#\/schema\/person\/image\/","url":"https:\/\/secure.gravatar.com\/avatar\/9dad78ff9a2d8b5742d11779f8a3f53b052320c550b2e1907882353c067bb111?s=96&d=mm&r=g","contentUrl":"https:\/\/secure.gravatar.com\/avatar\/9dad78ff9a2d8b5742d11779f8a3f53b052320c550b2e1907882353c067bb111?s=96&d=mm&r=g","caption":"GP"},"sameAs":["http:\/\/gazetapernambucana.com"],"url":"https:\/\/gazetapernambucana.com\/?author=1"}]}},"jetpack_publicize_connections":[],"_links":{"self":[{"href":"https:\/\/gazetapernambucana.com\/index.php?rest_route=\/wp\/v2\/posts\/2180","targetHints":{"allow":["GET"]}}],"collection":[{"href":"https:\/\/gazetapernambucana.com\/index.php?rest_route=\/wp\/v2\/posts"}],"about":[{"href":"https:\/\/gazetapernambucana.com\/index.php?rest_route=\/wp\/v2\/types\/post"}],"author":[{"embeddable":true,"href":"https:\/\/gazetapernambucana.com\/index.php?rest_route=\/wp\/v2\/users\/1"}],"replies":[{"embeddable":true,"href":"https:\/\/gazetapernambucana.com\/index.php?rest_route=%2Fwp%2Fv2%2Fcomments&post=2180"}],"version-history":[{"count":2,"href":"https:\/\/gazetapernambucana.com\/index.php?rest_route=\/wp\/v2\/posts\/2180\/revisions"}],"predecessor-version":[{"id":2183,"href":"https:\/\/gazetapernambucana.com\/index.php?rest_route=\/wp\/v2\/posts\/2180\/revisions\/2183"}],"wp:featuredmedia":[{"embeddable":true,"href":"https:\/\/gazetapernambucana.com\/index.php?rest_route=\/wp\/v2\/media\/2181"}],"wp:attachment":[{"href":"https:\/\/gazetapernambucana.com\/index.php?rest_route=%2Fwp%2Fv2%2Fmedia&parent=2180"}],"wp:term":[{"taxonomy":"category","embeddable":true,"href":"https:\/\/gazetapernambucana.com\/index.php?rest_route=%2Fwp%2Fv2%2Fcategories&post=2180"},{"taxonomy":"post_tag","embeddable":true,"href":"https:\/\/gazetapernambucana.com\/index.php?rest_route=%2Fwp%2Fv2%2Ftags&post=2180"}],"curies":[{"name":"wp","href":"https:\/\/api.w.org\/{rel}","templated":true}]}}