{"id":2173,"date":"2025-11-03T23:34:02","date_gmt":"2025-11-04T02:34:02","guid":{"rendered":"https:\/\/gazetapernambucana.com\/?p=2173"},"modified":"2025-11-03T23:39:44","modified_gmt":"2025-11-04T02:39:44","slug":"editora-bagaco-reune-autores-em-lancamento-coletivo-na-academia-pernambucana-de-letras","status":"publish","type":"post","link":"https:\/\/gazetapernambucana.com\/?p=2173","title":{"rendered":"Editora Baga\u00e7o re\u00fane autores em lan\u00e7amento coletivo na Academia Pernambucana de Letras"},"content":{"rendered":"<p class=\"ds-markdown-paragraph\"><strong>Evento na pr\u00f3xima quarta-feira (05) celebra a literatura pernambucana com o lan\u00e7amento de 11 novos livros, abrangendo cr\u00f4nicas, ensaios e poesias.<\/strong><\/p>\n<p class=\"ds-markdown-paragraph\">A cena liter\u00e1ria de Pernambuco ganha um destaque especial na pr\u00f3xima quarta-feira, 05 de novembro. A Editora Baga\u00e7o, em parceria com a Academia Pernambucana de Letras (APL), promove um lan\u00e7amento coletivo que reunir\u00e1 v\u00e1rios autores pernambucanos em uma noite de aut\u00f3grafos. O evento est\u00e1 marcado para as 19h, na sede da Academia, localizada na Avenida Rui Barbosa, 1596, no bairro das Gra\u00e7as, Recife.<\/p>\n<p class=\"ds-markdown-paragraph\">A ocasi\u00e3o \u00e9 uma excelente oportunidade para o p\u00fablico conhecer e adquirir obras in\u00e9ditas, que abrangem os g\u00eaneros de cr\u00f4nicas, ensaios e poesias, demonstrando a for\u00e7a e a diversidade da produ\u00e7\u00e3o intelectual do estado.<\/p>\n<p class=\"ds-markdown-paragraph\"><strong>Confira a lista completa das obras que ser\u00e3o lan\u00e7adas:<\/strong><\/p>\n<ul>\n<li>\n<p class=\"ds-markdown-paragraph\"><strong>\u201cBoa noite, Maria e outros contos\u201d<\/strong>\u00a0\u2013 Admaldo Matos de Assis<\/p>\n<\/li>\n<li>\n<p class=\"ds-markdown-paragraph\"><strong>\u201cO Escritor e o Leitor &#8211; Ensaios\u201d<\/strong>\u00a0\u2013 Lucilio Varej\u00e3o Neto<\/p>\n<\/li>\n<li>\n<p class=\"ds-markdown-paragraph\"><strong>\u201cA Palavra em Prece e outros Poemas\u201d<\/strong>\u00a0\u2013 Lourdes Nic\u00e1cio e Silva<\/p>\n<\/li>\n<li>\n<p class=\"ds-markdown-paragraph\"><strong>\u201cO Gr\u00e3o do Amor e outros Gr\u00e3os\u201d<\/strong>\u00a0\u2013 Paulo Gustavo<\/p>\n<\/li>\n<li>\n<p class=\"ds-markdown-paragraph\"><strong>\u201cA Arca\u201d<\/strong>\u00a0\u2013 Lourival Holanda<\/p>\n<\/li>\n<li>\n<p class=\"ds-markdown-paragraph\"><strong>\u201cAinda h\u00e1 uma brisa &#8211; Cr\u00f4nicas\u201d<\/strong>\u00a0\u2013 C\u00edcero Belmar<\/p>\n<\/li>\n<li>\n<p class=\"ds-markdown-paragraph\"><strong>\u201cO Signo Prec\u00e1rio ou Poema \u00e0 Linha D&#8217;\u00e1gua\u201d<\/strong>\u00a0\u2013 Alvacir Raposo<\/p>\n<\/li>\n<li>\n<p class=\"ds-markdown-paragraph\"><strong>\u201cCausos\u201d<\/strong>\u00a0\u2013 Haid\u00e9e Camelo Fonseca<\/p>\n<\/li>\n<li>\n<p class=\"ds-markdown-paragraph\"><strong>\u201cSob o Ouro e o Altar\u201d<\/strong>\u00a0\u2013 Eduardo Paix\u00e3o<\/p>\n<\/li>\n<li>\n<p class=\"ds-markdown-paragraph\"><strong>\u201cFaces do Mangue\u201d<\/strong>\u00a0\u2013 Paulo Caldas<\/p>\n<\/li>\n<li>\n<p class=\"ds-markdown-paragraph\"><strong>\u201cDano e Responsabilidade &#8211; O Estado de Necessidade do Direito Civil\u201d<\/strong>\u00a0\u2013 S\u00edlvio Neves Baptista<\/p>\n<\/li>\n<\/ul>\n<p><img loading=\"lazy\" decoding=\"async\" class=\"size-full wp-image-2174 aligncenter\" src=\"http:\/\/gazetapernambucana.com\/wp-content\/uploads\/2025\/11\/download-12.jpg\" alt=\"\" width=\"200\" height=\"200\" srcset=\"https:\/\/gazetapernambucana.com\/wp-content\/uploads\/2025\/11\/download-12.jpg 200w, https:\/\/gazetapernambucana.com\/wp-content\/uploads\/2025\/11\/download-12-150x150.jpg 150w\" sizes=\"auto, (max-width: 200px) 100vw, 200px\" \/><\/p>\n<p class=\"ds-markdown-paragraph\">A iniciativa consolida a miss\u00e3o da Editora Baga\u00e7o em fomentar a cultura pernambucana, dando voz a novos e consagrados escritores. Para a Academia Pernambucana de Letras, sediar o evento refor\u00e7a seu papel como um espa\u00e7o vivo e democr\u00e1tico de difus\u00e3o da literatura e do pensamento.<\/p>\n<p class=\"ds-markdown-paragraph\"><strong>Servi\u00e7o:<\/strong><br \/>\n<strong>O qu\u00ea:<\/strong>\u00a0Lan\u00e7amento Coletivo de Livros da Editora Baga\u00e7o<br \/>\n<strong>Quando:<\/strong>\u00a0Quarta-feira, 05 de novembro, \u00e0s 19h<br \/>\n<strong>Onde:<\/strong>\u00a0Academia Pernambucana de Letras (Av. Rui Barbosa, 1596, Gra\u00e7as, Recife-PE)<br \/>\n<strong>Realiza\u00e7\u00e3o:<\/strong>\u00a0Editora Baga\u00e7o e Academia Pernambucana de Letras<br \/>\n<strong>Entrada:<\/strong>\u00a0Gratuita<\/p>\n","protected":false},"excerpt":{"rendered":"<p>Evento na pr\u00f3xima quarta-feira (05) celebra a literatura pernambucana com o lan\u00e7amento de 11 novos livros, abrangendo cr\u00f4nicas, ensaios e poesias. A cena liter\u00e1ria de Pernambuco ganha um destaque especial na pr\u00f3xima quarta-feira, 05 de novembro. A Editora Baga\u00e7o, em parceria com a Academia Pernambucana de Letras (APL), promove um lan\u00e7amento coletivo que reunir\u00e1 v\u00e1rios [&hellip;]<\/p>\n","protected":false},"author":1,"featured_media":2175,"comment_status":"open","ping_status":"open","sticky":false,"template":"","format":"standard","meta":{"footnotes":"","jetpack_publicize_message":"","jetpack_publicize_feature_enabled":true,"jetpack_social_post_already_shared":true,"jetpack_social_options":{"image_generator_settings":{"template":"highway","default_image_id":0,"font":"","enabled":false},"version":2}},"categories":[1,35,46],"tags":[],"class_list":["post-2173","post","type-post","status-publish","format-standard","has-post-thumbnail","hentry","category-https-gazetapernambucana-com-page_id225","category-https-gazetapernambucana-com-page_id218","category-literatura"],"yoast_head":"<!-- This site is optimized with the Yoast SEO plugin v24.5 - https:\/\/yoast.com\/wordpress\/plugins\/seo\/ -->\n<title>Editora Baga\u00e7o re\u00fane autores em lan\u00e7amento coletivo na Academia Pernambucana de Letras -<\/title>\n<meta name=\"robots\" content=\"index, follow, max-snippet:-1, max-image-preview:large, max-video-preview:-1\" \/>\n<link rel=\"canonical\" href=\"https:\/\/gazetapernambucana.com\/?p=2173\" \/>\n<meta property=\"og:locale\" content=\"pt_BR\" \/>\n<meta property=\"og:type\" content=\"article\" \/>\n<meta property=\"og:title\" content=\"Editora Baga\u00e7o re\u00fane autores em lan\u00e7amento coletivo na Academia Pernambucana de Letras -\" \/>\n<meta property=\"og:description\" content=\"Evento na pr\u00f3xima quarta-feira (05) celebra a literatura pernambucana com o lan\u00e7amento de 11 novos livros, abrangendo cr\u00f4nicas, ensaios e poesias. A cena liter\u00e1ria de Pernambuco ganha um destaque especial na pr\u00f3xima quarta-feira, 05 de novembro. A Editora Baga\u00e7o, em parceria com a Academia Pernambucana de Letras (APL), promove um lan\u00e7amento coletivo que reunir\u00e1 v\u00e1rios [&hellip;]\" \/>\n<meta property=\"og:url\" content=\"https:\/\/gazetapernambucana.com\/?p=2173\" \/>\n<meta property=\"article:published_time\" content=\"2025-11-04T02:34:02+00:00\" \/>\n<meta property=\"article:modified_time\" content=\"2025-11-04T02:39:44+00:00\" \/>\n<meta property=\"og:image\" content=\"https:\/\/gazetapernambucana.com\/wp-content\/uploads\/2025\/11\/download-13.jpg\" \/>\n\t<meta property=\"og:image:width\" content=\"225\" \/>\n\t<meta property=\"og:image:height\" content=\"225\" \/>\n\t<meta property=\"og:image:type\" content=\"image\/jpeg\" \/>\n<meta name=\"author\" content=\"GP\" \/>\n<meta name=\"twitter:card\" content=\"summary_large_image\" \/>\n<meta name=\"twitter:label1\" content=\"Escrito por\" \/>\n\t<meta name=\"twitter:data1\" content=\"GP\" \/>\n\t<meta name=\"twitter:label2\" content=\"Est. tempo de leitura\" \/>\n\t<meta name=\"twitter:data2\" content=\"3 minutos\" \/>\n<script type=\"application\/ld+json\" class=\"yoast-schema-graph\">{\"@context\":\"https:\/\/schema.org\",\"@graph\":[{\"@type\":\"WebPage\",\"@id\":\"https:\/\/gazetapernambucana.com\/?p=2173\",\"url\":\"https:\/\/gazetapernambucana.com\/?p=2173\",\"name\":\"Editora Baga\u00e7o re\u00fane autores em lan\u00e7amento coletivo na Academia Pernambucana de Letras -\",\"isPartOf\":{\"@id\":\"https:\/\/gazetapernambucana.com\/#website\"},\"primaryImageOfPage\":{\"@id\":\"https:\/\/gazetapernambucana.com\/?p=2173#primaryimage\"},\"image\":{\"@id\":\"https:\/\/gazetapernambucana.com\/?p=2173#primaryimage\"},\"thumbnailUrl\":\"https:\/\/gazetapernambucana.com\/wp-content\/uploads\/2025\/11\/download-13.jpg\",\"datePublished\":\"2025-11-04T02:34:02+00:00\",\"dateModified\":\"2025-11-04T02:39:44+00:00\",\"author\":{\"@id\":\"https:\/\/gazetapernambucana.com\/#\/schema\/person\/188dc283325181ac2de4db1e9e987427\"},\"breadcrumb\":{\"@id\":\"https:\/\/gazetapernambucana.com\/?p=2173#breadcrumb\"},\"inLanguage\":\"pt-BR\",\"potentialAction\":[{\"@type\":\"ReadAction\",\"target\":[\"https:\/\/gazetapernambucana.com\/?p=2173\"]}]},{\"@type\":\"ImageObject\",\"inLanguage\":\"pt-BR\",\"@id\":\"https:\/\/gazetapernambucana.com\/?p=2173#primaryimage\",\"url\":\"https:\/\/gazetapernambucana.com\/wp-content\/uploads\/2025\/11\/download-13.jpg\",\"contentUrl\":\"https:\/\/gazetapernambucana.com\/wp-content\/uploads\/2025\/11\/download-13.jpg\",\"width\":225,\"height\":225},{\"@type\":\"BreadcrumbList\",\"@id\":\"https:\/\/gazetapernambucana.com\/?p=2173#breadcrumb\",\"itemListElement\":[{\"@type\":\"ListItem\",\"position\":1,\"name\":\"In\u00edcio\",\"item\":\"https:\/\/gazetapernambucana.com\/\"},{\"@type\":\"ListItem\",\"position\":2,\"name\":\"Editora Baga\u00e7o re\u00fane autores em lan\u00e7amento coletivo na Academia Pernambucana de Letras\"}]},{\"@type\":\"WebSite\",\"@id\":\"https:\/\/gazetapernambucana.com\/#website\",\"url\":\"https:\/\/gazetapernambucana.com\/\",\"name\":\"\",\"description\":\"\",\"potentialAction\":[{\"@type\":\"SearchAction\",\"target\":{\"@type\":\"EntryPoint\",\"urlTemplate\":\"https:\/\/gazetapernambucana.com\/?s={search_term_string}\"},\"query-input\":{\"@type\":\"PropertyValueSpecification\",\"valueRequired\":true,\"valueName\":\"search_term_string\"}}],\"inLanguage\":\"pt-BR\"},{\"@type\":\"Person\",\"@id\":\"https:\/\/gazetapernambucana.com\/#\/schema\/person\/188dc283325181ac2de4db1e9e987427\",\"name\":\"GP\",\"image\":{\"@type\":\"ImageObject\",\"inLanguage\":\"pt-BR\",\"@id\":\"https:\/\/gazetapernambucana.com\/#\/schema\/person\/image\/\",\"url\":\"https:\/\/secure.gravatar.com\/avatar\/9dad78ff9a2d8b5742d11779f8a3f53b052320c550b2e1907882353c067bb111?s=96&d=mm&r=g\",\"contentUrl\":\"https:\/\/secure.gravatar.com\/avatar\/9dad78ff9a2d8b5742d11779f8a3f53b052320c550b2e1907882353c067bb111?s=96&d=mm&r=g\",\"caption\":\"GP\"},\"sameAs\":[\"http:\/\/gazetapernambucana.com\"],\"url\":\"https:\/\/gazetapernambucana.com\/?author=1\"}]}<\/script>\n<!-- \/ Yoast SEO plugin. -->","yoast_head_json":{"title":"Editora Baga\u00e7o re\u00fane autores em lan\u00e7amento coletivo na Academia Pernambucana de Letras -","robots":{"index":"index","follow":"follow","max-snippet":"max-snippet:-1","max-image-preview":"max-image-preview:large","max-video-preview":"max-video-preview:-1"},"canonical":"https:\/\/gazetapernambucana.com\/?p=2173","og_locale":"pt_BR","og_type":"article","og_title":"Editora Baga\u00e7o re\u00fane autores em lan\u00e7amento coletivo na Academia Pernambucana de Letras -","og_description":"Evento na pr\u00f3xima quarta-feira (05) celebra a literatura pernambucana com o lan\u00e7amento de 11 novos livros, abrangendo cr\u00f4nicas, ensaios e poesias. A cena liter\u00e1ria de Pernambuco ganha um destaque especial na pr\u00f3xima quarta-feira, 05 de novembro. A Editora Baga\u00e7o, em parceria com a Academia Pernambucana de Letras (APL), promove um lan\u00e7amento coletivo que reunir\u00e1 v\u00e1rios [&hellip;]","og_url":"https:\/\/gazetapernambucana.com\/?p=2173","article_published_time":"2025-11-04T02:34:02+00:00","article_modified_time":"2025-11-04T02:39:44+00:00","og_image":[{"width":225,"height":225,"url":"https:\/\/gazetapernambucana.com\/wp-content\/uploads\/2025\/11\/download-13.jpg","type":"image\/jpeg"}],"author":"GP","twitter_card":"summary_large_image","twitter_misc":{"Escrito por":"GP","Est. tempo de leitura":"3 minutos"},"schema":{"@context":"https:\/\/schema.org","@graph":[{"@type":"WebPage","@id":"https:\/\/gazetapernambucana.com\/?p=2173","url":"https:\/\/gazetapernambucana.com\/?p=2173","name":"Editora Baga\u00e7o re\u00fane autores em lan\u00e7amento coletivo na Academia Pernambucana de Letras -","isPartOf":{"@id":"https:\/\/gazetapernambucana.com\/#website"},"primaryImageOfPage":{"@id":"https:\/\/gazetapernambucana.com\/?p=2173#primaryimage"},"image":{"@id":"https:\/\/gazetapernambucana.com\/?p=2173#primaryimage"},"thumbnailUrl":"https:\/\/gazetapernambucana.com\/wp-content\/uploads\/2025\/11\/download-13.jpg","datePublished":"2025-11-04T02:34:02+00:00","dateModified":"2025-11-04T02:39:44+00:00","author":{"@id":"https:\/\/gazetapernambucana.com\/#\/schema\/person\/188dc283325181ac2de4db1e9e987427"},"breadcrumb":{"@id":"https:\/\/gazetapernambucana.com\/?p=2173#breadcrumb"},"inLanguage":"pt-BR","potentialAction":[{"@type":"ReadAction","target":["https:\/\/gazetapernambucana.com\/?p=2173"]}]},{"@type":"ImageObject","inLanguage":"pt-BR","@id":"https:\/\/gazetapernambucana.com\/?p=2173#primaryimage","url":"https:\/\/gazetapernambucana.com\/wp-content\/uploads\/2025\/11\/download-13.jpg","contentUrl":"https:\/\/gazetapernambucana.com\/wp-content\/uploads\/2025\/11\/download-13.jpg","width":225,"height":225},{"@type":"BreadcrumbList","@id":"https:\/\/gazetapernambucana.com\/?p=2173#breadcrumb","itemListElement":[{"@type":"ListItem","position":1,"name":"In\u00edcio","item":"https:\/\/gazetapernambucana.com\/"},{"@type":"ListItem","position":2,"name":"Editora Baga\u00e7o re\u00fane autores em lan\u00e7amento coletivo na Academia Pernambucana de Letras"}]},{"@type":"WebSite","@id":"https:\/\/gazetapernambucana.com\/#website","url":"https:\/\/gazetapernambucana.com\/","name":"","description":"","potentialAction":[{"@type":"SearchAction","target":{"@type":"EntryPoint","urlTemplate":"https:\/\/gazetapernambucana.com\/?s={search_term_string}"},"query-input":{"@type":"PropertyValueSpecification","valueRequired":true,"valueName":"search_term_string"}}],"inLanguage":"pt-BR"},{"@type":"Person","@id":"https:\/\/gazetapernambucana.com\/#\/schema\/person\/188dc283325181ac2de4db1e9e987427","name":"GP","image":{"@type":"ImageObject","inLanguage":"pt-BR","@id":"https:\/\/gazetapernambucana.com\/#\/schema\/person\/image\/","url":"https:\/\/secure.gravatar.com\/avatar\/9dad78ff9a2d8b5742d11779f8a3f53b052320c550b2e1907882353c067bb111?s=96&d=mm&r=g","contentUrl":"https:\/\/secure.gravatar.com\/avatar\/9dad78ff9a2d8b5742d11779f8a3f53b052320c550b2e1907882353c067bb111?s=96&d=mm&r=g","caption":"GP"},"sameAs":["http:\/\/gazetapernambucana.com"],"url":"https:\/\/gazetapernambucana.com\/?author=1"}]}},"jetpack_publicize_connections":[],"_links":{"self":[{"href":"https:\/\/gazetapernambucana.com\/index.php?rest_route=\/wp\/v2\/posts\/2173","targetHints":{"allow":["GET"]}}],"collection":[{"href":"https:\/\/gazetapernambucana.com\/index.php?rest_route=\/wp\/v2\/posts"}],"about":[{"href":"https:\/\/gazetapernambucana.com\/index.php?rest_route=\/wp\/v2\/types\/post"}],"author":[{"embeddable":true,"href":"https:\/\/gazetapernambucana.com\/index.php?rest_route=\/wp\/v2\/users\/1"}],"replies":[{"embeddable":true,"href":"https:\/\/gazetapernambucana.com\/index.php?rest_route=%2Fwp%2Fv2%2Fcomments&post=2173"}],"version-history":[{"count":3,"href":"https:\/\/gazetapernambucana.com\/index.php?rest_route=\/wp\/v2\/posts\/2173\/revisions"}],"predecessor-version":[{"id":2178,"href":"https:\/\/gazetapernambucana.com\/index.php?rest_route=\/wp\/v2\/posts\/2173\/revisions\/2178"}],"wp:featuredmedia":[{"embeddable":true,"href":"https:\/\/gazetapernambucana.com\/index.php?rest_route=\/wp\/v2\/media\/2175"}],"wp:attachment":[{"href":"https:\/\/gazetapernambucana.com\/index.php?rest_route=%2Fwp%2Fv2%2Fmedia&parent=2173"}],"wp:term":[{"taxonomy":"category","embeddable":true,"href":"https:\/\/gazetapernambucana.com\/index.php?rest_route=%2Fwp%2Fv2%2Fcategories&post=2173"},{"taxonomy":"post_tag","embeddable":true,"href":"https:\/\/gazetapernambucana.com\/index.php?rest_route=%2Fwp%2Fv2%2Ftags&post=2173"}],"curies":[{"name":"wp","href":"https:\/\/api.w.org\/{rel}","templated":true}]}}