{"id":2078,"date":"2025-10-23T11:34:24","date_gmt":"2025-10-23T14:34:24","guid":{"rendered":"https:\/\/gazetapernambucana.com\/?p=2078"},"modified":"2025-10-23T11:34:24","modified_gmt":"2025-10-23T14:34:24","slug":"a-sindrome-de-down-recebeu-o-nome-de-john-langdon-down","status":"publish","type":"post","link":"https:\/\/gazetapernambucana.com\/?p=2078","title":{"rendered":"A s\u00edndrome de Down recebeu o nome de John Langdon Down"},"content":{"rendered":"<div class=\"xdj266r x14z9mp xat24cr x1lziwak x1vvkbs x126k92a\">\n<div dir=\"auto\">A s\u00edndrome de Down recebeu o nome de John Langdon Down, um m\u00e9dico brit\u00e2nico que, em 1866, n\u00e3o se limitou a descrever cientificamente essa condi\u00e7\u00e3o, mas a abordou com uma vis\u00e3o humanit\u00e1ria.<\/div>\n<div dir=\"auto\"><\/div>\n<\/div>\n<div class=\"x14z9mp xat24cr x1lziwak x1vvkbs xtlvy1s x126k92a\">\n<div dir=\"auto\">Naquela \u00e9poca, pessoas com defici\u00eancia intelectual eram abandonadas, punidas e confinadas em institui\u00e7\u00f5es desumanas. No entanto, Down decidiu mudar essa realidade. Quando se tornou diretor do Instituto de Earlswood, proibiu as puni\u00e7\u00f5es corporais, introduziu pr\u00e1ticas de higiene e atividades educativas, oferecendo aos internos atividades como artesanato, jardinagem e at\u00e9 teatro. Ele n\u00e3o os via como casos cl\u00ednicos, mas como indiv\u00edduos.<\/div>\n<div dir=\"auto\"><\/div>\n<\/div>\n<div class=\"x14z9mp xat24cr x1lziwak x1vvkbs xtlvy1s x126k92a\">\n<div dir=\"auto\">Um gesto revolucion\u00e1rio de Down foi retratar seus pacientes em fotografias dignas, com roupas elegantes e poses orgulhosas, uma forma de devolver-lhes a beleza e a identidade que a sociedade frequentemente lhes negava.<\/div>\n<div dir=\"auto\"><\/div>\n<\/div>\n<div class=\"x14z9mp xat24cr x1lziwak x1vvkbs xtlvy1s x126k92a\">\n<div dir=\"auto\">Em 1868, ele comprou uma villa e a transformou em Normansfield, n\u00e3o um manic\u00f4mio, mas uma verdadeira casa. Nesse local, pessoas com s\u00edndrome de Down podiam viver, crescer e desenvolver talentos em um ambiente sereno. Esse lugar ainda existe hoje como The Langdon Down Centre, onde se preserva o teatro que ele mesmo quis, s\u00edmbolo de sua vis\u00e3o.<\/div>\n<div dir=\"auto\"><\/div>\n<\/div>\n<div class=\"x14z9mp xat24cr x1lziwak x1vvkbs xtlvy1s x126k92a\">\n<div dir=\"auto\">Por isso, o termo s\u00edndrome de Down n\u00e3o \u00e9 depreciativo; ele leva o nome de um m\u00e9dico que soube ver pessoas, n\u00e3o r\u00f3tulos.<\/div>\n<\/div>\n<div class=\"x14z9mp xat24cr x1lziwak x1vvkbs xtlvy1s x126k92a\">\n<div dir=\"auto\">A hist\u00f3ria de John Langdon Down nos lembra que a verdadeira revolu\u00e7\u00e3o n\u00e3o \u00e9 cient\u00edfica nem t\u00e9cnica, mas a capacidade de reconhecer e respeitar a dignidade do outro. \u00c9 aprender a olhar com respeito, sempre.<\/div>\n<\/div>\n","protected":false},"excerpt":{"rendered":"<p>A s\u00edndrome de Down recebeu o nome de John Langdon Down, um m\u00e9dico brit\u00e2nico que, em 1866, n\u00e3o se limitou a descrever cientificamente essa condi\u00e7\u00e3o, mas a abordou com uma vis\u00e3o humanit\u00e1ria. Naquela \u00e9poca, pessoas com defici\u00eancia intelectual eram abandonadas, punidas e confinadas em institui\u00e7\u00f5es desumanas. No entanto, Down decidiu mudar essa realidade. Quando se [&hellip;]<\/p>\n","protected":false},"author":1,"featured_media":2079,"comment_status":"open","ping_status":"open","sticky":false,"template":"","format":"standard","meta":{"footnotes":"","jetpack_publicize_message":"","jetpack_publicize_feature_enabled":true,"jetpack_social_post_already_shared":true,"jetpack_social_options":{"image_generator_settings":{"template":"highway","default_image_id":0,"font":"","enabled":false},"version":2}},"categories":[1,35,36],"tags":[],"class_list":["post-2078","post","type-post","status-publish","format-standard","has-post-thumbnail","hentry","category-https-gazetapernambucana-com-page_id225","category-https-gazetapernambucana-com-page_id218","category-https-gazetapernambucana-com-page_id209"],"yoast_head":"<!-- This site is optimized with the Yoast SEO plugin v24.5 - https:\/\/yoast.com\/wordpress\/plugins\/seo\/ -->\n<title>A s\u00edndrome de Down recebeu o nome de John Langdon Down -<\/title>\n<meta name=\"robots\" content=\"index, follow, max-snippet:-1, max-image-preview:large, max-video-preview:-1\" \/>\n<link rel=\"canonical\" href=\"https:\/\/gazetapernambucana.com\/?p=2078\" \/>\n<meta property=\"og:locale\" content=\"pt_BR\" \/>\n<meta property=\"og:type\" content=\"article\" \/>\n<meta property=\"og:title\" content=\"A s\u00edndrome de Down recebeu o nome de John Langdon Down -\" \/>\n<meta property=\"og:description\" content=\"A s\u00edndrome de Down recebeu o nome de John Langdon Down, um m\u00e9dico brit\u00e2nico que, em 1866, n\u00e3o se limitou a descrever cientificamente essa condi\u00e7\u00e3o, mas a abordou com uma vis\u00e3o humanit\u00e1ria. Naquela \u00e9poca, pessoas com defici\u00eancia intelectual eram abandonadas, punidas e confinadas em institui\u00e7\u00f5es desumanas. No entanto, Down decidiu mudar essa realidade. Quando se [&hellip;]\" \/>\n<meta property=\"og:url\" content=\"https:\/\/gazetapernambucana.com\/?p=2078\" \/>\n<meta property=\"article:published_time\" content=\"2025-10-23T14:34:24+00:00\" \/>\n<meta property=\"og:image\" content=\"https:\/\/gazetapernambucana.com\/wp-content\/uploads\/2025\/10\/571123208_122247971924085412_2713379224904879230_n.jpg\" \/>\n\t<meta property=\"og:image:width\" content=\"526\" \/>\n\t<meta property=\"og:image:height\" content=\"787\" \/>\n\t<meta property=\"og:image:type\" content=\"image\/jpeg\" \/>\n<meta name=\"author\" content=\"GP\" \/>\n<meta name=\"twitter:card\" content=\"summary_large_image\" \/>\n<meta name=\"twitter:label1\" content=\"Escrito por\" \/>\n\t<meta name=\"twitter:data1\" content=\"GP\" \/>\n\t<meta name=\"twitter:label2\" content=\"Est. tempo de leitura\" \/>\n\t<meta name=\"twitter:data2\" content=\"2 minutos\" \/>\n<script type=\"application\/ld+json\" class=\"yoast-schema-graph\">{\"@context\":\"https:\/\/schema.org\",\"@graph\":[{\"@type\":\"WebPage\",\"@id\":\"https:\/\/gazetapernambucana.com\/?p=2078\",\"url\":\"https:\/\/gazetapernambucana.com\/?p=2078\",\"name\":\"A s\u00edndrome de Down recebeu o nome de John Langdon Down -\",\"isPartOf\":{\"@id\":\"https:\/\/gazetapernambucana.com\/#website\"},\"primaryImageOfPage\":{\"@id\":\"https:\/\/gazetapernambucana.com\/?p=2078#primaryimage\"},\"image\":{\"@id\":\"https:\/\/gazetapernambucana.com\/?p=2078#primaryimage\"},\"thumbnailUrl\":\"https:\/\/gazetapernambucana.com\/wp-content\/uploads\/2025\/10\/571123208_122247971924085412_2713379224904879230_n.jpg\",\"datePublished\":\"2025-10-23T14:34:24+00:00\",\"author\":{\"@id\":\"https:\/\/gazetapernambucana.com\/#\/schema\/person\/188dc283325181ac2de4db1e9e987427\"},\"breadcrumb\":{\"@id\":\"https:\/\/gazetapernambucana.com\/?p=2078#breadcrumb\"},\"inLanguage\":\"pt-BR\",\"potentialAction\":[{\"@type\":\"ReadAction\",\"target\":[\"https:\/\/gazetapernambucana.com\/?p=2078\"]}]},{\"@type\":\"ImageObject\",\"inLanguage\":\"pt-BR\",\"@id\":\"https:\/\/gazetapernambucana.com\/?p=2078#primaryimage\",\"url\":\"https:\/\/gazetapernambucana.com\/wp-content\/uploads\/2025\/10\/571123208_122247971924085412_2713379224904879230_n.jpg\",\"contentUrl\":\"https:\/\/gazetapernambucana.com\/wp-content\/uploads\/2025\/10\/571123208_122247971924085412_2713379224904879230_n.jpg\",\"width\":526,\"height\":787},{\"@type\":\"BreadcrumbList\",\"@id\":\"https:\/\/gazetapernambucana.com\/?p=2078#breadcrumb\",\"itemListElement\":[{\"@type\":\"ListItem\",\"position\":1,\"name\":\"In\u00edcio\",\"item\":\"https:\/\/gazetapernambucana.com\/\"},{\"@type\":\"ListItem\",\"position\":2,\"name\":\"A s\u00edndrome de Down recebeu o nome de John Langdon Down\"}]},{\"@type\":\"WebSite\",\"@id\":\"https:\/\/gazetapernambucana.com\/#website\",\"url\":\"https:\/\/gazetapernambucana.com\/\",\"name\":\"\",\"description\":\"\",\"potentialAction\":[{\"@type\":\"SearchAction\",\"target\":{\"@type\":\"EntryPoint\",\"urlTemplate\":\"https:\/\/gazetapernambucana.com\/?s={search_term_string}\"},\"query-input\":{\"@type\":\"PropertyValueSpecification\",\"valueRequired\":true,\"valueName\":\"search_term_string\"}}],\"inLanguage\":\"pt-BR\"},{\"@type\":\"Person\",\"@id\":\"https:\/\/gazetapernambucana.com\/#\/schema\/person\/188dc283325181ac2de4db1e9e987427\",\"name\":\"GP\",\"image\":{\"@type\":\"ImageObject\",\"inLanguage\":\"pt-BR\",\"@id\":\"https:\/\/gazetapernambucana.com\/#\/schema\/person\/image\/\",\"url\":\"https:\/\/secure.gravatar.com\/avatar\/9dad78ff9a2d8b5742d11779f8a3f53b052320c550b2e1907882353c067bb111?s=96&d=mm&r=g\",\"contentUrl\":\"https:\/\/secure.gravatar.com\/avatar\/9dad78ff9a2d8b5742d11779f8a3f53b052320c550b2e1907882353c067bb111?s=96&d=mm&r=g\",\"caption\":\"GP\"},\"sameAs\":[\"http:\/\/gazetapernambucana.com\"],\"url\":\"https:\/\/gazetapernambucana.com\/?author=1\"}]}<\/script>\n<!-- \/ Yoast SEO plugin. -->","yoast_head_json":{"title":"A s\u00edndrome de Down recebeu o nome de John Langdon Down -","robots":{"index":"index","follow":"follow","max-snippet":"max-snippet:-1","max-image-preview":"max-image-preview:large","max-video-preview":"max-video-preview:-1"},"canonical":"https:\/\/gazetapernambucana.com\/?p=2078","og_locale":"pt_BR","og_type":"article","og_title":"A s\u00edndrome de Down recebeu o nome de John Langdon Down -","og_description":"A s\u00edndrome de Down recebeu o nome de John Langdon Down, um m\u00e9dico brit\u00e2nico que, em 1866, n\u00e3o se limitou a descrever cientificamente essa condi\u00e7\u00e3o, mas a abordou com uma vis\u00e3o humanit\u00e1ria. Naquela \u00e9poca, pessoas com defici\u00eancia intelectual eram abandonadas, punidas e confinadas em institui\u00e7\u00f5es desumanas. No entanto, Down decidiu mudar essa realidade. Quando se [&hellip;]","og_url":"https:\/\/gazetapernambucana.com\/?p=2078","article_published_time":"2025-10-23T14:34:24+00:00","og_image":[{"width":526,"height":787,"url":"https:\/\/gazetapernambucana.com\/wp-content\/uploads\/2025\/10\/571123208_122247971924085412_2713379224904879230_n.jpg","type":"image\/jpeg"}],"author":"GP","twitter_card":"summary_large_image","twitter_misc":{"Escrito por":"GP","Est. tempo de leitura":"2 minutos"},"schema":{"@context":"https:\/\/schema.org","@graph":[{"@type":"WebPage","@id":"https:\/\/gazetapernambucana.com\/?p=2078","url":"https:\/\/gazetapernambucana.com\/?p=2078","name":"A s\u00edndrome de Down recebeu o nome de John Langdon Down -","isPartOf":{"@id":"https:\/\/gazetapernambucana.com\/#website"},"primaryImageOfPage":{"@id":"https:\/\/gazetapernambucana.com\/?p=2078#primaryimage"},"image":{"@id":"https:\/\/gazetapernambucana.com\/?p=2078#primaryimage"},"thumbnailUrl":"https:\/\/gazetapernambucana.com\/wp-content\/uploads\/2025\/10\/571123208_122247971924085412_2713379224904879230_n.jpg","datePublished":"2025-10-23T14:34:24+00:00","author":{"@id":"https:\/\/gazetapernambucana.com\/#\/schema\/person\/188dc283325181ac2de4db1e9e987427"},"breadcrumb":{"@id":"https:\/\/gazetapernambucana.com\/?p=2078#breadcrumb"},"inLanguage":"pt-BR","potentialAction":[{"@type":"ReadAction","target":["https:\/\/gazetapernambucana.com\/?p=2078"]}]},{"@type":"ImageObject","inLanguage":"pt-BR","@id":"https:\/\/gazetapernambucana.com\/?p=2078#primaryimage","url":"https:\/\/gazetapernambucana.com\/wp-content\/uploads\/2025\/10\/571123208_122247971924085412_2713379224904879230_n.jpg","contentUrl":"https:\/\/gazetapernambucana.com\/wp-content\/uploads\/2025\/10\/571123208_122247971924085412_2713379224904879230_n.jpg","width":526,"height":787},{"@type":"BreadcrumbList","@id":"https:\/\/gazetapernambucana.com\/?p=2078#breadcrumb","itemListElement":[{"@type":"ListItem","position":1,"name":"In\u00edcio","item":"https:\/\/gazetapernambucana.com\/"},{"@type":"ListItem","position":2,"name":"A s\u00edndrome de Down recebeu o nome de John Langdon Down"}]},{"@type":"WebSite","@id":"https:\/\/gazetapernambucana.com\/#website","url":"https:\/\/gazetapernambucana.com\/","name":"","description":"","potentialAction":[{"@type":"SearchAction","target":{"@type":"EntryPoint","urlTemplate":"https:\/\/gazetapernambucana.com\/?s={search_term_string}"},"query-input":{"@type":"PropertyValueSpecification","valueRequired":true,"valueName":"search_term_string"}}],"inLanguage":"pt-BR"},{"@type":"Person","@id":"https:\/\/gazetapernambucana.com\/#\/schema\/person\/188dc283325181ac2de4db1e9e987427","name":"GP","image":{"@type":"ImageObject","inLanguage":"pt-BR","@id":"https:\/\/gazetapernambucana.com\/#\/schema\/person\/image\/","url":"https:\/\/secure.gravatar.com\/avatar\/9dad78ff9a2d8b5742d11779f8a3f53b052320c550b2e1907882353c067bb111?s=96&d=mm&r=g","contentUrl":"https:\/\/secure.gravatar.com\/avatar\/9dad78ff9a2d8b5742d11779f8a3f53b052320c550b2e1907882353c067bb111?s=96&d=mm&r=g","caption":"GP"},"sameAs":["http:\/\/gazetapernambucana.com"],"url":"https:\/\/gazetapernambucana.com\/?author=1"}]}},"jetpack_publicize_connections":[],"_links":{"self":[{"href":"https:\/\/gazetapernambucana.com\/index.php?rest_route=\/wp\/v2\/posts\/2078","targetHints":{"allow":["GET"]}}],"collection":[{"href":"https:\/\/gazetapernambucana.com\/index.php?rest_route=\/wp\/v2\/posts"}],"about":[{"href":"https:\/\/gazetapernambucana.com\/index.php?rest_route=\/wp\/v2\/types\/post"}],"author":[{"embeddable":true,"href":"https:\/\/gazetapernambucana.com\/index.php?rest_route=\/wp\/v2\/users\/1"}],"replies":[{"embeddable":true,"href":"https:\/\/gazetapernambucana.com\/index.php?rest_route=%2Fwp%2Fv2%2Fcomments&post=2078"}],"version-history":[{"count":1,"href":"https:\/\/gazetapernambucana.com\/index.php?rest_route=\/wp\/v2\/posts\/2078\/revisions"}],"predecessor-version":[{"id":2080,"href":"https:\/\/gazetapernambucana.com\/index.php?rest_route=\/wp\/v2\/posts\/2078\/revisions\/2080"}],"wp:featuredmedia":[{"embeddable":true,"href":"https:\/\/gazetapernambucana.com\/index.php?rest_route=\/wp\/v2\/media\/2079"}],"wp:attachment":[{"href":"https:\/\/gazetapernambucana.com\/index.php?rest_route=%2Fwp%2Fv2%2Fmedia&parent=2078"}],"wp:term":[{"taxonomy":"category","embeddable":true,"href":"https:\/\/gazetapernambucana.com\/index.php?rest_route=%2Fwp%2Fv2%2Fcategories&post=2078"},{"taxonomy":"post_tag","embeddable":true,"href":"https:\/\/gazetapernambucana.com\/index.php?rest_route=%2Fwp%2Fv2%2Ftags&post=2078"}],"curies":[{"name":"wp","href":"https:\/\/api.w.org\/{rel}","templated":true}]}}