{"id":2074,"date":"2025-10-22T01:02:26","date_gmt":"2025-10-22T04:02:26","guid":{"rendered":"https:\/\/gazetapernambucana.com\/?p=2074"},"modified":"2025-10-22T18:59:32","modified_gmt":"2025-10-22T21:59:32","slug":"mp-investiga-repasse-milionario-para-evento-de-fafa-de-belem","status":"publish","type":"post","link":"https:\/\/gazetapernambucana.com\/?p=2074","title":{"rendered":"MP investiga repasse milion\u00e1rio para evento de Faf\u00e1 de Bel\u00e9m"},"content":{"rendered":"<div class=\"boxhtml_full\">\n<h2>MPPA abre inqu\u00e9rito para investigar uso de R$ 1,5 milh\u00e3o no projeto Varanda de Nazar\u00e9, de Faf\u00e1 de Bel\u00e9m, durante o C\u00edrio.<\/h2>\n<\/div>\n<p>O Minist\u00e9rio P\u00fablico do Par\u00e1 (MPPA) determinou inqu\u00e9rito civil para apurar supostas irregularidades no uso de verba p\u00fablica destinada ao projeto Varanda de Nazar\u00e9. Conforme not\u00edcia divulgada na imprensa local, o promotor de Justi\u00e7a S\u00e1vio Rui Brabo de Ara\u00fajo ordenou investiga\u00e7\u00e3o da aplica\u00e7\u00e3o de R$ 1.569.936,00 liberados via chamamento p\u00fablico entre a Funda\u00e7\u00e3o Cultural do Estado do Par\u00e1 (FCP) e o Programa Estadual de Incentivo \u00e0 Cultura (PEIC).<\/p>\n<p>O foco recai sobre a execu\u00e7\u00e3o e a destina\u00e7\u00e3o desse montante, que financiou o evento no C\u00edrio de Nazar\u00e9. Assim sendo, o MPPA tenta verificar se os valores cumpriram os objetivos previstos ou se houve falhas no cumprimento das exig\u00eancias contratuais.<\/p>\n<p>A investiga\u00e7\u00e3o corre na Promotoria de Tutela das Funda\u00e7\u00f5es, Associa\u00e7\u00f5es de Interesse Social, Fal\u00eancia, Recupera\u00e7\u00e3o Judicial e Extrajudicial. At\u00e9 o fechamento desta reportagem, nem\u00a0Faf\u00e1 de Bel\u00e9m\u00a0nem a Funda\u00e7\u00e3o Cultural do Par\u00e1 haviam se pronunciado sobre o caso.<\/p>\n<p>O chamamento p\u00fablico n\u00ba 02\/2024, instrumento usado para formalizar o repasse, aparece no centro da apura\u00e7\u00e3o como elemento cr\u00edtico. A portaria que formaliza o inqu\u00e9rito foi publicada no Di\u00e1rio Oficial e logo passou a vigorar em data pr\u00f3xima ao C\u00edrio.<\/p>\n<p>No \u00faltimo s\u00e1bado, 11 de outubro, Faf\u00e1 conduziu o C\u00edrio Fluvial pelo Rio Guam\u00e1, em Bel\u00e9m, com a presen\u00e7a de celebridades como por exemplo\u00a0Malu Galli, F\u00e1bio Porchat, Maria Eduarda de Carvalho, Alane Dias e o casal Rafa Kalimann e Nattan. A artista carregou a imagem da Nossa Senhora de Nazar\u00e9 \u00e0 m\u00e3o, interagiu com fi\u00e9is e celebrou ora\u00e7\u00f5es flutuantes.<\/p>\n<p>Organizado h\u00e1 15 anos por ela e sua filha,\u00a0Mariana, o Varanda de Nazar\u00e9 se tornou marca do C\u00edrio como vitrine cultural e religiosa na Amaz\u00f4nia. O evento re\u00fane p\u00fablico e autoridades, combina arte e f\u00e9, e tem forte apelo midi\u00e1tico.<\/p>\n<p>Agora, o inqu\u00e9rito do MPPA busca identificar benefici\u00e1rios, comprovar o uso dos recursos e mapear responsabilidade. A investiga\u00e7\u00e3o pode revelar irregularidades que abalam credibilidade do projeto e lan\u00e7ar questionamento sobre gest\u00e3o cultural no Par\u00e1.<\/p>\n","protected":false},"excerpt":{"rendered":"<p>MPPA abre inqu\u00e9rito para investigar uso de R$ 1,5 milh\u00e3o no projeto Varanda de Nazar\u00e9, de Faf\u00e1 de Bel\u00e9m, durante o C\u00edrio. O Minist\u00e9rio P\u00fablico do Par\u00e1 (MPPA) determinou inqu\u00e9rito civil para apurar supostas irregularidades no uso de verba p\u00fablica destinada ao projeto Varanda de Nazar\u00e9. Conforme not\u00edcia divulgada na imprensa local, o promotor de [&hellip;]<\/p>\n","protected":false},"author":1,"featured_media":2075,"comment_status":"open","ping_status":"open","sticky":false,"template":"","format":"standard","meta":{"footnotes":"","jetpack_publicize_message":"","jetpack_publicize_feature_enabled":true,"jetpack_social_post_already_shared":true,"jetpack_social_options":{"image_generator_settings":{"template":"highway","default_image_id":0,"font":"","enabled":false},"version":2}},"categories":[37,1],"tags":[],"class_list":["post-2074","post","type-post","status-publish","format-standard","has-post-thumbnail","hentry","category-https-gazetapernambucana-com-page_id212","category-https-gazetapernambucana-com-page_id225"],"yoast_head":"<!-- This site is optimized with the Yoast SEO plugin v24.5 - https:\/\/yoast.com\/wordpress\/plugins\/seo\/ -->\n<title>MP investiga repasse milion\u00e1rio para evento de Faf\u00e1 de Bel\u00e9m -<\/title>\n<meta name=\"robots\" content=\"index, follow, max-snippet:-1, max-image-preview:large, max-video-preview:-1\" \/>\n<link rel=\"canonical\" href=\"https:\/\/gazetapernambucana.com\/?p=2074\" \/>\n<meta property=\"og:locale\" content=\"pt_BR\" \/>\n<meta property=\"og:type\" content=\"article\" \/>\n<meta property=\"og:title\" content=\"MP investiga repasse milion\u00e1rio para evento de Faf\u00e1 de Bel\u00e9m -\" \/>\n<meta property=\"og:description\" content=\"MPPA abre inqu\u00e9rito para investigar uso de R$ 1,5 milh\u00e3o no projeto Varanda de Nazar\u00e9, de Faf\u00e1 de Bel\u00e9m, durante o C\u00edrio. O Minist\u00e9rio P\u00fablico do Par\u00e1 (MPPA) determinou inqu\u00e9rito civil para apurar supostas irregularidades no uso de verba p\u00fablica destinada ao projeto Varanda de Nazar\u00e9. Conforme not\u00edcia divulgada na imprensa local, o promotor de [&hellip;]\" \/>\n<meta property=\"og:url\" content=\"https:\/\/gazetapernambucana.com\/?p=2074\" \/>\n<meta property=\"article:published_time\" content=\"2025-10-22T04:02:26+00:00\" \/>\n<meta property=\"article:modified_time\" content=\"2025-10-22T21:59:32+00:00\" \/>\n<meta property=\"og:image\" content=\"https:\/\/gazetapernambucana.com\/wp-content\/uploads\/2025\/10\/image.webp\" \/>\n\t<meta property=\"og:image:width\" content=\"1200\" \/>\n\t<meta property=\"og:image:height\" content=\"630\" \/>\n\t<meta property=\"og:image:type\" content=\"image\/webp\" \/>\n<meta name=\"author\" content=\"GP\" \/>\n<meta name=\"twitter:card\" content=\"summary_large_image\" \/>\n<meta name=\"twitter:label1\" content=\"Escrito por\" \/>\n\t<meta name=\"twitter:data1\" content=\"GP\" \/>\n\t<meta name=\"twitter:label2\" content=\"Est. tempo de leitura\" \/>\n\t<meta name=\"twitter:data2\" content=\"3 minutos\" \/>\n<script type=\"application\/ld+json\" class=\"yoast-schema-graph\">{\"@context\":\"https:\/\/schema.org\",\"@graph\":[{\"@type\":\"WebPage\",\"@id\":\"https:\/\/gazetapernambucana.com\/?p=2074\",\"url\":\"https:\/\/gazetapernambucana.com\/?p=2074\",\"name\":\"MP investiga repasse milion\u00e1rio para evento de Faf\u00e1 de Bel\u00e9m -\",\"isPartOf\":{\"@id\":\"https:\/\/gazetapernambucana.com\/#website\"},\"primaryImageOfPage\":{\"@id\":\"https:\/\/gazetapernambucana.com\/?p=2074#primaryimage\"},\"image\":{\"@id\":\"https:\/\/gazetapernambucana.com\/?p=2074#primaryimage\"},\"thumbnailUrl\":\"https:\/\/gazetapernambucana.com\/wp-content\/uploads\/2025\/10\/image.webp\",\"datePublished\":\"2025-10-22T04:02:26+00:00\",\"dateModified\":\"2025-10-22T21:59:32+00:00\",\"author\":{\"@id\":\"https:\/\/gazetapernambucana.com\/#\/schema\/person\/188dc283325181ac2de4db1e9e987427\"},\"breadcrumb\":{\"@id\":\"https:\/\/gazetapernambucana.com\/?p=2074#breadcrumb\"},\"inLanguage\":\"pt-BR\",\"potentialAction\":[{\"@type\":\"ReadAction\",\"target\":[\"https:\/\/gazetapernambucana.com\/?p=2074\"]}]},{\"@type\":\"ImageObject\",\"inLanguage\":\"pt-BR\",\"@id\":\"https:\/\/gazetapernambucana.com\/?p=2074#primaryimage\",\"url\":\"https:\/\/gazetapernambucana.com\/wp-content\/uploads\/2025\/10\/image.webp\",\"contentUrl\":\"https:\/\/gazetapernambucana.com\/wp-content\/uploads\/2025\/10\/image.webp\",\"width\":1200,\"height\":630},{\"@type\":\"BreadcrumbList\",\"@id\":\"https:\/\/gazetapernambucana.com\/?p=2074#breadcrumb\",\"itemListElement\":[{\"@type\":\"ListItem\",\"position\":1,\"name\":\"In\u00edcio\",\"item\":\"https:\/\/gazetapernambucana.com\/\"},{\"@type\":\"ListItem\",\"position\":2,\"name\":\"MP investiga repasse milion\u00e1rio para evento de Faf\u00e1 de Bel\u00e9m\"}]},{\"@type\":\"WebSite\",\"@id\":\"https:\/\/gazetapernambucana.com\/#website\",\"url\":\"https:\/\/gazetapernambucana.com\/\",\"name\":\"\",\"description\":\"\",\"potentialAction\":[{\"@type\":\"SearchAction\",\"target\":{\"@type\":\"EntryPoint\",\"urlTemplate\":\"https:\/\/gazetapernambucana.com\/?s={search_term_string}\"},\"query-input\":{\"@type\":\"PropertyValueSpecification\",\"valueRequired\":true,\"valueName\":\"search_term_string\"}}],\"inLanguage\":\"pt-BR\"},{\"@type\":\"Person\",\"@id\":\"https:\/\/gazetapernambucana.com\/#\/schema\/person\/188dc283325181ac2de4db1e9e987427\",\"name\":\"GP\",\"image\":{\"@type\":\"ImageObject\",\"inLanguage\":\"pt-BR\",\"@id\":\"https:\/\/gazetapernambucana.com\/#\/schema\/person\/image\/\",\"url\":\"https:\/\/secure.gravatar.com\/avatar\/9dad78ff9a2d8b5742d11779f8a3f53b052320c550b2e1907882353c067bb111?s=96&d=mm&r=g\",\"contentUrl\":\"https:\/\/secure.gravatar.com\/avatar\/9dad78ff9a2d8b5742d11779f8a3f53b052320c550b2e1907882353c067bb111?s=96&d=mm&r=g\",\"caption\":\"GP\"},\"sameAs\":[\"http:\/\/gazetapernambucana.com\"],\"url\":\"https:\/\/gazetapernambucana.com\/?author=1\"}]}<\/script>\n<!-- \/ Yoast SEO plugin. -->","yoast_head_json":{"title":"MP investiga repasse milion\u00e1rio para evento de Faf\u00e1 de Bel\u00e9m -","robots":{"index":"index","follow":"follow","max-snippet":"max-snippet:-1","max-image-preview":"max-image-preview:large","max-video-preview":"max-video-preview:-1"},"canonical":"https:\/\/gazetapernambucana.com\/?p=2074","og_locale":"pt_BR","og_type":"article","og_title":"MP investiga repasse milion\u00e1rio para evento de Faf\u00e1 de Bel\u00e9m -","og_description":"MPPA abre inqu\u00e9rito para investigar uso de R$ 1,5 milh\u00e3o no projeto Varanda de Nazar\u00e9, de Faf\u00e1 de Bel\u00e9m, durante o C\u00edrio. O Minist\u00e9rio P\u00fablico do Par\u00e1 (MPPA) determinou inqu\u00e9rito civil para apurar supostas irregularidades no uso de verba p\u00fablica destinada ao projeto Varanda de Nazar\u00e9. Conforme not\u00edcia divulgada na imprensa local, o promotor de [&hellip;]","og_url":"https:\/\/gazetapernambucana.com\/?p=2074","article_published_time":"2025-10-22T04:02:26+00:00","article_modified_time":"2025-10-22T21:59:32+00:00","og_image":[{"width":1200,"height":630,"url":"https:\/\/gazetapernambucana.com\/wp-content\/uploads\/2025\/10\/image.webp","type":"image\/webp"}],"author":"GP","twitter_card":"summary_large_image","twitter_misc":{"Escrito por":"GP","Est. tempo de leitura":"3 minutos"},"schema":{"@context":"https:\/\/schema.org","@graph":[{"@type":"WebPage","@id":"https:\/\/gazetapernambucana.com\/?p=2074","url":"https:\/\/gazetapernambucana.com\/?p=2074","name":"MP investiga repasse milion\u00e1rio para evento de Faf\u00e1 de Bel\u00e9m -","isPartOf":{"@id":"https:\/\/gazetapernambucana.com\/#website"},"primaryImageOfPage":{"@id":"https:\/\/gazetapernambucana.com\/?p=2074#primaryimage"},"image":{"@id":"https:\/\/gazetapernambucana.com\/?p=2074#primaryimage"},"thumbnailUrl":"https:\/\/gazetapernambucana.com\/wp-content\/uploads\/2025\/10\/image.webp","datePublished":"2025-10-22T04:02:26+00:00","dateModified":"2025-10-22T21:59:32+00:00","author":{"@id":"https:\/\/gazetapernambucana.com\/#\/schema\/person\/188dc283325181ac2de4db1e9e987427"},"breadcrumb":{"@id":"https:\/\/gazetapernambucana.com\/?p=2074#breadcrumb"},"inLanguage":"pt-BR","potentialAction":[{"@type":"ReadAction","target":["https:\/\/gazetapernambucana.com\/?p=2074"]}]},{"@type":"ImageObject","inLanguage":"pt-BR","@id":"https:\/\/gazetapernambucana.com\/?p=2074#primaryimage","url":"https:\/\/gazetapernambucana.com\/wp-content\/uploads\/2025\/10\/image.webp","contentUrl":"https:\/\/gazetapernambucana.com\/wp-content\/uploads\/2025\/10\/image.webp","width":1200,"height":630},{"@type":"BreadcrumbList","@id":"https:\/\/gazetapernambucana.com\/?p=2074#breadcrumb","itemListElement":[{"@type":"ListItem","position":1,"name":"In\u00edcio","item":"https:\/\/gazetapernambucana.com\/"},{"@type":"ListItem","position":2,"name":"MP investiga repasse milion\u00e1rio para evento de Faf\u00e1 de Bel\u00e9m"}]},{"@type":"WebSite","@id":"https:\/\/gazetapernambucana.com\/#website","url":"https:\/\/gazetapernambucana.com\/","name":"","description":"","potentialAction":[{"@type":"SearchAction","target":{"@type":"EntryPoint","urlTemplate":"https:\/\/gazetapernambucana.com\/?s={search_term_string}"},"query-input":{"@type":"PropertyValueSpecification","valueRequired":true,"valueName":"search_term_string"}}],"inLanguage":"pt-BR"},{"@type":"Person","@id":"https:\/\/gazetapernambucana.com\/#\/schema\/person\/188dc283325181ac2de4db1e9e987427","name":"GP","image":{"@type":"ImageObject","inLanguage":"pt-BR","@id":"https:\/\/gazetapernambucana.com\/#\/schema\/person\/image\/","url":"https:\/\/secure.gravatar.com\/avatar\/9dad78ff9a2d8b5742d11779f8a3f53b052320c550b2e1907882353c067bb111?s=96&d=mm&r=g","contentUrl":"https:\/\/secure.gravatar.com\/avatar\/9dad78ff9a2d8b5742d11779f8a3f53b052320c550b2e1907882353c067bb111?s=96&d=mm&r=g","caption":"GP"},"sameAs":["http:\/\/gazetapernambucana.com"],"url":"https:\/\/gazetapernambucana.com\/?author=1"}]}},"jetpack_publicize_connections":[],"_links":{"self":[{"href":"https:\/\/gazetapernambucana.com\/index.php?rest_route=\/wp\/v2\/posts\/2074","targetHints":{"allow":["GET"]}}],"collection":[{"href":"https:\/\/gazetapernambucana.com\/index.php?rest_route=\/wp\/v2\/posts"}],"about":[{"href":"https:\/\/gazetapernambucana.com\/index.php?rest_route=\/wp\/v2\/types\/post"}],"author":[{"embeddable":true,"href":"https:\/\/gazetapernambucana.com\/index.php?rest_route=\/wp\/v2\/users\/1"}],"replies":[{"embeddable":true,"href":"https:\/\/gazetapernambucana.com\/index.php?rest_route=%2Fwp%2Fv2%2Fcomments&post=2074"}],"version-history":[{"count":2,"href":"https:\/\/gazetapernambucana.com\/index.php?rest_route=\/wp\/v2\/posts\/2074\/revisions"}],"predecessor-version":[{"id":2077,"href":"https:\/\/gazetapernambucana.com\/index.php?rest_route=\/wp\/v2\/posts\/2074\/revisions\/2077"}],"wp:featuredmedia":[{"embeddable":true,"href":"https:\/\/gazetapernambucana.com\/index.php?rest_route=\/wp\/v2\/media\/2075"}],"wp:attachment":[{"href":"https:\/\/gazetapernambucana.com\/index.php?rest_route=%2Fwp%2Fv2%2Fmedia&parent=2074"}],"wp:term":[{"taxonomy":"category","embeddable":true,"href":"https:\/\/gazetapernambucana.com\/index.php?rest_route=%2Fwp%2Fv2%2Fcategories&post=2074"},{"taxonomy":"post_tag","embeddable":true,"href":"https:\/\/gazetapernambucana.com\/index.php?rest_route=%2Fwp%2Fv2%2Ftags&post=2074"}],"curies":[{"name":"wp","href":"https:\/\/api.w.org\/{rel}","templated":true}]}}