{"id":2065,"date":"2025-10-20T20:28:45","date_gmt":"2025-10-20T23:28:45","guid":{"rendered":"https:\/\/gazetapernambucana.com\/?p=2065"},"modified":"2025-10-20T20:28:45","modified_gmt":"2025-10-20T23:28:45","slug":"os-que-carregam-a-coragem-no-coldre-da-alma-por-flavio-chaves","status":"publish","type":"post","link":"https:\/\/gazetapernambucana.com\/?p=2065","title":{"rendered":"Os que carregam a coragem no coldre da alma. Por Fl\u00e1vio Chaves"},"content":{"rendered":"<h2 data-start=\"226\" data-end=\"354\"><em data-start=\"276\" data-end=\"354\">Quando o amor \u00e9 estrada, n\u00e3o pris\u00e3o, e a bravura fala mais alto que a amea\u00e7a<\/em><\/h2>\n<p data-start=\"356\" data-end=\"716\"><strong>Por Fl\u00e1vio Chaves \u2013 Jornalista, poeta, escritor e membro da Academia Pernambucana de Letras. Foi Delegado Federal\/Minc\u00a0 \u2013\u00a0 <\/strong>Antes do amor, veio o caos. E antes do caos, o homem que o causava. Ele andava pelas bordas da moralidade com a arrog\u00e2ncia dos que confundem posse com afeto. Era o tipo de sujeito que s\u00f3 reconhecia valor no que estava prestes a perder. Nunca foi gentil, nunca foi justo. Mas sabia, como poucos, manipular com os olhos, distorcer com a voz, prometer com o medo.<\/p>\n<p data-start=\"718\" data-end=\"1206\">Com o pastor da igreja, tentou intimidar. Criou rumores, espalhou d\u00favidas como quem planta erva daninha em terra sagrada. Com o diretor da escola onde ela trabalhava, encenou ci\u00fames travestidos de zelo, tentando minar o pouco de luz que ainda havia nela. E com Jean Marcel, homem culto e calado, chegou aos gritos numa noite \u00e1cida, s\u00f3 para sair cabisbaixo, empalidecido pela pr\u00f3pria vergonha. Era, no fundo, um cabrito de latido fraco e cascos tr\u00eamulos. Um animalzinho travestido de fera.<\/p>\n<p data-start=\"1208\" data-end=\"1318\">Mas agora havia outro homem na estrada. Um que n\u00e3o gritava. N\u00e3o implorava. N\u00e3o fazia cena.<br data-start=\"1298\" data-end=\"1301\" \/>O cowboy moderno.<\/p>\n<p data-start=\"1320\" data-end=\"1818\">N\u00e3o usava medalhas nem precisava contar seus feitos. Trazia nos olhos a paz de quem j\u00e1 atravessou desertos e sobreviveu \u00e0 pr\u00f3pria sombra. A coragem n\u00e3o lhe vinha do volume da voz, mas da firmeza do sil\u00eancio. Era o tipo de homem que j\u00e1 perdera tudo o que importava, e, ainda assim, permanecia inteiro. &#8220;A coragem n\u00e3o \u00e9 aus\u00eancia de medo, mas o julgamento de que algo \u00e9 mais importante que ele&#8221;, dissera certa vez Ambrose Redmoon. Ele sabia disso como quem carrega esse peso nos ombros todos os dias.<\/p>\n<p data-start=\"1820\" data-end=\"2114\">A mulher, quando o encontrou, ainda estava cheia de estilha\u00e7os. Falava com cuidado, como quem teme que o pr\u00f3ximo passo acione uma mina. Mas ele a ouviu com a calma de um homem que conhece o terreno das dores alheias. E viu nela o que ningu\u00e9m mais quis ver: as partes inteiras em meio aos cacos.<\/p>\n<p data-start=\"2116\" data-end=\"2463\">Quando o antigo companheiro percebeu que a estava perdendo, o desespero veio como vendaval. Ofereceu estabilidade, empresa, largaria tudo. Prometeu mundos \u2014 como se o que ela precisasse fosse um alpendre de ouro para esquecer os anos de grades invis\u00edveis. A cartilha de sempre. Gritos, s\u00faplicas, amea\u00e7as. A encena\u00e7\u00e3o rid\u00edcula de um rei destronado.<\/p>\n<p data-start=\"2465\" data-end=\"2561\">Mas dessa vez, o palco estava vazio. A plateia, vazia. E ele falava para o eco da pr\u00f3pria ru\u00edna.<\/p>\n<p data-start=\"2563\" data-end=\"2894\">O cowboy apenas observava. Sem uma palavra fora de lugar. Sem um gesto de provoca\u00e7\u00e3o. Seu sil\u00eancio era como o vento que antecede a tempestade, mas era a tempestade. Ele n\u00e3o precisava erguer a voz. J\u00e1 havia enfrentado coisas maiores do que aquilo. Tinha lutado guerras dentro de si. Sabia que o amor verdadeiro n\u00e3o domina: liberta.<\/p>\n<p data-start=\"2896\" data-end=\"3160\">\u201cO mundo quebra a todos, e depois, muitos ficam mais fortes nos lugares quebrados\u201d, dizia Hemingway.<br data-start=\"2996\" data-end=\"2999\" \/>E ele era feito disso: de partes reconstru\u00eddas com firmeza, n\u00e3o com pressa. Trazia na alma um coldre invis\u00edvel, e se fosse preciso, atiraria verdades como balas.<\/p>\n<p data-start=\"3162\" data-end=\"3403\">Naquela noite, sob o sol do oeste que ca\u00eda como fogo calmo, ela tomou a decis\u00e3o. N\u00e3o era fuga. Era retorno. N\u00e3o era paix\u00e3o. Era reden\u00e7\u00e3o. Ao lado daquele homem feito de a\u00e7o tranquilo e olhos quentes, ela soube: come\u00e7ava ali uma nova estrada.<\/p>\n<p data-start=\"3405\" data-end=\"3438\">Sem medo. Sem gritos. Sem cercas. Com fogo nos olhos.<\/p>\n<p data-start=\"3440\" data-end=\"3698\">Com ele, o cowboy, ela aprenderia que o amor n\u00e3o \u00e9 um curral, \u00e9 horizonte. Que os fortes n\u00e3o prendem: deixam ir. Que quem j\u00e1 enfrentou tempestades, n\u00e3o teme rel\u00e2mpago. E que quem j\u00e1 encarou leopardos de verdade, n\u00e3o se abala com o berro de um cabrito mimado.<\/p>\n<p data-start=\"3700\" data-end=\"3795\">A trilha imagin\u00e1ria era country. Mas o sil\u00eancio era hino.<br data-start=\"3757\" data-end=\"3760\" \/>O sol n\u00e3o queimava mais. Iluminava.<\/p>\n<p data-start=\"3797\" data-end=\"3926\">E a poeira que ficou para tr\u00e1s levava um press\u00e1gio:<br data-start=\"3848\" data-end=\"3851\" \/>o amor, quando vem com verdade, n\u00e3o precisa de armadura.<br data-start=\"3907\" data-end=\"3910\" \/>S\u00f3 de coragem.<\/p>\n","protected":false},"excerpt":{"rendered":"<p>Quando o amor \u00e9 estrada, n\u00e3o pris\u00e3o, e a bravura fala mais alto que a amea\u00e7a Por Fl\u00e1vio Chaves \u2013 Jornalista, poeta, escritor e membro da Academia Pernambucana de Letras. Foi Delegado Federal\/Minc\u00a0 \u2013\u00a0 Antes do amor, veio o caos. E antes do caos, o homem que o causava. Ele andava pelas bordas da moralidade [&hellip;]<\/p>\n","protected":false},"author":1,"featured_media":2066,"comment_status":"open","ping_status":"open","sticky":false,"template":"","format":"standard","meta":{"footnotes":"","jetpack_publicize_message":"","jetpack_publicize_feature_enabled":true,"jetpack_social_post_already_shared":true,"jetpack_social_options":{"image_generator_settings":{"template":"highway","default_image_id":0,"font":"","enabled":false},"version":2}},"categories":[1,35,46],"tags":[],"class_list":["post-2065","post","type-post","status-publish","format-standard","has-post-thumbnail","hentry","category-https-gazetapernambucana-com-page_id225","category-https-gazetapernambucana-com-page_id218","category-literatura"],"yoast_head":"<!-- This site is optimized with the Yoast SEO plugin v24.5 - https:\/\/yoast.com\/wordpress\/plugins\/seo\/ -->\n<title>Os que carregam a coragem no coldre da alma. Por Fl\u00e1vio Chaves -<\/title>\n<meta name=\"robots\" content=\"index, follow, max-snippet:-1, max-image-preview:large, max-video-preview:-1\" \/>\n<link rel=\"canonical\" href=\"https:\/\/gazetapernambucana.com\/?p=2065\" \/>\n<meta property=\"og:locale\" content=\"pt_BR\" \/>\n<meta property=\"og:type\" content=\"article\" \/>\n<meta property=\"og:title\" content=\"Os que carregam a coragem no coldre da alma. Por Fl\u00e1vio Chaves -\" \/>\n<meta property=\"og:description\" content=\"Quando o amor \u00e9 estrada, n\u00e3o pris\u00e3o, e a bravura fala mais alto que a amea\u00e7a Por Fl\u00e1vio Chaves \u2013 Jornalista, poeta, escritor e membro da Academia Pernambucana de Letras. Foi Delegado Federal\/Minc\u00a0 \u2013\u00a0 Antes do amor, veio o caos. E antes do caos, o homem que o causava. Ele andava pelas bordas da moralidade [&hellip;]\" \/>\n<meta property=\"og:url\" content=\"https:\/\/gazetapernambucana.com\/?p=2065\" \/>\n<meta property=\"article:published_time\" content=\"2025-10-20T23:28:45+00:00\" \/>\n<meta property=\"og:image\" content=\"https:\/\/gazetapernambucana.com\/wp-content\/uploads\/2025\/10\/download-4.jpg\" \/>\n\t<meta property=\"og:image:width\" content=\"593\" \/>\n\t<meta property=\"og:image:height\" content=\"723\" \/>\n\t<meta property=\"og:image:type\" content=\"image\/jpeg\" \/>\n<meta name=\"author\" content=\"GP\" \/>\n<meta name=\"twitter:card\" content=\"summary_large_image\" \/>\n<meta name=\"twitter:label1\" content=\"Escrito por\" \/>\n\t<meta name=\"twitter:data1\" content=\"GP\" \/>\n\t<meta name=\"twitter:label2\" content=\"Est. tempo de leitura\" \/>\n\t<meta name=\"twitter:data2\" content=\"4 minutos\" \/>\n<script type=\"application\/ld+json\" class=\"yoast-schema-graph\">{\"@context\":\"https:\/\/schema.org\",\"@graph\":[{\"@type\":\"WebPage\",\"@id\":\"https:\/\/gazetapernambucana.com\/?p=2065\",\"url\":\"https:\/\/gazetapernambucana.com\/?p=2065\",\"name\":\"Os que carregam a coragem no coldre da alma. Por Fl\u00e1vio Chaves -\",\"isPartOf\":{\"@id\":\"https:\/\/gazetapernambucana.com\/#website\"},\"primaryImageOfPage\":{\"@id\":\"https:\/\/gazetapernambucana.com\/?p=2065#primaryimage\"},\"image\":{\"@id\":\"https:\/\/gazetapernambucana.com\/?p=2065#primaryimage\"},\"thumbnailUrl\":\"https:\/\/gazetapernambucana.com\/wp-content\/uploads\/2025\/10\/download-4.jpg\",\"datePublished\":\"2025-10-20T23:28:45+00:00\",\"author\":{\"@id\":\"https:\/\/gazetapernambucana.com\/#\/schema\/person\/188dc283325181ac2de4db1e9e987427\"},\"breadcrumb\":{\"@id\":\"https:\/\/gazetapernambucana.com\/?p=2065#breadcrumb\"},\"inLanguage\":\"pt-BR\",\"potentialAction\":[{\"@type\":\"ReadAction\",\"target\":[\"https:\/\/gazetapernambucana.com\/?p=2065\"]}]},{\"@type\":\"ImageObject\",\"inLanguage\":\"pt-BR\",\"@id\":\"https:\/\/gazetapernambucana.com\/?p=2065#primaryimage\",\"url\":\"https:\/\/gazetapernambucana.com\/wp-content\/uploads\/2025\/10\/download-4.jpg\",\"contentUrl\":\"https:\/\/gazetapernambucana.com\/wp-content\/uploads\/2025\/10\/download-4.jpg\",\"width\":593,\"height\":723},{\"@type\":\"BreadcrumbList\",\"@id\":\"https:\/\/gazetapernambucana.com\/?p=2065#breadcrumb\",\"itemListElement\":[{\"@type\":\"ListItem\",\"position\":1,\"name\":\"In\u00edcio\",\"item\":\"https:\/\/gazetapernambucana.com\/\"},{\"@type\":\"ListItem\",\"position\":2,\"name\":\"Os que carregam a coragem no coldre da alma. Por Fl\u00e1vio Chaves\"}]},{\"@type\":\"WebSite\",\"@id\":\"https:\/\/gazetapernambucana.com\/#website\",\"url\":\"https:\/\/gazetapernambucana.com\/\",\"name\":\"\",\"description\":\"\",\"potentialAction\":[{\"@type\":\"SearchAction\",\"target\":{\"@type\":\"EntryPoint\",\"urlTemplate\":\"https:\/\/gazetapernambucana.com\/?s={search_term_string}\"},\"query-input\":{\"@type\":\"PropertyValueSpecification\",\"valueRequired\":true,\"valueName\":\"search_term_string\"}}],\"inLanguage\":\"pt-BR\"},{\"@type\":\"Person\",\"@id\":\"https:\/\/gazetapernambucana.com\/#\/schema\/person\/188dc283325181ac2de4db1e9e987427\",\"name\":\"GP\",\"image\":{\"@type\":\"ImageObject\",\"inLanguage\":\"pt-BR\",\"@id\":\"https:\/\/gazetapernambucana.com\/#\/schema\/person\/image\/\",\"url\":\"https:\/\/secure.gravatar.com\/avatar\/9dad78ff9a2d8b5742d11779f8a3f53b052320c550b2e1907882353c067bb111?s=96&d=mm&r=g\",\"contentUrl\":\"https:\/\/secure.gravatar.com\/avatar\/9dad78ff9a2d8b5742d11779f8a3f53b052320c550b2e1907882353c067bb111?s=96&d=mm&r=g\",\"caption\":\"GP\"},\"sameAs\":[\"http:\/\/gazetapernambucana.com\"],\"url\":\"https:\/\/gazetapernambucana.com\/?author=1\"}]}<\/script>\n<!-- \/ Yoast SEO plugin. -->","yoast_head_json":{"title":"Os que carregam a coragem no coldre da alma. Por Fl\u00e1vio Chaves -","robots":{"index":"index","follow":"follow","max-snippet":"max-snippet:-1","max-image-preview":"max-image-preview:large","max-video-preview":"max-video-preview:-1"},"canonical":"https:\/\/gazetapernambucana.com\/?p=2065","og_locale":"pt_BR","og_type":"article","og_title":"Os que carregam a coragem no coldre da alma. Por Fl\u00e1vio Chaves -","og_description":"Quando o amor \u00e9 estrada, n\u00e3o pris\u00e3o, e a bravura fala mais alto que a amea\u00e7a Por Fl\u00e1vio Chaves \u2013 Jornalista, poeta, escritor e membro da Academia Pernambucana de Letras. Foi Delegado Federal\/Minc\u00a0 \u2013\u00a0 Antes do amor, veio o caos. E antes do caos, o homem que o causava. Ele andava pelas bordas da moralidade [&hellip;]","og_url":"https:\/\/gazetapernambucana.com\/?p=2065","article_published_time":"2025-10-20T23:28:45+00:00","og_image":[{"width":593,"height":723,"url":"https:\/\/gazetapernambucana.com\/wp-content\/uploads\/2025\/10\/download-4.jpg","type":"image\/jpeg"}],"author":"GP","twitter_card":"summary_large_image","twitter_misc":{"Escrito por":"GP","Est. tempo de leitura":"4 minutos"},"schema":{"@context":"https:\/\/schema.org","@graph":[{"@type":"WebPage","@id":"https:\/\/gazetapernambucana.com\/?p=2065","url":"https:\/\/gazetapernambucana.com\/?p=2065","name":"Os que carregam a coragem no coldre da alma. Por Fl\u00e1vio Chaves -","isPartOf":{"@id":"https:\/\/gazetapernambucana.com\/#website"},"primaryImageOfPage":{"@id":"https:\/\/gazetapernambucana.com\/?p=2065#primaryimage"},"image":{"@id":"https:\/\/gazetapernambucana.com\/?p=2065#primaryimage"},"thumbnailUrl":"https:\/\/gazetapernambucana.com\/wp-content\/uploads\/2025\/10\/download-4.jpg","datePublished":"2025-10-20T23:28:45+00:00","author":{"@id":"https:\/\/gazetapernambucana.com\/#\/schema\/person\/188dc283325181ac2de4db1e9e987427"},"breadcrumb":{"@id":"https:\/\/gazetapernambucana.com\/?p=2065#breadcrumb"},"inLanguage":"pt-BR","potentialAction":[{"@type":"ReadAction","target":["https:\/\/gazetapernambucana.com\/?p=2065"]}]},{"@type":"ImageObject","inLanguage":"pt-BR","@id":"https:\/\/gazetapernambucana.com\/?p=2065#primaryimage","url":"https:\/\/gazetapernambucana.com\/wp-content\/uploads\/2025\/10\/download-4.jpg","contentUrl":"https:\/\/gazetapernambucana.com\/wp-content\/uploads\/2025\/10\/download-4.jpg","width":593,"height":723},{"@type":"BreadcrumbList","@id":"https:\/\/gazetapernambucana.com\/?p=2065#breadcrumb","itemListElement":[{"@type":"ListItem","position":1,"name":"In\u00edcio","item":"https:\/\/gazetapernambucana.com\/"},{"@type":"ListItem","position":2,"name":"Os que carregam a coragem no coldre da alma. Por Fl\u00e1vio Chaves"}]},{"@type":"WebSite","@id":"https:\/\/gazetapernambucana.com\/#website","url":"https:\/\/gazetapernambucana.com\/","name":"","description":"","potentialAction":[{"@type":"SearchAction","target":{"@type":"EntryPoint","urlTemplate":"https:\/\/gazetapernambucana.com\/?s={search_term_string}"},"query-input":{"@type":"PropertyValueSpecification","valueRequired":true,"valueName":"search_term_string"}}],"inLanguage":"pt-BR"},{"@type":"Person","@id":"https:\/\/gazetapernambucana.com\/#\/schema\/person\/188dc283325181ac2de4db1e9e987427","name":"GP","image":{"@type":"ImageObject","inLanguage":"pt-BR","@id":"https:\/\/gazetapernambucana.com\/#\/schema\/person\/image\/","url":"https:\/\/secure.gravatar.com\/avatar\/9dad78ff9a2d8b5742d11779f8a3f53b052320c550b2e1907882353c067bb111?s=96&d=mm&r=g","contentUrl":"https:\/\/secure.gravatar.com\/avatar\/9dad78ff9a2d8b5742d11779f8a3f53b052320c550b2e1907882353c067bb111?s=96&d=mm&r=g","caption":"GP"},"sameAs":["http:\/\/gazetapernambucana.com"],"url":"https:\/\/gazetapernambucana.com\/?author=1"}]}},"jetpack_publicize_connections":[],"_links":{"self":[{"href":"https:\/\/gazetapernambucana.com\/index.php?rest_route=\/wp\/v2\/posts\/2065","targetHints":{"allow":["GET"]}}],"collection":[{"href":"https:\/\/gazetapernambucana.com\/index.php?rest_route=\/wp\/v2\/posts"}],"about":[{"href":"https:\/\/gazetapernambucana.com\/index.php?rest_route=\/wp\/v2\/types\/post"}],"author":[{"embeddable":true,"href":"https:\/\/gazetapernambucana.com\/index.php?rest_route=\/wp\/v2\/users\/1"}],"replies":[{"embeddable":true,"href":"https:\/\/gazetapernambucana.com\/index.php?rest_route=%2Fwp%2Fv2%2Fcomments&post=2065"}],"version-history":[{"count":1,"href":"https:\/\/gazetapernambucana.com\/index.php?rest_route=\/wp\/v2\/posts\/2065\/revisions"}],"predecessor-version":[{"id":2067,"href":"https:\/\/gazetapernambucana.com\/index.php?rest_route=\/wp\/v2\/posts\/2065\/revisions\/2067"}],"wp:featuredmedia":[{"embeddable":true,"href":"https:\/\/gazetapernambucana.com\/index.php?rest_route=\/wp\/v2\/media\/2066"}],"wp:attachment":[{"href":"https:\/\/gazetapernambucana.com\/index.php?rest_route=%2Fwp%2Fv2%2Fmedia&parent=2065"}],"wp:term":[{"taxonomy":"category","embeddable":true,"href":"https:\/\/gazetapernambucana.com\/index.php?rest_route=%2Fwp%2Fv2%2Fcategories&post=2065"},{"taxonomy":"post_tag","embeddable":true,"href":"https:\/\/gazetapernambucana.com\/index.php?rest_route=%2Fwp%2Fv2%2Ftags&post=2065"}],"curies":[{"name":"wp","href":"https:\/\/api.w.org\/{rel}","templated":true}]}}