{"id":2060,"date":"2025-10-19T23:15:58","date_gmt":"2025-10-20T02:15:58","guid":{"rendered":"https:\/\/gazetapernambucana.com\/?p=2060"},"modified":"2025-10-19T23:18:13","modified_gmt":"2025-10-20T02:18:13","slug":"para-a-amiga-marina-moraes-com-a-agua-da-despedida-que-nos-resta-por-flavio-chaves","status":"publish","type":"post","link":"https:\/\/gazetapernambucana.com\/?p=2060","title":{"rendered":"Para a amiga Marina Moraes, com a \u00e1gua da despedida que nos resta. Por Fl\u00e1vio Chaves"},"content":{"rendered":"<h2 data-start=\"294\" data-end=\"663\">Entre palavras e sil\u00eancios, uma vida que se despede deixando beleza e sentido.<\/h2>\n<p data-start=\"294\" data-end=\"663\"><strong>Por Fl\u00e1vio Chaves \u2013 Jornalista, poeta, escritor e membro da Academia Pernambucana de Letras. Foi Delegado Federal\/Minc\u00a0 \u2013\u00a0<\/strong> \u00a0Entre palavras e sil\u00eancios, uma vida que se despede deixando beleza e sentido. \u00a0 \u00a0Conheci Marina Moraes em S\u00e3o Paulo, num congresso de jornalistas. Daqueles encontros onde se fala de manchetes, de \u00e9tica, de coberturas dif\u00edceis \u2014 mas, \u00e0s vezes, se encontra uma alma rara. Ela chegou com olhos atentos e sorriso leve. Parecia observar o mundo por dentro, como quem escuta antes de falar. E quando falava, era para dizer algo que valia a pena ser ouvido.<\/p>\n<p data-start=\"665\" data-end=\"951\">Marina era assim: inteligente sem ostenta\u00e7\u00e3o, terna sem afeta\u00e7\u00e3o, criativa at\u00e9 o osso. Era daquelas que sabiam que o jornalismo n\u00e3o \u00e9 grito nem vaidade, mas escuta, interpreta\u00e7\u00e3o, palavra bem dita. Uma rep\u00f3rter da alma humana, com voca\u00e7\u00e3o para atravessar o banal e alcan\u00e7ar o essencial.<\/p>\n<p data-start=\"665\" data-end=\"951\"><img loading=\"lazy\" decoding=\"async\" class=\"size-medium wp-image-174663 aligncenter\" src=\"https:\/\/flaviochaves.com.br\/wp-content\/uploads\/2025\/10\/176090687268f54e787b220_1760906872_3x2_lg-300x200.jpg\" alt=\"\" width=\"300\" height=\"200\" \/><\/p>\n<p data-start=\"953\" data-end=\"1281\">Mas se no jornalismo era grande, na literatura, Marina era \u00edntima do detalhe, uma contista de m\u00e3os firmes e olhos sens\u00edveis. Em <em data-start=\"1082\" data-end=\"1104\">\u00c1gua para as visitas<\/em>, seu livro, ela fez do cotidiano um espelho, e da linguagem, um gesto de acolhimento. Escrevia como quem estende um copo d\u2019\u00e1gua a quem chega cansado: com cuidado, com presen\u00e7a.<\/p>\n<p data-start=\"1283\" data-end=\"1575\">Ela viveu entre palavras, mas n\u00e3o apenas as que se publicam. As que se sussurram entre amigos, as que salvam dias dif\u00edceis, as que edificam v\u00ednculos verdadeiros. Era uma mulher do tempo presente, conectada, \u00e9tica, humana, e do tempo eterno: porque sua obra, sua gentileza e seu olhar ficam.<\/p>\n<p data-start=\"1577\" data-end=\"1687\">Hoje, Marina partiu. E o sil\u00eancio que fica \u00e9 daqueles que ecoam. Porque algumas aus\u00eancias n\u00e3o calam, ressoam.<\/p>\n<p data-start=\"1689\" data-end=\"1840\">Mas entre as lembran\u00e7as, fica uma certeza: Marina nos deixou \u00e1gua suficiente para seguir.<br data-start=\"1778\" data-end=\"1781\" \/>\u00c1gua para os que ficam, com a despedida que nos resta.<\/p>\n","protected":false},"excerpt":{"rendered":"<p>Entre palavras e sil\u00eancios, uma vida que se despede deixando beleza e sentido. Por Fl\u00e1vio Chaves \u2013 Jornalista, poeta, escritor e membro da Academia Pernambucana de Letras. Foi Delegado Federal\/Minc\u00a0 \u2013\u00a0 \u00a0Entre palavras e sil\u00eancios, uma vida que se despede deixando beleza e sentido. \u00a0 \u00a0Conheci Marina Moraes em S\u00e3o Paulo, num congresso de jornalistas. [&hellip;]<\/p>\n","protected":false},"author":1,"featured_media":2062,"comment_status":"open","ping_status":"open","sticky":false,"template":"","format":"standard","meta":{"footnotes":"","jetpack_publicize_message":"","jetpack_publicize_feature_enabled":true,"jetpack_social_post_already_shared":true,"jetpack_social_options":{"image_generator_settings":{"template":"highway","default_image_id":0,"font":"","enabled":false},"version":2}},"categories":[1,35,46],"tags":[],"class_list":["post-2060","post","type-post","status-publish","format-standard","has-post-thumbnail","hentry","category-https-gazetapernambucana-com-page_id225","category-https-gazetapernambucana-com-page_id218","category-literatura"],"yoast_head":"<!-- This site is optimized with the Yoast SEO plugin v24.5 - https:\/\/yoast.com\/wordpress\/plugins\/seo\/ -->\n<title>Para a amiga Marina Moraes, com a \u00e1gua da despedida que nos resta. Por Fl\u00e1vio Chaves -<\/title>\n<meta name=\"robots\" content=\"index, follow, max-snippet:-1, max-image-preview:large, max-video-preview:-1\" \/>\n<link rel=\"canonical\" href=\"https:\/\/gazetapernambucana.com\/?p=2060\" \/>\n<meta property=\"og:locale\" content=\"pt_BR\" \/>\n<meta property=\"og:type\" content=\"article\" \/>\n<meta property=\"og:title\" content=\"Para a amiga Marina Moraes, com a \u00e1gua da despedida que nos resta. Por Fl\u00e1vio Chaves -\" \/>\n<meta property=\"og:description\" content=\"Entre palavras e sil\u00eancios, uma vida que se despede deixando beleza e sentido. Por Fl\u00e1vio Chaves \u2013 Jornalista, poeta, escritor e membro da Academia Pernambucana de Letras. Foi Delegado Federal\/Minc\u00a0 \u2013\u00a0 \u00a0Entre palavras e sil\u00eancios, uma vida que se despede deixando beleza e sentido. \u00a0 \u00a0Conheci Marina Moraes em S\u00e3o Paulo, num congresso de jornalistas. [&hellip;]\" \/>\n<meta property=\"og:url\" content=\"https:\/\/gazetapernambucana.com\/?p=2060\" \/>\n<meta property=\"article:published_time\" content=\"2025-10-20T02:15:58+00:00\" \/>\n<meta property=\"article:modified_time\" content=\"2025-10-20T02:18:13+00:00\" \/>\n<meta property=\"og:image\" content=\"https:\/\/gazetapernambucana.com\/wp-content\/uploads\/2025\/10\/484203450_9142189072545837_2909464382793702595_n.jpg\" \/>\n\t<meta property=\"og:image:width\" content=\"1440\" \/>\n\t<meta property=\"og:image:height\" content=\"1800\" \/>\n\t<meta property=\"og:image:type\" content=\"image\/jpeg\" \/>\n<meta name=\"author\" content=\"GP\" \/>\n<meta name=\"twitter:card\" content=\"summary_large_image\" \/>\n<meta name=\"twitter:label1\" content=\"Escrito por\" \/>\n\t<meta name=\"twitter:data1\" content=\"GP\" \/>\n\t<meta name=\"twitter:label2\" content=\"Est. tempo de leitura\" \/>\n\t<meta name=\"twitter:data2\" content=\"3 minutos\" \/>\n<script type=\"application\/ld+json\" class=\"yoast-schema-graph\">{\"@context\":\"https:\/\/schema.org\",\"@graph\":[{\"@type\":\"WebPage\",\"@id\":\"https:\/\/gazetapernambucana.com\/?p=2060\",\"url\":\"https:\/\/gazetapernambucana.com\/?p=2060\",\"name\":\"Para a amiga Marina Moraes, com a \u00e1gua da despedida que nos resta. Por Fl\u00e1vio Chaves -\",\"isPartOf\":{\"@id\":\"https:\/\/gazetapernambucana.com\/#website\"},\"primaryImageOfPage\":{\"@id\":\"https:\/\/gazetapernambucana.com\/?p=2060#primaryimage\"},\"image\":{\"@id\":\"https:\/\/gazetapernambucana.com\/?p=2060#primaryimage\"},\"thumbnailUrl\":\"https:\/\/gazetapernambucana.com\/wp-content\/uploads\/2025\/10\/484203450_9142189072545837_2909464382793702595_n.jpg\",\"datePublished\":\"2025-10-20T02:15:58+00:00\",\"dateModified\":\"2025-10-20T02:18:13+00:00\",\"author\":{\"@id\":\"https:\/\/gazetapernambucana.com\/#\/schema\/person\/188dc283325181ac2de4db1e9e987427\"},\"breadcrumb\":{\"@id\":\"https:\/\/gazetapernambucana.com\/?p=2060#breadcrumb\"},\"inLanguage\":\"pt-BR\",\"potentialAction\":[{\"@type\":\"ReadAction\",\"target\":[\"https:\/\/gazetapernambucana.com\/?p=2060\"]}]},{\"@type\":\"ImageObject\",\"inLanguage\":\"pt-BR\",\"@id\":\"https:\/\/gazetapernambucana.com\/?p=2060#primaryimage\",\"url\":\"https:\/\/gazetapernambucana.com\/wp-content\/uploads\/2025\/10\/484203450_9142189072545837_2909464382793702595_n.jpg\",\"contentUrl\":\"https:\/\/gazetapernambucana.com\/wp-content\/uploads\/2025\/10\/484203450_9142189072545837_2909464382793702595_n.jpg\",\"width\":1440,\"height\":1800},{\"@type\":\"BreadcrumbList\",\"@id\":\"https:\/\/gazetapernambucana.com\/?p=2060#breadcrumb\",\"itemListElement\":[{\"@type\":\"ListItem\",\"position\":1,\"name\":\"In\u00edcio\",\"item\":\"https:\/\/gazetapernambucana.com\/\"},{\"@type\":\"ListItem\",\"position\":2,\"name\":\"Para a amiga Marina Moraes, com a \u00e1gua da despedida que nos resta. Por Fl\u00e1vio Chaves\"}]},{\"@type\":\"WebSite\",\"@id\":\"https:\/\/gazetapernambucana.com\/#website\",\"url\":\"https:\/\/gazetapernambucana.com\/\",\"name\":\"\",\"description\":\"\",\"potentialAction\":[{\"@type\":\"SearchAction\",\"target\":{\"@type\":\"EntryPoint\",\"urlTemplate\":\"https:\/\/gazetapernambucana.com\/?s={search_term_string}\"},\"query-input\":{\"@type\":\"PropertyValueSpecification\",\"valueRequired\":true,\"valueName\":\"search_term_string\"}}],\"inLanguage\":\"pt-BR\"},{\"@type\":\"Person\",\"@id\":\"https:\/\/gazetapernambucana.com\/#\/schema\/person\/188dc283325181ac2de4db1e9e987427\",\"name\":\"GP\",\"image\":{\"@type\":\"ImageObject\",\"inLanguage\":\"pt-BR\",\"@id\":\"https:\/\/gazetapernambucana.com\/#\/schema\/person\/image\/\",\"url\":\"https:\/\/secure.gravatar.com\/avatar\/9dad78ff9a2d8b5742d11779f8a3f53b052320c550b2e1907882353c067bb111?s=96&d=mm&r=g\",\"contentUrl\":\"https:\/\/secure.gravatar.com\/avatar\/9dad78ff9a2d8b5742d11779f8a3f53b052320c550b2e1907882353c067bb111?s=96&d=mm&r=g\",\"caption\":\"GP\"},\"sameAs\":[\"http:\/\/gazetapernambucana.com\"],\"url\":\"https:\/\/gazetapernambucana.com\/?author=1\"}]}<\/script>\n<!-- \/ Yoast SEO plugin. -->","yoast_head_json":{"title":"Para a amiga Marina Moraes, com a \u00e1gua da despedida que nos resta. Por Fl\u00e1vio Chaves -","robots":{"index":"index","follow":"follow","max-snippet":"max-snippet:-1","max-image-preview":"max-image-preview:large","max-video-preview":"max-video-preview:-1"},"canonical":"https:\/\/gazetapernambucana.com\/?p=2060","og_locale":"pt_BR","og_type":"article","og_title":"Para a amiga Marina Moraes, com a \u00e1gua da despedida que nos resta. Por Fl\u00e1vio Chaves -","og_description":"Entre palavras e sil\u00eancios, uma vida que se despede deixando beleza e sentido. Por Fl\u00e1vio Chaves \u2013 Jornalista, poeta, escritor e membro da Academia Pernambucana de Letras. Foi Delegado Federal\/Minc\u00a0 \u2013\u00a0 \u00a0Entre palavras e sil\u00eancios, uma vida que se despede deixando beleza e sentido. \u00a0 \u00a0Conheci Marina Moraes em S\u00e3o Paulo, num congresso de jornalistas. [&hellip;]","og_url":"https:\/\/gazetapernambucana.com\/?p=2060","article_published_time":"2025-10-20T02:15:58+00:00","article_modified_time":"2025-10-20T02:18:13+00:00","og_image":[{"width":1440,"height":1800,"url":"https:\/\/gazetapernambucana.com\/wp-content\/uploads\/2025\/10\/484203450_9142189072545837_2909464382793702595_n.jpg","type":"image\/jpeg"}],"author":"GP","twitter_card":"summary_large_image","twitter_misc":{"Escrito por":"GP","Est. tempo de leitura":"3 minutos"},"schema":{"@context":"https:\/\/schema.org","@graph":[{"@type":"WebPage","@id":"https:\/\/gazetapernambucana.com\/?p=2060","url":"https:\/\/gazetapernambucana.com\/?p=2060","name":"Para a amiga Marina Moraes, com a \u00e1gua da despedida que nos resta. Por Fl\u00e1vio Chaves -","isPartOf":{"@id":"https:\/\/gazetapernambucana.com\/#website"},"primaryImageOfPage":{"@id":"https:\/\/gazetapernambucana.com\/?p=2060#primaryimage"},"image":{"@id":"https:\/\/gazetapernambucana.com\/?p=2060#primaryimage"},"thumbnailUrl":"https:\/\/gazetapernambucana.com\/wp-content\/uploads\/2025\/10\/484203450_9142189072545837_2909464382793702595_n.jpg","datePublished":"2025-10-20T02:15:58+00:00","dateModified":"2025-10-20T02:18:13+00:00","author":{"@id":"https:\/\/gazetapernambucana.com\/#\/schema\/person\/188dc283325181ac2de4db1e9e987427"},"breadcrumb":{"@id":"https:\/\/gazetapernambucana.com\/?p=2060#breadcrumb"},"inLanguage":"pt-BR","potentialAction":[{"@type":"ReadAction","target":["https:\/\/gazetapernambucana.com\/?p=2060"]}]},{"@type":"ImageObject","inLanguage":"pt-BR","@id":"https:\/\/gazetapernambucana.com\/?p=2060#primaryimage","url":"https:\/\/gazetapernambucana.com\/wp-content\/uploads\/2025\/10\/484203450_9142189072545837_2909464382793702595_n.jpg","contentUrl":"https:\/\/gazetapernambucana.com\/wp-content\/uploads\/2025\/10\/484203450_9142189072545837_2909464382793702595_n.jpg","width":1440,"height":1800},{"@type":"BreadcrumbList","@id":"https:\/\/gazetapernambucana.com\/?p=2060#breadcrumb","itemListElement":[{"@type":"ListItem","position":1,"name":"In\u00edcio","item":"https:\/\/gazetapernambucana.com\/"},{"@type":"ListItem","position":2,"name":"Para a amiga Marina Moraes, com a \u00e1gua da despedida que nos resta. Por Fl\u00e1vio Chaves"}]},{"@type":"WebSite","@id":"https:\/\/gazetapernambucana.com\/#website","url":"https:\/\/gazetapernambucana.com\/","name":"","description":"","potentialAction":[{"@type":"SearchAction","target":{"@type":"EntryPoint","urlTemplate":"https:\/\/gazetapernambucana.com\/?s={search_term_string}"},"query-input":{"@type":"PropertyValueSpecification","valueRequired":true,"valueName":"search_term_string"}}],"inLanguage":"pt-BR"},{"@type":"Person","@id":"https:\/\/gazetapernambucana.com\/#\/schema\/person\/188dc283325181ac2de4db1e9e987427","name":"GP","image":{"@type":"ImageObject","inLanguage":"pt-BR","@id":"https:\/\/gazetapernambucana.com\/#\/schema\/person\/image\/","url":"https:\/\/secure.gravatar.com\/avatar\/9dad78ff9a2d8b5742d11779f8a3f53b052320c550b2e1907882353c067bb111?s=96&d=mm&r=g","contentUrl":"https:\/\/secure.gravatar.com\/avatar\/9dad78ff9a2d8b5742d11779f8a3f53b052320c550b2e1907882353c067bb111?s=96&d=mm&r=g","caption":"GP"},"sameAs":["http:\/\/gazetapernambucana.com"],"url":"https:\/\/gazetapernambucana.com\/?author=1"}]}},"jetpack_publicize_connections":[],"_links":{"self":[{"href":"https:\/\/gazetapernambucana.com\/index.php?rest_route=\/wp\/v2\/posts\/2060","targetHints":{"allow":["GET"]}}],"collection":[{"href":"https:\/\/gazetapernambucana.com\/index.php?rest_route=\/wp\/v2\/posts"}],"about":[{"href":"https:\/\/gazetapernambucana.com\/index.php?rest_route=\/wp\/v2\/types\/post"}],"author":[{"embeddable":true,"href":"https:\/\/gazetapernambucana.com\/index.php?rest_route=\/wp\/v2\/users\/1"}],"replies":[{"embeddable":true,"href":"https:\/\/gazetapernambucana.com\/index.php?rest_route=%2Fwp%2Fv2%2Fcomments&post=2060"}],"version-history":[{"count":2,"href":"https:\/\/gazetapernambucana.com\/index.php?rest_route=\/wp\/v2\/posts\/2060\/revisions"}],"predecessor-version":[{"id":2064,"href":"https:\/\/gazetapernambucana.com\/index.php?rest_route=\/wp\/v2\/posts\/2060\/revisions\/2064"}],"wp:featuredmedia":[{"embeddable":true,"href":"https:\/\/gazetapernambucana.com\/index.php?rest_route=\/wp\/v2\/media\/2062"}],"wp:attachment":[{"href":"https:\/\/gazetapernambucana.com\/index.php?rest_route=%2Fwp%2Fv2%2Fmedia&parent=2060"}],"wp:term":[{"taxonomy":"category","embeddable":true,"href":"https:\/\/gazetapernambucana.com\/index.php?rest_route=%2Fwp%2Fv2%2Fcategories&post=2060"},{"taxonomy":"post_tag","embeddable":true,"href":"https:\/\/gazetapernambucana.com\/index.php?rest_route=%2Fwp%2Fv2%2Ftags&post=2060"}],"curies":[{"name":"wp","href":"https:\/\/api.w.org\/{rel}","templated":true}]}}