{"id":2053,"date":"2025-10-18T22:42:09","date_gmt":"2025-10-19T01:42:09","guid":{"rendered":"https:\/\/gazetapernambucana.com\/?p=2053"},"modified":"2025-10-18T22:42:09","modified_gmt":"2025-10-19T01:42:09","slug":"principe-renuncia-a-todos-os-titulos-reais-apos-escandalos","status":"publish","type":"post","link":"https:\/\/gazetapernambucana.com\/?p=2053","title":{"rendered":"Pr\u00edncipe renuncia a todos os t\u00edtulos reais ap\u00f3s esc\u00e2ndalos"},"content":{"rendered":"<header class=\"title-block\"><\/header>\n<div class=\"columns\">\n<section class=\"content\">\n<figure class=\"image-block\">\n<div class=\"\"><img loading=\"lazy\" decoding=\"async\" class=\"size-full wp-image-1483242\" src=\"https:\/\/static.cdn.pleno.news\/2025\/03\/bf07bd1cd902240259211e91a8c5426a6cb6dfceminiw.jpg\" sizes=\"auto, (max-width: 900px) 100vw, 900px\" srcset=\"https:\/\/static.cdn.pleno.news\/2025\/03\/bf07bd1cd902240259211e91a8c5426a6cb6dfceminiw.jpg 900w, https:\/\/static.cdn.pleno.news\/2025\/03\/bf07bd1cd902240259211e91a8c5426a6cb6dfceminiw-300x200.jpg 300w, https:\/\/static.cdn.pleno.news\/2025\/03\/bf07bd1cd902240259211e91a8c5426a6cb6dfceminiw-768x512.jpg 768w, https:\/\/static.cdn.pleno.news\/2025\/03\/bf07bd1cd902240259211e91a8c5426a6cb6dfceminiw-225x150.jpg 225w, https:\/\/static.cdn.pleno.news\/2025\/03\/bf07bd1cd902240259211e91a8c5426a6cb6dfceminiw-250x167.jpg 250w, https:\/\/static.cdn.pleno.news\/2025\/03\/bf07bd1cd902240259211e91a8c5426a6cb6dfceminiw-23x15.jpg 23w\" alt=\"\" width=\"900\" height=\"600\" \/><\/div><figcaption>Pr\u00edncipe Andrew\u00a0<span class=\"name\">Foto: EFE\/ Will Oliver<\/span><\/figcaption><\/figure>\n<p>Nesta sexta-feira (17), o pr\u00edncipe Andrew, duque de York e irm\u00e3o do rei Charles III da Inglaterra, anunciou que renunciar\u00e1 a todos os seus t\u00edtulos e honras reais. O objetivo \u00e9 evitar que as acusa\u00e7\u00f5es contra ele \u201cdistraiam\u201d o trabalho da fam\u00edlia real do Reino Unido, de acordo com um comunicado divulgado pelo Pal\u00e1cio de Buckingham.<\/p>\n<p>\u2013 Ap\u00f3s conversas com o rei e minha fam\u00edlia imediata e mais ampla, conclu\u00edmos que as cont\u00ednuas acusa\u00e7\u00f5es contra mim distraem o trabalho de Sua Majestade e da Fam\u00edlia Real \u2013 declarou Andrew, em breve nota.<\/p>\n<p>Quando diz \u201cacusa\u00e7\u00f5es\u201d, o at\u00e9 agora duque de York se refere a uma longa lista de esc\u00e2ndalos nos quais se viu envolvido nos \u00faltimos anos por causa de sua rela\u00e7\u00e3o com o magnata americano e ped\u00f3filo condenado Jeffrey Epstein, assim como com um suposto espi\u00e3o chin\u00eas.<\/p>\n<p>Andrew disse que negava \u201ccategoricamente\u201d todas as acusa\u00e7\u00f5es e afirmou que a decis\u00e3o priorizava seu \u201cdever\u201d para com a fam\u00edlia e seu pa\u00eds, como fez h\u00e1 cinco anos, quando se retirou da vida p\u00fablica.<\/p>\n<p>\u2013 Com o consentimento de Sua Majestade, considero que devo dar mais um passo. Portanto, n\u00e3o usarei mais meu t\u00edtulo, nem as honras que me foram conferidas \u2013 acrescentou.<\/p>\n<p>Entre os t\u00edtulos aos quais ele renuncia est\u00e3o o de duque de York e o de membro da Ordem da Jarreteira, mas ele manter\u00e1 o t\u00edtulo de pr\u00edncipe, j\u00e1 que \u00e9 algo que obteve por nascimento, sendo o terceiro filho da falecida rainha Elizabeth II.<\/p>\n<p>Sua ex-esposa, Sarah Ferguson, tamb\u00e9m n\u00e3o continuar\u00e1 usando o t\u00edtulo de duquesa de York, mas suas filhas, Beatriz e Eugenia, manter\u00e3o o t\u00edtulo de princesas, de acordo com a imprensa brit\u00e2nica.<\/p>\n<p>*Com informa\u00e7\u00f5es da Ag\u00eancia EFE<\/p>\n<\/section>\n<\/div>\n","protected":false},"excerpt":{"rendered":"<p>Pr\u00edncipe Andrew\u00a0Foto: EFE\/ Will Oliver Nesta sexta-feira (17), o pr\u00edncipe Andrew, duque de York e irm\u00e3o do rei Charles III da Inglaterra, anunciou que renunciar\u00e1 a todos os seus t\u00edtulos e honras reais. O objetivo \u00e9 evitar que as acusa\u00e7\u00f5es contra ele \u201cdistraiam\u201d o trabalho da fam\u00edlia real do Reino Unido, de acordo com um [&hellip;]<\/p>\n","protected":false},"author":1,"featured_media":2054,"comment_status":"open","ping_status":"open","sticky":false,"template":"","format":"standard","meta":{"footnotes":"","jetpack_publicize_message":"","jetpack_publicize_feature_enabled":true,"jetpack_social_post_already_shared":true,"jetpack_social_options":{"image_generator_settings":{"template":"highway","default_image_id":0,"font":"","enabled":false},"version":2}},"categories":[1,36],"tags":[],"class_list":["post-2053","post","type-post","status-publish","format-standard","has-post-thumbnail","hentry","category-https-gazetapernambucana-com-page_id225","category-https-gazetapernambucana-com-page_id209"],"yoast_head":"<!-- This site is optimized with the Yoast SEO plugin v24.5 - https:\/\/yoast.com\/wordpress\/plugins\/seo\/ -->\n<title>Pr\u00edncipe renuncia a todos os t\u00edtulos reais ap\u00f3s esc\u00e2ndalos -<\/title>\n<meta name=\"robots\" content=\"index, follow, max-snippet:-1, max-image-preview:large, max-video-preview:-1\" \/>\n<link rel=\"canonical\" href=\"https:\/\/gazetapernambucana.com\/?p=2053\" \/>\n<meta property=\"og:locale\" content=\"pt_BR\" \/>\n<meta property=\"og:type\" content=\"article\" \/>\n<meta property=\"og:title\" content=\"Pr\u00edncipe renuncia a todos os t\u00edtulos reais ap\u00f3s esc\u00e2ndalos -\" \/>\n<meta property=\"og:description\" content=\"Pr\u00edncipe Andrew\u00a0Foto: EFE\/ Will Oliver Nesta sexta-feira (17), o pr\u00edncipe Andrew, duque de York e irm\u00e3o do rei Charles III da Inglaterra, anunciou que renunciar\u00e1 a todos os seus t\u00edtulos e honras reais. O objetivo \u00e9 evitar que as acusa\u00e7\u00f5es contra ele \u201cdistraiam\u201d o trabalho da fam\u00edlia real do Reino Unido, de acordo com um [&hellip;]\" \/>\n<meta property=\"og:url\" content=\"https:\/\/gazetapernambucana.com\/?p=2053\" \/>\n<meta property=\"article:published_time\" content=\"2025-10-19T01:42:09+00:00\" \/>\n<meta property=\"og:image\" content=\"https:\/\/gazetapernambucana.com\/wp-content\/uploads\/2025\/10\/bf07bd1cd902240259211e91a8c5426a6cb6dfceminiw.jpg\" \/>\n\t<meta property=\"og:image:width\" content=\"900\" \/>\n\t<meta property=\"og:image:height\" content=\"600\" \/>\n\t<meta property=\"og:image:type\" content=\"image\/jpeg\" \/>\n<meta name=\"author\" content=\"GP\" \/>\n<meta name=\"twitter:card\" content=\"summary_large_image\" \/>\n<meta name=\"twitter:label1\" content=\"Escrito por\" \/>\n\t<meta name=\"twitter:data1\" content=\"GP\" \/>\n\t<meta name=\"twitter:label2\" content=\"Est. tempo de leitura\" \/>\n\t<meta name=\"twitter:data2\" content=\"2 minutos\" \/>\n<script type=\"application\/ld+json\" class=\"yoast-schema-graph\">{\"@context\":\"https:\/\/schema.org\",\"@graph\":[{\"@type\":\"WebPage\",\"@id\":\"https:\/\/gazetapernambucana.com\/?p=2053\",\"url\":\"https:\/\/gazetapernambucana.com\/?p=2053\",\"name\":\"Pr\u00edncipe renuncia a todos os t\u00edtulos reais ap\u00f3s esc\u00e2ndalos -\",\"isPartOf\":{\"@id\":\"https:\/\/gazetapernambucana.com\/#website\"},\"primaryImageOfPage\":{\"@id\":\"https:\/\/gazetapernambucana.com\/?p=2053#primaryimage\"},\"image\":{\"@id\":\"https:\/\/gazetapernambucana.com\/?p=2053#primaryimage\"},\"thumbnailUrl\":\"https:\/\/gazetapernambucana.com\/wp-content\/uploads\/2025\/10\/bf07bd1cd902240259211e91a8c5426a6cb6dfceminiw.jpg\",\"datePublished\":\"2025-10-19T01:42:09+00:00\",\"author\":{\"@id\":\"https:\/\/gazetapernambucana.com\/#\/schema\/person\/188dc283325181ac2de4db1e9e987427\"},\"breadcrumb\":{\"@id\":\"https:\/\/gazetapernambucana.com\/?p=2053#breadcrumb\"},\"inLanguage\":\"pt-BR\",\"potentialAction\":[{\"@type\":\"ReadAction\",\"target\":[\"https:\/\/gazetapernambucana.com\/?p=2053\"]}]},{\"@type\":\"ImageObject\",\"inLanguage\":\"pt-BR\",\"@id\":\"https:\/\/gazetapernambucana.com\/?p=2053#primaryimage\",\"url\":\"https:\/\/gazetapernambucana.com\/wp-content\/uploads\/2025\/10\/bf07bd1cd902240259211e91a8c5426a6cb6dfceminiw.jpg\",\"contentUrl\":\"https:\/\/gazetapernambucana.com\/wp-content\/uploads\/2025\/10\/bf07bd1cd902240259211e91a8c5426a6cb6dfceminiw.jpg\",\"width\":900,\"height\":600},{\"@type\":\"BreadcrumbList\",\"@id\":\"https:\/\/gazetapernambucana.com\/?p=2053#breadcrumb\",\"itemListElement\":[{\"@type\":\"ListItem\",\"position\":1,\"name\":\"In\u00edcio\",\"item\":\"https:\/\/gazetapernambucana.com\/\"},{\"@type\":\"ListItem\",\"position\":2,\"name\":\"Pr\u00edncipe renuncia a todos os t\u00edtulos reais ap\u00f3s esc\u00e2ndalos\"}]},{\"@type\":\"WebSite\",\"@id\":\"https:\/\/gazetapernambucana.com\/#website\",\"url\":\"https:\/\/gazetapernambucana.com\/\",\"name\":\"\",\"description\":\"\",\"potentialAction\":[{\"@type\":\"SearchAction\",\"target\":{\"@type\":\"EntryPoint\",\"urlTemplate\":\"https:\/\/gazetapernambucana.com\/?s={search_term_string}\"},\"query-input\":{\"@type\":\"PropertyValueSpecification\",\"valueRequired\":true,\"valueName\":\"search_term_string\"}}],\"inLanguage\":\"pt-BR\"},{\"@type\":\"Person\",\"@id\":\"https:\/\/gazetapernambucana.com\/#\/schema\/person\/188dc283325181ac2de4db1e9e987427\",\"name\":\"GP\",\"image\":{\"@type\":\"ImageObject\",\"inLanguage\":\"pt-BR\",\"@id\":\"https:\/\/gazetapernambucana.com\/#\/schema\/person\/image\/\",\"url\":\"https:\/\/secure.gravatar.com\/avatar\/9dad78ff9a2d8b5742d11779f8a3f53b052320c550b2e1907882353c067bb111?s=96&d=mm&r=g\",\"contentUrl\":\"https:\/\/secure.gravatar.com\/avatar\/9dad78ff9a2d8b5742d11779f8a3f53b052320c550b2e1907882353c067bb111?s=96&d=mm&r=g\",\"caption\":\"GP\"},\"sameAs\":[\"http:\/\/gazetapernambucana.com\"],\"url\":\"https:\/\/gazetapernambucana.com\/?author=1\"}]}<\/script>\n<!-- \/ Yoast SEO plugin. -->","yoast_head_json":{"title":"Pr\u00edncipe renuncia a todos os t\u00edtulos reais ap\u00f3s esc\u00e2ndalos -","robots":{"index":"index","follow":"follow","max-snippet":"max-snippet:-1","max-image-preview":"max-image-preview:large","max-video-preview":"max-video-preview:-1"},"canonical":"https:\/\/gazetapernambucana.com\/?p=2053","og_locale":"pt_BR","og_type":"article","og_title":"Pr\u00edncipe renuncia a todos os t\u00edtulos reais ap\u00f3s esc\u00e2ndalos -","og_description":"Pr\u00edncipe Andrew\u00a0Foto: EFE\/ Will Oliver Nesta sexta-feira (17), o pr\u00edncipe Andrew, duque de York e irm\u00e3o do rei Charles III da Inglaterra, anunciou que renunciar\u00e1 a todos os seus t\u00edtulos e honras reais. O objetivo \u00e9 evitar que as acusa\u00e7\u00f5es contra ele \u201cdistraiam\u201d o trabalho da fam\u00edlia real do Reino Unido, de acordo com um [&hellip;]","og_url":"https:\/\/gazetapernambucana.com\/?p=2053","article_published_time":"2025-10-19T01:42:09+00:00","og_image":[{"width":900,"height":600,"url":"https:\/\/gazetapernambucana.com\/wp-content\/uploads\/2025\/10\/bf07bd1cd902240259211e91a8c5426a6cb6dfceminiw.jpg","type":"image\/jpeg"}],"author":"GP","twitter_card":"summary_large_image","twitter_misc":{"Escrito por":"GP","Est. tempo de leitura":"2 minutos"},"schema":{"@context":"https:\/\/schema.org","@graph":[{"@type":"WebPage","@id":"https:\/\/gazetapernambucana.com\/?p=2053","url":"https:\/\/gazetapernambucana.com\/?p=2053","name":"Pr\u00edncipe renuncia a todos os t\u00edtulos reais ap\u00f3s esc\u00e2ndalos -","isPartOf":{"@id":"https:\/\/gazetapernambucana.com\/#website"},"primaryImageOfPage":{"@id":"https:\/\/gazetapernambucana.com\/?p=2053#primaryimage"},"image":{"@id":"https:\/\/gazetapernambucana.com\/?p=2053#primaryimage"},"thumbnailUrl":"https:\/\/gazetapernambucana.com\/wp-content\/uploads\/2025\/10\/bf07bd1cd902240259211e91a8c5426a6cb6dfceminiw.jpg","datePublished":"2025-10-19T01:42:09+00:00","author":{"@id":"https:\/\/gazetapernambucana.com\/#\/schema\/person\/188dc283325181ac2de4db1e9e987427"},"breadcrumb":{"@id":"https:\/\/gazetapernambucana.com\/?p=2053#breadcrumb"},"inLanguage":"pt-BR","potentialAction":[{"@type":"ReadAction","target":["https:\/\/gazetapernambucana.com\/?p=2053"]}]},{"@type":"ImageObject","inLanguage":"pt-BR","@id":"https:\/\/gazetapernambucana.com\/?p=2053#primaryimage","url":"https:\/\/gazetapernambucana.com\/wp-content\/uploads\/2025\/10\/bf07bd1cd902240259211e91a8c5426a6cb6dfceminiw.jpg","contentUrl":"https:\/\/gazetapernambucana.com\/wp-content\/uploads\/2025\/10\/bf07bd1cd902240259211e91a8c5426a6cb6dfceminiw.jpg","width":900,"height":600},{"@type":"BreadcrumbList","@id":"https:\/\/gazetapernambucana.com\/?p=2053#breadcrumb","itemListElement":[{"@type":"ListItem","position":1,"name":"In\u00edcio","item":"https:\/\/gazetapernambucana.com\/"},{"@type":"ListItem","position":2,"name":"Pr\u00edncipe renuncia a todos os t\u00edtulos reais ap\u00f3s esc\u00e2ndalos"}]},{"@type":"WebSite","@id":"https:\/\/gazetapernambucana.com\/#website","url":"https:\/\/gazetapernambucana.com\/","name":"","description":"","potentialAction":[{"@type":"SearchAction","target":{"@type":"EntryPoint","urlTemplate":"https:\/\/gazetapernambucana.com\/?s={search_term_string}"},"query-input":{"@type":"PropertyValueSpecification","valueRequired":true,"valueName":"search_term_string"}}],"inLanguage":"pt-BR"},{"@type":"Person","@id":"https:\/\/gazetapernambucana.com\/#\/schema\/person\/188dc283325181ac2de4db1e9e987427","name":"GP","image":{"@type":"ImageObject","inLanguage":"pt-BR","@id":"https:\/\/gazetapernambucana.com\/#\/schema\/person\/image\/","url":"https:\/\/secure.gravatar.com\/avatar\/9dad78ff9a2d8b5742d11779f8a3f53b052320c550b2e1907882353c067bb111?s=96&d=mm&r=g","contentUrl":"https:\/\/secure.gravatar.com\/avatar\/9dad78ff9a2d8b5742d11779f8a3f53b052320c550b2e1907882353c067bb111?s=96&d=mm&r=g","caption":"GP"},"sameAs":["http:\/\/gazetapernambucana.com"],"url":"https:\/\/gazetapernambucana.com\/?author=1"}]}},"jetpack_publicize_connections":[],"_links":{"self":[{"href":"https:\/\/gazetapernambucana.com\/index.php?rest_route=\/wp\/v2\/posts\/2053","targetHints":{"allow":["GET"]}}],"collection":[{"href":"https:\/\/gazetapernambucana.com\/index.php?rest_route=\/wp\/v2\/posts"}],"about":[{"href":"https:\/\/gazetapernambucana.com\/index.php?rest_route=\/wp\/v2\/types\/post"}],"author":[{"embeddable":true,"href":"https:\/\/gazetapernambucana.com\/index.php?rest_route=\/wp\/v2\/users\/1"}],"replies":[{"embeddable":true,"href":"https:\/\/gazetapernambucana.com\/index.php?rest_route=%2Fwp%2Fv2%2Fcomments&post=2053"}],"version-history":[{"count":1,"href":"https:\/\/gazetapernambucana.com\/index.php?rest_route=\/wp\/v2\/posts\/2053\/revisions"}],"predecessor-version":[{"id":2055,"href":"https:\/\/gazetapernambucana.com\/index.php?rest_route=\/wp\/v2\/posts\/2053\/revisions\/2055"}],"wp:featuredmedia":[{"embeddable":true,"href":"https:\/\/gazetapernambucana.com\/index.php?rest_route=\/wp\/v2\/media\/2054"}],"wp:attachment":[{"href":"https:\/\/gazetapernambucana.com\/index.php?rest_route=%2Fwp%2Fv2%2Fmedia&parent=2053"}],"wp:term":[{"taxonomy":"category","embeddable":true,"href":"https:\/\/gazetapernambucana.com\/index.php?rest_route=%2Fwp%2Fv2%2Fcategories&post=2053"},{"taxonomy":"post_tag","embeddable":true,"href":"https:\/\/gazetapernambucana.com\/index.php?rest_route=%2Fwp%2Fv2%2Ftags&post=2053"}],"curies":[{"name":"wp","href":"https:\/\/api.w.org\/{rel}","templated":true}]}}