{"id":2050,"date":"2025-10-18T22:33:50","date_gmt":"2025-10-19T01:33:50","guid":{"rendered":"https:\/\/gazetapernambucana.com\/?p=2050"},"modified":"2025-10-18T22:33:50","modified_gmt":"2025-10-19T01:33:50","slug":"deolane-se-diz-arrependida-de-apoiar-lula-tempo-de-mudancas","status":"publish","type":"post","link":"https:\/\/gazetapernambucana.com\/?p=2050","title":{"rendered":"Deolane se diz arrependida de apoiar Lula: Tempo de mudan\u00e7as"},"content":{"rendered":"<header class=\"title-block\">\n<h2>Influenciadora se manifestou por meio dos stories do Instagram<\/h2>\n<\/header>\n<div class=\"columns\">\n<section class=\"content\">\n<figure class=\"image-block\">\n<div class=\"\"><img loading=\"lazy\" decoding=\"async\" class=\"size-full wp-image-987584\" src=\"https:\/\/static.cdn.pleno.news\/2022\/08\/165791017262d1b39c8d10b_1657910172_3x2_md-e1659636527873.jpg\" sizes=\"auto, (max-width: 768px) 100vw, 768px\" srcset=\"https:\/\/static.cdn.pleno.news\/2022\/08\/165791017262d1b39c8d10b_1657910172_3x2_md-e1659636527873.jpg 768w, https:\/\/static.cdn.pleno.news\/2022\/08\/165791017262d1b39c8d10b_1657910172_3x2_md-e1659636527873-300x189.jpg 300w, https:\/\/static.cdn.pleno.news\/2022\/08\/165791017262d1b39c8d10b_1657910172_3x2_md-e1659636527873-239x150.jpg 239w, https:\/\/static.cdn.pleno.news\/2022\/08\/165791017262d1b39c8d10b_1657910172_3x2_md-e1659636527873-250x157.jpg 250w, https:\/\/static.cdn.pleno.news\/2022\/08\/165791017262d1b39c8d10b_1657910172_3x2_md-e1659636527873-24x15.jpg 24w\" alt=\"\" width=\"768\" height=\"483\" \/><\/div><figcaption>Deolane Bezerra e Lula\u00a0<span class=\"name\">Foto: Ricardo Stuckert \/ Divulga\u00e7\u00e3o<\/span><\/figcaption><\/figure>\n<p>Nesta sexta-feira (17), Deolane Bezerra revelou que est\u00e1 arrependida de ter votado em Lula (PT). Ela se manifestou por meio dos stories do Instagram.<\/p>\n<p>A influenciadora n\u00e3o citou o nome do petista. Ela disse apenas que est\u00e1 arrependida da bandeira que levantou.<\/p>\n<div id=\"r89-video-outstream-wrapper\">\n<div id=\"r89-video-outstream\" data-google-query-id=\"CMqq9aCOr5ADFWpQuAQdEKsDyg\"><\/div>\n<\/div>\n<p>Deolane cobrou ainda uma opera\u00e7\u00e3o a respeito do esc\u00e2ndalo do Instituto Nacional do Seguro Social (INSS).<\/p>\n<p>\u2013 Cad\u00ea o dinheiro dos nossos velhinhos? \u2013 questionou.<\/p>\n<p>O desabafo surgiu enquanto ela lamentava a pris\u00e3o do influenciador Buzeira.<\/p>\n<p>\u2013 Ano que vem \u00e9 elei\u00e7\u00e3o e espero que voc\u00eas vejam bem em quem v\u00e3o votar. Confesso que estou arrependida da bandeira que levantei, n\u00e3o tenho vergonha de falar, mas creio que ser\u00e1 tempo de mudan\u00e7as \u2013 escreveu.<\/p>\n<p>Confira:<\/p>\n<p><img loading=\"lazy\" decoding=\"async\" class=\"alignnone wp-image-1582483\" src=\"https:\/\/static.cdn.pleno.news\/2025\/10\/Screenshot-15-3.png\" sizes=\"auto, (max-width: 508px) 100vw, 508px\" srcset=\"https:\/\/static.cdn.pleno.news\/2025\/10\/Screenshot-15-3.png 508w, https:\/\/static.cdn.pleno.news\/2025\/10\/Screenshot-15-3-193x300.png 193w, https:\/\/static.cdn.pleno.news\/2025\/10\/Screenshot-15-3-97x150.png 97w, https:\/\/static.cdn.pleno.news\/2025\/10\/Screenshot-15-3-161x250.png 161w, https:\/\/static.cdn.pleno.news\/2025\/10\/Screenshot-15-3-10x15.png 10w\" alt=\"\" width=\"508\" height=\"788\" \/><\/p>\n<\/section>\n<\/div>\n","protected":false},"excerpt":{"rendered":"<p>Influenciadora se manifestou por meio dos stories do Instagram Deolane Bezerra e Lula\u00a0Foto: Ricardo Stuckert \/ Divulga\u00e7\u00e3o Nesta sexta-feira (17), Deolane Bezerra revelou que est\u00e1 arrependida de ter votado em Lula (PT). Ela se manifestou por meio dos stories do Instagram. A influenciadora n\u00e3o citou o nome do petista. Ela disse apenas que est\u00e1 arrependida [&hellip;]<\/p>\n","protected":false},"author":1,"featured_media":2051,"comment_status":"open","ping_status":"open","sticky":false,"template":"","format":"standard","meta":{"footnotes":"","jetpack_publicize_message":"","jetpack_publicize_feature_enabled":true,"jetpack_social_post_already_shared":true,"jetpack_social_options":{"image_generator_settings":{"template":"highway","default_image_id":0,"font":"","enabled":false},"version":2}},"categories":[37,1,65],"tags":[],"class_list":["post-2050","post","type-post","status-publish","format-standard","has-post-thumbnail","hentry","category-https-gazetapernambucana-com-page_id212","category-https-gazetapernambucana-com-page_id225","category-politica"],"yoast_head":"<!-- This site is optimized with the Yoast SEO plugin v24.5 - https:\/\/yoast.com\/wordpress\/plugins\/seo\/ -->\n<title>Deolane se diz arrependida de apoiar Lula: Tempo de mudan\u00e7as -<\/title>\n<meta name=\"robots\" content=\"index, follow, max-snippet:-1, max-image-preview:large, max-video-preview:-1\" \/>\n<link rel=\"canonical\" href=\"https:\/\/gazetapernambucana.com\/?p=2050\" \/>\n<meta property=\"og:locale\" content=\"pt_BR\" \/>\n<meta property=\"og:type\" content=\"article\" \/>\n<meta property=\"og:title\" content=\"Deolane se diz arrependida de apoiar Lula: Tempo de mudan\u00e7as -\" \/>\n<meta property=\"og:description\" content=\"Influenciadora se manifestou por meio dos stories do Instagram Deolane Bezerra e Lula\u00a0Foto: Ricardo Stuckert \/ Divulga\u00e7\u00e3o Nesta sexta-feira (17), Deolane Bezerra revelou que est\u00e1 arrependida de ter votado em Lula (PT). Ela se manifestou por meio dos stories do Instagram. A influenciadora n\u00e3o citou o nome do petista. Ela disse apenas que est\u00e1 arrependida [&hellip;]\" \/>\n<meta property=\"og:url\" content=\"https:\/\/gazetapernambucana.com\/?p=2050\" \/>\n<meta property=\"article:published_time\" content=\"2025-10-19T01:33:50+00:00\" \/>\n<meta property=\"og:image\" content=\"https:\/\/gazetapernambucana.com\/wp-content\/uploads\/2025\/10\/165791017262d1b39c8d10b_1657910172_3x2_md-e1659636527873.jpg\" \/>\n\t<meta property=\"og:image:width\" content=\"768\" \/>\n\t<meta property=\"og:image:height\" content=\"483\" \/>\n\t<meta property=\"og:image:type\" content=\"image\/jpeg\" \/>\n<meta name=\"author\" content=\"GP\" \/>\n<meta name=\"twitter:card\" content=\"summary_large_image\" \/>\n<meta name=\"twitter:label1\" content=\"Escrito por\" \/>\n\t<meta name=\"twitter:data1\" content=\"GP\" \/>\n\t<meta name=\"twitter:label2\" content=\"Est. tempo de leitura\" \/>\n\t<meta name=\"twitter:data2\" content=\"2 minutos\" \/>\n<script type=\"application\/ld+json\" class=\"yoast-schema-graph\">{\"@context\":\"https:\/\/schema.org\",\"@graph\":[{\"@type\":\"WebPage\",\"@id\":\"https:\/\/gazetapernambucana.com\/?p=2050\",\"url\":\"https:\/\/gazetapernambucana.com\/?p=2050\",\"name\":\"Deolane se diz arrependida de apoiar Lula: Tempo de mudan\u00e7as -\",\"isPartOf\":{\"@id\":\"https:\/\/gazetapernambucana.com\/#website\"},\"primaryImageOfPage\":{\"@id\":\"https:\/\/gazetapernambucana.com\/?p=2050#primaryimage\"},\"image\":{\"@id\":\"https:\/\/gazetapernambucana.com\/?p=2050#primaryimage\"},\"thumbnailUrl\":\"https:\/\/gazetapernambucana.com\/wp-content\/uploads\/2025\/10\/165791017262d1b39c8d10b_1657910172_3x2_md-e1659636527873.jpg\",\"datePublished\":\"2025-10-19T01:33:50+00:00\",\"author\":{\"@id\":\"https:\/\/gazetapernambucana.com\/#\/schema\/person\/188dc283325181ac2de4db1e9e987427\"},\"breadcrumb\":{\"@id\":\"https:\/\/gazetapernambucana.com\/?p=2050#breadcrumb\"},\"inLanguage\":\"pt-BR\",\"potentialAction\":[{\"@type\":\"ReadAction\",\"target\":[\"https:\/\/gazetapernambucana.com\/?p=2050\"]}]},{\"@type\":\"ImageObject\",\"inLanguage\":\"pt-BR\",\"@id\":\"https:\/\/gazetapernambucana.com\/?p=2050#primaryimage\",\"url\":\"https:\/\/gazetapernambucana.com\/wp-content\/uploads\/2025\/10\/165791017262d1b39c8d10b_1657910172_3x2_md-e1659636527873.jpg\",\"contentUrl\":\"https:\/\/gazetapernambucana.com\/wp-content\/uploads\/2025\/10\/165791017262d1b39c8d10b_1657910172_3x2_md-e1659636527873.jpg\",\"width\":768,\"height\":483},{\"@type\":\"BreadcrumbList\",\"@id\":\"https:\/\/gazetapernambucana.com\/?p=2050#breadcrumb\",\"itemListElement\":[{\"@type\":\"ListItem\",\"position\":1,\"name\":\"In\u00edcio\",\"item\":\"https:\/\/gazetapernambucana.com\/\"},{\"@type\":\"ListItem\",\"position\":2,\"name\":\"Deolane se diz arrependida de apoiar Lula: Tempo de mudan\u00e7as\"}]},{\"@type\":\"WebSite\",\"@id\":\"https:\/\/gazetapernambucana.com\/#website\",\"url\":\"https:\/\/gazetapernambucana.com\/\",\"name\":\"\",\"description\":\"\",\"potentialAction\":[{\"@type\":\"SearchAction\",\"target\":{\"@type\":\"EntryPoint\",\"urlTemplate\":\"https:\/\/gazetapernambucana.com\/?s={search_term_string}\"},\"query-input\":{\"@type\":\"PropertyValueSpecification\",\"valueRequired\":true,\"valueName\":\"search_term_string\"}}],\"inLanguage\":\"pt-BR\"},{\"@type\":\"Person\",\"@id\":\"https:\/\/gazetapernambucana.com\/#\/schema\/person\/188dc283325181ac2de4db1e9e987427\",\"name\":\"GP\",\"image\":{\"@type\":\"ImageObject\",\"inLanguage\":\"pt-BR\",\"@id\":\"https:\/\/gazetapernambucana.com\/#\/schema\/person\/image\/\",\"url\":\"https:\/\/secure.gravatar.com\/avatar\/9dad78ff9a2d8b5742d11779f8a3f53b052320c550b2e1907882353c067bb111?s=96&d=mm&r=g\",\"contentUrl\":\"https:\/\/secure.gravatar.com\/avatar\/9dad78ff9a2d8b5742d11779f8a3f53b052320c550b2e1907882353c067bb111?s=96&d=mm&r=g\",\"caption\":\"GP\"},\"sameAs\":[\"http:\/\/gazetapernambucana.com\"],\"url\":\"https:\/\/gazetapernambucana.com\/?author=1\"}]}<\/script>\n<!-- \/ Yoast SEO plugin. -->","yoast_head_json":{"title":"Deolane se diz arrependida de apoiar Lula: Tempo de mudan\u00e7as -","robots":{"index":"index","follow":"follow","max-snippet":"max-snippet:-1","max-image-preview":"max-image-preview:large","max-video-preview":"max-video-preview:-1"},"canonical":"https:\/\/gazetapernambucana.com\/?p=2050","og_locale":"pt_BR","og_type":"article","og_title":"Deolane se diz arrependida de apoiar Lula: Tempo de mudan\u00e7as -","og_description":"Influenciadora se manifestou por meio dos stories do Instagram Deolane Bezerra e Lula\u00a0Foto: Ricardo Stuckert \/ Divulga\u00e7\u00e3o Nesta sexta-feira (17), Deolane Bezerra revelou que est\u00e1 arrependida de ter votado em Lula (PT). Ela se manifestou por meio dos stories do Instagram. A influenciadora n\u00e3o citou o nome do petista. Ela disse apenas que est\u00e1 arrependida [&hellip;]","og_url":"https:\/\/gazetapernambucana.com\/?p=2050","article_published_time":"2025-10-19T01:33:50+00:00","og_image":[{"width":768,"height":483,"url":"https:\/\/gazetapernambucana.com\/wp-content\/uploads\/2025\/10\/165791017262d1b39c8d10b_1657910172_3x2_md-e1659636527873.jpg","type":"image\/jpeg"}],"author":"GP","twitter_card":"summary_large_image","twitter_misc":{"Escrito por":"GP","Est. tempo de leitura":"2 minutos"},"schema":{"@context":"https:\/\/schema.org","@graph":[{"@type":"WebPage","@id":"https:\/\/gazetapernambucana.com\/?p=2050","url":"https:\/\/gazetapernambucana.com\/?p=2050","name":"Deolane se diz arrependida de apoiar Lula: Tempo de mudan\u00e7as -","isPartOf":{"@id":"https:\/\/gazetapernambucana.com\/#website"},"primaryImageOfPage":{"@id":"https:\/\/gazetapernambucana.com\/?p=2050#primaryimage"},"image":{"@id":"https:\/\/gazetapernambucana.com\/?p=2050#primaryimage"},"thumbnailUrl":"https:\/\/gazetapernambucana.com\/wp-content\/uploads\/2025\/10\/165791017262d1b39c8d10b_1657910172_3x2_md-e1659636527873.jpg","datePublished":"2025-10-19T01:33:50+00:00","author":{"@id":"https:\/\/gazetapernambucana.com\/#\/schema\/person\/188dc283325181ac2de4db1e9e987427"},"breadcrumb":{"@id":"https:\/\/gazetapernambucana.com\/?p=2050#breadcrumb"},"inLanguage":"pt-BR","potentialAction":[{"@type":"ReadAction","target":["https:\/\/gazetapernambucana.com\/?p=2050"]}]},{"@type":"ImageObject","inLanguage":"pt-BR","@id":"https:\/\/gazetapernambucana.com\/?p=2050#primaryimage","url":"https:\/\/gazetapernambucana.com\/wp-content\/uploads\/2025\/10\/165791017262d1b39c8d10b_1657910172_3x2_md-e1659636527873.jpg","contentUrl":"https:\/\/gazetapernambucana.com\/wp-content\/uploads\/2025\/10\/165791017262d1b39c8d10b_1657910172_3x2_md-e1659636527873.jpg","width":768,"height":483},{"@type":"BreadcrumbList","@id":"https:\/\/gazetapernambucana.com\/?p=2050#breadcrumb","itemListElement":[{"@type":"ListItem","position":1,"name":"In\u00edcio","item":"https:\/\/gazetapernambucana.com\/"},{"@type":"ListItem","position":2,"name":"Deolane se diz arrependida de apoiar Lula: Tempo de mudan\u00e7as"}]},{"@type":"WebSite","@id":"https:\/\/gazetapernambucana.com\/#website","url":"https:\/\/gazetapernambucana.com\/","name":"","description":"","potentialAction":[{"@type":"SearchAction","target":{"@type":"EntryPoint","urlTemplate":"https:\/\/gazetapernambucana.com\/?s={search_term_string}"},"query-input":{"@type":"PropertyValueSpecification","valueRequired":true,"valueName":"search_term_string"}}],"inLanguage":"pt-BR"},{"@type":"Person","@id":"https:\/\/gazetapernambucana.com\/#\/schema\/person\/188dc283325181ac2de4db1e9e987427","name":"GP","image":{"@type":"ImageObject","inLanguage":"pt-BR","@id":"https:\/\/gazetapernambucana.com\/#\/schema\/person\/image\/","url":"https:\/\/secure.gravatar.com\/avatar\/9dad78ff9a2d8b5742d11779f8a3f53b052320c550b2e1907882353c067bb111?s=96&d=mm&r=g","contentUrl":"https:\/\/secure.gravatar.com\/avatar\/9dad78ff9a2d8b5742d11779f8a3f53b052320c550b2e1907882353c067bb111?s=96&d=mm&r=g","caption":"GP"},"sameAs":["http:\/\/gazetapernambucana.com"],"url":"https:\/\/gazetapernambucana.com\/?author=1"}]}},"jetpack_publicize_connections":[],"_links":{"self":[{"href":"https:\/\/gazetapernambucana.com\/index.php?rest_route=\/wp\/v2\/posts\/2050","targetHints":{"allow":["GET"]}}],"collection":[{"href":"https:\/\/gazetapernambucana.com\/index.php?rest_route=\/wp\/v2\/posts"}],"about":[{"href":"https:\/\/gazetapernambucana.com\/index.php?rest_route=\/wp\/v2\/types\/post"}],"author":[{"embeddable":true,"href":"https:\/\/gazetapernambucana.com\/index.php?rest_route=\/wp\/v2\/users\/1"}],"replies":[{"embeddable":true,"href":"https:\/\/gazetapernambucana.com\/index.php?rest_route=%2Fwp%2Fv2%2Fcomments&post=2050"}],"version-history":[{"count":1,"href":"https:\/\/gazetapernambucana.com\/index.php?rest_route=\/wp\/v2\/posts\/2050\/revisions"}],"predecessor-version":[{"id":2052,"href":"https:\/\/gazetapernambucana.com\/index.php?rest_route=\/wp\/v2\/posts\/2050\/revisions\/2052"}],"wp:featuredmedia":[{"embeddable":true,"href":"https:\/\/gazetapernambucana.com\/index.php?rest_route=\/wp\/v2\/media\/2051"}],"wp:attachment":[{"href":"https:\/\/gazetapernambucana.com\/index.php?rest_route=%2Fwp%2Fv2%2Fmedia&parent=2050"}],"wp:term":[{"taxonomy":"category","embeddable":true,"href":"https:\/\/gazetapernambucana.com\/index.php?rest_route=%2Fwp%2Fv2%2Fcategories&post=2050"},{"taxonomy":"post_tag","embeddable":true,"href":"https:\/\/gazetapernambucana.com\/index.php?rest_route=%2Fwp%2Fv2%2Ftags&post=2050"}],"curies":[{"name":"wp","href":"https:\/\/api.w.org\/{rel}","templated":true}]}}