{"id":2045,"date":"2025-10-18T16:48:15","date_gmt":"2025-10-18T19:48:15","guid":{"rendered":"https:\/\/gazetapernambucana.com\/?p=2045"},"modified":"2025-10-18T16:48:15","modified_gmt":"2025-10-18T19:48:15","slug":"video-enquanto-o-brasil-se-pergunta-quem-matou-odete-roitman-a-mulher-da-sandalia-partida-e-pregada-com-prego-morre-todo-dia-sem-audiencia-por-flavio-chaves","status":"publish","type":"post","link":"https:\/\/gazetapernambucana.com\/?p=2045","title":{"rendered":"V\u00eddeo: Enquanto o Brasil se pergunta quem matou Odete Roitman, a mulher da sand\u00e1lia partida e pregada com prego morre todo dia sem audi\u00eancia. Por Fl\u00e1vio Chaves"},"content":{"rendered":"<p data-start=\"228\" data-end=\"1112\"><strong>Por Fl\u00e1vio Chaves \u2013 Jornalista, poeta, escritor e membro da Academia Pernambucana de Letras. Foi Delegado Federal\/Minc\u00a0 \u2013\u00a0 <\/strong>Hoje, uma na\u00e7\u00e3o inteira se prepara. Desde cedo, nas ruas, nas redes, nas conversas de esquina e nos corredores dos escrit\u00f3rios, todos querem saber a mesma coisa: quem matou Odete Roitman? A televis\u00e3o reprisa, os jornais relembram, os programas de audit\u00f3rio especulam, e at\u00e9 quem n\u00e3o assistiu a novela se v\u00ea engolido por esse mist\u00e9rio que virou folclore cultural. Um pa\u00eds inteiro envolvido numa trama fict\u00edcia, se perguntando, com ares de suspense coletivo, quem foi o respons\u00e1vel pela morte da vil\u00e3. A m\u00eddia abra\u00e7a esse enigma com dedica\u00e7\u00e3o cir\u00fargica, repete cenas, entrevista atores, promove concursos, reacende o interesse pelo cap\u00edtulo final como se fosse a pr\u00f3pria verdade do Brasil sendo revelada numa sexta-feira \u00e0 noite. E tudo isso seria apenas um exerc\u00edcio nost\u00e1lgico de mem\u00f3ria televisiva, n\u00e3o fosse o contraste brutal com a realidade que se imp\u00f5e do lado de fora das telas.<\/p>\n<p data-start=\"1114\" data-end=\"1915\">Porque enquanto milh\u00f5es tentam adivinhar quem matou Odete Roitman, ningu\u00e9m parece interessado em descobrir quem matou a dignidade de uma mulher que, sem ter como comprar outra sand\u00e1lia, atravessa um prego no chinelo rasgado para continuar caminhando. Essa mulher, que aparece num v\u00eddeo como um retrato da mis\u00e9ria extrema, n\u00e3o precisa de novela para viver o drama. A roupa que veste \u00e9 doada, a comida que chega ao seu prato \u00e9 sobra de outras casas, e o futuro, esse j\u00e1 lhe foi negado antes mesmo de nascer. Ningu\u00e9m quer saber quem matou a possibilidade dela comprar um par novo de chinelos. Ningu\u00e9m investiga quem matou o acesso \u00e0 sa\u00fade que nunca lhe foi dado. Ningu\u00e9m aponta o dedo para os verdadeiros culpados por essa morte lenta, di\u00e1ria, sistem\u00e1tica \u2014 morte da dignidade, do sonho, da oportunidade.<\/p>\n<p data-start=\"1917\" data-end=\"2481\">Enquanto discutimos um crime de fic\u00e7\u00e3o, ignoramos os crimes reais cometidos todos os dias contra milhares de brasileiros invis\u00edveis. Quem matou a crian\u00e7a que morreu de fome na periferia? Quem matou o velho que morreu esperando por atendimento num hospital p\u00fablico? Quem matou o estudante que desistiu da escola porque o \u00f4nibus nunca passava? Quem matou a m\u00e3e que chorou porque o g\u00e1s acabou e n\u00e3o havia como cozinhar o pouco que tinha? Quem matou a chance dos que vivem no abandono estatal, nas promessas rasgadas, nos programas interrompidos, nas verbas desviadas?<\/p>\n<p data-start=\"2483\" data-end=\"2943\">Essa mulher da sand\u00e1lia pregada \u00e9 s\u00edmbolo de tudo isso. Ela \u00e9 personagem de uma novela que n\u00e3o tem audi\u00eancia, que n\u00e3o ganha reprises, que n\u00e3o emociona apresentadores de televis\u00e3o. Sua dor n\u00e3o vira pauta, n\u00e3o vira bord\u00e3o, n\u00e3o \u00e9 lembrada com charme ou nostalgia. Sua dor \u00e9 inc\u00f4moda, suja, dif\u00edcil de assistir. \u00c9 o tipo de hist\u00f3ria que preferem esconder com cortinas de entretenimento, com cortinas de fuma\u00e7a, com mist\u00e9rios que n\u00e3o amea\u00e7am a estrutura de ningu\u00e9m.<\/p>\n<p data-start=\"2945\" data-end=\"3235\">A pergunta que precisamos repetir, n\u00e3o em tom de brincadeira, mas como den\u00fancia, \u00e9: quem matou a chance dessa mulher viver com o m\u00ednimo? Quem matou o Estado quando ele escolheu cuidar de poucos e abandonar muitos? Quem matou a solidariedade que virou esmola? Quem matou o direito de sonhar?<\/p>\n<p data-start=\"3237\" data-end=\"3412\">A morte de Odete Roitman mobiliza o pa\u00eds, mas o assassinato da esperan\u00e7a continua sem manchete. Porque n\u00e3o \u00e9 interessante, porque n\u00e3o d\u00e1 ibope, porque n\u00e3o move patrocinadores.<\/p>\n<p data-start=\"3414\" data-end=\"3573\">Mas para quem ainda sente, para quem ainda se importa, para quem ainda carrega um peda\u00e7o de humanidade no peito, fica o inc\u00f4modo. Fica o apelo. Fica o chamado.<\/p>\n<p data-start=\"3575\" data-end=\"3720\">E voc\u00ea? Vai continuar perguntando quem matou a vil\u00e3 da novela ou vai come\u00e7ar a perguntar quem est\u00e1 matando, dia ap\u00f3s dia, o futuro do nosso povo?<\/p>\n<p data-start=\"3575\" data-end=\"3720\"><strong>Veja o V\u00eddeo:<\/strong><\/p>\n<div style=\"width: 640px;\" class=\"wp-video\"><video class=\"wp-video-shortcode\" id=\"video-2045-1\" width=\"640\" height=\"1138\" preload=\"metadata\" controls=\"controls\"><source type=\"video\/mp4\" src=\"http:\/\/gazetapernambucana.com\/wp-content\/uploads\/2025\/10\/SnapInsta.to_AQPqXXmr3P9jrHda3KGF7-nCGHNP7ly-psPD6JPKO3aJjWTYRHjKX08IlC-he1rkXb1IAHbjsItXKHdhs8I1cAD3mHMUdN35xbWcMoc.mp4?_=1\" \/><a href=\"http:\/\/gazetapernambucana.com\/wp-content\/uploads\/2025\/10\/SnapInsta.to_AQPqXXmr3P9jrHda3KGF7-nCGHNP7ly-psPD6JPKO3aJjWTYRHjKX08IlC-he1rkXb1IAHbjsItXKHdhs8I1cAD3mHMUdN35xbWcMoc.mp4\">http:\/\/gazetapernambucana.com\/wp-content\/uploads\/2025\/10\/SnapInsta.to_AQPqXXmr3P9jrHda3KGF7-nCGHNP7ly-psPD6JPKO3aJjWTYRHjKX08IlC-he1rkXb1IAHbjsItXKHdhs8I1cAD3mHMUdN35xbWcMoc.mp4<\/a><\/video><\/div>\n","protected":false},"excerpt":{"rendered":"<p>Por Fl\u00e1vio Chaves \u2013 Jornalista, poeta, escritor e membro da Academia Pernambucana de Letras. Foi Delegado Federal\/Minc\u00a0 \u2013\u00a0 Hoje, uma na\u00e7\u00e3o inteira se prepara. Desde cedo, nas ruas, nas redes, nas conversas de esquina e nos corredores dos escrit\u00f3rios, todos querem saber a mesma coisa: quem matou Odete Roitman? A televis\u00e3o reprisa, os jornais relembram, [&hellip;]<\/p>\n","protected":false},"author":1,"featured_media":2047,"comment_status":"open","ping_status":"open","sticky":false,"template":"","format":"standard","meta":{"footnotes":"","jetpack_publicize_message":"","jetpack_publicize_feature_enabled":true,"jetpack_social_post_already_shared":true,"jetpack_social_options":{"image_generator_settings":{"template":"highway","default_image_id":0,"font":"","enabled":false},"version":2}},"categories":[37,66,1,76],"tags":[],"class_list":["post-2045","post","type-post","status-publish","format-standard","has-post-thumbnail","hentry","category-https-gazetapernambucana-com-page_id212","category-cidades","category-https-gazetapernambucana-com-page_id225","category-opiniao"],"yoast_head":"<!-- This site is optimized with the Yoast SEO plugin v24.5 - https:\/\/yoast.com\/wordpress\/plugins\/seo\/ -->\n<title>V\u00eddeo: Enquanto o Brasil se pergunta quem matou Odete Roitman, a mulher da sand\u00e1lia partida e pregada com prego morre todo dia sem audi\u00eancia. Por Fl\u00e1vio Chaves -<\/title>\n<meta name=\"robots\" content=\"index, follow, max-snippet:-1, max-image-preview:large, max-video-preview:-1\" \/>\n<link rel=\"canonical\" href=\"https:\/\/gazetapernambucana.com\/?p=2045\" \/>\n<meta property=\"og:locale\" content=\"pt_BR\" \/>\n<meta property=\"og:type\" content=\"article\" \/>\n<meta property=\"og:title\" content=\"V\u00eddeo: Enquanto o Brasil se pergunta quem matou Odete Roitman, a mulher da sand\u00e1lia partida e pregada com prego morre todo dia sem audi\u00eancia. Por Fl\u00e1vio Chaves -\" \/>\n<meta property=\"og:description\" content=\"Por Fl\u00e1vio Chaves \u2013 Jornalista, poeta, escritor e membro da Academia Pernambucana de Letras. Foi Delegado Federal\/Minc\u00a0 \u2013\u00a0 Hoje, uma na\u00e7\u00e3o inteira se prepara. Desde cedo, nas ruas, nas redes, nas conversas de esquina e nos corredores dos escrit\u00f3rios, todos querem saber a mesma coisa: quem matou Odete Roitman? A televis\u00e3o reprisa, os jornais relembram, [&hellip;]\" \/>\n<meta property=\"og:url\" content=\"https:\/\/gazetapernambucana.com\/?p=2045\" \/>\n<meta property=\"article:published_time\" content=\"2025-10-18T19:48:15+00:00\" \/>\n<meta property=\"og:image\" content=\"https:\/\/gazetapernambucana.com\/wp-content\/uploads\/2025\/10\/download-74.jpeg\" \/>\n\t<meta property=\"og:image:width\" content=\"1080\" \/>\n\t<meta property=\"og:image:height\" content=\"1361\" \/>\n\t<meta property=\"og:image:type\" content=\"image\/jpeg\" \/>\n<meta name=\"author\" content=\"GP\" \/>\n<meta name=\"twitter:card\" content=\"summary_large_image\" \/>\n<meta name=\"twitter:label1\" content=\"Escrito por\" \/>\n\t<meta name=\"twitter:data1\" content=\"GP\" \/>\n\t<meta name=\"twitter:label2\" content=\"Est. tempo de leitura\" \/>\n\t<meta name=\"twitter:data2\" content=\"4 minutos\" \/>\n<script type=\"application\/ld+json\" class=\"yoast-schema-graph\">{\"@context\":\"https:\/\/schema.org\",\"@graph\":[{\"@type\":\"WebPage\",\"@id\":\"https:\/\/gazetapernambucana.com\/?p=2045\",\"url\":\"https:\/\/gazetapernambucana.com\/?p=2045\",\"name\":\"V\u00eddeo: Enquanto o Brasil se pergunta quem matou Odete Roitman, a mulher da sand\u00e1lia partida e pregada com prego morre todo dia sem audi\u00eancia. Por Fl\u00e1vio Chaves -\",\"isPartOf\":{\"@id\":\"https:\/\/gazetapernambucana.com\/#website\"},\"primaryImageOfPage\":{\"@id\":\"https:\/\/gazetapernambucana.com\/?p=2045#primaryimage\"},\"image\":{\"@id\":\"https:\/\/gazetapernambucana.com\/?p=2045#primaryimage\"},\"thumbnailUrl\":\"https:\/\/gazetapernambucana.com\/wp-content\/uploads\/2025\/10\/download-74.jpeg\",\"datePublished\":\"2025-10-18T19:48:15+00:00\",\"author\":{\"@id\":\"https:\/\/gazetapernambucana.com\/#\/schema\/person\/188dc283325181ac2de4db1e9e987427\"},\"breadcrumb\":{\"@id\":\"https:\/\/gazetapernambucana.com\/?p=2045#breadcrumb\"},\"inLanguage\":\"pt-BR\",\"potentialAction\":[{\"@type\":\"ReadAction\",\"target\":[\"https:\/\/gazetapernambucana.com\/?p=2045\"]}]},{\"@type\":\"ImageObject\",\"inLanguage\":\"pt-BR\",\"@id\":\"https:\/\/gazetapernambucana.com\/?p=2045#primaryimage\",\"url\":\"https:\/\/gazetapernambucana.com\/wp-content\/uploads\/2025\/10\/download-74.jpeg\",\"contentUrl\":\"https:\/\/gazetapernambucana.com\/wp-content\/uploads\/2025\/10\/download-74.jpeg\",\"width\":1080,\"height\":1361},{\"@type\":\"BreadcrumbList\",\"@id\":\"https:\/\/gazetapernambucana.com\/?p=2045#breadcrumb\",\"itemListElement\":[{\"@type\":\"ListItem\",\"position\":1,\"name\":\"In\u00edcio\",\"item\":\"https:\/\/gazetapernambucana.com\/\"},{\"@type\":\"ListItem\",\"position\":2,\"name\":\"V\u00eddeo: Enquanto o Brasil se pergunta quem matou Odete Roitman, a mulher da sand\u00e1lia partida e pregada com prego morre todo dia sem audi\u00eancia. Por Fl\u00e1vio Chaves\"}]},{\"@type\":\"WebSite\",\"@id\":\"https:\/\/gazetapernambucana.com\/#website\",\"url\":\"https:\/\/gazetapernambucana.com\/\",\"name\":\"\",\"description\":\"\",\"potentialAction\":[{\"@type\":\"SearchAction\",\"target\":{\"@type\":\"EntryPoint\",\"urlTemplate\":\"https:\/\/gazetapernambucana.com\/?s={search_term_string}\"},\"query-input\":{\"@type\":\"PropertyValueSpecification\",\"valueRequired\":true,\"valueName\":\"search_term_string\"}}],\"inLanguage\":\"pt-BR\"},{\"@type\":\"Person\",\"@id\":\"https:\/\/gazetapernambucana.com\/#\/schema\/person\/188dc283325181ac2de4db1e9e987427\",\"name\":\"GP\",\"image\":{\"@type\":\"ImageObject\",\"inLanguage\":\"pt-BR\",\"@id\":\"https:\/\/gazetapernambucana.com\/#\/schema\/person\/image\/\",\"url\":\"https:\/\/secure.gravatar.com\/avatar\/9dad78ff9a2d8b5742d11779f8a3f53b052320c550b2e1907882353c067bb111?s=96&d=mm&r=g\",\"contentUrl\":\"https:\/\/secure.gravatar.com\/avatar\/9dad78ff9a2d8b5742d11779f8a3f53b052320c550b2e1907882353c067bb111?s=96&d=mm&r=g\",\"caption\":\"GP\"},\"sameAs\":[\"http:\/\/gazetapernambucana.com\"],\"url\":\"https:\/\/gazetapernambucana.com\/?author=1\"}]}<\/script>\n<!-- \/ Yoast SEO plugin. -->","yoast_head_json":{"title":"V\u00eddeo: Enquanto o Brasil se pergunta quem matou Odete Roitman, a mulher da sand\u00e1lia partida e pregada com prego morre todo dia sem audi\u00eancia. Por Fl\u00e1vio Chaves -","robots":{"index":"index","follow":"follow","max-snippet":"max-snippet:-1","max-image-preview":"max-image-preview:large","max-video-preview":"max-video-preview:-1"},"canonical":"https:\/\/gazetapernambucana.com\/?p=2045","og_locale":"pt_BR","og_type":"article","og_title":"V\u00eddeo: Enquanto o Brasil se pergunta quem matou Odete Roitman, a mulher da sand\u00e1lia partida e pregada com prego morre todo dia sem audi\u00eancia. Por Fl\u00e1vio Chaves -","og_description":"Por Fl\u00e1vio Chaves \u2013 Jornalista, poeta, escritor e membro da Academia Pernambucana de Letras. Foi Delegado Federal\/Minc\u00a0 \u2013\u00a0 Hoje, uma na\u00e7\u00e3o inteira se prepara. Desde cedo, nas ruas, nas redes, nas conversas de esquina e nos corredores dos escrit\u00f3rios, todos querem saber a mesma coisa: quem matou Odete Roitman? A televis\u00e3o reprisa, os jornais relembram, [&hellip;]","og_url":"https:\/\/gazetapernambucana.com\/?p=2045","article_published_time":"2025-10-18T19:48:15+00:00","og_image":[{"width":1080,"height":1361,"url":"https:\/\/gazetapernambucana.com\/wp-content\/uploads\/2025\/10\/download-74.jpeg","type":"image\/jpeg"}],"author":"GP","twitter_card":"summary_large_image","twitter_misc":{"Escrito por":"GP","Est. tempo de leitura":"4 minutos"},"schema":{"@context":"https:\/\/schema.org","@graph":[{"@type":"WebPage","@id":"https:\/\/gazetapernambucana.com\/?p=2045","url":"https:\/\/gazetapernambucana.com\/?p=2045","name":"V\u00eddeo: Enquanto o Brasil se pergunta quem matou Odete Roitman, a mulher da sand\u00e1lia partida e pregada com prego morre todo dia sem audi\u00eancia. Por Fl\u00e1vio Chaves -","isPartOf":{"@id":"https:\/\/gazetapernambucana.com\/#website"},"primaryImageOfPage":{"@id":"https:\/\/gazetapernambucana.com\/?p=2045#primaryimage"},"image":{"@id":"https:\/\/gazetapernambucana.com\/?p=2045#primaryimage"},"thumbnailUrl":"https:\/\/gazetapernambucana.com\/wp-content\/uploads\/2025\/10\/download-74.jpeg","datePublished":"2025-10-18T19:48:15+00:00","author":{"@id":"https:\/\/gazetapernambucana.com\/#\/schema\/person\/188dc283325181ac2de4db1e9e987427"},"breadcrumb":{"@id":"https:\/\/gazetapernambucana.com\/?p=2045#breadcrumb"},"inLanguage":"pt-BR","potentialAction":[{"@type":"ReadAction","target":["https:\/\/gazetapernambucana.com\/?p=2045"]}]},{"@type":"ImageObject","inLanguage":"pt-BR","@id":"https:\/\/gazetapernambucana.com\/?p=2045#primaryimage","url":"https:\/\/gazetapernambucana.com\/wp-content\/uploads\/2025\/10\/download-74.jpeg","contentUrl":"https:\/\/gazetapernambucana.com\/wp-content\/uploads\/2025\/10\/download-74.jpeg","width":1080,"height":1361},{"@type":"BreadcrumbList","@id":"https:\/\/gazetapernambucana.com\/?p=2045#breadcrumb","itemListElement":[{"@type":"ListItem","position":1,"name":"In\u00edcio","item":"https:\/\/gazetapernambucana.com\/"},{"@type":"ListItem","position":2,"name":"V\u00eddeo: Enquanto o Brasil se pergunta quem matou Odete Roitman, a mulher da sand\u00e1lia partida e pregada com prego morre todo dia sem audi\u00eancia. Por Fl\u00e1vio Chaves"}]},{"@type":"WebSite","@id":"https:\/\/gazetapernambucana.com\/#website","url":"https:\/\/gazetapernambucana.com\/","name":"","description":"","potentialAction":[{"@type":"SearchAction","target":{"@type":"EntryPoint","urlTemplate":"https:\/\/gazetapernambucana.com\/?s={search_term_string}"},"query-input":{"@type":"PropertyValueSpecification","valueRequired":true,"valueName":"search_term_string"}}],"inLanguage":"pt-BR"},{"@type":"Person","@id":"https:\/\/gazetapernambucana.com\/#\/schema\/person\/188dc283325181ac2de4db1e9e987427","name":"GP","image":{"@type":"ImageObject","inLanguage":"pt-BR","@id":"https:\/\/gazetapernambucana.com\/#\/schema\/person\/image\/","url":"https:\/\/secure.gravatar.com\/avatar\/9dad78ff9a2d8b5742d11779f8a3f53b052320c550b2e1907882353c067bb111?s=96&d=mm&r=g","contentUrl":"https:\/\/secure.gravatar.com\/avatar\/9dad78ff9a2d8b5742d11779f8a3f53b052320c550b2e1907882353c067bb111?s=96&d=mm&r=g","caption":"GP"},"sameAs":["http:\/\/gazetapernambucana.com"],"url":"https:\/\/gazetapernambucana.com\/?author=1"}]}},"jetpack_publicize_connections":[],"_links":{"self":[{"href":"https:\/\/gazetapernambucana.com\/index.php?rest_route=\/wp\/v2\/posts\/2045","targetHints":{"allow":["GET"]}}],"collection":[{"href":"https:\/\/gazetapernambucana.com\/index.php?rest_route=\/wp\/v2\/posts"}],"about":[{"href":"https:\/\/gazetapernambucana.com\/index.php?rest_route=\/wp\/v2\/types\/post"}],"author":[{"embeddable":true,"href":"https:\/\/gazetapernambucana.com\/index.php?rest_route=\/wp\/v2\/users\/1"}],"replies":[{"embeddable":true,"href":"https:\/\/gazetapernambucana.com\/index.php?rest_route=%2Fwp%2Fv2%2Fcomments&post=2045"}],"version-history":[{"count":1,"href":"https:\/\/gazetapernambucana.com\/index.php?rest_route=\/wp\/v2\/posts\/2045\/revisions"}],"predecessor-version":[{"id":2048,"href":"https:\/\/gazetapernambucana.com\/index.php?rest_route=\/wp\/v2\/posts\/2045\/revisions\/2048"}],"wp:featuredmedia":[{"embeddable":true,"href":"https:\/\/gazetapernambucana.com\/index.php?rest_route=\/wp\/v2\/media\/2047"}],"wp:attachment":[{"href":"https:\/\/gazetapernambucana.com\/index.php?rest_route=%2Fwp%2Fv2%2Fmedia&parent=2045"}],"wp:term":[{"taxonomy":"category","embeddable":true,"href":"https:\/\/gazetapernambucana.com\/index.php?rest_route=%2Fwp%2Fv2%2Fcategories&post=2045"},{"taxonomy":"post_tag","embeddable":true,"href":"https:\/\/gazetapernambucana.com\/index.php?rest_route=%2Fwp%2Fv2%2Ftags&post=2045"}],"curies":[{"name":"wp","href":"https:\/\/api.w.org\/{rel}","templated":true}]}}