{"id":2042,"date":"2025-10-18T00:05:18","date_gmt":"2025-10-18T03:05:18","guid":{"rendered":"https:\/\/gazetapernambucana.com\/?p=2042"},"modified":"2025-10-18T00:05:18","modified_gmt":"2025-10-18T03:05:18","slug":"o-afeto-que-veio-como-vento-manso-e-acendeu-luzes-dentro-de-mim-por-flavio-chaves","status":"publish","type":"post","link":"https:\/\/gazetapernambucana.com\/?p=2042","title":{"rendered":"O afeto que veio como vento manso e acendeu luzes dentro de mim. Por Fl\u00e1vio Chaves"},"content":{"rendered":"<p><strong>Por Fl\u00e1vio Chaves \u2013 Jornalista, poeta, escritor e membro da Academia Pernambucana de Letras. Foi Delegado Federal\/Minc\u00a0 \u2013<\/strong>\u00a0H\u00e1 dias em que o tempo se dobra em ternura e o mundo inteiro parece nos olhar com olhos de abra\u00e7o. Meu anivers\u00e1rio foi um desses dias. Um daqueles em que a vida, como um velho rio sereno, vai recolhendo margens de lembran\u00e7a, folhas de inf\u00e2ncia, vozes queridas que voltam como brisa, palavras que n\u00e3o apenas chegam, mas pousam.<br class=\"html-br\" \/><br class=\"html-br\" \/>E o que recebi, n\u00e3o foram apenas mensagens. Foram m\u00e3os estendidas em forma de frase, foram afagos tecidos em letras, foram sil\u00eancios cheios de presen\u00e7a. Cada palavra que veio at\u00e9 mim, nesse dia que o tempo me entregou como presente, foi como se algu\u00e9m tivesse acendido uma lamparina dentro do peito, dessas que n\u00e3o se apagam com o vento, porque s\u00e3o feitas de ess\u00eancia, de mem\u00f3ria, de um amor sem nome mas com ra\u00edzes profundas.<br class=\"html-br\" \/><br class=\"html-br\" \/>H\u00e1 algo de profundamente humano nesse gesto de lembrar, de escrever, de celebrar a vida do outro com palavras. Quem escreve no anivers\u00e1rio de algu\u00e9m n\u00e3o escreve para marcar presen\u00e7a, escreve para marcar eternidade. E foi isso que senti: uma eternidade repartida em gestos, em saudades, em sorrisos invis\u00edveis que viajaram dist\u00e2ncias desconhecidas para me alcan\u00e7ar.<br class=\"html-br\" \/><br class=\"html-br\" \/>Senti como se as mensagens tivessem sa\u00eddo de todos os cantos do tempo. Vieram de lugares que n\u00e3o cabem no mapa: da inf\u00e2ncia distante, das estradas divididas, dos encontros breves, das amizades cultivadas em sil\u00eancio, da admira\u00e7\u00e3o que cresce sem alarde. Vieram como folhas levadas por um vento manso, como vozes antigas que o cora\u00e7\u00e3o ainda reconhece mesmo quando o rosto j\u00e1 se perdeu na mem\u00f3ria.<br class=\"html-br\" \/><br class=\"html-br\" \/>E \u00e9 diante disso que me calo por dentro e s\u00f3 posso agradecer com a inteireza de quem sabe que recebeu muito mais do que poderia esperar. A vida tem dessas delicadezas que n\u00e3o se compram nem se pedem, apenas se acolhem, com olhos marejados e alma reverente.<br class=\"html-br\" \/><br class=\"html-br\" \/>A todos que se fizeram presen\u00e7a, mesmo sem estarem perto, a todos que cruzaram o meu dia com palavras que pareciam ter sa\u00eddo do pr\u00f3prio cora\u00e7\u00e3o do tempo, saibam que recebi cada gesto como quem acolhe um sopro divino no meio da rotina, como quem abre a janela e encontra, de repente, um campo inteiro de girass\u00f3is acenando para dentro.<br class=\"html-br\" \/><br class=\"html-br\" \/>As mensagens que chegaram a mim n\u00e3o foram meros registros de lembran\u00e7a, mas sementes de ternura lan\u00e7adas sobre a terra f\u00e9rtil da minha emo\u00e7\u00e3o. E cada uma brotou. Brotou como flor de outono que resiste ao frio. Como gesto antigo que ainda guarda perfume. Como mem\u00f3ria que n\u00e3o se apaga mesmo sob a pressa do mundo.<br class=\"html-br\" \/><br class=\"html-br\" \/>Voc\u00eas me deram muito mais que felicita\u00e7\u00f5es. Deram-me a prova delicada de que o v\u00ednculo humano, quando cultivado com verdade, atravessa o tempo, as dist\u00e2ncias, os sil\u00eancios. Deram-me a beleza de saber que as palavras podem ser ponte, casa, abra\u00e7o. Que h\u00e1 uma forma de amor que n\u00e3o se v\u00ea, mas que se sente pulsando em cada linha escrita com inten\u00e7\u00e3o e afeto.<br class=\"html-br\" \/><br class=\"html-br\" \/>E assim sigo, com o peito habitado por cada uma dessas presen\u00e7as que chegaram em forma de palavra, lembran\u00e7a ou gesto. Sigo com voc\u00eas guardados no territ\u00f3rio secreto da gratid\u00e3o que n\u00e3o precisa de nome, apenas de sentimento. E que esse sentimento nos acompanhe, nos dias claros e nos dias nublados, como uma chama mansa que nunca se apaga.<\/p>\n","protected":false},"excerpt":{"rendered":"<p>Por Fl\u00e1vio Chaves \u2013 Jornalista, poeta, escritor e membro da Academia Pernambucana de Letras. Foi Delegado Federal\/Minc\u00a0 \u2013\u00a0H\u00e1 dias em que o tempo se dobra em ternura e o mundo inteiro parece nos olhar com olhos de abra\u00e7o. Meu anivers\u00e1rio foi um desses dias. Um daqueles em que a vida, como um velho rio sereno, [&hellip;]<\/p>\n","protected":false},"author":1,"featured_media":2043,"comment_status":"open","ping_status":"open","sticky":false,"template":"","format":"standard","meta":{"footnotes":"","jetpack_publicize_message":"","jetpack_publicize_feature_enabled":true,"jetpack_social_post_already_shared":true,"jetpack_social_options":{"image_generator_settings":{"template":"highway","default_image_id":0,"font":"","enabled":false},"version":2}},"categories":[1,35,46],"tags":[],"class_list":["post-2042","post","type-post","status-publish","format-standard","has-post-thumbnail","hentry","category-https-gazetapernambucana-com-page_id225","category-https-gazetapernambucana-com-page_id218","category-literatura"],"yoast_head":"<!-- This site is optimized with the Yoast SEO plugin v24.5 - https:\/\/yoast.com\/wordpress\/plugins\/seo\/ -->\n<title>O afeto que veio como vento manso e acendeu luzes dentro de mim. Por Fl\u00e1vio Chaves -<\/title>\n<meta name=\"robots\" content=\"index, follow, max-snippet:-1, max-image-preview:large, max-video-preview:-1\" \/>\n<link rel=\"canonical\" href=\"https:\/\/gazetapernambucana.com\/?p=2042\" \/>\n<meta property=\"og:locale\" content=\"pt_BR\" \/>\n<meta property=\"og:type\" content=\"article\" \/>\n<meta property=\"og:title\" content=\"O afeto que veio como vento manso e acendeu luzes dentro de mim. Por Fl\u00e1vio Chaves -\" \/>\n<meta property=\"og:description\" content=\"Por Fl\u00e1vio Chaves \u2013 Jornalista, poeta, escritor e membro da Academia Pernambucana de Letras. Foi Delegado Federal\/Minc\u00a0 \u2013\u00a0H\u00e1 dias em que o tempo se dobra em ternura e o mundo inteiro parece nos olhar com olhos de abra\u00e7o. Meu anivers\u00e1rio foi um desses dias. Um daqueles em que a vida, como um velho rio sereno, [&hellip;]\" \/>\n<meta property=\"og:url\" content=\"https:\/\/gazetapernambucana.com\/?p=2042\" \/>\n<meta property=\"article:published_time\" content=\"2025-10-18T03:05:18+00:00\" \/>\n<meta property=\"og:image\" content=\"https:\/\/gazetapernambucana.com\/wp-content\/uploads\/2025\/10\/download-75.jpeg\" \/>\n\t<meta property=\"og:image:width\" content=\"168\" \/>\n\t<meta property=\"og:image:height\" content=\"224\" \/>\n\t<meta property=\"og:image:type\" content=\"image\/jpeg\" \/>\n<meta name=\"author\" content=\"GP\" \/>\n<meta name=\"twitter:card\" content=\"summary_large_image\" \/>\n<meta name=\"twitter:label1\" content=\"Escrito por\" \/>\n\t<meta name=\"twitter:data1\" content=\"GP\" \/>\n\t<meta name=\"twitter:label2\" content=\"Est. tempo de leitura\" \/>\n\t<meta name=\"twitter:data2\" content=\"4 minutos\" \/>\n<script type=\"application\/ld+json\" class=\"yoast-schema-graph\">{\"@context\":\"https:\/\/schema.org\",\"@graph\":[{\"@type\":\"WebPage\",\"@id\":\"https:\/\/gazetapernambucana.com\/?p=2042\",\"url\":\"https:\/\/gazetapernambucana.com\/?p=2042\",\"name\":\"O afeto que veio como vento manso e acendeu luzes dentro de mim. Por Fl\u00e1vio Chaves -\",\"isPartOf\":{\"@id\":\"https:\/\/gazetapernambucana.com\/#website\"},\"primaryImageOfPage\":{\"@id\":\"https:\/\/gazetapernambucana.com\/?p=2042#primaryimage\"},\"image\":{\"@id\":\"https:\/\/gazetapernambucana.com\/?p=2042#primaryimage\"},\"thumbnailUrl\":\"https:\/\/gazetapernambucana.com\/wp-content\/uploads\/2025\/10\/download-75.jpeg\",\"datePublished\":\"2025-10-18T03:05:18+00:00\",\"author\":{\"@id\":\"https:\/\/gazetapernambucana.com\/#\/schema\/person\/188dc283325181ac2de4db1e9e987427\"},\"breadcrumb\":{\"@id\":\"https:\/\/gazetapernambucana.com\/?p=2042#breadcrumb\"},\"inLanguage\":\"pt-BR\",\"potentialAction\":[{\"@type\":\"ReadAction\",\"target\":[\"https:\/\/gazetapernambucana.com\/?p=2042\"]}]},{\"@type\":\"ImageObject\",\"inLanguage\":\"pt-BR\",\"@id\":\"https:\/\/gazetapernambucana.com\/?p=2042#primaryimage\",\"url\":\"https:\/\/gazetapernambucana.com\/wp-content\/uploads\/2025\/10\/download-75.jpeg\",\"contentUrl\":\"https:\/\/gazetapernambucana.com\/wp-content\/uploads\/2025\/10\/download-75.jpeg\",\"width\":168,\"height\":224},{\"@type\":\"BreadcrumbList\",\"@id\":\"https:\/\/gazetapernambucana.com\/?p=2042#breadcrumb\",\"itemListElement\":[{\"@type\":\"ListItem\",\"position\":1,\"name\":\"In\u00edcio\",\"item\":\"https:\/\/gazetapernambucana.com\/\"},{\"@type\":\"ListItem\",\"position\":2,\"name\":\"O afeto que veio como vento manso e acendeu luzes dentro de mim. Por Fl\u00e1vio Chaves\"}]},{\"@type\":\"WebSite\",\"@id\":\"https:\/\/gazetapernambucana.com\/#website\",\"url\":\"https:\/\/gazetapernambucana.com\/\",\"name\":\"\",\"description\":\"\",\"potentialAction\":[{\"@type\":\"SearchAction\",\"target\":{\"@type\":\"EntryPoint\",\"urlTemplate\":\"https:\/\/gazetapernambucana.com\/?s={search_term_string}\"},\"query-input\":{\"@type\":\"PropertyValueSpecification\",\"valueRequired\":true,\"valueName\":\"search_term_string\"}}],\"inLanguage\":\"pt-BR\"},{\"@type\":\"Person\",\"@id\":\"https:\/\/gazetapernambucana.com\/#\/schema\/person\/188dc283325181ac2de4db1e9e987427\",\"name\":\"GP\",\"image\":{\"@type\":\"ImageObject\",\"inLanguage\":\"pt-BR\",\"@id\":\"https:\/\/gazetapernambucana.com\/#\/schema\/person\/image\/\",\"url\":\"https:\/\/secure.gravatar.com\/avatar\/9dad78ff9a2d8b5742d11779f8a3f53b052320c550b2e1907882353c067bb111?s=96&d=mm&r=g\",\"contentUrl\":\"https:\/\/secure.gravatar.com\/avatar\/9dad78ff9a2d8b5742d11779f8a3f53b052320c550b2e1907882353c067bb111?s=96&d=mm&r=g\",\"caption\":\"GP\"},\"sameAs\":[\"http:\/\/gazetapernambucana.com\"],\"url\":\"https:\/\/gazetapernambucana.com\/?author=1\"}]}<\/script>\n<!-- \/ Yoast SEO plugin. -->","yoast_head_json":{"title":"O afeto que veio como vento manso e acendeu luzes dentro de mim. Por Fl\u00e1vio Chaves -","robots":{"index":"index","follow":"follow","max-snippet":"max-snippet:-1","max-image-preview":"max-image-preview:large","max-video-preview":"max-video-preview:-1"},"canonical":"https:\/\/gazetapernambucana.com\/?p=2042","og_locale":"pt_BR","og_type":"article","og_title":"O afeto que veio como vento manso e acendeu luzes dentro de mim. Por Fl\u00e1vio Chaves -","og_description":"Por Fl\u00e1vio Chaves \u2013 Jornalista, poeta, escritor e membro da Academia Pernambucana de Letras. Foi Delegado Federal\/Minc\u00a0 \u2013\u00a0H\u00e1 dias em que o tempo se dobra em ternura e o mundo inteiro parece nos olhar com olhos de abra\u00e7o. Meu anivers\u00e1rio foi um desses dias. Um daqueles em que a vida, como um velho rio sereno, [&hellip;]","og_url":"https:\/\/gazetapernambucana.com\/?p=2042","article_published_time":"2025-10-18T03:05:18+00:00","og_image":[{"width":168,"height":224,"url":"https:\/\/gazetapernambucana.com\/wp-content\/uploads\/2025\/10\/download-75.jpeg","type":"image\/jpeg"}],"author":"GP","twitter_card":"summary_large_image","twitter_misc":{"Escrito por":"GP","Est. tempo de leitura":"4 minutos"},"schema":{"@context":"https:\/\/schema.org","@graph":[{"@type":"WebPage","@id":"https:\/\/gazetapernambucana.com\/?p=2042","url":"https:\/\/gazetapernambucana.com\/?p=2042","name":"O afeto que veio como vento manso e acendeu luzes dentro de mim. Por Fl\u00e1vio Chaves -","isPartOf":{"@id":"https:\/\/gazetapernambucana.com\/#website"},"primaryImageOfPage":{"@id":"https:\/\/gazetapernambucana.com\/?p=2042#primaryimage"},"image":{"@id":"https:\/\/gazetapernambucana.com\/?p=2042#primaryimage"},"thumbnailUrl":"https:\/\/gazetapernambucana.com\/wp-content\/uploads\/2025\/10\/download-75.jpeg","datePublished":"2025-10-18T03:05:18+00:00","author":{"@id":"https:\/\/gazetapernambucana.com\/#\/schema\/person\/188dc283325181ac2de4db1e9e987427"},"breadcrumb":{"@id":"https:\/\/gazetapernambucana.com\/?p=2042#breadcrumb"},"inLanguage":"pt-BR","potentialAction":[{"@type":"ReadAction","target":["https:\/\/gazetapernambucana.com\/?p=2042"]}]},{"@type":"ImageObject","inLanguage":"pt-BR","@id":"https:\/\/gazetapernambucana.com\/?p=2042#primaryimage","url":"https:\/\/gazetapernambucana.com\/wp-content\/uploads\/2025\/10\/download-75.jpeg","contentUrl":"https:\/\/gazetapernambucana.com\/wp-content\/uploads\/2025\/10\/download-75.jpeg","width":168,"height":224},{"@type":"BreadcrumbList","@id":"https:\/\/gazetapernambucana.com\/?p=2042#breadcrumb","itemListElement":[{"@type":"ListItem","position":1,"name":"In\u00edcio","item":"https:\/\/gazetapernambucana.com\/"},{"@type":"ListItem","position":2,"name":"O afeto que veio como vento manso e acendeu luzes dentro de mim. Por Fl\u00e1vio Chaves"}]},{"@type":"WebSite","@id":"https:\/\/gazetapernambucana.com\/#website","url":"https:\/\/gazetapernambucana.com\/","name":"","description":"","potentialAction":[{"@type":"SearchAction","target":{"@type":"EntryPoint","urlTemplate":"https:\/\/gazetapernambucana.com\/?s={search_term_string}"},"query-input":{"@type":"PropertyValueSpecification","valueRequired":true,"valueName":"search_term_string"}}],"inLanguage":"pt-BR"},{"@type":"Person","@id":"https:\/\/gazetapernambucana.com\/#\/schema\/person\/188dc283325181ac2de4db1e9e987427","name":"GP","image":{"@type":"ImageObject","inLanguage":"pt-BR","@id":"https:\/\/gazetapernambucana.com\/#\/schema\/person\/image\/","url":"https:\/\/secure.gravatar.com\/avatar\/9dad78ff9a2d8b5742d11779f8a3f53b052320c550b2e1907882353c067bb111?s=96&d=mm&r=g","contentUrl":"https:\/\/secure.gravatar.com\/avatar\/9dad78ff9a2d8b5742d11779f8a3f53b052320c550b2e1907882353c067bb111?s=96&d=mm&r=g","caption":"GP"},"sameAs":["http:\/\/gazetapernambucana.com"],"url":"https:\/\/gazetapernambucana.com\/?author=1"}]}},"jetpack_publicize_connections":[],"_links":{"self":[{"href":"https:\/\/gazetapernambucana.com\/index.php?rest_route=\/wp\/v2\/posts\/2042","targetHints":{"allow":["GET"]}}],"collection":[{"href":"https:\/\/gazetapernambucana.com\/index.php?rest_route=\/wp\/v2\/posts"}],"about":[{"href":"https:\/\/gazetapernambucana.com\/index.php?rest_route=\/wp\/v2\/types\/post"}],"author":[{"embeddable":true,"href":"https:\/\/gazetapernambucana.com\/index.php?rest_route=\/wp\/v2\/users\/1"}],"replies":[{"embeddable":true,"href":"https:\/\/gazetapernambucana.com\/index.php?rest_route=%2Fwp%2Fv2%2Fcomments&post=2042"}],"version-history":[{"count":1,"href":"https:\/\/gazetapernambucana.com\/index.php?rest_route=\/wp\/v2\/posts\/2042\/revisions"}],"predecessor-version":[{"id":2044,"href":"https:\/\/gazetapernambucana.com\/index.php?rest_route=\/wp\/v2\/posts\/2042\/revisions\/2044"}],"wp:featuredmedia":[{"embeddable":true,"href":"https:\/\/gazetapernambucana.com\/index.php?rest_route=\/wp\/v2\/media\/2043"}],"wp:attachment":[{"href":"https:\/\/gazetapernambucana.com\/index.php?rest_route=%2Fwp%2Fv2%2Fmedia&parent=2042"}],"wp:term":[{"taxonomy":"category","embeddable":true,"href":"https:\/\/gazetapernambucana.com\/index.php?rest_route=%2Fwp%2Fv2%2Fcategories&post=2042"},{"taxonomy":"post_tag","embeddable":true,"href":"https:\/\/gazetapernambucana.com\/index.php?rest_route=%2Fwp%2Fv2%2Ftags&post=2042"}],"curies":[{"name":"wp","href":"https:\/\/api.w.org\/{rel}","templated":true}]}}