{"id":2040,"date":"2025-10-17T20:02:17","date_gmt":"2025-10-17T23:02:17","guid":{"rendered":"https:\/\/gazetapernambucana.com\/?p=2040"},"modified":"2025-10-17T20:02:17","modified_gmt":"2025-10-17T23:02:17","slug":"noticias-de-portugal-por-jose-paulo-cavalcanti-filho","status":"publish","type":"post","link":"https:\/\/gazetapernambucana.com\/?p=2040","title":{"rendered":"Not\u00edcias de Portugal. Por Jos\u00e9 Paulo Cavalcanti Filho"},"content":{"rendered":"<p><strong><img loading=\"lazy\" decoding=\"async\" class=\"alignnone size-full wp-image-174539\" src=\"https:\/\/flaviochaves.com.br\/wp-content\/uploads\/2025\/08\/11f77e6d8a8e346bc312bf2719fc2e63-2-300x147-1.webp\" alt=\"\" width=\"300\" height=\"147\" \/>\u00a0 <em>Por Jos\u00e9 Paulo Cavalcanti Filho \u00a0\u2013 \u00a0Escritor, poeta, membro das Academias Pernambucana de Letras, Brasileira de Letras e Portuguesa de Letras. \u00c9\u00a0 um dos maiores conhecedores da obra de Fernando Pessoa. Integrou a Comiss\u00e3o da Verdade\u00a0 \u2013 <\/em>\u00a0ACESSIBILIDADE.<\/strong>\u00a0O governo portugu\u00eas anunciou grande programa para adaptar im\u00f3veis, seus, \u00e0s necessidades dos que t\u00eam car\u00eancias espec\u00edficas. A findar em dezembro deste ano. O jornal Publico deu, na primeira p\u00e1gina, o resultado de pesquisa que fez, at\u00e9 hoje, sobre a efici\u00eancia estatal:<\/p>\n<p>\u2013 Em quatro anos, obras de acessibilidade chegam a dez de 1500 edif\u00edcios p\u00fablicos.<\/p>\n<p>Quase nada, ent\u00e3o. A cara de nosso pa\u00eds.<\/p>\n<p><strong>APOSTAS.<\/strong>\u00a0Manchete do Publico:<\/p>\n<p>\u2013 Nunca se apostou nem se perdeu tanto dinheiro no jogo, em Portugal.<\/p>\n<p>N\u00e3o \u00e9 s\u00f3 no Brasil, pois. Apenas no ano passado foram torrados na jogatina, por aqui, 24 bilh\u00f5es de euros. Quase 140 bi em reais.<\/p>\n<p><strong>BALEIAS.<\/strong>\u00a0Um grupo de Orcas atacou veleiro que naufragou, ao largo da Costa de Caparica, em Almada. E outra embarca\u00e7\u00e3o quase segue o mesmo destino, na Baia de Cascais. O portal \u201c<a href=\"http:\/\/orcas.pt\/\">orcas.pt<\/a>\u201d j\u00e1 registrou mais de 70 ataques, s\u00f3 este ano. Uma esp\u00e9cie de vingan\u00e7a, parece, pela morte de companheiras em outros mares.<\/p>\n<p><strong>CABE\u00c7AS<\/strong>.\u00a0O portugu\u00eas Jo\u00e3o Paulo Silva Oliveira, 56 anos, divulgou nas redes sociais v\u00eddeo em que diz:<\/p>\n<p>? \u201cCada portugu\u00eas que trouxer a cabe\u00e7a de um brasileiro, desses zukes que vivem aqui em Portugal, estejam legais ou ilegais, cada cabe\u00e7a que trouxer eu pago 500 euros\u201d.<\/p>\n<p>A rea\u00e7\u00e3o foi r\u00e1pida. Por press\u00e3o dos clientes, boa parte deles brasileiros, foi demitido da padaria em que trabalhava. E j\u00e1 est\u00e1 preso pelo Departamento de investiga\u00e7\u00e3o e A\u00e7\u00e3o Penal (DIAP) de Santa Maria de Feira, Aveiro. Apesar de tudo sugere-se, aos brasileiros que estiverem por aqui, ficar longe dele.<\/p>\n<p><strong>CELULARES, TELAS, PAPEL E CANETA.\u00a0<\/strong>O ministro da Educa\u00e7\u00e3o esclarece que \u201ca proibi\u00e7\u00e3o do uso do telem\u00f3vel \u00e9 para alunos do p\u00fablico e do privado\u201d. O que parece caracterizar uma tend\u00eancia, em todos os pa\u00edses. Apesar disso, por aqui, segue um debate intenso. Primeira p\u00e1gina do Publico diz:<\/p>\n<p>\u2013 Diretores reagem a san\u00e7\u00f5es: proibir n\u00e3o rima com educar.<\/p>\n<p>Dentro, em longa mat\u00e9ria, \u201cDiretores preferem sensibiliza\u00e7\u00e3o\u201d. Indicando, ainda, que \u201cEscolas v\u00e3o definir san\u00e7\u00f5es para alunos que usem\u00a0<em>smartphones<\/em>\u201d. Luiza, neta que estudou na Inglaterra, tinha marcado pela dire\u00e7\u00e3o da escola os (poucos) hor\u00e1rios em que podia usar. Vai acabar sendo assim, por todo o planeta. Agora, no Publico, se v\u00ea declara\u00e7\u00e3o do ex-ministro da Educa\u00e7\u00e3o da Su\u00e9cia (at\u00e9 junho), Johan Pehrson:<\/p>\n<p>\u2013 \u201cFomos ing\u00eanuos\u201d.<\/p>\n<p>Seu pa\u00eds, pioneiro na digitaliza\u00e7\u00e3o, para ele deve ser uma \u201czona livre de smartphones e redes sociais\u201d. E est\u00e1 a voltar, nas escolas p\u00fablicas, papel e l\u00e1pis. Como dinossauro, que n\u00e3o usa computadores e gasta uma caneta por semana, vejo isso com alegria.<\/p>\n<p><strong>CHAGPT.<\/strong>\u00a0Portugal vai ter o seu que se chamar\u00e1\u00a0<em>Am\u00e1lia.<\/em>\u00a0S\u00f3 que o governo j\u00e1 deu ci\u00eancia, aos da terrinha, que vai faltar um monte de aplicativos. Como Caixa de mensagens. O modelo ser\u00e1 usado s\u00f3 em algumas aplica\u00e7\u00f5es da administra\u00e7\u00e3o p\u00fablica. Consterna\u00e7\u00e3o geral, para os usu\u00e1rios.<\/p>\n<p><strong>COVID.\u00a0<\/strong>O jornal eletr\u00f4nico TSF anuncia preocupa\u00e7\u00e3o do governo com \u201cnova vers\u00e3o do v\u00edrus da Covid-19\u201d. Deus do c\u00e9u, n\u00e3o tem mais fim?<\/p>\n<p><strong>EDUCA\u00c7\u00c3O.\u00a0<\/strong>O mesmo TSF d\u00e1 manchete:<\/p>\n<p>\u2013 Quase metade dos adultos portugueses s\u00f3 consegue compreender textos simples e curtos.<\/p>\n<p>Por essas e outras o professor Carlos Ceia prop\u00f5e a cria\u00e7\u00e3o de um\u00a0<em>Partido da Educa\u00e7\u00e3o<\/em>. Segundo ele \u201cum lugar seguro, civilizacional, capaz de transcender divis\u00f5es ideol\u00f3gicas e reenquadrar o debate nacional\u201d. Cristovam Buarque vai, creio, gostar dessa not\u00edcia.<\/p>\n<p><strong>ELEI\u00c7\u00d5ES.<\/strong>\u00a0Domingo ocorreram as elei\u00e7\u00f5es aut\u00e1rquicas. Para escolher prefeitos, no pa\u00eds todo. Aqui se chamam \u201cAutarcas\u201d. N\u00e3o h\u00e1 C\u00e2mara de Vereadores, somente Conselheiros Municipais. Que custam nada. O mais impressionante, para brasileiros, s\u00e3o as apura\u00e7\u00f5es. No Brasil a grande vantagem das urnas eletr\u00f4nicas, assim se diz, \u00e9 que n\u00e3o temos que esperar dias pelos resultados. O que justifica a fortuna gasta em cada elei\u00e7\u00e3o. Pois bem. Aqui, os votos s\u00e3o nas c\u00e9lulas. Em papel. E, \u00e0 noite do pr\u00f3prio domingo, j\u00e1 se tinha todos os resultados. Pode acreditar, amigo leitor.<\/p>\n<p><strong>\u00a0<\/strong><strong>GORDURA.\u00a0<\/strong>Segundo El Pais, citado pelo Publico:<\/p>\n<p>? Existem j\u00e1 mais de 100 novos candidatos a medicamentos para tratar a obesidade em testes.<\/p>\n<p>O objetivo agora, em vez de inje\u00e7\u00f5es, \u00e9 \u201cum f\u00e1rmaco oral para emagrecer\u201d. Que venham logo, n\u00f3s gordos agradecemos.<\/p>\n<p><strong>\u00a0<\/strong><strong>GREVE.<\/strong>\u00a0Nunca se viu isso, por aqui. O Publico anuncia, em primeira p\u00e1gina, que<\/p>\n<p>\u2013 Magistrados do Minist\u00e9rio P\u00fablico anunciam greve de cinco dias.<\/p>\n<p>S\u00f3 para lembrar, e diferente do Brasil, grevistas em Portugal (como no resto do mundo) n\u00e3o recebem sal\u00e1rios pelos dias n\u00e3o trabalhados. E trata-se de longo tempo, num pa\u00eds em que greves nunca passam de um dia.<\/p>\n<p><strong>HOSPITAIS.<\/strong>\u00a0Segundo o TSF, \u201ctodos os hospitais passam a poder internar doentes em casa\u201d. Chama-se, por aqui,\u00a0<em>Hospitaliza\u00e7\u00e3o Domicili\u00e1ria<\/em>. S\u00f3 ano passado foram 110 mil internamentos. Os hospitais p\u00fablicos t\u00eam equipes m\u00e9dicas que v\u00e3o at\u00e9 os doentes, em suas casas. O sistema come\u00e7ou no Hospital Garcia de Orta (m\u00e9dico portugu\u00eas), em Almada, e seus resultados s\u00e3o muito positivos. Unindo conforto do ambiente familiar, redu\u00e7\u00e3o no risco de infec\u00e7\u00f5es hospitalares e melhorias na qualidade de vida dos doentes. Vale a pena ver isso melhor, para aplicar (ou n\u00e3o) no Brasil.<\/p>\n<p><strong>JOVENS.\u00a0<\/strong>O P\u00fablico d\u00e1 manchete, em primeira p\u00e1gina, que preocupa:<\/p>\n<p>? N\u00famero de jovens at\u00e9 os 20 anos, nas pris\u00f5es, subiu 45% desde 2019.<\/p>\n<p><strong>\u00a0<\/strong><strong>LIVROS.<\/strong>\u00a0Miguel Esteves Cardoso d\u00e1, em sua coluna do Publico, receita infal\u00edvel para quem tem que ler muito:<\/p>\n<p>\u2013 Abro um ou dois livros, leio as primeiras duas p\u00e1ginas, mais duas p\u00e1ginas do meio, a \u00faltima, e limito-me a verificar se fiquei com vontade de ainda ler.<\/p>\n<p>Sugiro, a todos, cumprir esse roteiro.<\/p>\n<p><strong>\u00a0<\/strong><strong>MORTES.<\/strong>\u00a0O Publico LX mostra estat\u00edstica:<\/p>\n<p>\u2013 Homens mais velhos com taxas mais altas de suic\u00eddio.<\/p>\n<p>S\u00e3o, em m\u00e9dia, 3 por dia. E a Coordena\u00e7\u00e3o da Sa\u00fade Mental at\u00e9 j\u00e1 divulgou telefone, para quem estiver deprimido, n\u00famero 1411. Na frente dos casos est\u00e1 o Alantejo onde cresceu, em um ano, 9%. A taxa nacional em Portugal \u00e9 de 9,8% casos, para 100 mil habitantes. Maior que a de nosso Brasil, s\u00f3 de 8%. Mas est\u00e1 por aqui tamb\u00e9m crescendo, em 2021 era s\u00f3 de 7.2%. Seja como for, Deus tenha pena dessas almas.<\/p>\n<p><strong>\u00a0<\/strong><strong>OR\u00c7AMENTO.<\/strong>\u00a0Jos\u00e9 Manuel Ribeiro, presidente da delega\u00e7\u00e3o portuguesa no Comit\u00ea das Regi\u00f5es, d\u00e1 declara\u00e7\u00e3o no TSF que bem poderia ser lida em Bras\u00edlia:<\/p>\n<p>? Especializamo-nos muito em como gastar. Agora temos que nos especializar em como competir.<\/p>\n<p><strong>OUTDOORS.\u00a0<\/strong>Lisboa acaba de proibir cartazes pol\u00edticos. Segundo o Autarca de l\u00e1 (Prefeito no Brasil, como vimos), Carlos Moedas, trata-se de \u201cpolui\u00e7\u00e3o visual absolutamente indesej\u00e1vel\u201d. Pol\u00edticos se queixam de que seria \u201cum ataque \u00e0 liberdade democr\u00e1tica\u201d. Ser\u00e1 mesmo? Ou s\u00f3 prova de bom senso e bom gosto? N\u00e3o acabou de todo ainda, nestas elei\u00e7\u00f5es de domingo passado, mas j\u00e1 diminuiu muito.<\/p>\n<p><strong>PIANISTA.\u00a0<\/strong>A consagrada pianista portuguesa Maria Jo\u00e3o Pires, 80 anos, acabou de ganhar o grande Pr\u00eamio Europeu Helena Vaz da Silva 2025. Pena que teve um AVC. Est\u00e1 se tratando e deu, a seus admiradores, bela explica\u00e7\u00e3o do que iria fazer a partir de agora:<\/p>\n<p>\u2013\u00a0 Lamento informar-vos que terei de me afastar dos palcos por algum tempo. Surgiu-me um problema de sa\u00fade cerebrovascular, que encaro como um sinal, talvez aviso. Vou dedicar este per\u00edodo a reencontrar o equil\u00edbrio entre o corpo e o esp\u00edrito, e a encontrar a alegria em me retirar, ler, meditar e aprender com as li\u00e7\u00f5es que a vida me quiser ensinar.<\/p>\n<p><strong>\u00a0<\/strong><strong>SANGUE.<\/strong>\u00a0Descoberto, depois de 15 anos de pesquisas, um novo grupo sangu\u00edneo \u2013 o\u00a0<em>Gwada Negativo<\/em>, que s\u00f3 uma pessoa tem no planeta. Trata-se de mulher francesa nascida em Guadalupe, no Caribe. Os jornais daqui sugerem que fa\u00e7a um estoque grande, nos bancos de sangue; que, se por acaso precisar numa opera\u00e7\u00e3o, n\u00e3o teria quem lhe doasse. Parece uma boa ideia.<\/p>\n<p><strong>\u00daLTIMA NOT\u00cdCIA, FUTEBOL.<\/strong>\u00a0Jornais e televis\u00f5es daqui dizem que Jos\u00e9 Mourinho, novo treinador do Benfica, \u00e9 \u201co melhor do mundo\u201d. E dizem tamb\u00e9m que \u201cjogo do ano\u201d se deu \u00faltimo s\u00e1bado, em Alvalade (est\u00e1dio do Sporting), quando Portugal venceu a Irlanda no fim da prorroga\u00e7\u00e3o, por 1 x 0, com gol de Rubem Alves. Depois de Cristiano Ronaldo, pouco antes, perder um p\u00eanalti.<\/p>\n<p>Duas not\u00edcias erradas. Uma, porque maior t\u00e9cnico do planeta n\u00e3o \u00e9 Mourinho, mas H\u00e9lio dos Anjos. Que deveria estar na sele\u00e7\u00e3o brasileira. Viva H\u00e9lio!!!<\/p>\n<p>E jogo do ano foi outro, N\u00e1utico x Brusque, quando voltamos \u00e0 s\u00e9rie B. Um jogo \u00e9pico. A verdadeira Batalha dos Aflitos. Por tudo, ent\u00e3o, Viva o Timba!!!<\/p>\n","protected":false},"excerpt":{"rendered":"<p>\u00a0 Por Jos\u00e9 Paulo Cavalcanti Filho \u00a0\u2013 \u00a0Escritor, poeta, membro das Academias Pernambucana de Letras, Brasileira de Letras e Portuguesa de Letras. \u00c9\u00a0 um dos maiores conhecedores da obra de Fernando Pessoa. Integrou a Comiss\u00e3o da Verdade\u00a0 \u2013 \u00a0ACESSIBILIDADE.\u00a0O governo portugu\u00eas anunciou grande programa para adaptar im\u00f3veis, seus, \u00e0s necessidades dos que t\u00eam car\u00eancias espec\u00edficas. [&hellip;]<\/p>\n","protected":false},"author":1,"featured_media":1585,"comment_status":"open","ping_status":"open","sticky":false,"template":"","format":"standard","meta":{"footnotes":"","jetpack_publicize_message":"","jetpack_publicize_feature_enabled":true,"jetpack_social_post_already_shared":true,"jetpack_social_options":{"image_generator_settings":{"template":"highway","default_image_id":0,"font":"","enabled":false},"version":2}},"categories":[1,35,46,36],"tags":[],"class_list":["post-2040","post","type-post","status-publish","format-standard","has-post-thumbnail","hentry","category-https-gazetapernambucana-com-page_id225","category-https-gazetapernambucana-com-page_id218","category-literatura","category-https-gazetapernambucana-com-page_id209"],"yoast_head":"<!-- This site is optimized with the Yoast SEO plugin v24.5 - https:\/\/yoast.com\/wordpress\/plugins\/seo\/ -->\n<title>Not\u00edcias de Portugal. Por Jos\u00e9 Paulo Cavalcanti Filho -<\/title>\n<meta name=\"robots\" content=\"index, follow, max-snippet:-1, max-image-preview:large, max-video-preview:-1\" \/>\n<link rel=\"canonical\" href=\"https:\/\/gazetapernambucana.com\/?p=2040\" \/>\n<meta property=\"og:locale\" content=\"pt_BR\" \/>\n<meta property=\"og:type\" content=\"article\" \/>\n<meta property=\"og:title\" content=\"Not\u00edcias de Portugal. Por Jos\u00e9 Paulo Cavalcanti Filho -\" \/>\n<meta property=\"og:description\" content=\"\u00a0 Por Jos\u00e9 Paulo Cavalcanti Filho \u00a0\u2013 \u00a0Escritor, poeta, membro das Academias Pernambucana de Letras, Brasileira de Letras e Portuguesa de Letras. \u00c9\u00a0 um dos maiores conhecedores da obra de Fernando Pessoa. Integrou a Comiss\u00e3o da Verdade\u00a0 \u2013 \u00a0ACESSIBILIDADE.\u00a0O governo portugu\u00eas anunciou grande programa para adaptar im\u00f3veis, seus, \u00e0s necessidades dos que t\u00eam car\u00eancias espec\u00edficas. [&hellip;]\" \/>\n<meta property=\"og:url\" content=\"https:\/\/gazetapernambucana.com\/?p=2040\" \/>\n<meta property=\"article:published_time\" content=\"2025-10-17T23:02:17+00:00\" \/>\n<meta property=\"og:image\" content=\"https:\/\/gazetapernambucana.com\/wp-content\/uploads\/2025\/08\/11f77e6d8a8e346bc312bf2719fc2e63-2-300x147-1-2.webp\" \/>\n\t<meta property=\"og:image:width\" content=\"300\" \/>\n\t<meta property=\"og:image:height\" content=\"147\" \/>\n\t<meta property=\"og:image:type\" content=\"image\/webp\" \/>\n<meta name=\"author\" content=\"GP\" \/>\n<meta name=\"twitter:card\" content=\"summary_large_image\" \/>\n<meta name=\"twitter:label1\" content=\"Escrito por\" \/>\n\t<meta name=\"twitter:data1\" content=\"GP\" \/>\n\t<meta name=\"twitter:label2\" content=\"Est. tempo de leitura\" \/>\n\t<meta name=\"twitter:data2\" content=\"9 minutos\" \/>\n<script type=\"application\/ld+json\" class=\"yoast-schema-graph\">{\"@context\":\"https:\/\/schema.org\",\"@graph\":[{\"@type\":\"WebPage\",\"@id\":\"https:\/\/gazetapernambucana.com\/?p=2040\",\"url\":\"https:\/\/gazetapernambucana.com\/?p=2040\",\"name\":\"Not\u00edcias de Portugal. Por Jos\u00e9 Paulo Cavalcanti Filho -\",\"isPartOf\":{\"@id\":\"https:\/\/gazetapernambucana.com\/#website\"},\"primaryImageOfPage\":{\"@id\":\"https:\/\/gazetapernambucana.com\/?p=2040#primaryimage\"},\"image\":{\"@id\":\"https:\/\/gazetapernambucana.com\/?p=2040#primaryimage\"},\"thumbnailUrl\":\"https:\/\/gazetapernambucana.com\/wp-content\/uploads\/2025\/08\/11f77e6d8a8e346bc312bf2719fc2e63-2-300x147-1-2.webp\",\"datePublished\":\"2025-10-17T23:02:17+00:00\",\"author\":{\"@id\":\"https:\/\/gazetapernambucana.com\/#\/schema\/person\/188dc283325181ac2de4db1e9e987427\"},\"breadcrumb\":{\"@id\":\"https:\/\/gazetapernambucana.com\/?p=2040#breadcrumb\"},\"inLanguage\":\"pt-BR\",\"potentialAction\":[{\"@type\":\"ReadAction\",\"target\":[\"https:\/\/gazetapernambucana.com\/?p=2040\"]}]},{\"@type\":\"ImageObject\",\"inLanguage\":\"pt-BR\",\"@id\":\"https:\/\/gazetapernambucana.com\/?p=2040#primaryimage\",\"url\":\"https:\/\/gazetapernambucana.com\/wp-content\/uploads\/2025\/08\/11f77e6d8a8e346bc312bf2719fc2e63-2-300x147-1-2.webp\",\"contentUrl\":\"https:\/\/gazetapernambucana.com\/wp-content\/uploads\/2025\/08\/11f77e6d8a8e346bc312bf2719fc2e63-2-300x147-1-2.webp\",\"width\":300,\"height\":147},{\"@type\":\"BreadcrumbList\",\"@id\":\"https:\/\/gazetapernambucana.com\/?p=2040#breadcrumb\",\"itemListElement\":[{\"@type\":\"ListItem\",\"position\":1,\"name\":\"In\u00edcio\",\"item\":\"https:\/\/gazetapernambucana.com\/\"},{\"@type\":\"ListItem\",\"position\":2,\"name\":\"Not\u00edcias de Portugal. Por Jos\u00e9 Paulo Cavalcanti Filho\"}]},{\"@type\":\"WebSite\",\"@id\":\"https:\/\/gazetapernambucana.com\/#website\",\"url\":\"https:\/\/gazetapernambucana.com\/\",\"name\":\"\",\"description\":\"\",\"potentialAction\":[{\"@type\":\"SearchAction\",\"target\":{\"@type\":\"EntryPoint\",\"urlTemplate\":\"https:\/\/gazetapernambucana.com\/?s={search_term_string}\"},\"query-input\":{\"@type\":\"PropertyValueSpecification\",\"valueRequired\":true,\"valueName\":\"search_term_string\"}}],\"inLanguage\":\"pt-BR\"},{\"@type\":\"Person\",\"@id\":\"https:\/\/gazetapernambucana.com\/#\/schema\/person\/188dc283325181ac2de4db1e9e987427\",\"name\":\"GP\",\"image\":{\"@type\":\"ImageObject\",\"inLanguage\":\"pt-BR\",\"@id\":\"https:\/\/gazetapernambucana.com\/#\/schema\/person\/image\/\",\"url\":\"https:\/\/secure.gravatar.com\/avatar\/9dad78ff9a2d8b5742d11779f8a3f53b052320c550b2e1907882353c067bb111?s=96&d=mm&r=g\",\"contentUrl\":\"https:\/\/secure.gravatar.com\/avatar\/9dad78ff9a2d8b5742d11779f8a3f53b052320c550b2e1907882353c067bb111?s=96&d=mm&r=g\",\"caption\":\"GP\"},\"sameAs\":[\"http:\/\/gazetapernambucana.com\"],\"url\":\"https:\/\/gazetapernambucana.com\/?author=1\"}]}<\/script>\n<!-- \/ Yoast SEO plugin. -->","yoast_head_json":{"title":"Not\u00edcias de Portugal. Por Jos\u00e9 Paulo Cavalcanti Filho -","robots":{"index":"index","follow":"follow","max-snippet":"max-snippet:-1","max-image-preview":"max-image-preview:large","max-video-preview":"max-video-preview:-1"},"canonical":"https:\/\/gazetapernambucana.com\/?p=2040","og_locale":"pt_BR","og_type":"article","og_title":"Not\u00edcias de Portugal. Por Jos\u00e9 Paulo Cavalcanti Filho -","og_description":"\u00a0 Por Jos\u00e9 Paulo Cavalcanti Filho \u00a0\u2013 \u00a0Escritor, poeta, membro das Academias Pernambucana de Letras, Brasileira de Letras e Portuguesa de Letras. \u00c9\u00a0 um dos maiores conhecedores da obra de Fernando Pessoa. Integrou a Comiss\u00e3o da Verdade\u00a0 \u2013 \u00a0ACESSIBILIDADE.\u00a0O governo portugu\u00eas anunciou grande programa para adaptar im\u00f3veis, seus, \u00e0s necessidades dos que t\u00eam car\u00eancias espec\u00edficas. [&hellip;]","og_url":"https:\/\/gazetapernambucana.com\/?p=2040","article_published_time":"2025-10-17T23:02:17+00:00","og_image":[{"width":300,"height":147,"url":"https:\/\/gazetapernambucana.com\/wp-content\/uploads\/2025\/08\/11f77e6d8a8e346bc312bf2719fc2e63-2-300x147-1-2.webp","type":"image\/webp"}],"author":"GP","twitter_card":"summary_large_image","twitter_misc":{"Escrito por":"GP","Est. tempo de leitura":"9 minutos"},"schema":{"@context":"https:\/\/schema.org","@graph":[{"@type":"WebPage","@id":"https:\/\/gazetapernambucana.com\/?p=2040","url":"https:\/\/gazetapernambucana.com\/?p=2040","name":"Not\u00edcias de Portugal. Por Jos\u00e9 Paulo Cavalcanti Filho -","isPartOf":{"@id":"https:\/\/gazetapernambucana.com\/#website"},"primaryImageOfPage":{"@id":"https:\/\/gazetapernambucana.com\/?p=2040#primaryimage"},"image":{"@id":"https:\/\/gazetapernambucana.com\/?p=2040#primaryimage"},"thumbnailUrl":"https:\/\/gazetapernambucana.com\/wp-content\/uploads\/2025\/08\/11f77e6d8a8e346bc312bf2719fc2e63-2-300x147-1-2.webp","datePublished":"2025-10-17T23:02:17+00:00","author":{"@id":"https:\/\/gazetapernambucana.com\/#\/schema\/person\/188dc283325181ac2de4db1e9e987427"},"breadcrumb":{"@id":"https:\/\/gazetapernambucana.com\/?p=2040#breadcrumb"},"inLanguage":"pt-BR","potentialAction":[{"@type":"ReadAction","target":["https:\/\/gazetapernambucana.com\/?p=2040"]}]},{"@type":"ImageObject","inLanguage":"pt-BR","@id":"https:\/\/gazetapernambucana.com\/?p=2040#primaryimage","url":"https:\/\/gazetapernambucana.com\/wp-content\/uploads\/2025\/08\/11f77e6d8a8e346bc312bf2719fc2e63-2-300x147-1-2.webp","contentUrl":"https:\/\/gazetapernambucana.com\/wp-content\/uploads\/2025\/08\/11f77e6d8a8e346bc312bf2719fc2e63-2-300x147-1-2.webp","width":300,"height":147},{"@type":"BreadcrumbList","@id":"https:\/\/gazetapernambucana.com\/?p=2040#breadcrumb","itemListElement":[{"@type":"ListItem","position":1,"name":"In\u00edcio","item":"https:\/\/gazetapernambucana.com\/"},{"@type":"ListItem","position":2,"name":"Not\u00edcias de Portugal. Por Jos\u00e9 Paulo Cavalcanti Filho"}]},{"@type":"WebSite","@id":"https:\/\/gazetapernambucana.com\/#website","url":"https:\/\/gazetapernambucana.com\/","name":"","description":"","potentialAction":[{"@type":"SearchAction","target":{"@type":"EntryPoint","urlTemplate":"https:\/\/gazetapernambucana.com\/?s={search_term_string}"},"query-input":{"@type":"PropertyValueSpecification","valueRequired":true,"valueName":"search_term_string"}}],"inLanguage":"pt-BR"},{"@type":"Person","@id":"https:\/\/gazetapernambucana.com\/#\/schema\/person\/188dc283325181ac2de4db1e9e987427","name":"GP","image":{"@type":"ImageObject","inLanguage":"pt-BR","@id":"https:\/\/gazetapernambucana.com\/#\/schema\/person\/image\/","url":"https:\/\/secure.gravatar.com\/avatar\/9dad78ff9a2d8b5742d11779f8a3f53b052320c550b2e1907882353c067bb111?s=96&d=mm&r=g","contentUrl":"https:\/\/secure.gravatar.com\/avatar\/9dad78ff9a2d8b5742d11779f8a3f53b052320c550b2e1907882353c067bb111?s=96&d=mm&r=g","caption":"GP"},"sameAs":["http:\/\/gazetapernambucana.com"],"url":"https:\/\/gazetapernambucana.com\/?author=1"}]}},"jetpack_publicize_connections":[],"_links":{"self":[{"href":"https:\/\/gazetapernambucana.com\/index.php?rest_route=\/wp\/v2\/posts\/2040","targetHints":{"allow":["GET"]}}],"collection":[{"href":"https:\/\/gazetapernambucana.com\/index.php?rest_route=\/wp\/v2\/posts"}],"about":[{"href":"https:\/\/gazetapernambucana.com\/index.php?rest_route=\/wp\/v2\/types\/post"}],"author":[{"embeddable":true,"href":"https:\/\/gazetapernambucana.com\/index.php?rest_route=\/wp\/v2\/users\/1"}],"replies":[{"embeddable":true,"href":"https:\/\/gazetapernambucana.com\/index.php?rest_route=%2Fwp%2Fv2%2Fcomments&post=2040"}],"version-history":[{"count":1,"href":"https:\/\/gazetapernambucana.com\/index.php?rest_route=\/wp\/v2\/posts\/2040\/revisions"}],"predecessor-version":[{"id":2041,"href":"https:\/\/gazetapernambucana.com\/index.php?rest_route=\/wp\/v2\/posts\/2040\/revisions\/2041"}],"wp:featuredmedia":[{"embeddable":true,"href":"https:\/\/gazetapernambucana.com\/index.php?rest_route=\/wp\/v2\/media\/1585"}],"wp:attachment":[{"href":"https:\/\/gazetapernambucana.com\/index.php?rest_route=%2Fwp%2Fv2%2Fmedia&parent=2040"}],"wp:term":[{"taxonomy":"category","embeddable":true,"href":"https:\/\/gazetapernambucana.com\/index.php?rest_route=%2Fwp%2Fv2%2Fcategories&post=2040"},{"taxonomy":"post_tag","embeddable":true,"href":"https:\/\/gazetapernambucana.com\/index.php?rest_route=%2Fwp%2Fv2%2Ftags&post=2040"}],"curies":[{"name":"wp","href":"https:\/\/api.w.org\/{rel}","templated":true}]}}