{"id":2038,"date":"2025-10-17T14:33:09","date_gmt":"2025-10-17T17:33:09","guid":{"rendered":"https:\/\/gazetapernambucana.com\/?p=2038"},"modified":"2025-10-17T14:33:09","modified_gmt":"2025-10-17T17:33:09","slug":"receita-que-mata-leao-por-claudemir-gomes","status":"publish","type":"post","link":"https:\/\/gazetapernambucana.com\/?p=2038","title":{"rendered":"Receita que mata le\u00e3o. Por CLAUDEMIR GOMES"},"content":{"rendered":"<h2><strong><em>\u201cDe gr\u00e3o em gr\u00e3o a galinha enche o papo!\u201d\u00a0<\/em><\/strong><\/h2>\n<p><strong>Por CLAUDEMIR GOMES\u00a0 \u2013 <\/strong><strong><em>\u00a0<\/em><\/strong>Foi-se o tempo em que o dito popular era regra no futebol. Em 1995, por determina\u00e7\u00e3o da FIFA, toda competi\u00e7\u00e3o passou a adotar a pontua\u00e7\u00e3o de 3 pontos por vit\u00f3ria e 1 ponto por empate. At\u00e9 1994, cada vit\u00f3ria valia 2 pontos. A valoriza\u00e7\u00e3o das vit\u00f3rias tornou o futebol mais atrativo, as equipes passaram a adotar esquemas ofensivos desprezando os corriqueiros \u201cferrolhos\u201d que lhes asseguravam um \u201cgr\u00e3o\u201d de bonifica\u00e7\u00e3o, caso o placar terminasse igual.<\/p>\n<p>Ontem \u00e0 noite, na Ilha do Retiro, Sport cravou o d\u00e9cimo-primeiro empate nesta edi\u00e7\u00e3o do Brasileiro da S\u00e9rie A, imposto pela igualdade do placar \u2013 1\u00d71 \u2013 no confronto com o Cear\u00e1. O rubro-negro pernambucano, no momento, \u00e9 o clube que mais contabilizou empates na competi\u00e7\u00e3o: 11. Soma-se a esse marca passo, 14 derrotas e apenas 2 vit\u00f3rias, n\u00fameros que o emparedam na lanterna.<\/p>\n<p>Quando foram definidos os 20 clubes que disputariam a edi\u00e7\u00e3o 2025 do Brasileiro da S\u00e9rie A, comemoramos a presen\u00e7a de cinco equipes do Nordeste: Cear\u00e1, Fortaleza, Bahia, Sport e Vit\u00f3ria. Sab\u00edamos que, dificilmente o percentual de 25% das vagas seria mantido para a regi\u00e3o. A dez rodadas do final temos Vit\u00f3ria, Fortaleza e Sport sob a mira da caetana, sendo que a queda do Le\u00e3o do Recife j\u00e1 \u00e9 cantada em prosa e verso.<\/p>\n<p>A mudan\u00e7a na pontua\u00e7\u00e3o do futebol n\u00e3o alterou a regra do jogo, mas teve influ\u00eancia nas propostas t\u00e1ticas. A revis\u00e3o de conceitos imposta aos t\u00e9cnicos provocou uma s\u00e9rie de mudan\u00e7as em rela\u00e7\u00e3o ao posicionamento e varia\u00e7\u00f5es que acontecem com a bola rolando. O grande diferencial dos times que praticam, ou buscam, um futebol de excel\u00eancia \u00e9 a din\u00e2mica, a intensidade que imp\u00f5em ao jogo, que aliada a qualidade t\u00e9cnica do grupo, faz toda a diferen\u00e7a.<\/p>\n<p>O elenco que o Sport montou, visando a temporada 2025, com raras exce\u00e7\u00f5es, n\u00e3o tem qualidade para sobreviver numa S\u00e9rie A. Na queda-de-bra\u00e7o com o Cear\u00e1, na Ilha do Retiro, mais uma vez, ficaram ressaltadas as limita\u00e7\u00f5es individuais e coletivas do time comandado por Daniel Paulista. Oportunidades incr\u00edveis de gols foram desperdi\u00e7adas; o ganho da segunda bola no meio de campo por parte do advers\u00e1rio, foram alguns dos itens observados que levaram a torcida a se dar por satisfeita com a igualdade em mais um jogo disputado pelo Le\u00e3o como mandante.<\/p>\n<p>Nas tr\u00eas \u00faltimas rodadas (26\u00aa, 27\u00aa e 28\u00aa) o Sport somou tr\u00eas empates, sendo dois na Ilha do Retiro \u2013 Fluminense e Cear\u00e1 \u2013 e o outro com o Cruzeiro, em Belo Horizonte. O pr\u00f3ximo compromisso dos leoninos ser\u00e1 domingo, quando medir\u00e1 for\u00e7as com o Internacional, na Arena Beira Rio, em Porto Alegre.<\/p>\n<p>Seria prudente algu\u00e9m avisar na Ilha do Retiro que: de gr\u00e3o em gr\u00e3o se enche o papo da galinha, mas a receita tamb\u00e9m mata le\u00e3o.<\/p>\n","protected":false},"excerpt":{"rendered":"<p>\u201cDe gr\u00e3o em gr\u00e3o a galinha enche o papo!\u201d\u00a0 Por CLAUDEMIR GOMES\u00a0 \u2013 \u00a0Foi-se o tempo em que o dito popular era regra no futebol. Em 1995, por determina\u00e7\u00e3o da FIFA, toda competi\u00e7\u00e3o passou a adotar a pontua\u00e7\u00e3o de 3 pontos por vit\u00f3ria e 1 ponto por empate. At\u00e9 1994, cada vit\u00f3ria valia 2 pontos. [&hellip;]<\/p>\n","protected":false},"author":1,"featured_media":1250,"comment_status":"open","ping_status":"open","sticky":false,"template":"","format":"standard","meta":{"footnotes":"","jetpack_publicize_message":"","jetpack_publicize_feature_enabled":true,"jetpack_social_post_already_shared":true,"jetpack_social_options":{"image_generator_settings":{"template":"highway","default_image_id":0,"font":"","enabled":false},"version":2}},"categories":[1,39],"tags":[],"class_list":["post-2038","post","type-post","status-publish","format-standard","has-post-thumbnail","hentry","category-https-gazetapernambucana-com-page_id225","category-https-gazetapernambucana-com-page_id221"],"yoast_head":"<!-- This site is optimized with the Yoast SEO plugin v24.5 - https:\/\/yoast.com\/wordpress\/plugins\/seo\/ -->\n<title>Receita que mata le\u00e3o. Por CLAUDEMIR GOMES -<\/title>\n<meta name=\"robots\" content=\"index, follow, max-snippet:-1, max-image-preview:large, max-video-preview:-1\" \/>\n<link rel=\"canonical\" href=\"https:\/\/gazetapernambucana.com\/?p=2038\" \/>\n<meta property=\"og:locale\" content=\"pt_BR\" \/>\n<meta property=\"og:type\" content=\"article\" \/>\n<meta property=\"og:title\" content=\"Receita que mata le\u00e3o. Por CLAUDEMIR GOMES -\" \/>\n<meta property=\"og:description\" content=\"\u201cDe gr\u00e3o em gr\u00e3o a galinha enche o papo!\u201d\u00a0 Por CLAUDEMIR GOMES\u00a0 \u2013 \u00a0Foi-se o tempo em que o dito popular era regra no futebol. Em 1995, por determina\u00e7\u00e3o da FIFA, toda competi\u00e7\u00e3o passou a adotar a pontua\u00e7\u00e3o de 3 pontos por vit\u00f3ria e 1 ponto por empate. At\u00e9 1994, cada vit\u00f3ria valia 2 pontos. [&hellip;]\" \/>\n<meta property=\"og:url\" content=\"https:\/\/gazetapernambucana.com\/?p=2038\" \/>\n<meta property=\"article:published_time\" content=\"2025-10-17T17:33:09+00:00\" \/>\n<meta property=\"og:image\" content=\"https:\/\/gazetapernambucana.com\/wp-content\/uploads\/2025\/07\/43163348_124416095196984_1643391599985557504_n-1-1-300x300-1.jpg\" \/>\n\t<meta property=\"og:image:width\" content=\"300\" \/>\n\t<meta property=\"og:image:height\" content=\"300\" \/>\n\t<meta property=\"og:image:type\" content=\"image\/jpeg\" \/>\n<meta name=\"author\" content=\"GP\" \/>\n<meta name=\"twitter:card\" content=\"summary_large_image\" \/>\n<meta name=\"twitter:label1\" content=\"Escrito por\" \/>\n\t<meta name=\"twitter:data1\" content=\"GP\" \/>\n\t<meta name=\"twitter:label2\" content=\"Est. tempo de leitura\" \/>\n\t<meta name=\"twitter:data2\" content=\"3 minutos\" \/>\n<script type=\"application\/ld+json\" class=\"yoast-schema-graph\">{\"@context\":\"https:\/\/schema.org\",\"@graph\":[{\"@type\":\"WebPage\",\"@id\":\"https:\/\/gazetapernambucana.com\/?p=2038\",\"url\":\"https:\/\/gazetapernambucana.com\/?p=2038\",\"name\":\"Receita que mata le\u00e3o. Por CLAUDEMIR GOMES -\",\"isPartOf\":{\"@id\":\"https:\/\/gazetapernambucana.com\/#website\"},\"primaryImageOfPage\":{\"@id\":\"https:\/\/gazetapernambucana.com\/?p=2038#primaryimage\"},\"image\":{\"@id\":\"https:\/\/gazetapernambucana.com\/?p=2038#primaryimage\"},\"thumbnailUrl\":\"https:\/\/gazetapernambucana.com\/wp-content\/uploads\/2025\/07\/43163348_124416095196984_1643391599985557504_n-1-1-300x300-1.jpg\",\"datePublished\":\"2025-10-17T17:33:09+00:00\",\"author\":{\"@id\":\"https:\/\/gazetapernambucana.com\/#\/schema\/person\/188dc283325181ac2de4db1e9e987427\"},\"breadcrumb\":{\"@id\":\"https:\/\/gazetapernambucana.com\/?p=2038#breadcrumb\"},\"inLanguage\":\"pt-BR\",\"potentialAction\":[{\"@type\":\"ReadAction\",\"target\":[\"https:\/\/gazetapernambucana.com\/?p=2038\"]}]},{\"@type\":\"ImageObject\",\"inLanguage\":\"pt-BR\",\"@id\":\"https:\/\/gazetapernambucana.com\/?p=2038#primaryimage\",\"url\":\"https:\/\/gazetapernambucana.com\/wp-content\/uploads\/2025\/07\/43163348_124416095196984_1643391599985557504_n-1-1-300x300-1.jpg\",\"contentUrl\":\"https:\/\/gazetapernambucana.com\/wp-content\/uploads\/2025\/07\/43163348_124416095196984_1643391599985557504_n-1-1-300x300-1.jpg\",\"width\":300,\"height\":300},{\"@type\":\"BreadcrumbList\",\"@id\":\"https:\/\/gazetapernambucana.com\/?p=2038#breadcrumb\",\"itemListElement\":[{\"@type\":\"ListItem\",\"position\":1,\"name\":\"In\u00edcio\",\"item\":\"https:\/\/gazetapernambucana.com\/\"},{\"@type\":\"ListItem\",\"position\":2,\"name\":\"Receita que mata le\u00e3o. Por CLAUDEMIR GOMES\"}]},{\"@type\":\"WebSite\",\"@id\":\"https:\/\/gazetapernambucana.com\/#website\",\"url\":\"https:\/\/gazetapernambucana.com\/\",\"name\":\"\",\"description\":\"\",\"potentialAction\":[{\"@type\":\"SearchAction\",\"target\":{\"@type\":\"EntryPoint\",\"urlTemplate\":\"https:\/\/gazetapernambucana.com\/?s={search_term_string}\"},\"query-input\":{\"@type\":\"PropertyValueSpecification\",\"valueRequired\":true,\"valueName\":\"search_term_string\"}}],\"inLanguage\":\"pt-BR\"},{\"@type\":\"Person\",\"@id\":\"https:\/\/gazetapernambucana.com\/#\/schema\/person\/188dc283325181ac2de4db1e9e987427\",\"name\":\"GP\",\"image\":{\"@type\":\"ImageObject\",\"inLanguage\":\"pt-BR\",\"@id\":\"https:\/\/gazetapernambucana.com\/#\/schema\/person\/image\/\",\"url\":\"https:\/\/secure.gravatar.com\/avatar\/9dad78ff9a2d8b5742d11779f8a3f53b052320c550b2e1907882353c067bb111?s=96&d=mm&r=g\",\"contentUrl\":\"https:\/\/secure.gravatar.com\/avatar\/9dad78ff9a2d8b5742d11779f8a3f53b052320c550b2e1907882353c067bb111?s=96&d=mm&r=g\",\"caption\":\"GP\"},\"sameAs\":[\"http:\/\/gazetapernambucana.com\"],\"url\":\"https:\/\/gazetapernambucana.com\/?author=1\"}]}<\/script>\n<!-- \/ Yoast SEO plugin. -->","yoast_head_json":{"title":"Receita que mata le\u00e3o. Por CLAUDEMIR GOMES -","robots":{"index":"index","follow":"follow","max-snippet":"max-snippet:-1","max-image-preview":"max-image-preview:large","max-video-preview":"max-video-preview:-1"},"canonical":"https:\/\/gazetapernambucana.com\/?p=2038","og_locale":"pt_BR","og_type":"article","og_title":"Receita que mata le\u00e3o. Por CLAUDEMIR GOMES -","og_description":"\u201cDe gr\u00e3o em gr\u00e3o a galinha enche o papo!\u201d\u00a0 Por CLAUDEMIR GOMES\u00a0 \u2013 \u00a0Foi-se o tempo em que o dito popular era regra no futebol. Em 1995, por determina\u00e7\u00e3o da FIFA, toda competi\u00e7\u00e3o passou a adotar a pontua\u00e7\u00e3o de 3 pontos por vit\u00f3ria e 1 ponto por empate. At\u00e9 1994, cada vit\u00f3ria valia 2 pontos. [&hellip;]","og_url":"https:\/\/gazetapernambucana.com\/?p=2038","article_published_time":"2025-10-17T17:33:09+00:00","og_image":[{"width":300,"height":300,"url":"https:\/\/gazetapernambucana.com\/wp-content\/uploads\/2025\/07\/43163348_124416095196984_1643391599985557504_n-1-1-300x300-1.jpg","type":"image\/jpeg"}],"author":"GP","twitter_card":"summary_large_image","twitter_misc":{"Escrito por":"GP","Est. tempo de leitura":"3 minutos"},"schema":{"@context":"https:\/\/schema.org","@graph":[{"@type":"WebPage","@id":"https:\/\/gazetapernambucana.com\/?p=2038","url":"https:\/\/gazetapernambucana.com\/?p=2038","name":"Receita que mata le\u00e3o. Por CLAUDEMIR GOMES -","isPartOf":{"@id":"https:\/\/gazetapernambucana.com\/#website"},"primaryImageOfPage":{"@id":"https:\/\/gazetapernambucana.com\/?p=2038#primaryimage"},"image":{"@id":"https:\/\/gazetapernambucana.com\/?p=2038#primaryimage"},"thumbnailUrl":"https:\/\/gazetapernambucana.com\/wp-content\/uploads\/2025\/07\/43163348_124416095196984_1643391599985557504_n-1-1-300x300-1.jpg","datePublished":"2025-10-17T17:33:09+00:00","author":{"@id":"https:\/\/gazetapernambucana.com\/#\/schema\/person\/188dc283325181ac2de4db1e9e987427"},"breadcrumb":{"@id":"https:\/\/gazetapernambucana.com\/?p=2038#breadcrumb"},"inLanguage":"pt-BR","potentialAction":[{"@type":"ReadAction","target":["https:\/\/gazetapernambucana.com\/?p=2038"]}]},{"@type":"ImageObject","inLanguage":"pt-BR","@id":"https:\/\/gazetapernambucana.com\/?p=2038#primaryimage","url":"https:\/\/gazetapernambucana.com\/wp-content\/uploads\/2025\/07\/43163348_124416095196984_1643391599985557504_n-1-1-300x300-1.jpg","contentUrl":"https:\/\/gazetapernambucana.com\/wp-content\/uploads\/2025\/07\/43163348_124416095196984_1643391599985557504_n-1-1-300x300-1.jpg","width":300,"height":300},{"@type":"BreadcrumbList","@id":"https:\/\/gazetapernambucana.com\/?p=2038#breadcrumb","itemListElement":[{"@type":"ListItem","position":1,"name":"In\u00edcio","item":"https:\/\/gazetapernambucana.com\/"},{"@type":"ListItem","position":2,"name":"Receita que mata le\u00e3o. Por CLAUDEMIR GOMES"}]},{"@type":"WebSite","@id":"https:\/\/gazetapernambucana.com\/#website","url":"https:\/\/gazetapernambucana.com\/","name":"","description":"","potentialAction":[{"@type":"SearchAction","target":{"@type":"EntryPoint","urlTemplate":"https:\/\/gazetapernambucana.com\/?s={search_term_string}"},"query-input":{"@type":"PropertyValueSpecification","valueRequired":true,"valueName":"search_term_string"}}],"inLanguage":"pt-BR"},{"@type":"Person","@id":"https:\/\/gazetapernambucana.com\/#\/schema\/person\/188dc283325181ac2de4db1e9e987427","name":"GP","image":{"@type":"ImageObject","inLanguage":"pt-BR","@id":"https:\/\/gazetapernambucana.com\/#\/schema\/person\/image\/","url":"https:\/\/secure.gravatar.com\/avatar\/9dad78ff9a2d8b5742d11779f8a3f53b052320c550b2e1907882353c067bb111?s=96&d=mm&r=g","contentUrl":"https:\/\/secure.gravatar.com\/avatar\/9dad78ff9a2d8b5742d11779f8a3f53b052320c550b2e1907882353c067bb111?s=96&d=mm&r=g","caption":"GP"},"sameAs":["http:\/\/gazetapernambucana.com"],"url":"https:\/\/gazetapernambucana.com\/?author=1"}]}},"jetpack_publicize_connections":[],"_links":{"self":[{"href":"https:\/\/gazetapernambucana.com\/index.php?rest_route=\/wp\/v2\/posts\/2038","targetHints":{"allow":["GET"]}}],"collection":[{"href":"https:\/\/gazetapernambucana.com\/index.php?rest_route=\/wp\/v2\/posts"}],"about":[{"href":"https:\/\/gazetapernambucana.com\/index.php?rest_route=\/wp\/v2\/types\/post"}],"author":[{"embeddable":true,"href":"https:\/\/gazetapernambucana.com\/index.php?rest_route=\/wp\/v2\/users\/1"}],"replies":[{"embeddable":true,"href":"https:\/\/gazetapernambucana.com\/index.php?rest_route=%2Fwp%2Fv2%2Fcomments&post=2038"}],"version-history":[{"count":1,"href":"https:\/\/gazetapernambucana.com\/index.php?rest_route=\/wp\/v2\/posts\/2038\/revisions"}],"predecessor-version":[{"id":2039,"href":"https:\/\/gazetapernambucana.com\/index.php?rest_route=\/wp\/v2\/posts\/2038\/revisions\/2039"}],"wp:featuredmedia":[{"embeddable":true,"href":"https:\/\/gazetapernambucana.com\/index.php?rest_route=\/wp\/v2\/media\/1250"}],"wp:attachment":[{"href":"https:\/\/gazetapernambucana.com\/index.php?rest_route=%2Fwp%2Fv2%2Fmedia&parent=2038"}],"wp:term":[{"taxonomy":"category","embeddable":true,"href":"https:\/\/gazetapernambucana.com\/index.php?rest_route=%2Fwp%2Fv2%2Fcategories&post=2038"},{"taxonomy":"post_tag","embeddable":true,"href":"https:\/\/gazetapernambucana.com\/index.php?rest_route=%2Fwp%2Fv2%2Ftags&post=2038"}],"curies":[{"name":"wp","href":"https:\/\/api.w.org\/{rel}","templated":true}]}}